{"id":1187,"date":"2023-03-13T18:01:40","date_gmt":"2023-03-13T17:01:40","guid":{"rendered":"http:\/\/khamenei.de\/wordpress\/?p=1187"},"modified":"2025-12-18T12:17:07","modified_gmt":"2025-12-18T11:17:07","slug":"imam-chamenei-umweltschutz-hat-prioriaet","status":"publish","type":"post","link":"http:\/\/www.ahl-ul-bait.de\/imam-chamenei\/2023\/03\/13\/imam-chamenei-umweltschutz-hat-prioriaet\/","title":{"rendered":"Imam Chamenei: Umweltschutz hat Priori\u00e4t"},"content":{"rendered":"<p><span style=\"font-size: 14pt; font-family: georgia, palatino;\"><i>Am 6. M\u00e4rz 2023 hielt Imam Chamenei anl\u00e4sslich des Tages des Baumpflanzens eine Rede, nachdem er einen Setzling gepflanzt hat. Es folgt die sinngem\u00e4\u00dfe \u00dcbersetzung der englischen Original\u00fcbersetzung. Obwohl es f\u00fcr alle hier ver\u00f6ffentlichten Texte gilt, wird darauf verwiesen, dass die \u00dcbersetzung zu Dokumentationszwecken ohne jegliche Kommentierung erfolgt und die dargestellte Meinung nicht mit der Meinung der Herausgeber \u00fcbereinstimmen muss.<\/i><\/span><\/p>\n<p><span style=\"font-size: 14pt; font-family: georgia, palatino;\"><b>Im Namen Allahs, des Gn\u00e4digen, des Begnadenden<\/b><\/span><\/p>\n<p><span style=\"font-size: 14pt; font-family: georgia, palatino;\">Gepriesen ist Allah! Der allm\u00e4chtige Gott hat mir auch in diesem Jahr wieder die Gelegenheit gew\u00e4hrt, w\u00e4hrend der Baumpflanzsaison meine Pflicht nach besten Kr\u00e4ften zu erf\u00fcllen. In diesem Jahr haben unsere Beamten die folgende Parole ausgegeben: <i>\u201eJeder Iraner sollte drei Setzlinge pflanzen.\u201c<\/i> Auch ich habe heute drei B\u00e4umchen gepflanzt, wie viele andere Iraner auch. Wenn, so Gott will, jeder Iraner drei Setzlinge pflanzt, wird das Programm der Regierung, eine Milliarde Setzlinge zu pflanzen, innerhalb von vier Jahren erreicht werden. Es werden also 250 Millionen Setzlinge pro Jahr in vier aufeinanderfolgenden Jahren gepflanzt werden, beginnend mit dem Jahr 1402, so Gott will. Dies ist ein wichtiges Programm.<\/span><\/p>\n<p><span style=\"font-size: 14pt; font-family: georgia, palatino;\">Das Einpflanzen von B\u00e4umen, die Frage des Umweltschutzes und die vielen Vorteile, die sich aus vermehrtem Einpflanzen von Setzlingen und B\u00e4umen in unserer Gesellschaft und im Land ergeben, geh\u00f6ren zu den wichtigsten Themen des Landes. Und das ist nicht auf uns beschr\u00e4nkt. Einige der Nachbarl\u00e4nder haben sich vorgenommen, eine bestimmte Anzahl von B\u00e4umen zu pflanzen \u2013 einige vier Milliarden, andere zehn Milliarden. Wie erfolgreich sie dabei sein werden, ist allerdings eine andere Frage. Wir hingegen k\u00f6nnen es schaffen. So Gott will, k\u00f6nnen wir mit der Hilfe der Menschen ab 1402 (nach dem persischen Kalender) innerhalb von vier Jahren eine Milliarde Setzlinge einpflanzen. So Gott will, werden wir in der Lage sein, in vier Jahren eine Milliarde Setzlinge einzupflanzen. So Gott will, werden die Menschen mit Gottes Hilfe in diesem Bereich hart arbeiten. Auch die Organisationen sollten helfen. Jede Organisation hat eine Aufgabe, die sie erf\u00fcllen muss.<\/span><\/p>\n<p><span style=\"font-size: 14pt; font-family: georgia, palatino;\">Das Einpflanzen von Setzlingen ist wichtig. Es ist sowohl f\u00fcr die Umwelt als auch f\u00fcr die Wirtschaft des Landes wichtig. Vor ein paar Jahren haben einige Personen einen Brief geschrieben und empfohlen, Obstb\u00e4ume zu pflanzen. Also haben wir Obstb\u00e4ume gepflanzt. In diesem Jahr haben einige Experten und erfahrene Personen darauf hingewiesen, dass nicht Fr\u00fcchte tragende B\u00e4ume, Waldb\u00e4ume und verschiedene andere Baumarten, die Holz liefern k\u00f6nnen, ebenfalls wichtig f\u00fcr das Land sind. Was sie sagten, ist absolut richtig. Ich rate allen, neben den Obstb\u00e4umen auch Waldb\u00e4ume zu pflanzen, also B\u00e4ume, die wichtiges Holz liefern, sowohl f\u00fcr die Verwendung des Holzes im Land als auch f\u00fcr den Handel mit Holzprodukten, was ebenfalls ein wichtiges Thema ist.<\/span><\/p>\n<p><span style=\"font-size: 14pt; font-family: georgia, palatino;\">Wir m\u00fcssen alle wirtschaftlichen M\u00f6glichkeiten, die uns in unserem Land zur Verf\u00fcgung stehen, aussch\u00f6pfen. Wenn eine Wirtschaft nur von einem einzigen Produkt abh\u00e4ngig ist, f\u00fchrt das zu dem, was wir heute sehen. Wir haben heute ein Problem. Wir haben ein Problem mit dem Wert unserer nationalen W\u00e4hrung und auch mit Inflation und hohen Preisen.<\/span><\/p>\n<p><span style=\"font-size: 14pt; font-family: georgia, palatino;\">Unsere Beamten sollten alle ihnen zur Verf\u00fcgung stehenden wirtschaftlichen M\u00f6glichkeiten nutzen. Nat\u00fcrlich arbeiten sie hart. Ich kann sehen, dass sie sich anstrengen. So Gott will, werden sie diese Bem\u00fchungen mit Kraft fortsetzen und die richtige L\u00f6sung f\u00fcr die wirtschaftlichen Probleme der Menschen finden und umsetzen.<\/span><\/p>\n<p><span style=\"font-size: 14pt; font-family: georgia, palatino;\">Wir sind eines der wenigen L\u00e4nder, die den Umweltschutz in unserer Verfassung verankert haben. In unserer Verfassung ist der Schutz der Umwelt festgeschrieben. Dies ist eine wichtige Angelegenheit. Niemand darf gegen dieses Gesetz versto\u00dfen. Dies ist eines der herausragenden Merkmale unserer Verfassung. Ich hoffe, dass, so Gott will, die Menschen und unsere Beamten mit Gottes Gnade erfolgreich sein werden, um die notwendige Arbeit zu leisten, f\u00fcr die wir alle Verantwortung tragen.<\/span><\/p>\n<p><span style=\"font-size: 14pt; font-family: georgia, palatino;\">Ich gehe auch kurz auf ein Problem ein, das in letzter Zeit aufgetreten ist, und zwar das Problem der \u2013 wie einige sagen \u2013 Vergiftung von Sch\u00fclern. Ich wei\u00df sehr wohl, dass sich unsere Offiziellen zusammengesetzt und diese Frage diskutiert haben. Sie arbeiten hart, und sie verfolgen alle bestimmte Aufgaben. Ich m\u00f6chte betonen, dass sie diese Angelegenheit ernsthaft untersuchen m\u00fcssen. Dies ist ein wichtiges Thema. Wenn es wirklich Leute gibt, die in diese Angelegenheit verwickelt sind, wenn es Einzelpersonen oder Gruppen gibt, die in diese Angelegenheit verwickelt sind, dann ist das Verbrechen, das sie begangen haben, ein gro\u00dfes, unverzeihliches Verbrechen. Wenn es Leute gibt, die darin verwickelt sind \u2013 und zweifellos gibt es einige, die in irgendeiner Weise involviert sind \u2013 m\u00fcssen die verantwortlichen Organisationen, die Nachrichtendienste und die Strafverfolgungsbeh\u00f6rden diese Angelegenheit untersuchen und die Quelle dieses Verbrechens finden, sowohl die T\u00e4ter als auch alle, die daran beteiligt sind.<\/span><\/p>\n<p><span style=\"font-size: 14pt; font-family: georgia, palatino;\">Diese T\u00e4ter m\u00fcssen verurteilt werden, und sie m\u00fcssen die H\u00f6chststrafe erhalten, denn es handelt sich nicht um ein geringf\u00fcgiges Verbrechen. Es handelt sich um ein Verbrechen gegen die unschuldigsten Mitglieder der Gesellschaft, n\u00e4mlich die Kinder. Und es verursacht Angst, es verursacht Unsicherheit, es schafft mentale Unsicherheit in der Gesellschaft und es beunruhigt Familien. Es verursacht diese Dinge. Das sind keine Kleinigkeiten. Sie m\u00fcssen ernsthaft untersucht werden, und wenn die T\u00e4ter dann verurteilt werden, gibt es keine Ausreden mehr f\u00fcr sie. Jeder sollte das wissen. Sie m\u00fcssen bestraft werden, und ihre Bestrafung sollte anderen als Lehre dienen.<\/span><\/p>\n<p><span style=\"font-size: 14pt; font-family: georgia, palatino;\">Ich hoffe, dass der allm\u00e4chtige Gott unsere Nation, unser Land, unser Volk und die Mitglieder unserer Gesellschaft segnen wird, und dass Gottes Gnade uns so zuteil wird, wie es bis heute immer der Fall war, Gott sei Dank. Und ich hoffe, dass die Verantwortlichen des Landes, so Gott will, in der Lage sein werden, die Dinge, die sie sich vorgenommen haben, ernsthaft zu verfolgen und voranzukommen.<\/span><\/p>\n<p><span style=\"font-size: 14pt; font-family: georgia, palatino;\">M\u00f6gen Gottes Gr\u00fc\u00dfe, seine Gnade und sein Segen auf Ihnen ruhen.<\/span><\/p>\n\n\n<figure class=\"wp-block-gallery has-nested-images columns-default is-cropped wp-block-gallery-1 is-layout-flex wp-block-gallery-is-layout-flex\">\n<figure class=\"wp-block-image size-large\"><img loading=\"lazy\" decoding=\"async\" width=\"1024\" height=\"683\" data-id=\"1192\" src=\"http:\/\/ahl-ul-bait.de\/imam-chamenei\/wp-content\/uploads\/2023\/03\/32044.jpg\" alt=\"\" class=\"wp-image-1192\" srcset=\"http:\/\/www.ahl-ul-bait.de\/imam-chamenei\/wp-content\/uploads\/2023\/03\/32044.jpg 1024w, http:\/\/www.ahl-ul-bait.de\/imam-chamenei\/wp-content\/uploads\/2023\/03\/32044-300x200.jpg 300w, http:\/\/www.ahl-ul-bait.de\/imam-chamenei\/wp-content\/uploads\/2023\/03\/32044-768x512.jpg 768w\" sizes=\"auto, (max-width: 1024px) 100vw, 1024px\" \/><\/figure>\n\n\n\n<figure class=\"wp-block-image size-large\"><img loading=\"lazy\" decoding=\"async\" width=\"1024\" height=\"683\" data-id=\"1191\" src=\"http:\/\/ahl-ul-bait.de\/imam-chamenei\/wp-content\/uploads\/2023\/03\/32061.jpg\" alt=\"\" class=\"wp-image-1191\" srcset=\"http:\/\/www.ahl-ul-bait.de\/imam-chamenei\/wp-content\/uploads\/2023\/03\/32061.jpg 1024w, http:\/\/www.ahl-ul-bait.de\/imam-chamenei\/wp-content\/uploads\/2023\/03\/32061-300x200.jpg 300w, http:\/\/www.ahl-ul-bait.de\/imam-chamenei\/wp-content\/uploads\/2023\/03\/32061-768x512.jpg 768w\" sizes=\"auto, (max-width: 1024px) 100vw, 1024px\" \/><\/figure>\n<\/figure>\n","protected":false},"excerpt":{"rendered":"<p>Am 6. M\u00e4rz 2023 hielt Imam Chamenei anl\u00e4sslich des Tages des Baumpflanzens eine Rede, nachdem er einen Setzling gepflanzt hat.<\/p>\n","protected":false},"author":1,"featured_media":1188,"comment_status":"closed","ping_status":"open","sticky":false,"template":"","format":"standard","meta":{"colormag_page_container_layout":"default_layout","colormag_page_sidebar_layout":"default_layout","footnotes":""},"categories":[39],"tags":[],"class_list":["post-1187","post","type-post","status-publish","format-standard","has-post-thumbnail","hentry","category-reden"],"_links":{"self":[{"href":"http:\/\/www.ahl-ul-bait.de\/imam-chamenei\/wp-json\/wp\/v2\/posts\/1187","targetHints":{"allow":["GET"]}}],"collection":[{"href":"http:\/\/www.ahl-ul-bait.de\/imam-chamenei\/wp-json\/wp\/v2\/posts"}],"about":[{"href":"http:\/\/www.ahl-ul-bait.de\/imam-chamenei\/wp-json\/wp\/v2\/types\/post"}],"author":[{"embeddable":true,"href":"http:\/\/www.ahl-ul-bait.de\/imam-chamenei\/wp-json\/wp\/v2\/users\/1"}],"replies":[{"embeddable":true,"href":"http:\/\/www.ahl-ul-bait.de\/imam-chamenei\/wp-json\/wp\/v2\/comments?post=1187"}],"version-history":[{"count":6,"href":"http:\/\/www.ahl-ul-bait.de\/imam-chamenei\/wp-json\/wp\/v2\/posts\/1187\/revisions"}],"predecessor-version":[{"id":2658,"href":"http:\/\/www.ahl-ul-bait.de\/imam-chamenei\/wp-json\/wp\/v2\/posts\/1187\/revisions\/2658"}],"wp:featuredmedia":[{"embeddable":true,"href":"http:\/\/www.ahl-ul-bait.de\/imam-chamenei\/wp-json\/wp\/v2\/media\/1188"}],"wp:attachment":[{"href":"http:\/\/www.ahl-ul-bait.de\/imam-chamenei\/wp-json\/wp\/v2\/media?parent=1187"}],"wp:term":[{"taxonomy":"category","embeddable":true,"href":"http:\/\/www.ahl-ul-bait.de\/imam-chamenei\/wp-json\/wp\/v2\/categories?post=1187"},{"taxonomy":"post_tag","embeddable":true,"href":"http:\/\/www.ahl-ul-bait.de\/imam-chamenei\/wp-json\/wp\/v2\/tags?post=1187"}],"curies":[{"name":"wp","href":"https:\/\/api.w.org\/{rel}","templated":true}]}}