{"id":1326,"date":"2023-05-01T13:27:14","date_gmt":"2023-05-01T11:27:14","guid":{"rendered":"http:\/\/khamenei.de\/wordpress\/?p=1326"},"modified":"2025-12-18T12:16:28","modified_gmt":"2025-12-18T11:16:28","slug":"imam-chamenei-die-heutige-zionistischen-regime-verzweifelt","status":"publish","type":"post","link":"http:\/\/www.ahl-ul-bait.de\/imam-chamenei\/2023\/05\/01\/imam-chamenei-die-heutige-zionistischen-regime-verzweifelt\/","title":{"rendered":"Imam Chamenei: Das heutige zionistische Regime verzweifelt"},"content":{"rendered":"<p><span style=\"font-size: 14pt; font-family: georgia, palatino;\"><i>Am 22. April 2023 traf sich Imam Chamenei anl\u00e4sslich des Eid al-Fitr Festes (Fest zum Ende des Monats Ramadan) mit Beamten, Vertretern und Botschaftern verschiedener islamischer L\u00e4nder. Bei diesem Treffen hielt Imam Chamenei eine Rede. Es folgt die sinngem\u00e4\u00dfe \u00dcbersetzung aus der <a href=\"https:\/\/english.khamenei.ir\/news\/9715\/Zionist-regime-s-desperate-situation-today-is-due-to-steadfastness\" target=\"_blank\" rel=\"noopener\">englischen \u00dcbersetzung<\/a>. Der Text wird hier kommentarlos als Zeitdokument ver\u00f6ffentlicht. Obwohl es f\u00fcr alle hier ver\u00f6ffentlichten Texte gilt, wird darauf verwiesen, dass die \u00dcbersetzung zu Dokumentationszwecken ohne jegliche Kommentierung erfolgt und die dargestellte Meinung nicht mit der Meinung der Herausgeber \u00fcbereinstimmen muss.<\/i><\/span><\/p>\n<hr \/>\n<p><span style=\"font-size: 14pt; font-family: georgia, palatino;\"><b>Im Namen Allahs, des Gn\u00e4digen, des Begnadenden<\/b><\/span><\/p>\n<p><span style=\"font-size: 14pt; font-family: georgia, palatino;\">Aller Dank ist Allahs, des Herrn der Welten und der Frieden und Segen seien mit unserem Meister und Propheten Abul Qasim al-Mustafa Muhammad und seiner reinen, fehlerlosen und auserw\u00e4hlten Familie und insbesondere mit dem Verbliebenen Allahs auf Erden (Baqiyyatullah, Imam Mahdi).<\/span><\/p>\n<p><span style=\"font-size: 14pt; font-family: georgia, palatino;\">Ich gratuliere allen hier Anwesenden, einschlie\u00dflich der Leiter der iranischen Exekutivorgane, unseren Abgeordneten sowie den Botschaftern und Vertretern der islamischen L\u00e4nder, zum Eid al-Fitr-Fest. Ich begl\u00fcckw\u00fcnsche auch die gesamte iranische Nation, die aufgrund ihres Verhaltens und ihrer verdienstvollen Taten w\u00e4hrend des Monats Ramadan wirklich Gl\u00fcckw\u00fcnsche verdient hat. Ich spreche auch allen Muslimen in der Welt und der gesamten islamischen Weltgemeinschaft meine Gl\u00fcckw\u00fcnsche aus. Ich hoffe, dass der allm\u00e4chtige Gott alle w\u00e4hrend dieses Festes segnen wird.<\/span><\/p>\n<p><span style=\"font-size: 14pt; font-family: georgia, palatino;\">Der Monat Ramadan bringt die Herzen einander n\u00e4her. All die verschiedenen Dimensionen, die der Monat in sich hat, f\u00fchren dazu, dass sich die Herzen der Menschen n\u00e4her kommen, sowohl innerhalb des Landes als auch innerhalb der gesamten islamischen Gemeinschaft. Zun\u00e4chst einmal ist es die Ruhe, die durch das Fasten, die Gebete, die Bittgebete und die Quran-Rezitationen sich in den Menschen ausbreitet und eine Quelle der Ann\u00e4herung der Herzen ist. Des Weiteren bringt auch die Gottesehrfurcht die Herzen zusammen, wie der Pr\u00e4sident in seinen Erkl\u00e4rungen (in der Rede zuvor) bereits hervorhob. Er hat dies sehr gut ausgedr\u00fcckt, als er sagte, dass das Geheimnis des Fastens die Gottesehrfurcht ist. Meiner Meinung nach sollten die Vertreter der islamischen L\u00e4nder diese Gelegenheit nutzen, um die Einheit und den Zusammenhalt unter den Mitgliedern der islamischen Gemeinschaft zu st\u00e4rken.<\/span><\/p>\n<p><span style=\"font-size: 14pt; font-family: georgia, palatino;\">Unser heutiges Problem ist die Spaltung. Obwohl der Quran die Spaltung und Zwietracht verbietet: <i>\u201eUnd seid nicht wie diejenigen, die sich gespalten haben und uneins geworden sind\u201c<\/i> [Heiliger Quran, 3:105]. Er befiehlt uns vielmehr, vereint zu sein: <i>\u201eUnd haltet allesamt am Seil Gottes fest und spaltet euch nicht\u201c<\/i> [Heiliger Quran, 3:105]. Gibt es in der islamischen Umma Uneinigkeiten? Ja, es gibt verschiedene Meinungen, es gibt verschiedene Rechtsschulen, und es gibt verschiedene Vorlieben. Das ist in Ordnung. Aber diese unterschiedlichen Vorlieben bedeuten nicht, dass wir des gro\u00dfen Segens der Einheit der islamischen Gemeinschaft beraubt werden sollten.<\/span><\/p>\n<p><span style=\"font-size: 14pt; font-family: georgia, palatino;\">Wenn die islamische Gemeinschaft, die aus etwa zwei Milliarden Menschen besteht, die in den wichtigsten und empfindlichsten geografischen Gebieten der Welt verstreut sind, sich heute vereinigen w\u00fcrde, dann w\u00fcrden die islamischen L\u00e4nder weit mehr Segen erhalten. Wird diese Einheit in irgendeinem Ma\u00dfe hergestellt, so werden f\u00fcr uns automatisch auch die L\u00f6sungen f\u00fcr die Probleme unserer islamischen Welt sichtbar werden. Die ersten Schritte werden sichtbar werden, und es wird uns dann m\u00f6glich sein, die Probleme der islamischen Welt zu l\u00f6sen.<\/span><\/p>\n<p><span style=\"font-size: 14pt; font-family: georgia, palatino;\">Die islamische Welt steht heute vor vielen Problemen. Sie wird mit Differenzen, Konflikten, Blutvergie\u00dfen, Abh\u00e4ngigkeit von anderen, Armut und mangelndem Wissen konfrontiert. Das sind die Probleme der islamischen Nation. Wenn wir uns einander ann\u00e4hern, wird es nicht nur m\u00f6glich sein, diese Probleme zu l\u00f6sen, sondern es wird auch leicht sein, dies zu tun.\u00a0\u00a0<\/span><\/p>\n<p><span style=\"font-size: 14pt; font-family: georgia, palatino;\">Die Pal\u00e4stina-Frage ist dabei aktuell eine der grundlegendsten Fragen der islamischen Welt. Auch wenn es nicht an der Spitze der Probleme steht, so ist es doch eines der wichtigsten Probleme der islamischen Welt. Gott sei Dank erleben wir heute den allm\u00e4hlichen Niedergang des unterdr\u00fcckerischen [zionistischen] Regimes. Jeder in der Welt sieht das. Das unterdr\u00fcckerische Regime geht allm\u00e4hlich unter, und die Geschwindigkeit seines Niedergangs nimmt jeden Tag zu. Dieser Niedergang hat schon vor einigen Jahren begonnen, aber die Geschwindigkeit des Niedergangs hat sich erh\u00f6ht. Dies ist eine sehr gro\u00dfe Chance.<\/span><\/p>\n<p><span style=\"font-size: 14pt; font-family: georgia, palatino;\">Die pal\u00e4stinensische Frage ist nicht nur eine islamische Frage. Es ist eine humanit\u00e4re Frage. Wenn jemand, egal wo in der Welt, ob Muslim oder nicht, die Realit\u00e4t der Ereignisse in Pal\u00e4stina kennenlernen w\u00fcrde, so w\u00fcrde er sich ebenfalls dem unterdr\u00fcckerischen [zionistischen] Regime entgegenstellen.<\/span><\/p>\n<p><span style=\"font-size: 14pt; font-family: georgia, palatino;\">Einige der Verbrechen des unterdr\u00fcckerischen israelischen Regimes und einige der Katastrophen, die es verursacht hat, wurden der Welt in diesem Jahr klar vor Augen gef\u00fchrt. Sie konnten sehen, dass die Kundgebungen, Versammlungen und Demonstrationen der Menschen am Quds-Tag nicht mehr auf die islamische Welt beschr\u00e4nkt waren. Viele Menschen au\u00dferhalb der islamischen Welt, sogar in Europa und selbst in Amerika, nahmen ebenfalls an den M\u00e4rschen zur Verteidigung des pal\u00e4stinensischen Volkes teil. So ist das. Es ist eine humanit\u00e4re Frage. Was bringt einen Europ\u00e4er, dessen Regierung ja mit dem zionistischen Regime verbunden und von ihm abh\u00e4ngig ist, dazu, auf der Stra\u00dfe zu gehen und f\u00fcr die Pal\u00e4stinenser und gegen das zionistische Regime zu protestieren? Dies ist eine sehr wichtige Angelegenheit.<\/span><\/p>\n<p><span style=\"font-size: 14pt; font-family: georgia, palatino;\">Warum ist es so weit gekommen? Das liegt am Widerstand des pal\u00e4stinensischen Volkes. Der innere Widerstand der Pal\u00e4stinenser ist der Hauptgrund f\u00fcr ihren Fortschritt. Je mehr dieser Widerstand zunimmt, desto schw\u00e4cher wird das zionistische Regime, und desto mehr wird seine katastrophale Lage sichtbar. Die verzweifelte Lage, in der sich das zionistische Regime heute befindet \u2013 die derzeitige Situation des zionistischen Regimes ist wirklich beklagenswert \u2013 ist der Standhaftigkeit der pal\u00e4stinensischen Jugendlichen zu verdanken: Sie nehmen die H\u00e4rten und Gefahren in Kauf. In Quds (Jerusalem) sehen wir eine gro\u00dfe Zahl von Menschen, die an spirituellen Einkehrtagen teilnehmen. In verschiedenen St\u00e4dten des Westjordanlandes stellen sich die jungen Menschen den bewaffneten, b\u00f6sartigen zionistischen Soldaten entgegen. Sie bringen Opfer und schreiten voran. Sie haben sich bis jetzt vorw\u00e4rts bewegt, und so wird es auch weiterhin sein.\u00a0\u00a0<\/span><\/p>\n<p><span style=\"font-size: 14pt; font-family: georgia, palatino;\">Ich glaube, dass die Abschreckungskraft des zionistischen Regimes heute zu Ende ist. Davor hatte Ben-Gurion, einer der Hauptbegr\u00fcnder und der fr\u00fchere Premierminister des zionistischen Regimes, schon vor Jahrzehnten, vielleicht vor 60 Jahren, gewarnt. Er sagte, dass das Regime Probleme bekommen w\u00fcrde, wenn seine Abschreckungskraft abnimmt. Heute ist ihre Abschreckungskraft nicht mehr vorhanden oder steht jedenfalls kurz vor ihrem Ende. Sie wissen und erkennen dies auch selbst, dass ihr Zusammenbruch und ihre Aufl\u00f6sung nahe sind. Dies ist auf den Segen der Widerstandsfront zur\u00fcckzuf\u00fchren. Es ist dem Segen der pal\u00e4stinensischen Jugend zu verdanken, die es geschafft hat, die Abschreckungskraft des Feindes kontinuierlich zu schw\u00e4chen, zu verringern und zu zerst\u00f6ren.<\/span><\/p>\n<p><span style=\"font-size: 14pt; font-family: georgia, palatino;\">Wie sollte also die Strategie der islamischen Welt in Bezug auf Pal\u00e4stina aussehen? Heute sollte die Strategie der islamischen Welt in Bezug auf Pal\u00e4stina darin bestehen, die Kr\u00e4fte in diesem Land zu unterst\u00fctzen. Die Bem\u00fchungen der Widerstandsfront sind nat\u00fcrlich wertvoll, wo auch immer sie sind. Die Bestrebungen der Widerstandsfront sind wertvoll. Diese Bem\u00fchungen sollten sich auf die St\u00e4rkung derjenigen konzentrieren, die in Pal\u00e4stina k\u00e4mpfen und ihr Leben riskieren.<\/span><\/p>\n<p><span style=\"font-size: 14pt; font-family: georgia, palatino;\">Ich komme zum letzten Punkt. Diesem Punkt m\u00fcssen wir aber wirklich Aufmerksamkeit schenken. Was ist der Grund, dass die Situation in Pal\u00e4stina jetzt eskaliert? Warum passieren diese internen K\u00e4mpfe jetzt? Es liegt an ihrer Liebe zum Islam. Wir haben gesehen, wie ihre Situation fr\u00fcher aussah. Damals, als islamische Tendenzen unter den pal\u00e4stinensischen Gruppen nicht beliebt waren \u2013 einige waren Kommunisten und andere waren keine Kommunisten, aber sie waren nicht islamisch \u2013 gab es diese Entwicklungen nicht. Ab dem Zeitpunkt an, als islamische Tendenzen in den pal\u00e4stinensischen Widerstandsk\u00e4mpfern aufkamen, und von dem Zeitpunkt an, als diese Tendenz t\u00e4glich zunahm und bis heute anh\u00e4lt und weiter zunimmt, wurden in der Art und Weise, wie die Pal\u00e4stinenser k\u00e4mpfen, Fortschritte gemacht.<\/span><\/p>\n<p><span style=\"font-size: 14pt; font-family: georgia, palatino;\">Der Grund f\u00fcr ihren Erfolg ist also der Islam. Der Islam. Und der Feind hat das erkannt. Deshalb sieht man sie \u00fcberall auf der Welt gegen den Islam arbeiten. Sie sind alle damit besch\u00e4ftigt, den Islam zu bek\u00e4mpfen und alle m\u00f6glichen Dinge zu tun. Nat\u00fcrlich wird ihr Kampf gegen den Islam zu nichts f\u00fchren: <i>\u201eOder wollen sie arglistig handeln? Diejenigen, die ungl\u00e4ubig sind, sind es, die der List erliegen.\u201c<\/i> [Heiliger Quran, 52:42]. Sie bem\u00fchen sich, aber der allm\u00e4chtige Gott wird ihre Bem\u00fchungen zunichte machen. Dies ist heute unsere Pflicht. Die Islamische Republik hat diese Pflicht von Anfang an erkannt. Imam Chomeini war ein Wegbereiter auf diesem Gebiet. Er betrachtete die Pal\u00e4stina-Frage als die Hauptfrage oder eine der Hauptfragen der islamischen Welt. Diese Bewegung hat in der Islamischen Republik seit ihrer Gr\u00fcndung begonnen, und Gott sei Dank h\u00e4lt sie an. Wir hoffen, dass unsere liebe Nation, unser Volk und unsere Jugend den Tag erleben werden, an dem Muslime aus aller Welt ihre Gebete in Quds frei verrichten k\u00f6nnen.<\/span><\/p>\n<p><span style=\"font-size: 14pt; font-family: georgia, palatino;\">\u00a0M\u00f6gen die Gr\u00fc\u00dfe, die Barmherzigkeit und der Segen Gottes mit Ihnen sein.<\/span><\/p>\n","protected":false},"excerpt":{"rendered":"<p>Am 22. April 2023 traf sich Imam Chamenei anl\u00e4sslich des Eid al-Fitr Festes (Fest zum Ende des Monats Ramadan) mit<\/p>\n","protected":false},"author":1,"featured_media":1327,"comment_status":"closed","ping_status":"open","sticky":false,"template":"","format":"standard","meta":{"colormag_page_container_layout":"default_layout","colormag_page_sidebar_layout":"default_layout","footnotes":""},"categories":[27,39],"tags":[],"class_list":["post-1326","post","type-post","status-publish","format-standard","has-post-thumbnail","hentry","category-palaestina","category-reden"],"_links":{"self":[{"href":"http:\/\/www.ahl-ul-bait.de\/imam-chamenei\/wp-json\/wp\/v2\/posts\/1326","targetHints":{"allow":["GET"]}}],"collection":[{"href":"http:\/\/www.ahl-ul-bait.de\/imam-chamenei\/wp-json\/wp\/v2\/posts"}],"about":[{"href":"http:\/\/www.ahl-ul-bait.de\/imam-chamenei\/wp-json\/wp\/v2\/types\/post"}],"author":[{"embeddable":true,"href":"http:\/\/www.ahl-ul-bait.de\/imam-chamenei\/wp-json\/wp\/v2\/users\/1"}],"replies":[{"embeddable":true,"href":"http:\/\/www.ahl-ul-bait.de\/imam-chamenei\/wp-json\/wp\/v2\/comments?post=1326"}],"version-history":[{"count":4,"href":"http:\/\/www.ahl-ul-bait.de\/imam-chamenei\/wp-json\/wp\/v2\/posts\/1326\/revisions"}],"predecessor-version":[{"id":2650,"href":"http:\/\/www.ahl-ul-bait.de\/imam-chamenei\/wp-json\/wp\/v2\/posts\/1326\/revisions\/2650"}],"wp:featuredmedia":[{"embeddable":true,"href":"http:\/\/www.ahl-ul-bait.de\/imam-chamenei\/wp-json\/wp\/v2\/media\/1327"}],"wp:attachment":[{"href":"http:\/\/www.ahl-ul-bait.de\/imam-chamenei\/wp-json\/wp\/v2\/media?parent=1326"}],"wp:term":[{"taxonomy":"category","embeddable":true,"href":"http:\/\/www.ahl-ul-bait.de\/imam-chamenei\/wp-json\/wp\/v2\/categories?post=1326"},{"taxonomy":"post_tag","embeddable":true,"href":"http:\/\/www.ahl-ul-bait.de\/imam-chamenei\/wp-json\/wp\/v2\/tags?post=1326"}],"curies":[{"name":"wp","href":"https:\/\/api.w.org\/{rel}","templated":true}]}}