{"id":1340,"date":"2023-05-20T19:46:39","date_gmt":"2023-05-20T17:46:39","guid":{"rendered":"http:\/\/khamenei.de\/wordpress\/?p=1340"},"modified":"2025-12-18T12:16:23","modified_gmt":"2025-12-18T11:16:23","slug":"interview-mit-imam-chamenei-auf-der-34-teheraner-buchmesse","status":"publish","type":"post","link":"http:\/\/www.ahl-ul-bait.de\/imam-chamenei\/2023\/05\/20\/interview-mit-imam-chamenei-auf-der-34-teheraner-buchmesse\/","title":{"rendered":"Interview mit Imam Chamenei auf der 34. Teheraner Buchmesse"},"content":{"rendered":"\n<figure class=\"wp-block-gallery has-nested-images columns-default is-cropped wp-block-gallery-1 is-layout-flex wp-block-gallery-is-layout-flex\">\n<figure class=\"wp-block-image size-large\"><img loading=\"lazy\" decoding=\"async\" width=\"1024\" height=\"683\" data-id=\"1341\" src=\"http:\/\/ahl-ul-bait.de\/imam-chamenei\/wp-content\/uploads\/2023\/05\/2.jpg\" alt=\"\" class=\"wp-image-1341\" srcset=\"http:\/\/www.ahl-ul-bait.de\/imam-chamenei\/wp-content\/uploads\/2023\/05\/2.jpg 1024w, http:\/\/www.ahl-ul-bait.de\/imam-chamenei\/wp-content\/uploads\/2023\/05\/2-300x200.jpg 300w, http:\/\/www.ahl-ul-bait.de\/imam-chamenei\/wp-content\/uploads\/2023\/05\/2-768x512.jpg 768w\" sizes=\"auto, (max-width: 1024px) 100vw, 1024px\" \/><\/figure>\n\n\n\n<figure class=\"wp-block-image size-large\"><img decoding=\"async\" data-id=\"1342\" src=\"http:\/\/ahl-ul-bait.de\/imam-chamenei\/wp-content\/uploads\/2023\/05\/3.jpg\" alt=\"\" class=\"wp-image-1342\"\/><\/figure>\n\n\n\n<figure class=\"wp-block-image size-large\"><img decoding=\"async\" data-id=\"1343\" src=\"http:\/\/ahl-ul-bait.de\/imam-chamenei\/wp-content\/uploads\/2023\/05\/4.jpg\" alt=\"\" class=\"wp-image-1343\"\/><\/figure>\n<\/figure>\n\n\n<p><span style=\"font-family: georgia, palatino; font-size: 14pt;\"><i>Am 14. Mai 2023 fand die 34. Internationale Buchmesse in Teheran statt. Unter den Besuchern befand sich auch Imam Chamenei. Beim Durchst\u00f6bern der B\u00fccher fand sich f\u00fcr einen Journalisten eine M\u00f6glichkeit zu einem kurzen Interview. Es folgt die sinngem\u00e4\u00dfe \u00dcbersetzung der <a href=\"https:\/\/english.khamenei.ir\/news\/9763\/Culture-of-a-country-is-always-in-need-of-books\" target=\"_blank\" rel=\"noopener\">englischen Original\u00fcbersetzung<\/a>. Obwohl es f\u00fcr alle hier ver\u00f6ffentlichten Texte gilt, wird darauf verwiesen, dass die \u00dcbersetzung zu Dokumentationszwecken ohne jegliche Kommentierung erfolgt und die dargestellte Meinung nicht mit der Meinung der Herausgeber \u00fcbereinstimmen muss.<\/i><\/span><\/p>\n<hr \/>\n<p><span style=\"font-family: georgia, palatino; font-size: 14pt;\"><b>Journalist:<\/b> <i>Der Friede sei mit Ihnen. Ich hoffe, es geht Ihnen gut. Zus\u00e4tzlich zu der besonderen Aufmerksamkeit, die Sie wirtschaftlichen Fragen gewidmet haben, besuchen Sie nun die 34. Teheraner Buchmesse, so wie Sie es in fr\u00fcheren Jahren bereits getan haben. K\u00f6nnten Sie uns bitte sagen, welchen Stellenwert B\u00fccher in unserer Kultur haben und auf welche Weise sie zur Verbesserung unserer Kultur beitragen k\u00f6nnen?<\/i><\/span><\/p>\n<p><span style=\"font-family: georgia, palatino; font-size: 14pt;\"><b>Imam Chamenei:<\/b> Im Namen Allahs, des Gn\u00e4digen, des Begnadenden. Ich bin sehr gl\u00fccklich, dass ich die Gelegenheit habe, in diesem Jahr an dieser Buchmesse teilzunehmen. Diese Ausstellung, diese Buchmesse, die jedes Jahr stattfindet, ist eine gro\u00dfe \u00f6ffentliche Veranstaltung. Im Mittelpunkt dieses Treffens steht die Kultur, und das ist wirklich etwas, wor\u00fcber man sich freuen kann. Diese Messe ist wirklich aufregend. Was ich in diesem Jahr auf der Buchmesse gesehen habe, war sehr erfreulich. Zun\u00e4chst einmal ist eine gro\u00dfe Menschenmenge pr\u00e4sent. Nach den Statistiken, die man mir vorgelegt hat, sind in den letzten Tagen sehr viele Menschen hierhergekommen. Das ist sehr gut. Auch die Zahl der gekauften B\u00fccher ist sehr gut. Nachdem ich selbst nun mehrere St\u00e4nde besucht habe, kann ich sagen, dass die Arbeit der Buchverlage trotz einiger ung\u00fcnstiger Bedingungen dennoch Fortschritte macht.<\/span><\/p>\n<p><span style=\"font-family: georgia, palatino; font-size: 14pt;\">Wenn ich von \u201eung\u00fcnstigen Bedingungen\u201c spreche, dann meine ich vor allem die hohen Papierkosten und in manchen F\u00e4llen auch die schlechte Papierqualit\u00e4t. Der ehrenwerte Minister [f\u00fcr kulturelle und islamische Angelegenheiten] hat mich aber dar\u00fcber informiert, dass gute Anstrengungen f\u00fcr die Herstellung von hochwertigem Papier unternommen wurden. Nat\u00fcrlich habe ich schon vor einigen Jahren auf dieses Problem hingewiesen, aber es wurden lange keine Anstrengungen unternommen, um dieses Problem zu verfolgen. Gott sei Dank haben sie jetzt damit begonnen. Wir hoffen, dass dies dazu beitragen wird, die hohen Buchpreise zu senken, denn es ist sehr schwer, B\u00fccher zu diesen Preisen zu kaufen. Hoffentlich wird sich dann diese Situation verbessern, eben dann, wenn das Papier billiger wird und dennoch qualitativ hochwertigeres, im Inland hergestelltes Papier zur Verf\u00fcgung steht.<\/span><\/p>\n<p><span style=\"font-family: georgia, palatino; font-size: 14pt;\">Aktuell sind dies aber auf jeden Fall ung\u00fcnstige Bedingungen. Trotzdem kann man feststellen, dass die Zahl der publizierten B\u00fccher zugenommen hat. Es ist doch beachtenswert, dass schon die Anzahl der B\u00fccher, die allein im Jahr 1401 [2022 n. Chr.] ver\u00f6ffentlicht wurden, gr\u00f6\u00dfer war als die Gesamtzahl der B\u00fccher, die insgesamt in den Jahren vor der Revolution ver\u00f6ffentlicht wurden. Dies ist eine sehr wichtige Angelegenheit. Obwohl es jetzt all diese Probleme gibt, in Bezug auf die Wirtschaft und solcherlei Dinge, ist aber dennoch parallel zu diesen Problemen die Anzahl der ver\u00f6ffentlichten B\u00fccher gestiegen. Nat\u00fcrlich ist dabei die Anzahl der Exemplare, die in einer jeweiligen Auflage gedruckt werden, nicht sehr hoch. Es handelt sich oft um relativ niedrige St\u00fcckzahlen, aber dennoch ist die Gesamtzahl aller ver\u00f6ffentlichten Ausgaben hoch. Manche B\u00fccher sind nur 10, 15, 20 oder 30 Mal gedruckt worden. Gerade eben wurde mir von einem Buch erz\u00e4hlt, von dem 200 Auflagen ver\u00f6ffentlicht wurden. Wenn jedes Mal 1.000 Exemplare gedruckt werden, dann w\u00e4re das eine sehr gute und bedeutende Zahl. Das ist also etwas, wor\u00fcber man sich freuen kann.<\/span><\/p>\n<p><span style=\"font-family: georgia, palatino; font-size: 14pt;\">Die Angelegenheit der B\u00fccher ist sehr wichtig. Die Kultur des Landes und die Schaffung sozialer Normen braucht immer B\u00fccher. Obwohl es heute viele andere Dinge gibt, wie die sozialen Medien und dergleichen, so haben B\u00fccher doch immer noch einen sehr hohen und wichtigen Stellenwert. Alle k\u00fcnstlerischen, medialen und kulturellen Aktivit\u00e4ten wie Theater, Kino, aber auch Malerei und audiovisuelle Arbeiten ben\u00f6tigen B\u00fccher. Derjenige, der B\u00fccher liest, ist in der Lage, gute Kunstwerke zu schaffen oder gute Arbeit f\u00fcr die Medien zu leisten. Auch wenn ich allen empfehle, B\u00fccher zu lesen <b>\u2013 <\/b>ich habe das immer empfohlen, vor allem den jungen Leuten <b>\u2013<\/b>, m\u00f6chte ich heute betonen, dass diejenigen, die Fernseh- oder Radiosendungen machen, oder diejenigen, die Programme f\u00fcr die Presse schreiben, oder diejenigen, die in der Kunst, im Theater oder in der audiovisuellen Kunst in irgendeiner Form t\u00e4tig sind, besonders viele B\u00fccher lesen m\u00fcssen. Gott sei Dank gibt es heutzutage genug B\u00fccher, die im Lande zu allen m\u00f6glichen Themen geschrieben wurden. Das ist das eine.<\/span><\/p>\n<p><span style=\"font-family: georgia, palatino; font-size: 14pt;\">Ein anderes Thema sind \u00dcbersetzungen. Vor langer Zeit, als ich noch jung war, waren die meisten B\u00fccher, die erh\u00e4ltlich waren, B\u00fccher, die aus anderen Sprachen \u00fcbersetzt und hier gedruckt worden waren. Heute hingegen sieht man, dass die im Iran geschriebenen und verfassten B\u00fccher einen gro\u00dfen Teil der im Land erh\u00e4ltlichen B\u00fccher ausmachen. Diese iranischen B\u00fccher sollten \u00fcbersetzt werden. Ich habe \u00fcberhaupt kein Problem damit, wenn ausl\u00e4ndische B\u00fccher \u00fcbersetzt werden. Nat\u00fcrlich m\u00fcssen diese gut sein und eine korrekte Ausrichtung haben, und sie sollten nicht irref\u00fchrend sein. Aber gleichzeitig muss auch die \u00dcbersetzung iranischer B\u00fccher in andere Sprachen hervorgehoben werden. Und die Muttersprache des \u00dcbersetzers sollte vorzugsweise die Sprache sein, in die wir das Buch \u00fcbersetzt haben wollen. Wenn wir zum Beispiel ein Buch aus dem Persischen ins Arabische \u00fcbersetzen wollen, sollte jemand, dessen Muttersprache Arabisch ist, die \u00dcbersetzung \u00fcbernehmen, und dasselbe gilt f\u00fcr das Englische und andere Sprachen.<\/span><\/p>\n<p><span style=\"font-family: georgia, palatino; font-size: 14pt;\">Ich m\u00f6chte auch die Frage der B\u00fccher f\u00fcr Kinder und Jugendliche hervorheben. Erfreulicherweise habe ich an mehreren St\u00e4nden gesehen, dass an diesem Thema gearbeitet worden ist. Auch hier bestehe ich darauf, dass sie so viel wie m\u00f6glich B\u00fccher f\u00fcr Kinder und Jugendliche erstellen sollten, damit wir keine ausl\u00e4ndischen B\u00fccher mehr brauchen und damit wir, so Gott will, unseren Jugendlichen auch B\u00fccher geben k\u00f6nnen, die auf unserer eigenen Kultur, unseren eigenen Orientierungen und unseren eigenen Zielen basieren. Dies ist ein weiteres wichtiges Thema.<\/span><\/p>\n<p><span style=\"font-family: georgia, palatino; font-size: 14pt;\">Die Frage der Verlage ist ebenfalls eine der wichtigsten Fragen. Als ich mich mit einigen Freunden hier unterhielt, erz\u00e4hlten sie mir einige gute Neuigkeiten \u00fcber Publizierungen. Ich m\u00f6chte noch einmal betonen, dass das Verlagswesen f\u00fcr einen wichtigen Teil der Lekt\u00fcre in unserem Land verantwortlich ist. Der Ver\u00f6ffentlichungsprozess muss reibungslos, gut, \u00fcberall und leicht zu bewerkstelligen sein.<\/span><\/p>\n<p><span style=\"font-family: georgia, palatino; font-size: 14pt;\">Wie dem auch sei, Gott sei Dank, war es heute eine gute Ausstellung. Ich bin von ganzem Herzen zufrieden mit den wenigen Stunden, die ich hier verbracht habe. Man kann hier Dinge beobachten, die eine frohe Botschaft sind: Engagierter Einsatz, gute Arbeitskr\u00e4fte, zielstrebige junge Menschen und gute Motivation, Gott sei Dank, ist all dies auf dieser Buchmesse zu sehen.<\/span><\/p>\n<p><span style=\"font-family: georgia, palatino; font-size: 14pt;\"><b>Journalist:<\/b> <i>Ich danke Ihnen. Ich m\u00f6chte Ihnen noch eine weitere Frage stellen. Sie haben erw\u00e4hnt, dass Sie drei Stunden lang, von 8.30 Uhr bis 11.30 Uhr, hier auf der Messe waren. F\u00fcr welche B\u00fccher interessieren Sie sich neben den Fachb\u00fcchern, die Sie studiert haben, noch? Welche B\u00fccher w\u00fcrden Sie jungen Menschen empfehlen?<\/i><\/span><\/p>\n<p><span style=\"font-family: georgia, palatino; font-size: 14pt;\"><b>Imam Chamenei:<\/b> Woher das Interesse zustande kam und wie es entstanden ist, ist nicht sehr wichtig. Aber ich f\u00fcr meinen Teil lese alle Arten von B\u00fcchern. Ich lese sehr viel. Ich lese Fachb\u00fccher und technische B\u00fccher. Ich lese wissenschaftliche B\u00fccher. Ich lese Romane, vor allem Memoiren, die mit der Heiligen Verteidigung und den Verteidigern der Heiligen St\u00e4tten zu tun haben. Diese B\u00fccher, die ver\u00f6ffentlicht werden, sind sehr wertvoll. Das ist eine neue Art, B\u00fccher zu schreiben, ein neues Genre, ein neuer Stil, und insbesondere die Frauen sind in diesem Bereich sehr aktiv. Unsere Autorinnen schreiben wirklich sehr gut, und ich habe viele ihrer Werke gelesen.<\/span><\/p>\n<p><span style=\"font-family: georgia, palatino; font-size: 14pt;\"><b>Journalistin:<\/b> <i>Ich danke Ihnen vielmals. Das ist sehr nett von Ihnen.<\/i><\/span><\/p>\n<p><span style=\"font-family: georgia, palatino; font-size: 14pt;\"><b>Imam Chamenei:<\/b> M\u00f6gen Sie erfolgreich sein, so Gott will. M\u00f6ge Gott Sie sch\u00fctzen.<\/span><\/p>","protected":false},"excerpt":{"rendered":"<p>Am 14. Mai 2023 fand die 34. Internationale Buchmesse in Teheran statt. Unter den Besuchern befand sich auch Imam Chamenei.<\/p>\n","protected":false},"author":1,"featured_media":0,"comment_status":"closed","ping_status":"open","sticky":false,"template":"","format":"standard","meta":{"colormag_page_container_layout":"default_layout","colormag_page_sidebar_layout":"default_layout","footnotes":""},"categories":[39,42],"tags":[],"class_list":["post-1340","post","type-post","status-publish","format-standard","hentry","category-reden","category-wissenschaft"],"_links":{"self":[{"href":"http:\/\/www.ahl-ul-bait.de\/imam-chamenei\/wp-json\/wp\/v2\/posts\/1340","targetHints":{"allow":["GET"]}}],"collection":[{"href":"http:\/\/www.ahl-ul-bait.de\/imam-chamenei\/wp-json\/wp\/v2\/posts"}],"about":[{"href":"http:\/\/www.ahl-ul-bait.de\/imam-chamenei\/wp-json\/wp\/v2\/types\/post"}],"author":[{"embeddable":true,"href":"http:\/\/www.ahl-ul-bait.de\/imam-chamenei\/wp-json\/wp\/v2\/users\/1"}],"replies":[{"embeddable":true,"href":"http:\/\/www.ahl-ul-bait.de\/imam-chamenei\/wp-json\/wp\/v2\/comments?post=1340"}],"version-history":[{"count":8,"href":"http:\/\/www.ahl-ul-bait.de\/imam-chamenei\/wp-json\/wp\/v2\/posts\/1340\/revisions"}],"predecessor-version":[{"id":2649,"href":"http:\/\/www.ahl-ul-bait.de\/imam-chamenei\/wp-json\/wp\/v2\/posts\/1340\/revisions\/2649"}],"wp:attachment":[{"href":"http:\/\/www.ahl-ul-bait.de\/imam-chamenei\/wp-json\/wp\/v2\/media?parent=1340"}],"wp:term":[{"taxonomy":"category","embeddable":true,"href":"http:\/\/www.ahl-ul-bait.de\/imam-chamenei\/wp-json\/wp\/v2\/categories?post=1340"},{"taxonomy":"post_tag","embeddable":true,"href":"http:\/\/www.ahl-ul-bait.de\/imam-chamenei\/wp-json\/wp\/v2\/tags?post=1340"}],"curies":[{"name":"wp","href":"https:\/\/api.w.org\/{rel}","templated":true}]}}