{"id":1450,"date":"2023-10-27T10:21:04","date_gmt":"2023-10-27T08:21:04","guid":{"rendered":"http:\/\/khamenei.de\/wordpress\/?p=1450"},"modified":"2025-12-18T12:19:36","modified_gmt":"2025-12-18T11:19:36","slug":"imam-chamenei-die-zionisten-sollten-die-geduld-der-muslime-nicht-ausreizen","status":"publish","type":"post","link":"http:\/\/www.ahl-ul-bait.de\/imam-chamenei\/2023\/10\/27\/imam-chamenei-die-zionisten-sollten-die-geduld-der-muslime-nicht-ausreizen\/","title":{"rendered":"Imam Chamenei: Die Zionisten sollten die Geduld der Muslime nicht ausreizen"},"content":{"rendered":"\n<figure class=\"wp-block-gallery has-nested-images columns-default is-cropped wp-block-gallery-1 is-layout-flex wp-block-gallery-is-layout-flex\">\n<figure class=\"wp-block-image size-large\"><img loading=\"lazy\" decoding=\"async\" width=\"1024\" height=\"683\" data-id=\"1453\" src=\"http:\/\/ahl-ul-bait.de\/imam-chamenei\/wp-content\/uploads\/2023\/10\/2-1.jpg\" alt=\"\" class=\"wp-image-1453\" srcset=\"http:\/\/www.ahl-ul-bait.de\/imam-chamenei\/wp-content\/uploads\/2023\/10\/2-1.jpg 1024w, http:\/\/www.ahl-ul-bait.de\/imam-chamenei\/wp-content\/uploads\/2023\/10\/2-1-300x200.jpg 300w, http:\/\/www.ahl-ul-bait.de\/imam-chamenei\/wp-content\/uploads\/2023\/10\/2-1-768x512.jpg 768w\" sizes=\"auto, (max-width: 1024px) 100vw, 1024px\" \/><\/figure>\n\n\n\n<figure class=\"wp-block-image size-large\"><img loading=\"lazy\" decoding=\"async\" width=\"1024\" height=\"683\" data-id=\"1456\" src=\"http:\/\/ahl-ul-bait.de\/imam-chamenei\/wp-content\/uploads\/2023\/10\/3-1.jpg\" alt=\"\" class=\"wp-image-1456\" srcset=\"http:\/\/www.ahl-ul-bait.de\/imam-chamenei\/wp-content\/uploads\/2023\/10\/3-1.jpg 1024w, http:\/\/www.ahl-ul-bait.de\/imam-chamenei\/wp-content\/uploads\/2023\/10\/3-1-300x200.jpg 300w, http:\/\/www.ahl-ul-bait.de\/imam-chamenei\/wp-content\/uploads\/2023\/10\/3-1-768x512.jpg 768w\" sizes=\"auto, (max-width: 1024px) 100vw, 1024px\" \/><\/figure>\n\n\n\n<figure class=\"wp-block-image size-large\"><img loading=\"lazy\" decoding=\"async\" width=\"1024\" height=\"683\" data-id=\"1452\" src=\"http:\/\/ahl-ul-bait.de\/imam-chamenei\/wp-content\/uploads\/2023\/10\/4-1.jpg\" alt=\"\" class=\"wp-image-1452\" srcset=\"http:\/\/www.ahl-ul-bait.de\/imam-chamenei\/wp-content\/uploads\/2023\/10\/4-1.jpg 1024w, http:\/\/www.ahl-ul-bait.de\/imam-chamenei\/wp-content\/uploads\/2023\/10\/4-1-300x200.jpg 300w, http:\/\/www.ahl-ul-bait.de\/imam-chamenei\/wp-content\/uploads\/2023\/10\/4-1-768x512.jpg 768w\" sizes=\"auto, (max-width: 1024px) 100vw, 1024px\" \/><\/figure>\n\n\n\n<figure class=\"wp-block-image size-large\"><img loading=\"lazy\" decoding=\"async\" width=\"1024\" height=\"683\" data-id=\"1455\" src=\"http:\/\/ahl-ul-bait.de\/imam-chamenei\/wp-content\/uploads\/2023\/10\/5-1.jpg\" alt=\"\" class=\"wp-image-1455\" srcset=\"http:\/\/www.ahl-ul-bait.de\/imam-chamenei\/wp-content\/uploads\/2023\/10\/5-1.jpg 1024w, http:\/\/www.ahl-ul-bait.de\/imam-chamenei\/wp-content\/uploads\/2023\/10\/5-1-300x200.jpg 300w, http:\/\/www.ahl-ul-bait.de\/imam-chamenei\/wp-content\/uploads\/2023\/10\/5-1-768x512.jpg 768w\" sizes=\"auto, (max-width: 1024px) 100vw, 1024px\" \/><\/figure>\n\n\n\n<figure class=\"wp-block-image size-large\"><img loading=\"lazy\" decoding=\"async\" width=\"1024\" height=\"683\" data-id=\"1451\" src=\"http:\/\/ahl-ul-bait.de\/imam-chamenei\/wp-content\/uploads\/2023\/10\/6-1.jpg\" alt=\"\" class=\"wp-image-1451\" srcset=\"http:\/\/www.ahl-ul-bait.de\/imam-chamenei\/wp-content\/uploads\/2023\/10\/6-1.jpg 1024w, http:\/\/www.ahl-ul-bait.de\/imam-chamenei\/wp-content\/uploads\/2023\/10\/6-1-300x200.jpg 300w, http:\/\/www.ahl-ul-bait.de\/imam-chamenei\/wp-content\/uploads\/2023\/10\/6-1-768x512.jpg 768w\" sizes=\"auto, (max-width: 1024px) 100vw, 1024px\" \/><\/figure>\n\n\n\n<figure class=\"wp-block-image size-large\"><img loading=\"lazy\" decoding=\"async\" width=\"1024\" height=\"683\" data-id=\"1457\" src=\"http:\/\/ahl-ul-bait.de\/imam-chamenei\/wp-content\/uploads\/2023\/10\/7-1.jpg\" alt=\"\" class=\"wp-image-1457\" srcset=\"http:\/\/www.ahl-ul-bait.de\/imam-chamenei\/wp-content\/uploads\/2023\/10\/7-1.jpg 1024w, http:\/\/www.ahl-ul-bait.de\/imam-chamenei\/wp-content\/uploads\/2023\/10\/7-1-300x200.jpg 300w, http:\/\/www.ahl-ul-bait.de\/imam-chamenei\/wp-content\/uploads\/2023\/10\/7-1-768x512.jpg 768w\" sizes=\"auto, (max-width: 1024px) 100vw, 1024px\" \/><\/figure>\n<\/figure>\n\n\n<p><span style=\"font-family: georgia, palatino; font-size: 18px;\"><i>Am 17. Oktober 2023 traf sich Imam Chamenei mit einer Reihe von akademischen Eliten und herausragenden wissenschaftlichen Talenten der Nation in der Imam Chomeini Hussainiya. Bei diesem Treffen gab es vor der Rede des Imams Reden einiger Anwesender. Im Anschluss hielt der Imam seine Rede, bei der er zum Schluss auch auf die Situation in Pal\u00e4stina einging. Es folgt die sinngem\u00e4\u00dfe \u00dcbersetzung der <a href=\"https:\/\/english.khamenei.ir\/news\/10210\/The-usurper-Zionist-regime-must-be-prosecuted\" target=\"_blank\" rel=\"noopener\">englischen Original\u00fcbersetzung<\/a>. Obwohl es f\u00fcr alle hier ver\u00f6ffentlichten Texte gilt, wird darauf verwiesen, dass die \u00dcbersetzung zu Dokumentationszwecken ohne jegliche Kommentierung erfolgt und die dargestellte Meinung nicht mit der Meinung der Herausgeber \u00fcbereinstimmen muss.<\/i><\/span><\/p>\n<hr \/>\n<p><span style=\"font-family: georgia, palatino; font-size: 18px;\"><b>Im Namen Gottes, des Barmherzigen, des Gn\u00e4digen<\/b><\/span><\/p>\n<p><span style=\"font-family: georgia, palatino; font-size: 18px;\">Aller Dank ist Allahs, des Herrn der Welten und der Frieden und Segen seien mit unserem Meister und Propheten Abul Qasim al-Mustafa Muhammad und seiner reinen, fehlerlosen und auserw\u00e4hlten Familie und insbesondere mit dem Verbliebenen Allahs auf Erden (Baqiyyatullah, Imam Mahdi).<\/span><\/p>\n<p><span style=\"font-family: georgia, palatino; font-size: 18px;\">Herzlich willkommen! Ich freue mich wirklich sehr, dass ich wieder einmal die Gelegenheit habe, mit einigen der akademischen Eliten des Landes zusammenzukommen. Ich m\u00f6chte unseren lieben Freunden f\u00fcr das, was sie vorgetragen haben, danken. Sie sprachen \u00fcber einige wichtige, bemerkenswerte Themen, doch m\u00f6chte ich zwei Aspekte zu den Erkl\u00e4rungen der Herren erw\u00e4hnen.<\/span><\/p>\n<p><span style=\"font-family: georgia, palatino; font-size: 18px;\">Der erste Aspekt ist, dass fast alle diese Themen, vielleicht mit ein oder zwei Ausnahmen, Exekutivangelegenheiten sind, und Exekutivangelegenheiten m\u00fcssen von Exekutivorganen weiterverfolgt werden. Nat\u00fcrlich werden wir diese weiterverfolgen. Ich schlage vor, dass diese hier besprochenen Angelegenheiten bearbeitet, m\u00f6glicherweise zusammengefasst oder \u00fcberpr\u00fcft werden, und wir werden sie an die zust\u00e4ndigen Beamten in der Exekutive weiterleiten. Wenn Sie jedoch mit den Exekutivbeamten des Landes zusammentreffen \u2013 die dankenswerterweise aktiv sind, und Gott sei Dank haben wir auch noch derzeit einen Pr\u00e4sidenten, der flei\u00dfig ist und die Dinge gut weiterverfolgt \u2013, sollten Sie diese Dinge erw\u00e4hnen, damit sie, so Gott will, erledigt werden k\u00f6nnen.<\/span><\/p>\n<p><span style=\"font-family: georgia, palatino; font-size: 18px;\">Der zweite Aspekt ist, dass es Zeiten gab, in denen die akademischen Eliten und die Regierungsbeamten weit voneinander entfernt waren, w\u00e4hrend dies heute nicht mehr der Fall ist. Heute sind viele junge Leute wie Sie in wichtigen F\u00fchrungspositionen in der Regierung vertreten, entweder auf der Ebene des Ministeriums, auf der Ebene des stellvertretenden Ministeriums oder auf der Ebene des mittleren Managements. Warum also werden diese Diskussionen nicht dorthin \u00fcbertragen? Die gleichen Br\u00fcder und Schwestern, die fr\u00fcher hier standen und ihre Meinung sagten, wie Sie es jetzt tun, sind heute in den F\u00fchrungsgremien des Landes vertreten. Diese sind noch jung. Sie sind nicht alt oder mittleren Alters. Sie sind so jung wie Sie. Warum sind Sie also nicht miteinander verbunden? Warum wurde nicht eine Verbindung geschaffen, damit diese Ideen \u00fcbertragen werden k\u00f6nnen? Dar\u00fcber muss man in den verschiedenen Organisationen des Landes nachdenken.<\/span><\/p>\n<p><span style=\"font-family: georgia, palatino; font-size: 18px;\">Es wurde zum Beispiel die Frage der Automobilindustrie angesprochen. Es gibt derzeit viele junge akademische Eliten, die aktiv im Ministerium f\u00fcr Industrie, Bergbau und Handel vertreten sind. Bringen Sie dort die Frage der Automobilindustrie zur Sprache. Das ist ein wichtiges Thema. Eines der anderen Themen, die hier er\u00f6rtert wurden, betraf die unterprivilegierten Regionen des Landes. Die Regierung hat eine spezielle Abteilung geschaffen, die sich mit Fragen im Zusammenhang mit unterprivilegierten Regionen besch\u00e4ftigt. Es gibt eine Reihe von jungen Leuten, die dort arbeiten. Ich glaube, es gibt sogar einige Studenten, die dort aktiv sind. Sprechen Sie also mit ihnen \u00fcber diese Themen und verfolgen Sie sie weiter. Beschr\u00e4nken Sie sich nicht nur darauf, hier eine Rede zu halten.<\/span><\/p>\n<p><span style=\"font-family: georgia, palatino; font-size: 18px;\">Nat\u00fcrlich waren die von Ihnen ge\u00e4u\u00dferten Meinungen sehr gut. So Gott will, werden wir uns damit befassen und wir werden diese Angelegenheiten weiterverfolgen. Ich werde einige dieser Fragen vielleicht sogar selbst mit dem Herrn Pr\u00e4sidenten besprechen, aber ich glaube, dass Sie sich mit diesen Bereichen praktischer befassen sollten.<\/span><\/p>\n<p><span style=\"font-family: georgia, palatino; font-size: 18px;\">Was die Frage der akademischen Eliten und des wissenschaftlichen Fortschritts betrifft, so habe ich zwei oder drei Aspekte aufgeschrieben, die ich Ihnen gerne mitteilen m\u00f6chte. Der erste Aspekt ist, dass der wissenschaftliche Fortschritt in diesem Land vor etwa zwei Jahrzehnten oder etwas fr\u00fcher begonnen hat, und er hatte einen guten Start. Es gab also eine gewisse Bewegung. Im studentischen und universit\u00e4ren Umfeld wurden einige Parolen wie \u201e\u00dcberschreiten der nationalen wissenschaftlichen Grenzen\u201c und \u201eSystembewegung\u201c \u00fcblich. Diese damals \u00fcblichen Parolen waren sehr einflussreich.<\/span><\/p>\n<p><span style=\"font-family: georgia, palatino; font-size: 18px;\">Es entstand also eine Bewegung und ein Aufbrausen im akademischen Umfeld, das dankenswerterweise anhielt. Das hei\u00dft, es war nicht etwas, das schnell aufkam, dann aber wieder abebbte, sondern es ging weiter. In der Tat wurde in diesem Land ein wissenschaftlicher Sprung nach vorn eingeleitet. Das ist eine Realit\u00e4t. Nachdem die Frage des wissenschaftlichen Fortschritts an den Grenzen des Wissens aufgeworfen wurde und verschiedene Parolen in den akademischen Einrichtungen \u00fcblich wurden, begann wirklich ein wissenschaftlicher Sprung nach vorn. Dies geschah in einer Art und Weise, dass die weltweiten Zentren f\u00fcr wissenschaftliche Statistiken dieser Zeit sagten, dass die wissenschaftliche Wachstumsrate des Irans 12 oder 13 Mal h\u00f6her war als die durchschnittliche globale Wachstumsrate! Das ist eine sehr wichtige Angelegenheit. Das hat sich wirklich ereignet.<\/span><\/p>\n<p><span style=\"font-family: georgia, palatino; font-size: 18px;\">Damals, also einige Jahre zuvor, habe ich auf einer Reihe von akademischen und universit\u00e4ren Tagungen dar\u00fcber gesprochen. Ich sagte, dass es hei\u00dft, unsere wissenschaftliche Wachstumsrate sei hoch, aber das sollte uns nicht \u00fcberm\u00e4\u00dfig stolz machen. Wir sollten nicht \u00fcberm\u00e4\u00dfig stolz darauf sein, dass unsere Wachstumsrate jetzt so hoch ist, denn trotz dieser Wachstumsrate sind wir immer noch im R\u00fcckstand, was das Wissen angeht. Wir sind in der Wissenschaft im R\u00fcckstand, wenn wir uns mit der Welt der Wissenschaft vergleichen.<\/span><\/p>\n<p><span style=\"font-family: georgia, palatino; font-size: 18px;\">Nat\u00fcrlich habe ich gelegentlich \u00fcber dieses \u201eZur\u00fcckbleiben\u201c gesprochen. Ich m\u00f6chte das an dieser Stelle jetzt nicht wiederholen. Wir sind im R\u00fcckstand. Der Grund f\u00fcr unseren R\u00fcckstand ist, dass dieses Land, das eine so reiche wissenschaftliche und kulturelle Geschichte hat, lange Zeit, w\u00e4hrend der Herrschaft der Unterdr\u00fcckers [Taghut] und der unterdr\u00fcckerischen, autokratischen K\u00f6nige \u2013 sei es der Pahlavi oder der Qadschar \u2013 in der akademischen Rangliste ganz unten in der Welt stand. Es hatte nichts und es war auch nichts.<\/span><\/p>\n<p><span style=\"font-family: georgia, palatino; font-size: 18px;\">Was ich heute sagen m\u00f6chte, ist, dass wir uns darauf vorbereiten m\u00fcssen, in eine neue Phase des wissenschaftlichen Fortschritts einzutreten. Es stimmt, dass wir einen wissenschaftlichen Sprung nach vorne gemacht haben, dass wir gute wissenschaftliche Fortschritte erzielt haben, dass wir in einigen Bereichen hohe wissenschaftliche Stufen errungen haben und dass unser wissenschaftliches Ansehen in der Welt relativ gut ist \u2013 das ist alles wahr \u2013, aber heute m\u00fcssen die wissenschaftlichen Einrichtungen des Landes einen innovativen Schritt machen, damit wir nicht zur\u00fcckfallen.<\/span><\/p>\n<p><span style=\"font-family: georgia, palatino; font-size: 18px;\">Wir haben Fortschritte gemacht, aber das haben andere auch. Es gab sogar einige L\u00e4nder in der Region, die im R\u00fcckstand waren, die aber ermutigt wurden, Fortschritte zu machen, nachdem sie sahen, wie der Iran sich nach vorne entwickelte. Wenn wir uns heute die Statistiken ansehen, sehen wir, dass auch sie einen langen Weg zur\u00fcckgelegt haben. Es besteht die Bef\u00fcrchtung, dass wir im weltweiten wissenschaftlichen Wettlauf zur\u00fcckfallen werden. Das ist eine ernste Bef\u00fcrchtung und ich habe schon oft gesagt: \u201eWissen ist Macht\u201c.<\/span><\/p>\n<p><span style=\"font-family: georgia, palatino; font-size: 18px;\">Wenn wir wollen, dass unser Land vor den \u00fcblichen Sch\u00e4den, die in anderen L\u00e4ndern der Welt auftreten, gesch\u00fctzt ist, m\u00fcssen wir uns als Erstes um den wissenschaftlichen Fortschritt k\u00fcmmern. Wenn wir zur\u00fcckfallen, sind wir verwundbar. Wir m\u00fcssen darum k\u00e4mpfen, nicht zur\u00fcckzufallen. Zu diesen ersten Bem\u00fchungen, die wir unternehmen m\u00fcssen, um nicht zur\u00fcckzufallen, geh\u00f6ren auch materielle Investitionen. Die Regierung sollte also in wissenschaftliche Bereiche und in den wissenschaftlichen Fortschritt investieren. Dabei habe ich aber auch schon oft gesagt, dass dies keine Ausgabe ist. Im Gegenteil, diese Investitionen ebnen den Weg f\u00fcr zus\u00e4tzliche Einnahmen, die um ein Vielfaches h\u00f6her sein werden. Wir sollten auch den privaten Sektor ermutigen und ihm die Mittel zur Verf\u00fcgung stellen, in wissenschaftliche Bereiche zu investieren.<\/span><\/p>\n<p><span style=\"font-family: georgia, palatino; font-size: 18px;\">Daher sind sowohl materielle Investitionen als auch Investitionen in Form von wissenschaftlichen Innovationen erforderlich. Das bedeutet, dass das wissenschaftliche Umfeld danach streben sollte, Erfindungsreichtum und Innovationen zu steigern. Das ist es, worauf wir uns konzentrieren m\u00fcssen. Wir brauchen eine Investition, die sowohl materiell als auch geistig ist. Der erste Aspekt ist also, dass die wissenschaftliche Gemeinschaft und die akademischen Eliten des Landes einen neuen Schritt, einen neuen Sprung nach vorn machen m\u00fcssen. Dieser neue Sprung nach vorne sollte mit der Unterst\u00fctzung dieser Regierung, der Zusammenarbeit der jungen Beamten, die in der Regierung vertreten sind, zusammen mit Ihren eigenen Bem\u00fchungen, der Versammlung der akademischen Eliten \u2013 von denen einige heute hier anwesend sind \u2013 gemacht werden. Das war der erste Punkt, den ich ansprechen wollte.<\/span><\/p>\n<p><span style=\"font-family: georgia, palatino; font-size: 18px;\">Der zweite Aspekt betrifft die gegenw\u00e4rtige Chance, die unser Land hat. Ja, eine Nation mit Talenten kann wachsen, aber sie hat nicht immer die M\u00f6glichkeit dazu. Ich m\u00f6chte nicht, dass Missverst\u00e4ndnisse \u00fcber die Zukunft aufkommen. Ich glaube, dass wir eine strahlende und vielversprechende Zukunft vor uns haben. Es liegt ein heller Horizont vor uns. Unsere eigene Erfahrung und die Geschichte lehren uns jedoch, dass wir die Gegenwart nutzen m\u00fcssen. Wir m\u00fcssen das Beste aus der gegenw\u00e4rtigen Situation und den vorhandenen M\u00f6glichkeiten machen.<\/span><\/p>\n<p><span style=\"font-family: georgia, palatino; font-size: 18px;\">Manchmal kommt es vor, dass der Weg einer Nation \u2013 unabh\u00e4ngig davon in welchem Bereich, sei es im politischen, sozialen oder wissenschaftlichen Bereich \u2013 steile Abh\u00e4nge aufweist. Der Wille, diese H\u00e4nge hinaufzugehen, ist vorhanden, aber es fehlt die F\u00e4higkeit dazu. So ist es manchmal, denn die Infrastruktur und die Einrichtungen, die vorhanden sein sollten, sind nicht vorhanden. Der Wille ist vorhanden, aber nicht die F\u00e4higkeit. Manchmal ist sogar nicht einmal die Entschlossenheit vorhanden, weil wir verzweifelt sind, an uns selbst zweifeln, nicht an unser Potenzial glauben oder die Situation nicht verstehen. Deshalb gibt es manchmal Situationen, in denen nicht einmal mehr die Entschlossenheit vorhanden ist, etwas zu unternehmen. Es gab sogar Zeiten, wie in der Zeit der Tyrannen [Taghut-Pahlavi-Regime], in denen man den Fortschritt oder das Erklimmen dieses steilen Abhangs f\u00fcr v\u00f6llig unm\u00f6glich hielt! In fr\u00fcheren Perioden gab es wirklich Zeiten, in denen sie sagten, dass diese Dinge definitiv unm\u00f6glich seien.<\/span><\/p>\n<p><span style=\"font-family: georgia, palatino; font-size: 18px;\">Die Geschichte \u00fcber den \u201eLulehang\u201c [Kanne aus Ton] und den Premierminister w\u00e4hrend des Schah-Regimes ist bekannt. Sie m\u00fcssen sie geh\u00f6rt haben. Damals gab es Diskussionen \u00fcber die \u00d6lindustrie und \u00fcber die Unabh\u00e4ngigkeit und Verstaatlichung der \u00d6lindustrie des Landes. Das war vor dem Amtsantritt von Mosaddeq. Das war in meiner Kindheit, aber ich erinnere mich noch gut daran. Damals gab es im iranischen Parlament eine Minderheit unter der F\u00fchrung von Dr. Mosaddeq, die darauf bestand, dass wir die \u00d6lindustrie verstaatlichen sollten. Die Briten kontrollierten unser \u00d6l, also sagte diese Gruppe: \u201eLasst es uns verstaatlichen\u201c. Daraufhin hielt der damalige Premierminister [Razmara] eine Rede und sagte: \u201eWas sagen diese Leute da \u00fcber die Verstaatlichung der \u00d6lindustrie? Ist die iranische Nation denn \u00fcberhaupt in der Lage, das \u00d6l zu verwalten? Wir sind doch nicht einmal in der Lage, ein ordentliches Lulehang zu machen!\u201c<\/span><\/p>\n<p><span style=\"font-family: georgia, palatino; font-size: 18px;\">Wissen Sie, was ein Lulehang ist? Ein Lulehang ist eine Kanne aus Ton. Fr\u00fcher stellte man in einigen D\u00f6rfern Wasserkr\u00fcge her. Es war \u00fcblich, sie aus Kupfer, Zinn und \u00e4hnlichem herzustellen, aber in einigen D\u00f6rfern wurden sie auch aus Ton gefertigt. Der Premierminister sagte: \u201eWir sind auf der Stufe, auf der wir t\u00f6nerne Efeut\u00fccher herstellen k\u00f6nnen. Wir sind auf dem Niveau von Lulehangs. Wie soll ein Iraner mit \u00d6l umgehen?\u201c Das wurde zu jener Zeit ber\u00fchmt. Man k\u00f6nnte fragen, was war damals die Situation des \u00d6ls, das verwaltet werden musste? Es war die Raffinerie in Abadan, die verwaltet werden musste. Sie sagten, ein Iraner k\u00f6nne eine Raffinerie nicht verwalten! Das war ihr Glaube. Jetzt passieren \u00e4hnliche Dinge, jedoch nicht in diesem Ausma\u00df. Wichtig ist aber zu wissen, dass in verschiedenen Phasen die Entschlossenheit, etwas zu unternehmen, schwach wird.<\/span><\/p>\n<p><span style=\"font-family: georgia, palatino; font-size: 18px;\">Wenn ich mir die allgemeine Lage des Landes heute anschaue, dann sehe ich, dass es diese Probleme, Gott sei Dank, nicht mehr gibt. Wir haben sowohl die Entschlossenheit als auch die F\u00e4higkeit, voranzukommen. Diese \u201eF\u00e4higkeit\u201c, von der ich spreche, ist kein Schlagwort. Sie ist eine Realit\u00e4t. Achten Sie jetzt auf diese Statistiken! Die Statistiken sind eindeutig. Wir haben Millionen von jungen Menschen, die entweder ein Grundstudium oder ein Studium absolvieren. Mehrere Millionen! Ist dieses Verm\u00f6gen eine unbedeutende Sache? Und viele von ihnen, wenn nicht alle, sind motivierte Menschen. Das Land ist von einem revolution\u00e4ren Geist durchdrungen.<\/span><\/p>\n<p><span style=\"font-family: georgia, palatino; font-size: 18px;\">Die \u00c4u\u00dferungen dieser lieben jungen Leute hier, dass \u201ewir bereit sind; wir haben Vorschl\u00e4ge\u201c, sind sehr wertvoll. Es gibt also Entschlossenheit, es gibt Motivation, und es gibt dar\u00fcber hinaus sowohl die Festigkeit als auch die F\u00e4higkeit, Fortschritte zu machen. Lassen Sie uns also diese Dinge nutzen. Wenn wir diese Chance, die uns heute zur Verf\u00fcgung steht, also diese Entschlossenheit und diese F\u00e4higkeiten nicht nutzen, dann tun wir uns selbst Unrecht. Wer sollte diese Chance nutzen? Die Beamten, die akademischen Eliten und die wissenschaftlichen Zentren: Sie alle sollten sie nutzen. Wenn wir das nicht tun, tun wir uns selbst Unrecht. Wir w\u00fcrden unserem Land und unserer Geschichte Unrecht tun.<\/span><\/p>\n<p><span style=\"font-family: georgia, palatino; font-size: 18px;\">Wir sind alle verantwortlich. Ich bin verantwortlich, die Beamten in der Regierung und in der Exekutive sind verantwortlich, Ihr jungen Leute seid verantwortlich, die angesehenen Minister in den wissenschaftlichen Einrichtungen und diejenigen, die in den wissenschaftlichen Zentren arbeiten, sind ebenfalls verantwortlich. Wir alle sollten uns darum bem\u00fchen, dass diese wissenschaftliche Bewegung, dieses Neue, das ich erwarte \u2013 also eine innovative Bewegung, ein neuer Sprung nach vorne, ein neuer Aufstieg \u2013 stattfindet. Diese Verantwortung liegt auf unser aller Schultern.<\/span><\/p>\n<p><span style=\"font-family: georgia, palatino; font-size: 18px;\">Bez\u00fcglich der Verantwortung: Ich habe mir einen dritten Aspekt notiert, den ich mit Ihnen teilen m\u00f6chte, und zwar, dass Wissen Verantwortung mit sich bringt, genau wie auch alle anderen Verm\u00f6genswerte und Reicht\u00fcmer. Verm\u00f6gen zu haben, bringt Verantwortung mit sich. Intellektuelles Verm\u00f6gen, finanzielles Verm\u00f6gen aber auch Machtverm\u00f6gen bringen alle Verantwortung mit sich. Der allm\u00e4chtige Gott hat f\u00fcr jedes Gut, das er Ihnen gegeben hat, Ihnen auch eine Verantwortung gegeben. Wissen ist eines dieser wertvollen G\u00fcter. Wenn Sie Wissen haben, macht Sie dieses Wissen verantwortlich.<\/span><\/p>\n<p><span style=\"font-family: georgia, palatino; font-size: 18px;\">Was meinen wir, wenn wir sagen: \u201eEs macht Sie verantwortlich\u201c? Das bedeutet, dass Sie Ihr Wissen und die Autorit\u00e4t, die Ihnen dieses Wissen verleiht, zum Wohle der Menschen einsetzen sollten. Es gibt Zeiten, in denen ein Gelehrter die Autorit\u00e4t, die er in der Gesellschaft hat, auf einem anderen Gebiet als seinem eigenen Wissens- und Spezialgebiet zum Wohle der Menschen einsetzen kann. Das ist eine Verantwortung. Wenn Sie einen akademischen Rang in der Nuklearwissenschaft, der Medizin, der Physik, dem Management oder einer anderen Wissenschaft erlangen, bedeutet dies f\u00fcr Sie nat\u00fcrlich eine Verantwortung in zweierlei Hinsicht. Das bedeutet, dass sowohl die Wissenschaft selbst, als auch die Autorit\u00e4t, die Sie aufgrund dieses Wissens erlangt haben, im Dienste der Menschen stehen sollten.<\/span><\/p>\n<p><span style=\"font-family: georgia, palatino; font-size: 18px;\">Es gibt hierzu ein ber\u00fchmtes Zitat des Befehlshabers der Gl\u00e4ubigen (a.), dass das Gesagte in diesem Zusammenhang vervollst\u00e4ndigt: \u201eDer allm\u00e4chtige Gott hat einen Bund mit den Gelehrten und Wissenschaftlern geschlossen, dass sie zwei Dinge nicht dulden d\u00fcrfen: die Habgier eines Unterdr\u00fcckers und den Hunger der Unterdr\u00fcckten\u201c. [Elal al-Scharaye, 1:151]. Wir m\u00fcssen reagieren und antworten.<\/span><\/p>\n<p><span style=\"font-family: georgia, palatino; font-size: 18px;\">Heute, im Fall von Gaza, sind wir alle verpflichtet, zu reagieren. Wir m\u00fcssen reagieren. Einige Menschen hungern, andere werden bombardiert und es gibt Hunderte von M\u00e4rtyrern. An diesen verschiedenen Fronten, die es in der Welt und im Land gibt, m\u00fcssen sich die Gelehrten \u2013 sowohl an den Universit\u00e4ten als auch an den islamischen Hochschulen [Hawzah] \u2013 zuallererst darum bem\u00fchen, die Wahrheit zu erkennen, die Wahrheit deutlich zu machen und zur Wahrheit zu stehen. Demgegen\u00fcber gleichg\u00fcltig zu stehen oder die Dinge gleichg\u00fcltig zu betrachten, ist f\u00fcr jemanden, der ein Gelehrter oder ein Wissenschaftler ist, nicht zul\u00e4ssig.<\/span><\/p>\n<p><span style=\"font-family: georgia, palatino; font-size: 18px;\">Der n\u00e4chste Punkt betrifft diese g\u00e4ngige Methode, \u00fcber die ich bereits mehrfach gesprochen habe, und zwar die Frage der wissenschaftlichen Artikel. Ich habe dieses Problem bereits zwei- oder dreimal angesprochen. Ich dachte, dass die bisherigen Mahnungen ausreichen w\u00fcrden und die notwendigen \u00c4nderungen vorgenommen w\u00fcrden, um dieses Problem zu beheben, aber ich habe in dieser Hinsicht etwas anderes geh\u00f6rt. Meiner Meinung nach ist es unlogisch, die Ver\u00f6ffentlichung von Forschungsarbeiten zu einer Bedingung f\u00fcr die Bef\u00f6rderung eines Fakult\u00e4tsmitglieds zu machen. Es ist wirklich schwierig, dies zu akzeptieren.<\/span><\/p>\n<p><span style=\"font-family: georgia, palatino; font-size: 18px;\">Ich zweifle nicht daran, dass wir am wissenschaftlichen Wettbewerb in der Welt teilhaben, mitmachen und uns beteiligen sollten. Das sollten wir auf jeden Fall tun. Ich sehe jedoch keine Logik darin, von unseren Professoren und den Lehrkr\u00e4ften an unseren Universit\u00e4ten zu verlangen, dass sie sich mit ber\u00fchmten wissenschaftlichen Zeitschriften und Forschungszentren in der Welt in Verbindung setzen m\u00fcssen, um getestet und bewertet zu werden, um dann letzten Endes eine Bef\u00f6rderung zu erhalten. Das ist es n\u00e4mlich, was die Ver\u00f6ffentlichung von Forschungsarbeiten bedeutet. Es bedeutet, dass Ihr wissenschaftlicher Rang in Abh\u00e4ngigkeit von einem bestimmten Forschungszentrum bestimmt wird. Ich sage, das ist unlogisch.<\/span><\/p>\n<p><span style=\"font-family: georgia, palatino; font-size: 18px;\">Ja, das Schreiben von Forschungsarbeiten ist gut. Ich stimme voll und ganz zu, dass einige der angesehenen Professoren unseres Landes in ihren eigenen Fachgebieten forschen und herausragende, viel zitierte Arbeiten in den renommiertesten Zeitschriften und Forschungszentren der Welt ver\u00f6ffentlichen sollten. Das sollte auch geschehen. Meiner Meinung nach ist es jedoch nicht logisch, dass wir die Ver\u00f6ffentlichung eines Artikels zu einer zwingenden Voraussetzung f\u00fcr eine Bef\u00f6rderung oder zu einer Regel f\u00fcr alle Professoren machen. Nat\u00fcrlich k\u00f6nnen gute Artikel das wissenschaftliche Ansehen und den Rang eines Landes erh\u00f6hen. Das ist richtig. Es sollten geeignete Methoden gefunden werden, und die f\u00fcr die Wissenschaft verantwortlichen Institutionen des Landes sollten Wege finden, zu verhindern, dass das wissenschaftliche Ansehen des Landes in den weltweiten Rankings sinkt.<\/span><\/p>\n<p><span style=\"font-family: georgia, palatino; font-size: 18px;\">In Bezug auf Artikel und Dissertationen habe ich schon oft gesagt, dass der Zweck von wissenschaftlichen Arbeiten, Forschungsartikeln, Dissertationen und Diplomarbeiten darin bestehen sollte, zur L\u00f6sung der Probleme des Landes beizutragen. Das ist der Hauptzweck. Vergessen wir nicht den Punkt, den ich vorhin erw\u00e4hnt habe, dass es notwendig ist, an den wissenschaftlichen Wettbewerben der Welt teilzunehmen, aber das eigentliche Ziel ist es, mit den Artikeln und der wissenschaftlichen Forschung zur L\u00f6sung der Probleme des Landes beizutragen.<\/span><\/p>\n<p><span style=\"font-family: georgia, palatino; font-size: 18px;\">All die Themen, die heute hier angesprochen wurden \u2013 Umwelt, traditionelle Medizin, Automobilindustrie \u2013 sind Themen, mit denen unser Land konfrontiert ist, und diese Probleme gibt es zu Hunderten. Wenn wir diese Probleme mit einem wissenschaftlichen Ansatz und mit wissenschaftlichen Methoden l\u00f6sen wollen, brauchen wir diese Forschung und diese Artikel. Daher sollten sich unsere Artikel und die Diplomarbeiten oder Dissertationen unserer Studenten auf diese Probleme konzentrieren, um sie zu l\u00f6sen.<\/span><\/p>\n<p><span style=\"font-family: georgia, palatino; font-size: 18px;\">Alle Bereiche, einschlie\u00dflich Gesundheit, Wohnen, Sicherheit, Ern\u00e4hrung, Familie, Umwelt, Reform der staatlichen Strukturen \u2013 die Reform der staatlichen Strukturen ist eines dieser Themen \u2013 und internationale Kommunikation sind geeignete Bereiche f\u00fcr wissenschaftliche Arbeit und Forschung. So sollte es auch sein. Wir sollten uns nicht auf die journalistische Arbeit beschr\u00e4nken, wo wir nur Zeitungsartikel \u00fcber Themen wie internationale Kommunikation, politische Fragen und dergleichen schreiben. Wir sollten uns nicht auf diese Dinge verlassen. Es sollte eine ordentliche wissenschaftliche Arbeit geleistet werden.<\/span><\/p>\n<p><span style=\"font-family: georgia, palatino; font-size: 18px;\">Der letzte Aspekt in diesem Zusammenhang betrifft die Pflichten unserer Beamten. Gott sei Dank sind die Minister, der Erste Vizepr\u00e4sident und andere Beamte heute hier anwesend. Was ich in diesem Zusammenhang kurz sagen kann, ist, dass die Beamten darauf hinarbeiten m\u00fcssen, dass die akademischen Eliten sich f\u00e4hig und n\u00fctzlich f\u00fchlen. Einer der Gr\u00fcnde f\u00fcr die Abwanderung und das Verlassen des Landes, \u00fcber die in der Bev\u00f6lkerung und in der Presse diskutiert wird, ist, dass die akademischen Eliten das Gef\u00fchl haben, dass sie hier nichts bewirken oder ver\u00e4ndern k\u00f6nnen.<\/span><\/p>\n<p><span style=\"font-family: georgia, palatino; font-size: 18px;\">Wie ich bereits erw\u00e4hnt habe, haben die akademischen Eliten zwei Erwartungen an die Regierung des Landes. Die erste Erwartung ist, einen Arbeitsplatz zu haben, besch\u00e4ftigt zu sein und eine Karriere verwirklichen zu k\u00f6nnen. Zweitens wollen sie die M\u00f6glichkeit haben, ihr Studium und ihre Ausbildung fortzusetzen. Einer der Gr\u00fcnde, warum die akademische Elite das Land verl\u00e4sst, ist, dass sie die M\u00f6glichkeit hat, in anderen L\u00e4ndern zu forschen und Fortschritte zu machen. Wir sollten ihnen aber diese M\u00f6glichkeit zusammen mit einer Besch\u00e4ftigung hier in unserem Land bieten. Was ich heute sagen m\u00f6chte, ist, dass, wenn wir die Erwartungen der akademischen Eliten zusammenfassen, ihre Erwartung darin besteht, dass sie das Gef\u00fchl haben wollen, dass sie f\u00fcr das Land n\u00fctzlich sind. Sie wollen etwas bewirken k\u00f6nnen.<\/span><\/p>\n<p><span style=\"font-family: georgia, palatino; font-size: 18px;\">Es gibt M\u00f6glichkeiten, dies zu tun. Gott sei Dank, wurden heute zwei- oder dreimal wissenschaftsbasierte Unternehmen erw\u00e4hnt, und ich habe mir das notiert. Eine der besten M\u00f6glichkeiten f\u00fcr die akademischen Eliten, sich n\u00fctzlich zu f\u00fchlen und etwas bewirken zu k\u00f6nnen, ist die Schaffung wissenschaftsbasierter Unternehmen. Wissenschaftsbasierte Unternehmen f\u00fchren zum wirtschaftlichen und wissenschaftlichen Fortschritt des Landes. Sie sorgen f\u00fcr Begeisterung im Lande und erhalten so unsere akademischen Eliten, die wir f\u00fcr unser Land brauchen. Deshalb setze ich mich f\u00fcr die Unterst\u00fctzung wissenschaftsbasierter Unternehmen ein.<\/span><\/p>\n<p><span style=\"font-family: georgia, palatino; font-size: 18px;\">Eine der M\u00f6glichkeiten, sie zu unterst\u00fctzen, besteht darin, die Produkte, die diese Unternehmen herstellen, nicht mehr aus dem Ausland zu importieren. Ich habe k\u00fcrzlich einige Beschwerden von wissenschaftsbasierten Unternehmen erhalten, in denen sie sagten: \u201eWir haben dieses Produkt hergestellt, aber die Regierungsabteilungen, die die Verbraucher dieses Produkts sind, importieren es aus dem Ausland.\u201c Warum? Wir m\u00fcssen lernen und uns daran gew\u00f6hnen, einheimische Produkte zu verwenden, insbesondere die staatlichen Organisationen, die oft die wichtigsten Abnehmer dieser Produkte sind. Dieses Thema, das so oft wiederholt wird, richtet sich in erster Linie an uns, an die Beamten selbst, an die Regierungsorganisationen und an die Regierungsabteilungen. Sie sollten einheimische Produkte verwenden und den Produkten von wissenschaftsbasierten Unternehmen den Vorzug geben.<\/span><\/p>\n<p><span style=\"font-family: georgia, palatino; font-size: 18px;\"><b>\u00dcber Pal\u00e4stina<\/b><\/span><\/p>\n<p><span style=\"font-family: georgia, palatino; font-size: 18px;\">Ich bin fertig mit dem, was ich sagen wollte. Ich m\u00f6chte jedoch noch kurz ein Wort zu den aktuellen Ereignissen in Pal\u00e4stina und Gaza sprechen. Was Pal\u00e4stina betrifft, so sieht die Welt das v\u00f6lkerm\u00f6rderische Verbrechen des Besatzungsregimes. Die ganze Welt sieht dies. Als die Beamten einiger L\u00e4nder mit iranischen Beamten sprachen, verteidigten sie das zionistische Besetzungsregime und sagten protestierend: \u201eWarum haben die Pal\u00e4stinenser Zivilisten get\u00f6tet?\u201c<\/span><\/p>\n<p><span style=\"font-family: georgia, palatino; font-size: 18px;\">Zun\u00e4chst einmal ist diese Aussage nicht wahr. Diejenigen, die sich in den Siedlungen aufhalten, sind \u00fcberhaupt keine Zivilisten. Sie sind alle bewaffnet. Nehmen wir an, es g\u00e4be einige Zivilisten. Wie viele Zivilisten wurden get\u00f6tet? Das Regime, das die Macht an sich gerissen hat, t\u00f6tet hundertmal mehr Frauen, Kinder, alte und junge Menschen \u2013 alles Zivilisten. Die Streitkr\u00e4fte der Pal\u00e4stinenser leben nicht in diesen Geb\u00e4uden in Gaza. Die Streitkr\u00e4fte haben ihre eigenen H\u00e4user. Und die Zionisten wissen, dass die Menschen in diesen Geb\u00e4uden, [die sie bombardieren] Zivilisten sind.<\/span><\/p>\n<p><span style=\"font-family: georgia, palatino; font-size: 18px;\">Sie w\u00e4hlen \u00fcberf\u00fcllte Zentren und schlagen dort zu. Tausende von Pal\u00e4stinensern sind bisher in Gaza get\u00f6tet worden. Und das nur in diesen wenigen Tagen! Dieses Verbrechen wird von jedem in der Welt gesehen. Sie m\u00fcssen strafrechtlich verfolgt werden. Die derzeitige Regierung des zionistischen Regimes, die die Macht an sich gerissen hat, muss auf jeden Fall heute belangt werden. Sie muss strafrechtlich verfolgt werden, und die US-Regierung muss erkennen, dass sie in dieser Angelegenheit verantwortlich ist.<\/span><\/p>\n<p><span style=\"font-family: georgia, palatino; font-size: 18px;\">Aus zahlreichen Geheimdienstberichten geht hervor, dass die derzeitige Politik \u2013 das hei\u00dft die Politik des zionistischen Regimes in der vergangenen Woche \u2013 von den USA diktiert wird. Sie sind es, die die Politik machen. Was die Zionisten tun, basiert auf der US-Politik. Die Amerikaner sind daf\u00fcr verantwortlich. Sie sind verantwortlich. Die Bombardierungen m\u00fcssen sofort aufh\u00f6ren. Die muslimischen Nationen sind w\u00fctend. Sie sind wirklich w\u00fctend.<\/span><\/p>\n<p><span style=\"font-family: georgia, palatino; font-size: 18px;\">Sie sehen die Zeichen daf\u00fcr. Menschenmengen versammeln sich und das nicht nur in muslimischen L\u00e4ndern, sondern auch in Los Angeles, in den Niederlanden, in Frankreich und in anderen europ\u00e4ischen L\u00e4ndern. In den westlichen L\u00e4ndern versammeln sich Muslime und Nicht-Muslime gemeinsam. Unabh\u00e4ngig davon ist nat\u00fcrlich klar, was gerade in den muslimischen L\u00e4ndern los ist. Die Menschen sind w\u00fctend.<\/span><\/p>\n<p><span style=\"font-family: georgia, palatino; font-size: 18px;\">Wenn diese Verbrechen der Zionisten weitergehen, werden die Muslime ihre Geduld verlieren. Die Widerstandskr\u00e4fte werden ihre Geduld verlieren. Niemand wird sie dann noch aufhalten k\u00f6nnen. Das sollten sie wissen. Sie sollten nicht erwarten, dass sp\u00e4ter andere diese oder jene Gruppe davon abhalten k\u00f6nnten, diese oder jene Dinge zu tun. Niemand wird sie aufhalten k\u00f6nnen, wenn sie ihre Geduld verloren haben. Das ist die Realit\u00e4t. Nat\u00fcrlich kann das zionistische Regime, unabh\u00e4ngig davon was es tut, die sch\u00e4ndliche Niederlage, die es in dieser Angelegenheit erlitten hat, nicht wettmachen.\u00a0<\/span><\/p>\n<p><span style=\"font-family: georgia, palatino; font-size: 18px;\">[Die Anwesenden im Saal skandieren laut die Parole: \u201eNieder mit Israel\u201c]\u00a0<\/span><\/p>\n<p><span style=\"font-family: georgia, palatino; font-size: 18px;\">Nun, Sie haben den letzten Satz gesagt. Ich danke Ihnen.<\/span><\/p>\n<p><span style=\"font-family: georgia, palatino; font-size: 18px;\">M\u00f6gen Gottes Gr\u00fc\u00dfe, Gnade und Segen mit Euch sein.<\/span><\/p>","protected":false},"excerpt":{"rendered":"<p>Am 17. Oktober 2023 traf sich Imam Chamenei mit einer Reihe von akademischen Eliten und herausragenden wissenschaftlichen Talenten der Nation<\/p>\n","protected":false},"author":1,"featured_media":1459,"comment_status":"closed","ping_status":"open","sticky":false,"template":"","format":"standard","meta":{"colormag_page_container_layout":"default_layout","colormag_page_sidebar_layout":"default_layout","footnotes":""},"categories":[27,39,33],"tags":[],"class_list":["post-1450","post","type-post","status-publish","format-standard","has-post-thumbnail","hentry","category-palaestina","category-reden","category-weltpolitik"],"_links":{"self":[{"href":"http:\/\/www.ahl-ul-bait.de\/imam-chamenei\/wp-json\/wp\/v2\/posts\/1450","targetHints":{"allow":["GET"]}}],"collection":[{"href":"http:\/\/www.ahl-ul-bait.de\/imam-chamenei\/wp-json\/wp\/v2\/posts"}],"about":[{"href":"http:\/\/www.ahl-ul-bait.de\/imam-chamenei\/wp-json\/wp\/v2\/types\/post"}],"author":[{"embeddable":true,"href":"http:\/\/www.ahl-ul-bait.de\/imam-chamenei\/wp-json\/wp\/v2\/users\/1"}],"replies":[{"embeddable":true,"href":"http:\/\/www.ahl-ul-bait.de\/imam-chamenei\/wp-json\/wp\/v2\/comments?post=1450"}],"version-history":[{"count":4,"href":"http:\/\/www.ahl-ul-bait.de\/imam-chamenei\/wp-json\/wp\/v2\/posts\/1450\/revisions"}],"predecessor-version":[{"id":2665,"href":"http:\/\/www.ahl-ul-bait.de\/imam-chamenei\/wp-json\/wp\/v2\/posts\/1450\/revisions\/2665"}],"wp:featuredmedia":[{"embeddable":true,"href":"http:\/\/www.ahl-ul-bait.de\/imam-chamenei\/wp-json\/wp\/v2\/media\/1459"}],"wp:attachment":[{"href":"http:\/\/www.ahl-ul-bait.de\/imam-chamenei\/wp-json\/wp\/v2\/media?parent=1450"}],"wp:term":[{"taxonomy":"category","embeddable":true,"href":"http:\/\/www.ahl-ul-bait.de\/imam-chamenei\/wp-json\/wp\/v2\/categories?post=1450"},{"taxonomy":"post_tag","embeddable":true,"href":"http:\/\/www.ahl-ul-bait.de\/imam-chamenei\/wp-json\/wp\/v2\/tags?post=1450"}],"curies":[{"name":"wp","href":"https:\/\/api.w.org\/{rel}","templated":true}]}}