{"id":1463,"date":"2023-11-03T21:21:59","date_gmt":"2023-11-03T20:21:59","guid":{"rendered":"http:\/\/khamenei.de\/wordpress\/?p=1463"},"modified":"2025-12-18T12:19:40","modified_gmt":"2025-12-18T11:19:40","slug":"imam-chamenei-die-zukunft-gehoert-palaestina","status":"publish","type":"post","link":"http:\/\/www.ahl-ul-bait.de\/imam-chamenei\/2023\/11\/03\/imam-chamenei-die-zukunft-gehoert-palaestina\/","title":{"rendered":"Imam Chamenei: Die Zukunft geh\u00f6rt Pal\u00e4stina"},"content":{"rendered":"\n<figure class=\"wp-block-gallery has-nested-images columns-default is-cropped wp-block-gallery-1 is-layout-flex wp-block-gallery-is-layout-flex\">\n<figure class=\"wp-block-image size-large\"><img loading=\"lazy\" decoding=\"async\" width=\"1024\" height=\"683\" data-id=\"1465\" src=\"http:\/\/ahl-ul-bait.de\/imam-chamenei\/wp-content\/uploads\/2023\/11\/2.jpg\" alt=\"\" class=\"wp-image-1465\" srcset=\"http:\/\/www.ahl-ul-bait.de\/imam-chamenei\/wp-content\/uploads\/2023\/11\/2.jpg 1024w, http:\/\/www.ahl-ul-bait.de\/imam-chamenei\/wp-content\/uploads\/2023\/11\/2-300x200.jpg 300w, http:\/\/www.ahl-ul-bait.de\/imam-chamenei\/wp-content\/uploads\/2023\/11\/2-768x512.jpg 768w\" sizes=\"auto, (max-width: 1024px) 100vw, 1024px\" \/><\/figure>\n\n\n\n<figure class=\"wp-block-image size-large\"><img loading=\"lazy\" decoding=\"async\" width=\"1024\" height=\"683\" data-id=\"1464\" src=\"http:\/\/ahl-ul-bait.de\/imam-chamenei\/wp-content\/uploads\/2023\/11\/3.jpg\" alt=\"\" class=\"wp-image-1464\" srcset=\"http:\/\/www.ahl-ul-bait.de\/imam-chamenei\/wp-content\/uploads\/2023\/11\/3.jpg 1024w, http:\/\/www.ahl-ul-bait.de\/imam-chamenei\/wp-content\/uploads\/2023\/11\/3-300x200.jpg 300w, http:\/\/www.ahl-ul-bait.de\/imam-chamenei\/wp-content\/uploads\/2023\/11\/3-768x512.jpg 768w\" sizes=\"auto, (max-width: 1024px) 100vw, 1024px\" \/><\/figure>\n\n\n\n<figure class=\"wp-block-image size-large\"><img decoding=\"async\" data-id=\"1466\" src=\"http:\/\/ahl-ul-bait.de\/imam-chamenei\/wp-content\/uploads\/2023\/11\/4.jpg\" alt=\"\" class=\"wp-image-1466\"\/><\/figure>\n<\/figure>\n\n\n<p><span style=\"font-size: 17px;\"><i>Am 25. Oktober 2023 hielt Imam Chamenei, bei einem Treffen mit den Organisatoren des nationalen Kongresses der M\u00e4rtyrer der Provinz Lorestan, eine Rede. In dieser ging der Imam besonders auf die aktuelle Lage in Pal\u00e4stina ein. Es folgt die sinngem\u00e4\u00dfe \u00dcbersetzung der <a href=\"https:\/\/english.khamenei.ir\/news\/10243\/The-future-belongs-to-Palestine\" target=\"_blank\" rel=\"noopener\">englischen Original\u00fcbersetzung<\/a>. Obwohl es f\u00fcr alle hier ver\u00f6ffentlichten Texte gilt, wird darauf verwiesen, dass die \u00dcbersetzung zu Dokumentationszwecken ohne jegliche Kommentierung erfolgt und die dargestellte Meinung nicht mit der Meinung der Herausgeber \u00fcbereinstimmen muss.<\/i><\/span><\/p>\n<hr \/>\n<p><span style=\"font-size: 17px;\"><b>Im Namen Gottes, des Barmherzigen, des Gn\u00e4digen<\/b><\/span><\/p>\n<p><span style=\"font-size: 17px;\">Aller Dank ist Allahs, des Herrn der Welten und der Frieden und Segen seien mit unserem Meister und Propheten Abul Qasim al-Mustafa Muhammad und seiner reinen, fehlerlosen und auserw\u00e4hlten Familie und insbesondere mit dem Verbliebenen Allahs auf Erden (Baqiyyatullah, Imam Mahdi).<\/span><\/p>\n<p><span style=\"font-size: 17px;\">Ich hei\u00dfe alle unsere lieben Br\u00fcder und Schwestern herzlich willkommen, vor allem die ehrenwerten, geachteten Familien der M\u00e4rtyrer. Eines der besten Dinge, die in verschiedenen St\u00e4dten und Provinzen zur Gewohnheit geworden sind, ist das Gedenken an die M\u00e4rtyrer in Form von Gedenkzeremonien oder Veranstaltungen. Dies ist eine notwendige Aufgabe, die Sie \u00fcbernommen haben. Diese Aufgabe, die Sie dankenswerterweise seit zwei oder drei Jahren wahrnehmen, ist wirklich notwendig, aber es scheint mir, dass es zu lange gedauert hat, dass diese Arbeit begonnen wurde. Das hei\u00dft, in Lorestan, mit all den Qualit\u00e4ten und Werten, die dort wirklich im \u00dcberfluss vorhanden sind, h\u00e4tte man erwartet, dass die Gedenkzeremonien f\u00fcr die M\u00e4rtyrer viel fr\u00fcher abgehalten worden w\u00e4ren als jetzt.<\/span><\/p>\n<p><span style=\"font-size: 17px;\">Dennoch, es ist nun etwas Wertvolles. M\u00f6ge Ihnen gelingen, was Sie tun. Nach dem, was ich drau\u00dfen beobachtet habe, sind die Dinge, die getan wurden \u2013 von der Ver\u00f6ffentlichung von B\u00fcchern bis hin zu verschiedenen anderen Aktivit\u00e4ten \u2013 gut und wertvoll. Die \u00c4u\u00dferungen des verehrten Leiters des Freitagsgebets und des IRGC-Befehlshabers deuten darauf hin, dass dem Kern der Sache und den Zielen dieser Aktivit\u00e4ten Aufmerksamkeit geschenkt wird. So Gott will, werden sie erfolgreich sein und von Gott unterst\u00fctzt werden.<\/span><\/p>\n<p><span style=\"font-size: 17px;\">Ich m\u00f6chte nur eines \u00fcber die Menschen in Lorestan und Lors sagen, n\u00e4mlich dass sie hervorragende Eigenschaften haben. Soweit ich mit einigen prominenten Pers\u00f6nlichkeiten und verschiedenen St\u00e4mmen der Lors in Kontakt gekommen bin und engen Kontakt mit ihnen hatte, gibt es zwei Eigenschaften, bei denen sie im Vergleich zu allen anderen herausstechen. Das erste ist ihr Mut und ihre Tapferkeit. Die Lors sind mutig und tapfer, wo immer sie sich aufhalten \u2013 auf dem Schlachtfeld, bei der \u00c4u\u00dferung ihrer \u00dcberzeugungen oder auch in verschiedenen sozialen Bereichen. Sie sind mutige und tapfere Menschen.<\/span><\/p>\n<p><span style=\"font-size: 17px;\">Die zweite Eigenschaft, die sie ebenfalls herausragen l\u00e4sst, ist ihre Kameradschaftlichkeit, Ehrlichkeit und Loyalit\u00e4t. Diese Eigenschaft ist bei den Lors wirklich ausgepr\u00e4gt. In meinen pers\u00f6nlichen Begegnungen, die ich selbst erlebt habe und in den Dingen, die ich geh\u00f6rt habe, habe ich diese beiden Eigenschaften neben vielen anderen Qualit\u00e4ten wahrgenommen. Der verstorbene Sayyid Hassan Taheri Chorramabadi, der M\u00e4rtyrer Sayyid Fachroddin Rahimi, der verstorbene Dr. Sayyid Dschafar Schahidi und der M\u00e4rtyrer Boroudscherdi sind einige der Menschen, deren Pers\u00f6nlichkeiten, Verhaltensweisen, Denkweise und Lebensstil ich aus der N\u00e4he gesehen habe, und sie sind in der Tat herausragend.<\/span><\/p>\n<p><span style=\"font-size: 17px;\">Auch der verstorbene Hadsch Ruhollah Kamalvand, dessen Pers\u00f6nlichkeit ich kurz aus der N\u00e4he beobachtet habe, und nachher auch noch mehr \u00fcber ihn geh\u00f6rt habe. Ich erinnere mich, dass 1963, als Imam Chomeini in Teheran lange Zeit unter Hausarrest stand und die revolution\u00e4re Begeisterung und die Bewegung in Qom etwas nachgelassen hatten, der verstorbene Hadsch Ruhollah Kamalvand nach Qom kam. Ein paar andere und ich gingen zu ihm, um ihn zu bitten, eine Bewegung zu starten. So hoch war das Potenzial dieses Mannes. Er war bei den Gelehrten und religi\u00f6sen Autorit\u00e4ten hoch angesehen.<\/span><\/p>\n<p><span style=\"font-size: 17px;\">Nat\u00fcrlich haben diese Menschen weitaus gr\u00f6\u00dfere Qualit\u00e4ten als das, was ich gerade erw\u00e4hnt habe. Diese beiden Qualit\u00e4ten sind viel ausgepr\u00e4gter. Dieser mutige Geist, den ich erw\u00e4hnt habe, f\u00fchrte dazu, dass die Lors w\u00e4hrend der erstickenden \u00c4ra des ersten Pahlavi-Regimes starkem Druck ausgesetzt waren, zum Beispiel durch Ermordung, Verbannung, Inhaftierung und verschiedene andere Arten von Druck. Sie hatten wirklich Angst vor dem Mut und der Tapferkeit der Lors, sodass sie im Voraus handelten und Druck auf sie aus\u00fcbten.<\/span><\/p>\n<p><span style=\"font-size: 17px;\">F\u00fcr diese Eigenschaft waren sie bei den Menschen in anderen St\u00e4dten am besten bekannt. In Maschhad zum Beispiel hatten wir keinen Kontakt zu Lorestan, aber wir h\u00f6rten von den jungen K\u00e4mpfern, die um uns herum waren, von der ber\u00fchmten Tapferkeit Lorestans. Sie erz\u00e4hlten und berichteten uns einiges, und es gab auch ein Lied, welches diese Kinder in Maschhad sangen: \u201eMutter, Mutter, es ist Zeit f\u00fcr den Krieg\u201c. Das zeigte, dass die Lors den Geist des Kampfes hatten, besonders in der Zeit der Unterdr\u00fcckung (durch den Schah) w\u00e4hrend der Auseinandersetzungen ab 1963.\u00a0\u00a0<\/span><\/p>\n<p><span style=\"font-size: 17px;\">Ich m\u00f6chte hier jedoch noch einen Aspekt hinzuf\u00fcgen. Es ist notwendig, ein wahrheitsgetreues Bild der verschiedenen Volksgruppen zu erhalten, die die iranische Nation ausmachen, einschlie\u00dflich der Loren. Die Geschichte des lorischen Volkes im vergangenen Jahrhundert besteht aus zwei Teilen. Der eine Teil ist der Teil der erstickenden politischen Ordnung, der sich auf die (Schah) Pahlavi-\u00c4ra bezieht, als die Loren tats\u00e4chlich unterdr\u00fcckt wurden. Der andere Teil bezieht sich auf die Zeit der Islamischen Republik, in der diese Gruppe von Menschen auftauchte und in verschiedenen Bereichen aufbl\u00fchte.<\/span><\/p>\n<p><span style=\"font-size: 17px;\">An diese beiden Teile sollte man sich erinnern. Damit die Jugend ihre eigene Geschichte kennenlernt und das historische Wissen der Nation ges\u00e4ttigt wird, sollten diese beiden Teile bewahrt und miteinander verglichen werden. In dem einen Teil gab es Unterdr\u00fcckung, in dem anderen Teil die Schaffung von Heldentum. In dem einen Teil herrschte eine erdr\u00fcckende politische Ordnung, die verhinderte, dass sich die Talente der Nation in verschiedenen Bereichen entfalten konnten, und diese politische Ordnung erstickte die Menschen, indem sie sie unter Druck setzte. Der andere Teil war der, in dem sich M\u00f6glichkeiten er\u00f6ffneten und die Menschen f\u00fcr ihren Wert erkannt wurden. Dann traten herausragende Pers\u00f6nlichkeiten hervor, wie die, die ich bereits erw\u00e4hnt habe.<\/span><\/p>\n<p><span style=\"font-size: 17px;\">Der verstorbene Dr. Schahidi zum Beispiel war vor der Islamischen Revolution dieselbe Person, aber w\u00e4hrend der Zeit der Islamischen Republik begann diese Person dann zu gl\u00e4nzen. Das hei\u00dft, in der Zeit vor der Islamischen Republik war dieselbe Person, die damals studiert und sich zu einer herausragenden Pers\u00f6nlichkeit entwickelt hatte, noch nicht vorgetreten, um sich zu zeigen. Die Islamische Republik hat dann aber diesem Menschen die M\u00f6glichkeit gegeben, zu gl\u00e4nzen.<\/span><\/p>\n<p><span style=\"font-size: 17px;\">Die Geschichte sollte aufgearbeitet und beachtet werden. Wir sollten keine dieser beiden historischen Perioden in Vergessenheit geraten lassen. Diese beiden Perioden m\u00fcssen vor uns liegen und verglichen werden. In der Zeit der Islamischen Republik hat die Region Lor \u2013 sowohl in Lorestan als auch au\u00dferhalb Lorestans, wo die Lor-St\u00e4mme leben \u2013 wirklich gegl\u00e4nzt. Die Berichte, die die Herren hier vorgetragen haben, waren wahrheitsgetreu und genau. All diese M\u00e4rtyrer, all die gemarterten Studenten und Lehrer, die gemarterten Frauen, die gemarterten Geistlichen, die gemarterten Gelehrten und all diejenigen, die anwesend waren, oder die milit\u00e4rischen Organisationen \u2013 einschlie\u00dflich der Armee und der IRGC \u2013 waren wirklich hervorragend und ihre Pr\u00e4senz war in verschiedenen Bereichen sehr gut. Gott sei Dank hat sich dies bis zum heutigen Tag fortgesetzt.<\/span><\/p>\n<p><span style=\"font-size: 17px;\">Ich hoffe, dass Ihre Bem\u00fchungen, so Gott will, zu guten Ergebnissen f\u00fchren werden. Der Punkt, den der Leiter des Freitagsgebets erw\u00e4hnte, ist wichtig. Der Zweck dieser Gedenkzeremonien ist es, Bewegungen zu schaffen. Dieser Punkt sollte sorgf\u00e4ltig bedacht werden. Es m\u00fcssen intellektuelle und praktische Bewegungen geschaffen werden, und das wertvolle Erbe der fr\u00fcheren Generation und der selbstlosen Jugend der Vergangenheit sollte auf die Jugend von heute \u00fcbertragen werden. Das Land ist auf dem Weg zum Gipfel des Berges. Es gibt viel zu tun. Es m\u00fcssen gro\u00dfe Anstrengungen unternommen werden, und es gibt auch viele Risiken, denen man sich stellen muss. Dieser Weg muss mit Kraft und Entschlossenheit beschritten werden. Wenn wir das wollen, m\u00fcssen wir die historische Vergangenheit dieses Teils und anderer Teile des Landes nutzen. Jeder sollte das wertvolle Erbe der Vergangenheit nutzen und an die heutige Generation weitergeben.<\/span><\/p>\n<p><span style=\"font-size: 17px;\"><b>\u00dcber Pal\u00e4stina<\/b><\/span><\/p>\n<p><span style=\"font-size: 17px;\">Ich m\u00f6chte noch ein paar Worte zur Situation in Gaza sagen. Denn die Pal\u00e4stina-Frage und die Ereignisse in Gaza sind heute die wichtigsten Themen der islamischen Welt. Alle diese Ereignisse werden die Zukunft pr\u00e4gen. Einerseits geht es in der Sache Gazas um Unterdr\u00fcckung, andererseits aber auch um Macht. Das Volk von Gaza wird wirklich unterdr\u00fcckt, und dieser brutale, blutr\u00fcnstige Feind \u2013 das besetzende Terrorregime \u2013 kennt keine Grenzen, wenn es darum geht, Verbrechen zu begehen. Bei einem einzigen Bombardement werden tausend Menschen zu M\u00e4rtyrern. So ist es eben. Dieser Unterdr\u00fccker kennt keine Grenzen. So wird die Unterdr\u00fcckung der Menschen deutlich.<\/span><\/p>\n<p><span style=\"font-size: 17px;\">Aber neben dieser Unterdr\u00fcckung gibt es zwei wichtige Aspekte. Der eine ist die Standhaftigkeit dieses Volkes und sein Vertrauen in Gott. Diese Menschen haben wirklich Standhaftigkeit bewiesen. Einige der Geschehnisse in Pal\u00e4stina wurden in den Massenmedien der Welt und auch in unserem Land gezeigt. Eines Pal\u00e4stinensers Kind wird M\u00e4rtyrer, er (der Vater) aber preist Gott. Sein Kind ist gemartert worden, er aber sagt, es sei f\u00fcr Pal\u00e4stina. Ein verwundeter Jugendlicher lobt und dankt Gott und rezitiert Verse aus dem Heiligen Quran. Die Standhaftigkeit dieser Menschen ist sehr wichtig. Der Feind wollte diese Menschen dazu dr\u00e4ngen, ihre H\u00e4nde hochzuheben und sich zu ergeben. Aber sie haben ihre H\u00e4nde nicht hochgehoben. Sie haben nicht kapituliert. Dies ist ein sehr wichtiger Aspekt. Diese Standhaftigkeit und ihr Vertrauen in Gott sind die Dinge, die ihnen zu Hilfe kommen werden. Das ist es, was sie siegreich machen wird, und letztendlich werden sie die Sieger sein.<\/span><\/p>\n<p><span style=\"font-size: 17px;\">Ein weiterer wichtiger Punkt ist, dass der Angriff der pal\u00e4stinensischen K\u00e4mpfer auf das Besatzungsregime ein entscheidender Schlag war. Nie zuvor wurde dem zionistischen Regime ein solcher Schlag versetzt. Und wie ich von Anfang an sagte, ist er irreparabel. Je mehr Zeit vergeht, desto deutlicher wird, dass es irreparabel ist.<\/span><\/p>\n<p><span style=\"font-size: 17px;\">Was glauben Sie, warum der Pr\u00e4sident der USA und die Staatsoberh\u00e4upter der unterdr\u00fcckerischen und b\u00f6sen L\u00e4nder \u2013 Gro\u00dfbritannien, Frankreich und Deutschland \u2013 st\u00e4ndig dorthin reisen? Weil sie sehen, dass das zionistische Regime zusammenbricht. Sie sehen, dass es zerst\u00f6rt wird. Das ist ihnen klar, und deshalb reisen sie immer wieder dorthin, um dessen Zerst\u00f6rung aufzuhalten. Wenn das Besatzungsregime nicht in Gefahr w\u00e4re, auseinanderzufallen und zerst\u00f6rt zu werden, h\u00e4tten diese b\u00f6sen M\u00e4chte in der Welt nicht das Bed\u00fcrfnis, st\u00e4ndig dorthin zu reisen, um ihre Solidarit\u00e4t auszudr\u00fccken. Das zeigt, dass sie einen sehr starken, entscheidenden Schlag erlitten haben. Und dieses angeschlagene, verwundete, verkr\u00fcppelte Regime, das sie mit Waffen, sogenannten Bomben und so weiter auf den Beinen zu halten versuchen, war, ist und wird nicht in der Lage sein, die pal\u00e4stinensischen K\u00e4mpfer zu \u00fcberw\u00e4ltigen. So r\u00e4cht es sich also an wehrlosen, unterdr\u00fcckten Zivilisten und wirft Bomben auf sie. Die pal\u00e4stinensischen K\u00e4mpfer sind immer noch bereit. Sie waren bereit, zu handeln, und haben ihren Geist, ihre Motivation und ihre Handlungsf\u00e4higkeit in dieser Zeit aufrechterhalten. Und so Gott will, werden sie das auch danach noch tun.<\/span><\/p>\n<p><span style=\"font-size: 17px;\">Ich glaube, dass jeder, der \u00fcber Gaza spricht, \u00fcber die Standhaftigkeit und St\u00e4rke des Volkes und die gleichzeitige Kraft der K\u00e4mpfer sprechen sollte, ansonsten tut man ihnen Unrecht. Die Standhaftigkeit, die sie gezeigt haben, ist wirklich sehr wichtig.<\/span><\/p>\n<p><span style=\"font-size: 17px;\">Ein weiterer wichtiger Aspekt ist, dass die USA in dieser Angelegenheit eindeutig ein Komplize der Verbrecher sind. Bei diesem Verbrechen ist die Hand der USA bis zum Ellbogen mit dem Blut der Unterdr\u00fcckten, der Kinder, der Kranken, der Frauen und anderer befleckt. Tats\u00e4chlich sind es die USA, die das Verbrechen, das in Gaza begangen wird, steuern. Die USA sind derjenige, der das Ganze steuert.<\/span><\/p>\n<p><span style=\"font-size: 17px;\">Das Ausma\u00df dieses Verbrechens war so gro\u00df, dass es das Gewissen der Menschen auf der ganzen Welt ersch\u00fcttert hat. Sie sehen, wie Menschen in amerikanischen und europ\u00e4ischen St\u00e4dten, in Hauptst\u00e4dten, aber auch in islamischen L\u00e4ndern auf die Stra\u00dfe gehen und ihren Widerstand offen zum Ausdruck bringen. Und all das, obwohl pro-pal\u00e4stinensische Proteste in europ\u00e4ischen L\u00e4ndern, die behaupten, bei ihnen w\u00fcrde Meinungsfreiheit herrschen, verboten wurden. Auch das ist eine ihrer Schandtaten. F\u00fcr alles M\u00f6gliche ist es erlaubt zu demonstrieren, aber f\u00fcr die Unterdr\u00fcckten ist es verboten, zu demonstrieren! Doch die Menschen haben dieses Verbot ignoriert. Sie haben die Bilder im Fernsehen gesehen, wo Menschen kamen und sich an den Protesten beteiligten.<\/span><\/p>\n<p><span style=\"font-size: 17px;\">Die Menschen auf der ganzen Welt sind w\u00fctend, und wir alle wissen, dass dieses Gef\u00fchl der Wut, das in den Menschen entstanden ist, dieses schlechte Gewissen, das in diesen L\u00e4ndern entstanden ist, eine Reaktion hervorrufen wird, die niemand aufhalten kann. Egal, wie sehr man sich bem\u00fcht, man wird diese Reaktion nicht aufhalten k\u00f6nnen.<\/span><\/p>\n<p><span style=\"font-size: 17px;\">Ich m\u00f6chte betonen, dass die muslimischen Regierungen in dieser Angelegenheit nicht aufgeben sollten. Sie sollten nicht einfach den Feinden nachsprechen, nur weil die USA oder einige andere westliche L\u00e4nder etwas Dummes und Falsches tun und diejenigen, die ihre Heimat und ihr Land verteidigen, als Terroristen bezeichnen. Wenn ein Mensch sein Heimatland gegen den Feind verteidigt, ist er dann ein Terrorist? Die falsche, unterdr\u00fcckerische Regierung, die ihre Heimat besetzt hat, ist der Terrorist. Muslimische Regierungen sollten vorsichtig sein, und politische Sprecher sollten darauf achten, nicht die Worte des Feindes zu wiederholen. Sie sollten wissen, dass Pal\u00e4stina in dieser Angelegenheit und auch in der Zukunft definitiv siegreich sein wird.<\/span><\/p>\n<p><span style=\"font-size: 17px;\">Die zuk\u00fcnftige Welt geh\u00f6rt Pal\u00e4stina. Sie geh\u00f6rt nicht dem zionistischen Besatzungsregime. Die Zukunft geh\u00f6rt den Pal\u00e4stinensern. Was die Zionisten tun \u2013 die Unterdr\u00fcckung, die Verbrechen und die Trag\u00f6dien, die sie verursachen \u2013 ist alles vergeblich. Sie werden, durch den Willen des allm\u00e4chtigen Gottes, nichts erreichen k\u00f6nnen. Ich hoffe, so Gott will, dass der allm\u00e4chtige Gott die islamische Welt und die islamische Nation mit allem Guten in dieser Welt segnet, und dass Gott die Feinde der islamischen Nation zum Fall bringt und dem\u00fctigt.<\/span><\/p>\n<p><span style=\"font-size: 17px;\">M\u00f6gen Gottes Gr\u00fc\u00dfe, Gnade und Segen mit Euch sein.<\/span><\/p>","protected":false},"excerpt":{"rendered":"<p>Am 25. Oktober 2023 hielt Imam Chamenei, bei einem Treffen mit den Organisatoren des nationalen Kongresses der M\u00e4rtyrer der Provinz<\/p>\n","protected":false},"author":1,"featured_media":1467,"comment_status":"closed","ping_status":"open","sticky":false,"template":"","format":"standard","meta":{"colormag_page_container_layout":"default_layout","colormag_page_sidebar_layout":"default_layout","footnotes":""},"categories":[27,39],"tags":[],"class_list":["post-1463","post","type-post","status-publish","format-standard","has-post-thumbnail","hentry","category-palaestina","category-reden"],"_links":{"self":[{"href":"http:\/\/www.ahl-ul-bait.de\/imam-chamenei\/wp-json\/wp\/v2\/posts\/1463","targetHints":{"allow":["GET"]}}],"collection":[{"href":"http:\/\/www.ahl-ul-bait.de\/imam-chamenei\/wp-json\/wp\/v2\/posts"}],"about":[{"href":"http:\/\/www.ahl-ul-bait.de\/imam-chamenei\/wp-json\/wp\/v2\/types\/post"}],"author":[{"embeddable":true,"href":"http:\/\/www.ahl-ul-bait.de\/imam-chamenei\/wp-json\/wp\/v2\/users\/1"}],"replies":[{"embeddable":true,"href":"http:\/\/www.ahl-ul-bait.de\/imam-chamenei\/wp-json\/wp\/v2\/comments?post=1463"}],"version-history":[{"count":4,"href":"http:\/\/www.ahl-ul-bait.de\/imam-chamenei\/wp-json\/wp\/v2\/posts\/1463\/revisions"}],"predecessor-version":[{"id":2666,"href":"http:\/\/www.ahl-ul-bait.de\/imam-chamenei\/wp-json\/wp\/v2\/posts\/1463\/revisions\/2666"}],"wp:featuredmedia":[{"embeddable":true,"href":"http:\/\/www.ahl-ul-bait.de\/imam-chamenei\/wp-json\/wp\/v2\/media\/1467"}],"wp:attachment":[{"href":"http:\/\/www.ahl-ul-bait.de\/imam-chamenei\/wp-json\/wp\/v2\/media?parent=1463"}],"wp:term":[{"taxonomy":"category","embeddable":true,"href":"http:\/\/www.ahl-ul-bait.de\/imam-chamenei\/wp-json\/wp\/v2\/categories?post=1463"},{"taxonomy":"post_tag","embeddable":true,"href":"http:\/\/www.ahl-ul-bait.de\/imam-chamenei\/wp-json\/wp\/v2\/tags?post=1463"}],"curies":[{"name":"wp","href":"https:\/\/api.w.org\/{rel}","templated":true}]}}