{"id":1534,"date":"2023-12-06T12:04:38","date_gmt":"2023-12-06T11:04:38","guid":{"rendered":"http:\/\/khamenei.de\/wordpress\/?p=1534"},"modified":"2025-12-18T12:20:14","modified_gmt":"2025-12-18T11:20:14","slug":"imam-chamenei-ueber-aytuallah-naseri","status":"publish","type":"post","link":"http:\/\/www.ahl-ul-bait.de\/imam-chamenei\/2023\/12\/06\/imam-chamenei-ueber-aytuallah-naseri\/","title":{"rendered":"Imam Chamenei \u00fcber Aytuallah Naseri"},"content":{"rendered":"<p><span style=\"font-family: georgia, palatino; font-size: 17px;\"><i>Am 26. September 2023 traf sich Imam Chamenei anl\u00e4sslich des Gedenkens an den verstorbenen Ayatullah Muhammad Ali Naseri mit Teilnehmern der nationalen Konferenz \u201eWanderer auf dem Pfad Gottes\u201c und hielt bei diesem Treffen eine Rede. Es folgt die sinngem\u00e4\u00dfe \u00dcbersetzung der <a href=\"https:\/\/english.khamenei.ir\/news\/10129\/Ayatollah-Naseri-A-remainder-from-his-predecessors-and-valuable\" target=\"_blank\" rel=\"noopener\">englischen Original\u00fcbersetzung<\/a>. Obwohl es f\u00fcr alle hier ver\u00f6ffentlichten Texte gilt, wird darauf verwiesen, dass die \u00dcbersetzung zu Dokumentationszwecken ohne jegliche Kommentierung erfolgt und die dargestellte Meinung nicht mit der Meinung der Herausgeber \u00fcbereinstimmen muss.<\/i><\/span><\/p>\n<hr \/>\n<p><span style=\"font-family: georgia, palatino; font-size: 17px;\"><b>Im Namen Gottes, des Gn\u00e4digen, des Begnadenden<\/b><\/span><\/p>\n<p><span style=\"font-family: georgia, palatino; font-size: 17px;\">Aller Dank ist Allahs, des Herrn der Welten und der Frieden und Segen seien mit unserem Meister und Propheten Abul Qasim al-Mustafa Muhammad und seiner reinen, fehlerlosen und auserw\u00e4hlten Familie und insbesondere mit dem Verbliebenen Allahs auf Erden (Baqiyyatullah, Imam Mahdi).<\/span><\/p>\n<p><span style=\"font-family: georgia, palatino; font-size: 17px;\">M\u00f6ge Gott die Stufe von Herrn Naseri erh\u00f6hen und ihm, so Gott will, seine besondere Begnadigung zuteilwerden lassen. Er profitiert sicherlich bereits von Gottes Gnade. M\u00f6ge Gott die L\u00fccke f\u00fcllen, die seine Abwesenheit hinterl\u00e4sst, so Gott will, denn die Anwesenheit von Menschen wie ihm ist wirklich \u00e4u\u00dferst wertvoll. Wir brauchen dringend Dinge, die Menschen wie Herr Naseri der Gesellschaft geben k\u00f6nnen: Ethik, Spiritualit\u00e4t und Achtsamkeit gegen\u00fcber Gott. M\u00f6ge Gott Sie und die anderen Herren besch\u00fctzen.<\/span><\/p>\n<p><span style=\"font-family: georgia, palatino; font-size: 17px;\">Das Programm, das Sie f\u00fcr die Konferenz zum Gedenken an den verstorbenen Herrn Naseri (r.) angek\u00fcndigt haben, ist ein gutes Programm. Das hei\u00dft, die verschiedenen Aspekte der relevanten Themen wurden ber\u00fccksichtigt, aber dabei ist es vor allem wichtig, dass Sie in der Lage sind, diese Themen den Zuh\u00f6rern zu vermitteln und gleichzeitig eine wissenschaftlich fundierte Erkl\u00e4rung zu liefern. Das ist es, was wir heute brauchen.<\/span><\/p>\n<p><span style=\"font-family: georgia, palatino; font-size: 17px;\">Wenn eine Person wie Herr Naseri selbst mit den Menschen spricht, macht das die Sache einfach. Denn die Worte, die aus dem Mund eines Menschen wie Herrn Naseri kommen, sind von Herzen, sind spirituell und entspringen seiner Aufrichtigkeit und Achtsamkeit gegen\u00fcber Gott. Was ein solcher Mensch sagt, ist nicht verwirrend, er verwendet keine schwierigen Begriffe, und seine Worte sind auch nicht mit einem besonderen wissenschaftlichen Rahmen verbunden. Seine Worte sind so klar und rein wie Wasser, das aufwallt und aus dem Herzen flie\u00dft. Es ist, als s\u00e4\u00dfen die Zuh\u00f6rer am Fu\u00dfe einer Quelle und w\u00fcrden Wasser trinken. Es l\u00f6st alle Schwierigkeiten.<\/span><\/p>\n<p><span style=\"font-family: georgia, palatino; font-size: 17px;\">Was hat die Schwierigkeiten gel\u00f6st? Es sind vor allem seine Aufrichtigkeit und sein starker Geist, der mit Gottes Gnade und Aufmerksamkeit verbunden ist. Das l\u00f6st die Schwierigkeiten. So ist es, wenn er oder jemand wie er lebendig ist und spricht. Wenn wir nun aber diese Konzepte, von denen er spricht, anderen weitergeben wollen, werden wir zu Vermittlern. Diese Zwischenstation von den Vermittlern schafft nat\u00fcrlich erst einmal eine Barriere, doch wir haben keine andere Wahl. Wenn wir diese Worte vermitteln wollen, sind solche Methoden erforderlich. Wir m\u00fcssen diese Worte aufschreiben, umschreiben, ordnen und klassifizieren. Es gibt keinen anderen Weg.<\/span><\/p>\n<p><span style=\"font-family: georgia, palatino; font-size: 17px;\">Allerdings werden diese Worte nicht die Reinheit, die Spiritualit\u00e4t, den Glanz und die Ausstrahlung haben, die sie zu seinen Lebzeiten hatten. Was k\u00f6nnen wir also tun, um dies zu kompensieren? Wir sollten daf\u00fcr sorgen, dass der Inhalt fundiert und gut durchdacht pr\u00e4sentiert wird. Wir m\u00fcssen W\u00f6rter und Begriffe aus einer reichhaltigen Literatur verwenden. Wir m\u00fcssen die Diskussionen so vorbereiten, dass sie mit der Sprache, der Denkweise und dem Verstand des Publikums \u00fcbereinstimmen. Das sind wichtige Aspekte.\u00a0<\/span><\/p>\n<p><span style=\"font-family: georgia, palatino; font-size: 17px;\">Schlie\u00dflich ist ein Student anders als ein Nicht-Akademiker, ein Sch\u00fcler der islamischen Hochschule oder ein \u00e4lterer Mensch. Sie alle haben ein anderes Gem\u00fct. Sie haben unterschiedliche Grundlagen und unterschiedliche Annahmen, die sie akzeptieren oder nicht. Darauf m\u00fcssen wir R\u00fccksicht nehmen. Wenn Sie wollen, dass diese Konferenz in einer Weise stattfindet, die Ihren Absichten und Zielen entspricht, m\u00fcssen Sie meiner Meinung nach diese Richtlinien befolgen.<\/span><\/p>\n<p><span style=\"font-family: georgia, palatino; font-size: 17px;\">Der verstorbene Ayatollah Naseri war mit seinem gelebten Vorbild ein Erinnerer an seine Vorg\u00e4nger. Das hei\u00dft, er verdeutlichte das Leben jener Menschen, von denen wir sonst nur ihre Namen geh\u00f6rt haben. Die Menschen haben von seiner Anwesenheit profitert, und es war ein geistiges Vergn\u00fcgen, in seiner Gesellschaft zu sein. Seine t\u00e4glichen Worte waren wohltuend. Es war bei ihm nicht so, dass man einen seiner besonderen Kurse besuchen musste, um von ihm zu profitieren. Nein, auch die normalen Dinge, die er in seinem t\u00e4glichen Leben sagte, waren f\u00fcr die Menschen in seiner Umgebung von Nutzen.<\/span><\/p>\n<p><span style=\"font-family: georgia, palatino; font-size: 17px;\">Ich hatte die Ehre, mehrere Male in seiner Gegenwart zu sein. Er profitierte auch von der Anwesenheit von Sayyid Dschamal-ud-din Golpaygani. Ich wei\u00df nicht mehr genau, ob sein Vater einer der Sch\u00fcler von Sayyid Dschamal war oder ob er selbst auch sein Sch\u00fcler war. Der verstorbene Sayyid Dschamal verstarb 1957, und Ayatollah Naseri wurde 1931 geboren. Er war zum Zeitpunkt des Todes von Sayyid Dschamal also 26 Jahre alt, sodass er selbst sein Sch\u00fcler gewesen sein k\u00f6nnte.<\/span><\/p>\n<p><span style=\"font-family: georgia, palatino; font-size: 17px;\">Er erz\u00e4hlte mir eine Geschichte \u00fcber den verstorbenen Sayyid Dschamal. Ich habe diese Geschichte zwei oder drei Mal von ihm geh\u00f6rt. Das letzte Mal, dass er sie mir erz\u00e4hlte, lag ich im Krankenhaus, und Ayatollah Naseri war gekommen, um mich zu besuchen. Ich bat ihn, sich zu setzen und mir die Geschichte noch einmal zu erz\u00e4hlen, und er erz\u00e4hlte sie mir noch einmal in allen Einzelheiten. Er war wirklich ein sehr wertvoller Mensch. Ayatollah Naseri war wirklich ein Segen, vor allem f\u00fcr die Menschen in Isfahan, die seine Vorlesungen besuchten und seinen Reden pers\u00f6nlich zuh\u00f6rten.<\/span><\/p>\n<p><span style=\"font-family: georgia, palatino; font-size: 17px;\">Ich hoffe, dass mehr Menschen wie er ausgebildet werden, sich weiterentwickeln und den Menschen von Nutzen sein werden, so Gott will. Nat\u00fcrlich haben wir in der heutigen Zeit durchaus prominente Pers\u00f6nlichkeiten. Wir m\u00fcssen sie suchen, finden und von ihrer Gegenwart lernen und profitieren. M\u00f6ge Gott seine geistige Position erh\u00f6hen, so Gott will. Und m\u00f6ge Gott Sie alle bewahren und besch\u00fctzen, so Gott will. Und m\u00f6ge diese Gedenkfeier f\u00fcr Ayatullah Naseri von Nutzen sein, so Gott will. M\u00f6gen Sie erfolgreich sein und unterst\u00fctzt werden, und m\u00f6ge Gott Sie besch\u00fctzen, so Gott will.<\/span><\/p>\n<p><span style=\"font-family: georgia, palatino; font-size: 17px;\">M\u00f6gen Gottes Gr\u00fc\u00dfe, Gnade und Segen mit Euch sein.<\/span><\/p>\n","protected":false},"excerpt":{"rendered":"<p>Am 26. September 2023 traf sich Imam Chamenei anl\u00e4sslich des Gedenkens an den verstorbenen Ayatullah Muhammad Ali Naseri mit Teilnehmern<\/p>\n","protected":false},"author":1,"featured_media":1535,"comment_status":"closed","ping_status":"open","sticky":false,"template":"","format":"standard","meta":{"colormag_page_container_layout":"default_layout","colormag_page_sidebar_layout":"default_layout","footnotes":""},"categories":[39,42],"tags":[],"class_list":["post-1534","post","type-post","status-publish","format-standard","has-post-thumbnail","hentry","category-reden","category-wissenschaft"],"_links":{"self":[{"href":"http:\/\/www.ahl-ul-bait.de\/imam-chamenei\/wp-json\/wp\/v2\/posts\/1534","targetHints":{"allow":["GET"]}}],"collection":[{"href":"http:\/\/www.ahl-ul-bait.de\/imam-chamenei\/wp-json\/wp\/v2\/posts"}],"about":[{"href":"http:\/\/www.ahl-ul-bait.de\/imam-chamenei\/wp-json\/wp\/v2\/types\/post"}],"author":[{"embeddable":true,"href":"http:\/\/www.ahl-ul-bait.de\/imam-chamenei\/wp-json\/wp\/v2\/users\/1"}],"replies":[{"embeddable":true,"href":"http:\/\/www.ahl-ul-bait.de\/imam-chamenei\/wp-json\/wp\/v2\/comments?post=1534"}],"version-history":[{"count":2,"href":"http:\/\/www.ahl-ul-bait.de\/imam-chamenei\/wp-json\/wp\/v2\/posts\/1534\/revisions"}],"predecessor-version":[{"id":2670,"href":"http:\/\/www.ahl-ul-bait.de\/imam-chamenei\/wp-json\/wp\/v2\/posts\/1534\/revisions\/2670"}],"wp:featuredmedia":[{"embeddable":true,"href":"http:\/\/www.ahl-ul-bait.de\/imam-chamenei\/wp-json\/wp\/v2\/media\/1535"}],"wp:attachment":[{"href":"http:\/\/www.ahl-ul-bait.de\/imam-chamenei\/wp-json\/wp\/v2\/media?parent=1534"}],"wp:term":[{"taxonomy":"category","embeddable":true,"href":"http:\/\/www.ahl-ul-bait.de\/imam-chamenei\/wp-json\/wp\/v2\/categories?post=1534"},{"taxonomy":"post_tag","embeddable":true,"href":"http:\/\/www.ahl-ul-bait.de\/imam-chamenei\/wp-json\/wp\/v2\/tags?post=1534"}],"curies":[{"name":"wp","href":"https:\/\/api.w.org\/{rel}","templated":true}]}}