{"id":1553,"date":"2024-01-03T21:28:31","date_gmt":"2024-01-03T20:28:31","guid":{"rendered":"http:\/\/khamenei.de\/wordpress\/?p=1553"},"modified":"2024-01-03T21:28:59","modified_gmt":"2024-01-03T20:28:59","slug":"botschaft-imam-chameneis-zu-den-terror-anschlaegen-in-kerman","status":"publish","type":"post","link":"http:\/\/www.ahl-ul-bait.de\/imam-chamenei\/2024\/01\/03\/botschaft-imam-chameneis-zu-den-terror-anschlaegen-in-kerman\/","title":{"rendered":"Botschaft Imam Chameneis zu den Terror-Anschl\u00e4gen in Kerman"},"content":{"rendered":"<p><span style=\"font-family: georgia, palatino; font-size: 17px;\"><em>Imam Chamenei ver\u00f6ffentlichte nach dem M\u00e4rtyrertod mehrerer Pilger, die am 3. Januar 2024 auf dem Weg zum Grab des M\u00e4rtyrers General Soleimani im Friedhof \u201eGarten der M\u00e4rtyrer\u201c in Kerman durch einen Terroranschlag get\u00f6tet wurden, eine Botschaft. Es folgt die sinngem\u00e4\u00dfe \u00dcbersetzung der englischen Original\u00fcbersetzung. Obwohl es f\u00fcr alle hier ver\u00f6ffentlichten Texte gilt, wird hier explizit darauf verwiesen, dass die \u00dcbersetzung zu Dokumentationszwecken ohne jegliche Kommentierung erfolgt und die dargestellte Meinung nicht mit der Meinung der Herausgeber \u00fcbereinstimmen muss.<\/em><\/span><\/p>\n<hr \/>\n<p><span style=\"font-family: georgia, palatino; font-size: 17px;\"><b>Im Namen Gottes, des Gn\u00e4digen, des Begnadenden<\/b><\/span><\/p>\n<p><span style=\"font-family: georgia, palatino; font-size: 17px;\">Die b\u00f6sen, verbrecherischen Feinde der iranischen Nation haben wieder einmal eine Trag\u00f6die angerichtet und eine gro\u00dfe Anzahl unserer lieben Menschen in Kerman in der duftenden Atmosph\u00e4re der M\u00e4rtyrergr\u00e4ber selbst zu M\u00e4rtyrern werden lassen.<\/span><\/p>\n<p><span style=\"font-family: georgia, palatino; font-size: 17px;\">Das iranische Volk trauert, und viele Familien beklagen das Dahinscheiden ihrer Angeh\u00f6rigen. Die hartherzigen Verbrecher konnten es nicht ertragen, die Liebe und Zuneigung des Volkes zu sehen, als sie das Grab ihres gro\u00dfen Befehlshabers, des M\u00e4rtyrers Qassim Sulaimani, besuchten. Sie sollten wissen, dass die Soldaten, die auf dem leuchtenden Pfad von Soleimani unterwegs sind, ihre Abscheulichkeit und ihre Verbrechen nicht tolerieren werden. Sowohl die H\u00e4nde, die mit dem Blut unschuldiger Menschen befleckt sind, als auch die verdorbenen, b\u00f6sen K\u00f6pfe, die sie zu dieser Fehleinsch\u00e4tzung verleitet haben, werden von nun an definitiv das Ziel eines schweren Schlags und einer angemessenen Vergeltung sein. Sie sollten wissen, dass diese Trag\u00f6die, so Gott will, eine starke Reaktion nach sich ziehen wird.<\/span><\/p>\n<p><span style=\"font-family: georgia, palatino; font-size: 17px;\">Ich bin in Gedanken bei den Hinterbliebenen und bete f\u00fcr ihre Standhaftigkeit und den Trost des allm\u00e4chtigen Gottes. Die reinen Seelen dieser M\u00e4rtyrer werden, so Gott will, die G\u00e4ste der \u201eFrau der zwei Welten\u201c, der \u201eMutter der M\u00e4rtyrer\u201c, der Dame Siddiqah Tahirah [die wahrhaftige, reine Fatima Zahra] (a.) sein. Ich m\u00f6chte auch denjenigen mein Mitgef\u00fchl aussprechen, die bei dieser Trag\u00f6die verletzt wurden und ich bete zu Gott f\u00fcr ihre Heilung.<\/span><\/p>\n<p><span style=\"font-family: georgia, palatino; font-size: 17px;\"><i>Sayyid Ali Chamenei<\/i><\/span><\/p>\n<p><span style=\"font-family: georgia, palatino; font-size: 17px;\">3. Januar 2023<\/span><\/p>\n<p><span style=\"font-family: georgia, palatino; font-size: 17px;\">Anmerkung: Der Anschlag geschah am Geburtstag der heiligen Fatima Zahra (a.), der dieses Jahr zusammenfiel mit dem Gedenktag an das Martyrium von Qassim Sulaimani.<\/span><\/p>\n","protected":false},"excerpt":{"rendered":"<p>Imam Chamenei ver\u00f6ffentlichte nach dem M\u00e4rtyrertod mehrerer Pilger, die am 3. Januar 2024 auf dem Weg zum Grab des M\u00e4rtyrers<\/p>\n","protected":false},"author":1,"featured_media":1554,"comment_status":"closed","ping_status":"open","sticky":false,"template":"","format":"standard","meta":{"colormag_page_container_layout":"default_layout","colormag_page_sidebar_layout":"default_layout","footnotes":""},"categories":[36],"tags":[],"class_list":["post-1553","post","type-post","status-publish","format-standard","has-post-thumbnail","hentry","category-botschaft"],"_links":{"self":[{"href":"http:\/\/www.ahl-ul-bait.de\/imam-chamenei\/wp-json\/wp\/v2\/posts\/1553","targetHints":{"allow":["GET"]}}],"collection":[{"href":"http:\/\/www.ahl-ul-bait.de\/imam-chamenei\/wp-json\/wp\/v2\/posts"}],"about":[{"href":"http:\/\/www.ahl-ul-bait.de\/imam-chamenei\/wp-json\/wp\/v2\/types\/post"}],"author":[{"embeddable":true,"href":"http:\/\/www.ahl-ul-bait.de\/imam-chamenei\/wp-json\/wp\/v2\/users\/1"}],"replies":[{"embeddable":true,"href":"http:\/\/www.ahl-ul-bait.de\/imam-chamenei\/wp-json\/wp\/v2\/comments?post=1553"}],"version-history":[{"count":3,"href":"http:\/\/www.ahl-ul-bait.de\/imam-chamenei\/wp-json\/wp\/v2\/posts\/1553\/revisions"}],"predecessor-version":[{"id":1557,"href":"http:\/\/www.ahl-ul-bait.de\/imam-chamenei\/wp-json\/wp\/v2\/posts\/1553\/revisions\/1557"}],"wp:featuredmedia":[{"embeddable":true,"href":"http:\/\/www.ahl-ul-bait.de\/imam-chamenei\/wp-json\/wp\/v2\/media\/1554"}],"wp:attachment":[{"href":"http:\/\/www.ahl-ul-bait.de\/imam-chamenei\/wp-json\/wp\/v2\/media?parent=1553"}],"wp:term":[{"taxonomy":"category","embeddable":true,"href":"http:\/\/www.ahl-ul-bait.de\/imam-chamenei\/wp-json\/wp\/v2\/categories?post=1553"},{"taxonomy":"post_tag","embeddable":true,"href":"http:\/\/www.ahl-ul-bait.de\/imam-chamenei\/wp-json\/wp\/v2\/tags?post=1553"}],"curies":[{"name":"wp","href":"https:\/\/api.w.org\/{rel}","templated":true}]}}