{"id":1737,"date":"2024-03-11T14:43:03","date_gmt":"2024-03-11T13:43:03","guid":{"rendered":"http:\/\/khamenei.de\/wordpress\/?p=1737"},"modified":"2024-03-11T14:43:04","modified_gmt":"2024-03-11T13:43:04","slug":"nutzt-das-letzte-drittel-der-nacht","status":"publish","type":"post","link":"http:\/\/www.ahl-ul-bait.de\/imam-chamenei\/2024\/03\/11\/nutzt-das-letzte-drittel-der-nacht\/","title":{"rendered":"Nutzt das letzte Drittel der Nacht"},"content":{"rendered":"<p><em><span style=\"font-family: georgia, palatino; font-size: 17px;\">Am 30. April 2019 hielt Imam Chamenei eine Rede \u00fcber den heiligen Monat Ramadan. In einem Teil der Rede ging er auf das letzte Drittel der Nacht ein. Es folgt die sinngem\u00e4\u00dfe \u00dcbersetzung der<a href=\"http:\/\/english.khamenei.ir\/news\/6695\/The-dawns-of-the-month-of-Ramadan-should-not-be-missed\"> englischen Original\u00fcbersetzung<\/a> des entsprechenden Auszuges.<\/span><\/em><\/p>\n<hr \/>\n<p><span style=\"font-family: georgia, palatino; font-size: 17px;\">Liebe Freunde, der Monat Ramadhan ist eine sehr gute Gelegenheit. Er ist eine sehr gute Gelegenheit. Er ist eine Gelegenheit, Werbung zu machen f\u00fcr islamische Werte, aufzukl\u00e4ren, den Menschen nahezukommen, den Armen zu helfen und vor allem Gott zu dienen, zu fasten, am Tisch der g\u00f6ttlichen Barmherzigkeit und des g\u00f6ttlichen Festmahls Platz zu nehmen. Dieses wohlbekannte Festmahl besteht darin, dass ihr fastet, Nafilah [empfohlene Gebete] verrichtet und t\u00e4gliche Gebete sprecht.<\/span><\/p>\n<p><span style=\"font-family: georgia, palatino; font-size: 17px;\">Nat\u00fcrlich gibt es viele Handlungen und Verpflichtungen im Monat Ramadhan. Beachten Sie, dass in (dem Buch) Iqbal \u2013 von Sayyid ibn Tawus \u2013 so viele Handlungen, Verpflichtungen und verschiedene Gebete f\u00fcr jede Nacht erw\u00e4hnt werden. Einige von uns sind in dieser Hinsicht wirklich nachl\u00e4ssig, da wir uns der Bedeutung dieser Handlungen nicht bewusst sind \u2013 an dieser Stelle m\u00f6chte ich das jetzt jedoch nicht weiter ausf\u00fchren. Es gibt jedoch bestimmte Mindestanforderungen und verpflichtende Vorgaben, die eingehalten werden sollten.<\/span><\/p>\n<p><span style=\"font-family: georgia, palatino; font-size: 17px;\">Jeder wacht zum Sahar \u2013 letztes Drittel der Nacht, unmittelbar vor der Morgend\u00e4mmerung \u2013 des Monats Ramadhan auf. Diese Sahars sollte jedoch nicht verpasst werden, denn sie sind eine sehr gute Gelegenheit. Ich habe schon oft gesagt, dass wir, wenn wir die Sahars nicht nutzen, in dieser lauten, einnehmenden und \u00fcberw\u00e4ltigenden Welt keine Zeit haben werden, um allein zu sein, um uns mit uns selbst, mit unserem Herzen und mit unserem Gott zu besch\u00e4ftigen. Es wird wirklich keine Zeit bleiben. Wir sind in dieser Zeit wirklich mit uns selbst besch\u00e4ftigt. Von diesen 24 Stunden verbringen wir einige Stunden mit Schlafen, und wenn wir gerade nicht schlafen, so haben wir verschiedene andere Aufgaben und Besch\u00e4ftigungen. Jeder Mensch hat bestimmte Besch\u00e4ftigungen und Pflichten.<\/span><\/p>\n<p><span style=\"font-family: georgia, palatino; font-size: 17px;\">Heutzutage gibt es keine freie Zeit mehr, im Gegensatz zu fr\u00fcher. Das ist nat\u00fcrlich kein Mangel der heutigen Zeit, sondern eben eines ihrer Merkmale. Schlie\u00dflich gibt es heute verschiedene Ablenkungen und Instrumente, und das Leben ist mechanisch geworden. Heute gibt es einige Ph\u00e4nomene, die es fr\u00fcher nicht gab. Es gibt also viele Besch\u00e4ftigungen. Wir haben tags\u00fcber keine freie Zeit mehr.<\/span><\/p>\n<p><span style=\"font-family: georgia, palatino; font-size: 17px;\">Nat\u00fcrlich gibt es Menschen, die Gott immer nahe sind und st\u00e4ndig Gottesgedenken [dhikr] praktizieren: wenn sie an verschiedene Orte gehen, wenn sie ein Gesch\u00e4ft abschlie\u00dfen, wenn sie technische Arbeiten verrichten und wenn sie mit dem Computer arbeiten.\u00a0<\/span><\/p>\n<p style=\"text-align: right;\"><span style=\"font-family: georgia, palatino; font-size: 17px;\">\u0627\u0644\u0651\u064e\u0630\u0650\u064a\u0646\u064e \u0647\u064f\u0645\u0652 \u0639\u064e\u0644\u064e\u0649\u0670 \u0635\u064e\u0644\u064e\u0627\u062a\u0650\u0647\u0650\u0645\u0652 \u062f\u064e\u0627\u0626\u0650\u0645\u064f\u0648\u0646\u064e<\/span><\/p>\n<p><span style=\"font-family: georgia, palatino; font-size: 17px;\"><i>\u201eDiejenigen, die in ihrem Gebet beharrlich sind\u201c<\/i> [Heiliger Quran, 70:23]. Es gibt Menschen, die st\u00e4ndig t\u00e4gliche Gebet verrichten. Wir k\u00f6nnen nicht so sein wie sie, und wir sind meilenweit von ihnen entfernt, aber es gibt auf jeden Fall solche Menschen.<\/span><\/p>\n<p><span style=\"font-family: georgia, palatino; font-size: 17px;\">Die einzige Gelegenheit, die wir haben, sind die Sahars. Wenn wir die Sahars verpassen, bleibt uns keine Zeit mehr. [An dieser Stelle rief ein Geistlicher aus dem Publikum: \u201eVerehrter Herr, wenn Sie Ihren Sch\u00fclern gleich auch eine Iftar-Mahlzeit geben, wird das sehr gesegnet sein, so Gott will.\u201d Und der Imam antwortet scherzhaft, indem er ein Gedicht von Sa&#8217;adi rezitiert: \u201eWo stehen wir und du in diesem Meer der Reflexion?\u201d] Ich hoffe, dass Gott euch alle bewahren wird, so Gott will.<\/span><\/p>\n<p><span style=\"font-family: georgia, palatino; font-size: 17px;\">M\u00f6gen Gottes Gr\u00fc\u00dfe, Gnade und Segen mit Euch sein.<\/span><\/p>\n","protected":false},"excerpt":{"rendered":"<p>Am 30. April 2019 hielt Imam Chamenei eine Rede \u00fcber den heiligen Monat Ramadan. In einem Teil der Rede ging<\/p>\n","protected":false},"author":1,"featured_media":1738,"comment_status":"closed","ping_status":"open","sticky":false,"template":"","format":"standard","meta":{"colormag_page_container_layout":"default_layout","colormag_page_sidebar_layout":"default_layout","footnotes":""},"categories":[50,45],"tags":[],"class_list":["post-1737","post","type-post","status-publish","format-standard","has-post-thumbnail","hentry","category-ramadan","category-spiritualitaet"],"_links":{"self":[{"href":"http:\/\/www.ahl-ul-bait.de\/imam-chamenei\/wp-json\/wp\/v2\/posts\/1737","targetHints":{"allow":["GET"]}}],"collection":[{"href":"http:\/\/www.ahl-ul-bait.de\/imam-chamenei\/wp-json\/wp\/v2\/posts"}],"about":[{"href":"http:\/\/www.ahl-ul-bait.de\/imam-chamenei\/wp-json\/wp\/v2\/types\/post"}],"author":[{"embeddable":true,"href":"http:\/\/www.ahl-ul-bait.de\/imam-chamenei\/wp-json\/wp\/v2\/users\/1"}],"replies":[{"embeddable":true,"href":"http:\/\/www.ahl-ul-bait.de\/imam-chamenei\/wp-json\/wp\/v2\/comments?post=1737"}],"version-history":[{"count":1,"href":"http:\/\/www.ahl-ul-bait.de\/imam-chamenei\/wp-json\/wp\/v2\/posts\/1737\/revisions"}],"predecessor-version":[{"id":1739,"href":"http:\/\/www.ahl-ul-bait.de\/imam-chamenei\/wp-json\/wp\/v2\/posts\/1737\/revisions\/1739"}],"wp:featuredmedia":[{"embeddable":true,"href":"http:\/\/www.ahl-ul-bait.de\/imam-chamenei\/wp-json\/wp\/v2\/media\/1738"}],"wp:attachment":[{"href":"http:\/\/www.ahl-ul-bait.de\/imam-chamenei\/wp-json\/wp\/v2\/media?parent=1737"}],"wp:term":[{"taxonomy":"category","embeddable":true,"href":"http:\/\/www.ahl-ul-bait.de\/imam-chamenei\/wp-json\/wp\/v2\/categories?post=1737"},{"taxonomy":"post_tag","embeddable":true,"href":"http:\/\/www.ahl-ul-bait.de\/imam-chamenei\/wp-json\/wp\/v2\/tags?post=1737"}],"curies":[{"name":"wp","href":"https:\/\/api.w.org\/{rel}","templated":true}]}}