{"id":1740,"date":"2024-03-12T12:20:15","date_gmt":"2024-03-12T11:20:15","guid":{"rendered":"http:\/\/khamenei.de\/wordpress\/?p=1740"},"modified":"2024-03-23T13:21:42","modified_gmt":"2024-03-23T12:21:42","slug":"mensch-und-natur-sind-direkt-verbunden","status":"publish","type":"post","link":"http:\/\/www.ahl-ul-bait.de\/imam-chamenei\/2024\/03\/12\/mensch-und-natur-sind-direkt-verbunden\/","title":{"rendered":"Mensch und Natur sind direkt verbunden"},"content":{"rendered":"\n<figure class=\"wp-block-gallery has-nested-images columns-default is-cropped wp-block-gallery-1 is-layout-flex wp-block-gallery-is-layout-flex\">\n<figure class=\"wp-block-image size-large\"><img loading=\"lazy\" decoding=\"async\" width=\"1024\" height=\"662\" data-id=\"1742\" src=\"http:\/\/ahl-ul-bait.de\/imam-chamenei\/wp-content\/uploads\/2024\/03\/39222.jpg\" alt=\"\" class=\"wp-image-1742\" srcset=\"http:\/\/www.ahl-ul-bait.de\/imam-chamenei\/wp-content\/uploads\/2024\/03\/39222.jpg 1024w, http:\/\/www.ahl-ul-bait.de\/imam-chamenei\/wp-content\/uploads\/2024\/03\/39222-300x194.jpg 300w, http:\/\/www.ahl-ul-bait.de\/imam-chamenei\/wp-content\/uploads\/2024\/03\/39222-768x497.jpg 768w\" sizes=\"auto, (max-width: 1024px) 100vw, 1024px\" \/><\/figure>\n\n\n\n<figure class=\"wp-block-image size-large\"><img loading=\"lazy\" decoding=\"async\" width=\"1024\" height=\"683\" data-id=\"1743\" src=\"http:\/\/ahl-ul-bait.de\/imam-chamenei\/wp-content\/uploads\/2024\/03\/39230.jpg\" alt=\"\" class=\"wp-image-1743\" srcset=\"http:\/\/www.ahl-ul-bait.de\/imam-chamenei\/wp-content\/uploads\/2024\/03\/39230.jpg 1024w, http:\/\/www.ahl-ul-bait.de\/imam-chamenei\/wp-content\/uploads\/2024\/03\/39230-300x200.jpg 300w, http:\/\/www.ahl-ul-bait.de\/imam-chamenei\/wp-content\/uploads\/2024\/03\/39230-768x512.jpg 768w\" sizes=\"auto, (max-width: 1024px) 100vw, 1024px\" \/><\/figure>\n\n\n\n<figure class=\"wp-block-image size-large\"><img loading=\"lazy\" decoding=\"async\" width=\"683\" height=\"1024\" data-id=\"1741\" src=\"http:\/\/ahl-ul-bait.de\/imam-chamenei\/wp-content\/uploads\/2024\/03\/39231.jpg\" alt=\"\" class=\"wp-image-1741\" srcset=\"http:\/\/www.ahl-ul-bait.de\/imam-chamenei\/wp-content\/uploads\/2024\/03\/39231.jpg 683w, http:\/\/www.ahl-ul-bait.de\/imam-chamenei\/wp-content\/uploads\/2024\/03\/39231-200x300.jpg 200w\" sizes=\"auto, (max-width: 683px) 100vw, 683px\" \/><\/figure>\n<\/figure>\n\n\n<p>\u00a0<\/p>\n<p><span style=\"font-family: georgia, palatino; font-size: 17px;\"><i>Imam Chamenei pflanzte am 5. M\u00e4rz 2024, dem nationalen Baumpflanztag Irans, in einem Garten seines Verwaltungssitzes drei Setzlinge. Eine Zypresse, einen Obstbaum und einen Olivenbaum als Symbol f\u00fcr den einzigartigen Widerstand des pal\u00e4stinensischen Volkes. Es folgt die sinngem\u00e4\u00dfe \u00dcbersetzung der <a href=\"https:\/\/english.khamenei.ir\/news\/10617\/We-send-our-greetings-from-afar-to-you-Palestinians-by-planting\" target=\"_blank\" rel=\"noopener\">englischen Original\u00fcbersetzung<\/a>. Obwohl es f\u00fcr alle hier ver\u00f6ffentlichten Texte gilt, wird darauf verwiesen, dass die \u00dcbersetzung zu Dokumentationszwecken ohne jegliche Kommentierung erfolgt und die dargestellte Meinung nicht mit der Meinung der Herausgeber \u00fcbereinstimmen muss.<\/i><\/span><\/p>\n<hr \/>\n<p><span style=\"font-family: georgia, palatino; font-size: 17px;\"><b>Im Namen Allahs, des Gn\u00e4digen, des Begnadenden<\/b><\/span><\/p>\n<p><span style=\"font-family: georgia, palatino; font-size: 17px;\">Gott sei gepriesen, der Tag des Baumpflanzens ist wieder einmal gekommen, und so Gott will, wird das iranische Volk in der Lage sein, sich erfolgreich an der sch\u00f6nen und gewinnbringenden T\u00e4tigkeit des Baumpflanzens zu beteiligen. So Gott will, werden die Menschen dies im ganzen Land tun k\u00f6nnen und dabei erfolgreich sein. Soweit ich geh\u00f6rt habe, haben unsere Beamten ihr Ziel, 250 Millionen B\u00e4ume im Jahr 1402 AHS [2023\/2024] zu pflanzen, erreicht, was sehr erfreulich ist. Das bringt uns n\u00e4her an die eine Milliarde B\u00e4ume heran, die sie zu pflanzen versprochen haben.<\/span><\/p>\n<p><span style=\"font-family: georgia, palatino; font-size: 17px;\">Bevor ich Ihnen zwei oder drei Dinge \u00fcber das Pflanzen von B\u00e4umen erz\u00e4hle, halte ich es f\u00fcr notwendig, auf das wichtige Thema der Wahlen [die Wahlen zum iranischen Parlament und Expertenparlament, die am 1. M\u00e4rz 2024 stattfanden] einzugehen und dem iranischen Volk meinen Dank f\u00fcr seine Teilnahme an den Wahlen auszusprechen. Mit dieser Teilnahme hat das iranische Volk sowohl eine soziale und zivilisatorische Pflicht erf\u00fcllt, als auch an einem Dschihad [Anstrengung auf dem Wege Gottes] teilgenommen. Warum war es ein Dschihad? Weil es eine Handlung entgegen der Propaganda des Feindes war. Fast ein ganzes Jahr lang haben die Feinde der iranischen Nation, die Feinde des islamischen Iran und die Feinde der Islamischen Republik aus aller Welt versucht, die Menschen von der Wahl abzubringen, weil sie bei den Wahlen eine niedrige Wahlbeteiligung erreichen wollten. Mit der Anwesenheit und Pr\u00e4senz an den Wahlurnen haben die Menschen also einen bemerkenswerten und epischen Schritt gegen die Feinde getan. Deshalb war es ein Dschihad. Ich m\u00f6chte auch all jenen danken, die an den Wahlen beteiligt waren, einschlie\u00dflich den Organisatoren, den Verantwortlichen f\u00fcr die \u00dcberwachung der Kampagnen, den f\u00fcr die Sicherheit zust\u00e4ndigen Beamten und all jenen, die in irgendeiner Weise bei den Wahlen geholfen haben.<\/span><\/p>\n<p><span style=\"font-family: georgia, palatino; font-size: 17px;\">Ich m\u00f6chte auch ein paar Worte zu den j\u00fcngsten \u00dcberschwemmungen in Baluchestan sagen. Die \u00dcberschwemmungen in der s\u00fcdlichen Region der Provinz Sistan und Baluchestan waren schwerwiegend und haben den Menschen dort gro\u00dfe Sch\u00e4den zugef\u00fcgt. Die laufenden Hilfsaktionen m\u00fcssen fortgesetzt werden. Gott sei Dank arbeiten die Hilfsorganisationen, sowohl die von Regierungsbeamten als auch andere, hart und leisten Hilfe und Unterst\u00fctzung. Dies muss fortgesetzt werden, und andere, die willens und f\u00e4hig sind, in dieser Sache zu helfen, sollten sich ebenfalls engagieren und diese Hilfsarbeit unterst\u00fctzen. Wir hoffen, so Gott will, dass das Leiden der Menschen mit der Hilfe, die wir leisten, ein Ende hat.<\/span><\/p>\n<p><span style=\"font-family: georgia, palatino; font-size: 17px;\">Was das Pflanzen von B\u00e4umen betrifft, so m\u00f6chte ich einige Aspekte erw\u00e4hnen. Der erste Aspekt ist, dass das Pflanzen von B\u00e4umen eine Investition ist, und zwar eine rentable und lohnende Investition. Man steckt ein St\u00fcck Holz in den Boden, es wird zu einem Baum, und man profitiert davon. Sie brauchen nichts weiter zu tun, als sich um ihn zu k\u00fcmmern, denn die Erde und die Sonne sorgen bereits f\u00fcr die Ern\u00e4hrung und das Wachstum des Baumes. Man muss sich nur um ihn k\u00fcmmern, ihm Wasser geben und daf\u00fcr sorgen, dass er nicht besch\u00e4digt wird. Der Baum selbst wird wachsen und Ihnen mithilfe der nat\u00fcrlichen Elemente, die vom allm\u00e4chtigen Gott bestimmt werden, Fr\u00fcchte schenken. Welche Art von Investition kann man finden, die rentabler ist als diese? Es ist eine rentable, lohnende Investition. Daher wird jeder, der sich an dieser Investition beteiligt, definitiv davon profitieren. Denn wenn Sie einen Baum pflanzen, sind andere Faktoren als Sie selbst am Wachstum des Baumes, an seinen Fr\u00fcchten und an den Vorteilen, die er bringt, beteiligt, und dennoch nutzen Sie am Ende selbst seine Erzeugnisse.<\/span><\/p>\n<p><span style=\"font-family: georgia, palatino; font-size: 17px;\">Der zweite Aspekt ist, dass der Nutzen eines Baumes \u00fcber die Fr\u00fcchte, die Sie von einem Obstbaum pfl\u00fccken, hinausgeht. Der Schatten eines Baumes ist auch eine Frucht. Sein Holz ist ebenfalls eine Frucht. Die Luft, die er erzeugt, und der Sauerstoff, den er liefert, sind ebenfalls eine Frucht. Die F\u00e4higkeit des Baumes, Umweltverschmutzung und Luftschadstoffe zu bek\u00e4mpfen, ist ebenfalls eine Frucht. All diese Dinge sind die Fr\u00fcchte eines Baumes. Daher werden Sie von dieser wunderbaren Investition in vielerlei Hinsicht profitieren. Besonders in der heutigen modernen Welt, in der die Schadstoffe leider zugenommen haben und den Menschen schaden, ist die Existenz von B\u00e4umen wirklich ein Segen und eine g\u00f6ttliche Gnade.<\/span><\/p>\n<p><span style=\"font-family: georgia, palatino; font-size: 17px;\">Der dritte Aspekt ist, dass wir verstehen m\u00fcssen, dass der Islam dem Kontakt mit der Natur gro\u00dfe Bedeutung beimisst. Der Islam hat den Menschen keineswegs von der Natur getrennt. Er r\u00e4t den Menschen, sich um die Natur zu k\u00fcmmern und sie gleichzeitig zu nutzen. Im Quran hei\u00dft es, dass Gott\u00a0<\/span><\/p>\n<p style=\"text-align: right;\"><span style=\"font-family: georgia, palatino; font-size: 17px;\">\u0647\u064f\u0648\u064e \u0623\u064e\u0646\u0634\u064e\u0623\u064e\u0643\u064f\u0645 \u0645\u0651\u0650\u0646\u064e \u0627\u0644\u0652\u0623\u064e\u0631\u0652\u0636\u0650<\/span><\/p>\n<p><span style=\"font-family: georgia, palatino; font-size: 17px;\"><i>\u201eEr hat euch aus der Erde entstehen lassen\u201c<\/i> [Heiliger Quran, 11:61]. Gott, der Allm\u00e4chtige, m\u00f6chte also, dass wir die Erde und die Natur kultivieren. Der Quran fordert uns auch auf:<\/span><\/p>\n<p style=\"text-align: right;\"><span style=\"font-family: georgia, palatino; font-size: 17px;\">\u0643\u064f\u0644\u064f\u0648\u0627 \u0645\u0650\u0646 \u062b\u064e\u0645\u064e\u0631\u0650\u0647\u0650 \u0625\u0650\u0630\u064e\u0627 \u0623\u064e\u062b\u0652\u0645\u064e\u0631\u064e<\/span><\/p>\n<p><span style=\"font-family: georgia, palatino; font-size: 17px;\"><i>\u201eEsst von ihren Fr\u00fcchten, wenn sie Fr\u00fcchte tragen\u201c<\/i> [Heiliger Quran, 6:141]. Wir sollten uns ihre Fr\u00fcchte zunutze machen. Man k\u00fcmmert sich also um die Erde und die Natur, pflegt und sch\u00fctzt sie, und im Gegenzug profitiert man von ihr. Dies wird im Islam besonders betont. Dies sind einige der Dinge, die im Quran erw\u00e4hnt werden, und wir haben auch zahlreiche \u00dcberlieferungen \u00fcber die Umwelt.<\/span><\/p>\n<p><span style=\"font-family: georgia, palatino; font-size: 17px;\">Der letzte Aspekt, den ich erw\u00e4hnen m\u00f6chte, ist, dass wir dieses Jahr drei B\u00e4ume gepflanzt haben. Im Gegensatz zu einigen fr\u00fcheren Jahren, in denen wir jeweils zwei B\u00e4ume gepflanzt haben, haben wir dieses Jahr die Anzahl der B\u00e4ume erh\u00f6ht, um unser Engagement f\u00fcr die Baumzucht zu demonstrieren. Einer dieser drei B\u00e4ume ist ein Olivenbaum. Er symbolisiert unsere Solidarit\u00e4t und Empathie mit den Menschen in Pal\u00e4stina, dem Zentrum des Olivenanbaus. Wir senden unsere Gr\u00fc\u00dfe aus der Ferne an dieses unterdr\u00fcckte, geliebte, wahrhaft standhafte und widerst\u00e4ndige Volk. Wir m\u00f6chten, dass ihr wisst, dass wir st\u00e4ndig an euch denken und wir diesen Olivenbaum zu euren Ehren pflanzen.<\/span><\/p>\n<p><span style=\"font-family: georgia, palatino; font-size: 17px;\">Ich gr\u00fc\u00dfe unsere geliebte Nation und bete, dass der allm\u00e4chtige Gott die gesamte Nation und das Land mit Gesundheit, Wohlergehen und g\u00f6ttlicher Gnade segnet.<\/span><\/p>\n<p><span style=\"font-family: georgia, palatino; font-size: 17px;\">M\u00f6gen Gottes Gr\u00fc\u00dfe, Gnade und Segen mit Euch sein.<\/span><\/p>\n<p><br \/><br \/><\/p>","protected":false},"excerpt":{"rendered":"<p>\u00a0 Imam Chamenei pflanzte am 5. M\u00e4rz 2024, dem nationalen Baumpflanztag Irans, in einem Garten seines Verwaltungssitzes drei Setzlinge. Eine<\/p>\n","protected":false},"author":1,"featured_media":1744,"comment_status":"closed","ping_status":"open","sticky":false,"template":"","format":"standard","meta":{"colormag_page_container_layout":"default_layout","colormag_page_sidebar_layout":"default_layout","footnotes":""},"categories":[31,27,39],"tags":[],"class_list":["post-1740","post","type-post","status-publish","format-standard","has-post-thumbnail","hentry","category-gesellschaft","category-palaestina","category-reden"],"_links":{"self":[{"href":"http:\/\/www.ahl-ul-bait.de\/imam-chamenei\/wp-json\/wp\/v2\/posts\/1740","targetHints":{"allow":["GET"]}}],"collection":[{"href":"http:\/\/www.ahl-ul-bait.de\/imam-chamenei\/wp-json\/wp\/v2\/posts"}],"about":[{"href":"http:\/\/www.ahl-ul-bait.de\/imam-chamenei\/wp-json\/wp\/v2\/types\/post"}],"author":[{"embeddable":true,"href":"http:\/\/www.ahl-ul-bait.de\/imam-chamenei\/wp-json\/wp\/v2\/users\/1"}],"replies":[{"embeddable":true,"href":"http:\/\/www.ahl-ul-bait.de\/imam-chamenei\/wp-json\/wp\/v2\/comments?post=1740"}],"version-history":[{"count":2,"href":"http:\/\/www.ahl-ul-bait.de\/imam-chamenei\/wp-json\/wp\/v2\/posts\/1740\/revisions"}],"predecessor-version":[{"id":1746,"href":"http:\/\/www.ahl-ul-bait.de\/imam-chamenei\/wp-json\/wp\/v2\/posts\/1740\/revisions\/1746"}],"wp:featuredmedia":[{"embeddable":true,"href":"http:\/\/www.ahl-ul-bait.de\/imam-chamenei\/wp-json\/wp\/v2\/media\/1744"}],"wp:attachment":[{"href":"http:\/\/www.ahl-ul-bait.de\/imam-chamenei\/wp-json\/wp\/v2\/media?parent=1740"}],"wp:term":[{"taxonomy":"category","embeddable":true,"href":"http:\/\/www.ahl-ul-bait.de\/imam-chamenei\/wp-json\/wp\/v2\/categories?post=1740"},{"taxonomy":"post_tag","embeddable":true,"href":"http:\/\/www.ahl-ul-bait.de\/imam-chamenei\/wp-json\/wp\/v2\/tags?post=1740"}],"curies":[{"name":"wp","href":"https:\/\/api.w.org\/{rel}","templated":true}]}}