{"id":1852,"date":"2024-04-20T12:08:19","date_gmt":"2024-04-20T10:08:19","guid":{"rendered":"http:\/\/khamenei.de\/wordpress\/?p=1852"},"modified":"2024-04-20T12:08:21","modified_gmt":"2024-04-20T10:08:21","slug":"die-herzen-der-nationen-sind-mit-gaza","status":"publish","type":"post","link":"http:\/\/www.ahl-ul-bait.de\/imam-chamenei\/2024\/04\/20\/die-herzen-der-nationen-sind-mit-gaza\/","title":{"rendered":"Die Herzen der Nationen sind mit Gaza"},"content":{"rendered":"\n<figure class=\"wp-block-gallery has-nested-images columns-default is-cropped wp-block-gallery-1 is-layout-flex wp-block-gallery-is-layout-flex\">\n<figure class=\"wp-block-image size-large\"><img loading=\"lazy\" decoding=\"async\" width=\"1024\" height=\"683\" data-id=\"1854\" src=\"http:\/\/ahl-ul-bait.de\/imam-chamenei\/wp-content\/uploads\/2024\/04\/2-1.jpg\" alt=\"\" class=\"wp-image-1854\" srcset=\"http:\/\/www.ahl-ul-bait.de\/imam-chamenei\/wp-content\/uploads\/2024\/04\/2-1.jpg 1024w, http:\/\/www.ahl-ul-bait.de\/imam-chamenei\/wp-content\/uploads\/2024\/04\/2-1-300x200.jpg 300w, http:\/\/www.ahl-ul-bait.de\/imam-chamenei\/wp-content\/uploads\/2024\/04\/2-1-768x512.jpg 768w\" sizes=\"auto, (max-width: 1024px) 100vw, 1024px\" \/><\/figure>\n\n\n\n<figure class=\"wp-block-image size-large\"><img loading=\"lazy\" decoding=\"async\" width=\"1024\" height=\"683\" data-id=\"1855\" src=\"http:\/\/ahl-ul-bait.de\/imam-chamenei\/wp-content\/uploads\/2024\/04\/3-1.jpg\" alt=\"\" class=\"wp-image-1855\" srcset=\"http:\/\/www.ahl-ul-bait.de\/imam-chamenei\/wp-content\/uploads\/2024\/04\/3-1.jpg 1024w, http:\/\/www.ahl-ul-bait.de\/imam-chamenei\/wp-content\/uploads\/2024\/04\/3-1-300x200.jpg 300w, http:\/\/www.ahl-ul-bait.de\/imam-chamenei\/wp-content\/uploads\/2024\/04\/3-1-768x512.jpg 768w\" sizes=\"auto, (max-width: 1024px) 100vw, 1024px\" \/><\/figure>\n\n\n\n<figure class=\"wp-block-image size-large\"><img loading=\"lazy\" decoding=\"async\" width=\"1024\" height=\"683\" data-id=\"1853\" src=\"http:\/\/ahl-ul-bait.de\/imam-chamenei\/wp-content\/uploads\/2024\/04\/4-1.jpg\" alt=\"\" class=\"wp-image-1853\" srcset=\"http:\/\/www.ahl-ul-bait.de\/imam-chamenei\/wp-content\/uploads\/2024\/04\/4-1.jpg 1024w, http:\/\/www.ahl-ul-bait.de\/imam-chamenei\/wp-content\/uploads\/2024\/04\/4-1-300x200.jpg 300w, http:\/\/www.ahl-ul-bait.de\/imam-chamenei\/wp-content\/uploads\/2024\/04\/4-1-768x512.jpg 768w\" sizes=\"auto, (max-width: 1024px) 100vw, 1024px\" \/><\/figure>\n<\/figure>\n\n\n<p>\u00a0<\/p>\n<p><span style=\"font-family: georgia, palatino; font-size: 17px;\"><i>Am Tag des Eid al-Fitr, dem 10. April 2024, hielt Imam Chamenei bei einem Treffen mit iranischen Offiziellen und Botschaftern muslimischer L\u00e4nder eine Rede. Es folgt die sinngem\u00e4\u00dfe \u00dcbersetzung der <a href=\"https:\/\/english.khamenei.ir\/news\/10708\/All-of-us-should-feel-we-have-a-responsibility-with-regard-to\" target=\"_blank\" rel=\"noopener\">englischen Original\u00fcbersetzung<\/a>. Obwohl es f\u00fcr alle hier ver\u00f6ffentlichten Texte gilt, wird darauf verwiesen, dass die \u00dcbersetzung zu Dokumentationszwecken ohne jegliche Kommentierung erfolgt und die dargestellte Meinung nicht mit der Meinung der Herausgeber \u00fcbereinstimmen muss.<\/i><\/span><\/p>\n<hr \/>\n<p><span style=\"font-family: georgia, palatino; font-size: 17px;\"><b>Im Namen Allahs, des Gn\u00e4digen, des Begnadenden<\/b><\/span><\/p>\n<p><span style=\"font-family: georgia, palatino; font-size: 17px;\">Aller Dank ist Allahs, des Herrn der Welten, und der Frieden und Segen seien mit unserem Meister und Propheten Abul-Qasim al-Mustafa Muhammad und seiner reinen, fehlerlosen und auserw\u00e4hlten Familie und insbesondere mit dem Verbliebenen Allahs auf Erden (Baqiyyatullah, Imam Mahdi).<\/span><\/p>\n<p><span style=\"font-family: georgia, palatino; font-size: 17px;\">Ich m\u00f6chte allen ehrenwerten Anwesenden, einschlie\u00dflich der ehrenwerten Vertreter der verschiedenen Organisationen des Landes, sowie der gesamten iranischen Nation zu dem verhei\u00dfungsvollen Anlass des Eid al-Fitr (Fest zum Ende des Monats Ramadan) gratulieren. Ich m\u00f6chte auch unseren G\u00e4sten \u2013 den Botschaftern der islamischen L\u00e4nder \u2013 und allen muslimischen Nationen meine Gl\u00fcckw\u00fcnsche aussprechen. Wir hoffen, so Gott will, dass dieses Eid ein wahres Fest und eine Quelle der Freude und des Segens f\u00fcr die gesamte islamische Ummah sein wird.<\/span><\/p>\n<p><span style=\"font-family: georgia, palatino; font-size: 17px;\">Zun\u00e4chst halte ich es f\u00fcr notwendig, noch einmal auf die besondere spirituelle Atmosph\u00e4re des Monats Ramadhan in unserem Land hinzuweisen. Der Grund, warum ich dies betone, ist, dass wir diese spirituelle Atmosph\u00e4re sch\u00e4tzen und bewahren sollten. Diese spirituelle Atmosph\u00e4re beinhaltet die Versammlungen f\u00fcr das Rezitieren von Bittgebeten, das Flehen zu Gott, das Gemeinschaftsgebet, bl\u00fchende Moscheen, Menschen, die anderen helfen, und das Geben von Iftar [Fastenbrechen-Mahlzeiten] in Moscheen und auf den Stra\u00dfen. Mit anderen Worten: Die Menschen haben in diesem Monat Ramadhan ihre Verdienste in spiritueller Hinsicht durch die Rezitation des Quran, in sozialer Hinsicht durch die Unterst\u00fctzung und finanzielle Hilfe f\u00fcr ihre Mitmenschen, insbesondere f\u00fcr die Unterprivilegierten, und auch in politischer Hinsicht unter Beweis gestellt.<\/span><\/p>\n<p><span style=\"font-family: georgia, palatino; font-size: 17px;\">Die Demonstration am Quds-Tag war eine bemerkenswerte internationale politische Aktion. Wo sonst kann man so etwas sehen? Die Informationen, die wir dieses Jahr von den uns bekannten Experten erhalten haben, besagen, dass es am Quds-Tag wirklich einen \u00f6ffentlichen Aufschrei im Land gab. Die Menschenmassen waren gr\u00f6\u00dfer als in den Vorjahren. Das ist wirklich etwas, wof\u00fcr man dankbar sein kann. Ich danke unserer lieben Nation aufrichtig daf\u00fcr, dass sie die Initiative ergriffen und in all diesen verschiedenen Bereichen Fortschritte gemacht hat.<\/span><\/p>\n<p><span style=\"font-family: georgia, palatino; font-size: 17px;\">Es reicht jedoch nicht aus, unsere Dankbarkeit nur in Worten auszudr\u00fccken. Meine lieben hier anwesenden Br\u00fcder und Schwestern, viele von Ihnen haben Positionen in verschiedenen Organisationen inne, darunter in Regierungsorganisationen, in der Justiz, in der Legislative, als Geistliche, in der Verbreitung der Religion oder im Milit\u00e4r \u2013 die meisten von Ihnen sind Beamte des Landes. Wir m\u00fcssen unsere Dankbarkeit gegen\u00fcber der Nation durch Taten zeigen. Ich stimme den \u00c4u\u00dferungen des Pr\u00e4sidenten voll und ganz zu und bin der Meinung, dass diese Worte umgesetzt werden sollten. Diese Dinge m\u00fcssen geplant und vorangetrieben werden. Gott sei Dank haben unsere Beamten ein Verantwortungsbewusstsein. Wir k\u00f6nnen das verstehen und sehen. Sie arbeiten hart. Sie sollten diese Bem\u00fchungen fortsetzen und in allen Bereichen diszipliniert sein.<\/span><\/p>\n<p><span style=\"font-family: georgia, palatino; font-size: 17px;\">Die Ereignisse in Gaza kann man w\u00e4hrend des Eid al-Fitr und des Monats Ramadhan nicht einfach \u00fcbersehen, ohne Einspruch zu erheben und den Ereignissen Aufmerksamkeit zu schenken. Die Frage des Gazastreifens ist heute wirklich ein wichtiges Thema. Es ist das wichtigste Thema der islamischen Welt. Wir alle m\u00fcssen in dieser Hinsicht wirklich ein Gef\u00fchl der Verantwortung empfinden. Die Herzen der Nationen sind mit ihnen, sogar die der Nicht-Muslime. Die M\u00e4rsche und Demonstrationen, die auf der ganzen Welt zur Unterst\u00fctzung der Pal\u00e4stinenser, des Volkes von Gaza und der unterdr\u00fcckten Menschen in dieser Region stattfinden, sind beispiellos. So etwas haben wir noch nie gesehen. Die Art und Weise, wie, im Vergleich zu den letzten Jahrzehnten seit der Besetzung Pal\u00e4stinas, sich die Menschen aus Afrika, Asien, Europa und sogar den Vereinigten Staaten in diesem Jahrzehnt auf den Stra\u00dfen versammeln, um das pal\u00e4stinensische Volk zu unterst\u00fctzen, ist beispiellos. Es ist offensichtlich, dass sich ein neuer Wandel vollzieht. Es gibt eine neue Entwicklung in der islamischen Welt. Es tut sich etwas, und wir sollten dem Aufmerksamkeit schenken.<\/span><\/p>\n<p><span style=\"font-family: georgia, palatino; font-size: 17px;\">Die Tatsache, dass das Thema Pal\u00e4stina zu einer globalen Priorit\u00e4t geworden ist, ist bedeutend. Und wo geschieht das alles? In London, in Paris, in den europ\u00e4ischen L\u00e4ndern und in Washington. Die Kontrolle, die die Zionisten in all den Jahren \u00fcber die weltweiten Medien ausge\u00fcbt haben, hat es nicht zugelassen, dass irgendeine Stimme zugunsten Pal\u00e4stinas oder gegen die Zionisten gesendet wurde. Heute jedoch wird diese Stimme in der ganzen Welt ausgestrahlt. Die Zionisten geben Geld aus, schreien, verteidigen sich, doch die Menschen in der Welt sind gegen sie. Die Menschen sind gegen die Zionisten. Das ist wichtig, um es zu bemerken und zu beachten. Aus diesen Dingen m\u00fcssen Lehren gezogen werden. Es ist etwas im Gange.<\/span><\/p>\n<p><span style=\"font-family: georgia, palatino; font-size: 17px;\">Jeder muss seine Pflichten erf\u00fcllen. Aber die Regierungen erf\u00fcllen ihre Pflichten wirklich nicht. Ich habe \u00fcber die europ\u00e4ischen Regierungen w\u00e4hrend des Eid al-Fitr Gebets gesprochen. Einige von ihnen sagen vielleicht manchmal etwas, aber nicht mit St\u00e4rke oder Nachdruck. Sie sagen etwas wie: \u201eWarum tut ihr das?\u201c Aber in der Praxis gibt es von diesen Regierungen absolut keine Anzeichen f\u00fcr Ma\u00dfnahmen. Im Gegenteil, sie leisten dem zionistischen Regime sogar Unterst\u00fctzung. Die USA helfen ihnen, indem sie sie mit Waffen versorgen und ihnen finanzielle und politische Unterst\u00fctzung zukommen lassen. Auch England und einige andere europ\u00e4ische L\u00e4nder helfen ihnen.<\/span><\/p>\n<p><span style=\"font-family: georgia, palatino; font-size: 17px;\">Aber was noch bedauerlicher ist, ist, dass sogar einige islamische L\u00e4nder dem zionistischen Regime helfen! Und wann? Eben da, wo es mit dem T\u00f6ten von Kindern, Frauen und S\u00e4uglingen besch\u00e4ftigt ist. Meiner Meinung nach ist das unbegreiflich. Aber leider ist es so.<\/span><\/p>\n<p><span style=\"font-family: georgia, palatino; font-size: 17px;\">Wenn islamische L\u00e4nder dem zionistischen Regime helfen, ist das ein Akt des Verrats. Sie verraten die Islamische Umma und sie verraten sich selbst. Damit st\u00e4rken sie nur die im Niedergang befindlichen zionistischen Organisationen, und diese St\u00e4rkung wird sich sogar noch zum Nachteil dieser L\u00e4nder auswirken. Wenn die Zionisten ein Land betreten, arbeiten sie nicht zum Nutzen dieses Landes. Sobald die Zionisten in einem Land Fu\u00df gefasst haben, saugen sie wie eine M\u00fccke das Blut dieses Landes zu ihrem eigenen Nutzen aus. Diejenigen, die dem zionistischen Regime helfen, tragen zu ihrer eigenen Zerst\u00f6rung bei, ganz zu schweigen von der Islamischen Umma. Sie m\u00fcssen aufh\u00f6ren, dies zu tun. Das war unser fr\u00fcherer Vorschlag, und das ist definitiv auch jetzt unser Vorschlag: Die islamischen Regierungen sollten die wirtschaftlichen und politischen Beziehungen mit dem zionistischen Regime zumindest vor\u00fcbergehend abbrechen! Solange die Zionisten diese Verbrechen fortsetzen, sollten die islamischen Regierungen die Beziehungen zu ihnen abbrechen. Die islamischen Regierungen sollten aufh\u00f6ren, sie zu unterst\u00fctzen und sollten die Beziehungen zu ihnen abbrechen. Das ist es, was wir von den islamischen Regierungen erwarten. Es ist nicht nur unsere Erwartung. Es ist die Erwartung der muslimischen Nationen. Wenn sie jetzt ein Referendum in den islamischen L\u00e4ndern abhalten, werden zweifellos alle daf\u00fcr stimmen, dass ihre Regierungen die Beziehungen zum zionistischen Regime abbrechen. Das ist sicher. Wir hoffen, so Gott will, dass der allm\u00e4chtige Gott uns alle aufweckt, uns unsere Pflichten zeigt und uns bef\u00e4higt, unsere Pflichten zu erf\u00fcllen.<\/span><\/p>\n<p><span style=\"font-family: georgia, palatino; font-size: 17px;\">Ich m\u00f6chte Ihnen noch einmal zu diesem Fest gratulieren. Ich hoffe, so Gott will, dass die Segnungen des Monats Ramadan und die Segnungen dieses Festes andauern und von unserer geliebten Nation, unseren geachteten Beamten und den in verschiedenen Bereichen T\u00e4tigen genutzt werden. So Gott will, werden wir bald die Auswirkungen von Erfolg und Fortschritt sowohl im Inland als auch auf internationaler Ebene erleben.<\/span><\/p>\n<p><span style=\"font-family: georgia, palatino; font-size: 17px;\">M\u00f6gen Gottes Frieden, Gnade und Segen mit Euch sein.<\/span><\/p>\n<p>\u00a0<\/p>","protected":false},"excerpt":{"rendered":"<p>\u00a0 Am Tag des Eid al-Fitr, dem 10. April 2024, hielt Imam Chamenei bei einem Treffen mit iranischen Offiziellen und<\/p>\n","protected":false},"author":1,"featured_media":1856,"comment_status":"closed","ping_status":"open","sticky":false,"template":"","format":"standard","meta":{"colormag_page_container_layout":"default_layout","colormag_page_sidebar_layout":"default_layout","footnotes":""},"categories":[27,39,33],"tags":[],"class_list":["post-1852","post","type-post","status-publish","format-standard","has-post-thumbnail","hentry","category-palaestina","category-reden","category-weltpolitik"],"_links":{"self":[{"href":"http:\/\/www.ahl-ul-bait.de\/imam-chamenei\/wp-json\/wp\/v2\/posts\/1852","targetHints":{"allow":["GET"]}}],"collection":[{"href":"http:\/\/www.ahl-ul-bait.de\/imam-chamenei\/wp-json\/wp\/v2\/posts"}],"about":[{"href":"http:\/\/www.ahl-ul-bait.de\/imam-chamenei\/wp-json\/wp\/v2\/types\/post"}],"author":[{"embeddable":true,"href":"http:\/\/www.ahl-ul-bait.de\/imam-chamenei\/wp-json\/wp\/v2\/users\/1"}],"replies":[{"embeddable":true,"href":"http:\/\/www.ahl-ul-bait.de\/imam-chamenei\/wp-json\/wp\/v2\/comments?post=1852"}],"version-history":[{"count":2,"href":"http:\/\/www.ahl-ul-bait.de\/imam-chamenei\/wp-json\/wp\/v2\/posts\/1852\/revisions"}],"predecessor-version":[{"id":1858,"href":"http:\/\/www.ahl-ul-bait.de\/imam-chamenei\/wp-json\/wp\/v2\/posts\/1852\/revisions\/1858"}],"wp:featuredmedia":[{"embeddable":true,"href":"http:\/\/www.ahl-ul-bait.de\/imam-chamenei\/wp-json\/wp\/v2\/media\/1856"}],"wp:attachment":[{"href":"http:\/\/www.ahl-ul-bait.de\/imam-chamenei\/wp-json\/wp\/v2\/media?parent=1852"}],"wp:term":[{"taxonomy":"category","embeddable":true,"href":"http:\/\/www.ahl-ul-bait.de\/imam-chamenei\/wp-json\/wp\/v2\/categories?post=1852"},{"taxonomy":"post_tag","embeddable":true,"href":"http:\/\/www.ahl-ul-bait.de\/imam-chamenei\/wp-json\/wp\/v2\/tags?post=1852"}],"curies":[{"name":"wp","href":"https:\/\/api.w.org\/{rel}","templated":true}]}}