{"id":1867,"date":"2024-05-24T14:22:13","date_gmt":"2024-05-24T12:22:13","guid":{"rendered":"http:\/\/khamenei.de\/wordpress\/?p=1867"},"modified":"2024-05-24T14:22:13","modified_gmt":"2024-05-24T12:22:13","slug":"die-menschen-muessen-jeden-tag-buecher-lesen","status":"publish","type":"post","link":"http:\/\/www.ahl-ul-bait.de\/imam-chamenei\/2024\/05\/24\/die-menschen-muessen-jeden-tag-buecher-lesen\/","title":{"rendered":"Die Menschen m\u00fcssen jeden Tag B\u00fccher lesen"},"content":{"rendered":"\n<figure class=\"wp-block-gallery has-nested-images columns-default is-cropped wp-block-gallery-1 is-layout-flex wp-block-gallery-is-layout-flex\">\n<figure class=\"wp-block-image size-large\"><img loading=\"lazy\" decoding=\"async\" width=\"1024\" height=\"683\" data-id=\"1870\" src=\"http:\/\/ahl-ul-bait.de\/imam-chamenei\/wp-content\/uploads\/2024\/05\/2-1.jpg\" alt=\"\" class=\"wp-image-1870\" srcset=\"http:\/\/www.ahl-ul-bait.de\/imam-chamenei\/wp-content\/uploads\/2024\/05\/2-1.jpg 1024w, http:\/\/www.ahl-ul-bait.de\/imam-chamenei\/wp-content\/uploads\/2024\/05\/2-1-300x200.jpg 300w, http:\/\/www.ahl-ul-bait.de\/imam-chamenei\/wp-content\/uploads\/2024\/05\/2-1-768x512.jpg 768w\" sizes=\"auto, (max-width: 1024px) 100vw, 1024px\" \/><\/figure>\n\n\n\n<figure class=\"wp-block-image size-large\"><img decoding=\"async\" data-id=\"1868\" src=\"http:\/\/ahl-ul-bait.de\/imam-chamenei\/wp-content\/uploads\/2024\/05\/3-1.jpg\" alt=\"\" class=\"wp-image-1868\"\/><\/figure>\n\n\n\n<figure class=\"wp-block-image size-large\"><img loading=\"lazy\" decoding=\"async\" width=\"1024\" height=\"683\" data-id=\"1869\" src=\"http:\/\/ahl-ul-bait.de\/imam-chamenei\/wp-content\/uploads\/2024\/05\/4-1.jpg\" alt=\"\" class=\"wp-image-1869\" srcset=\"http:\/\/www.ahl-ul-bait.de\/imam-chamenei\/wp-content\/uploads\/2024\/05\/4-1.jpg 1024w, http:\/\/www.ahl-ul-bait.de\/imam-chamenei\/wp-content\/uploads\/2024\/05\/4-1-300x200.jpg 300w, http:\/\/www.ahl-ul-bait.de\/imam-chamenei\/wp-content\/uploads\/2024\/05\/4-1-768x512.jpg 768w\" sizes=\"auto, (max-width: 1024px) 100vw, 1024px\" \/><\/figure>\n\n\n\n<figure class=\"wp-block-image size-large\"><img loading=\"lazy\" decoding=\"async\" width=\"1024\" height=\"683\" data-id=\"1872\" src=\"http:\/\/ahl-ul-bait.de\/imam-chamenei\/wp-content\/uploads\/2024\/05\/5.jpg\" alt=\"\" class=\"wp-image-1872\" srcset=\"http:\/\/www.ahl-ul-bait.de\/imam-chamenei\/wp-content\/uploads\/2024\/05\/5.jpg 1024w, http:\/\/www.ahl-ul-bait.de\/imam-chamenei\/wp-content\/uploads\/2024\/05\/5-300x200.jpg 300w, http:\/\/www.ahl-ul-bait.de\/imam-chamenei\/wp-content\/uploads\/2024\/05\/5-768x512.jpg 768w\" sizes=\"auto, (max-width: 1024px) 100vw, 1024px\" \/><\/figure>\n\n\n\n<figure class=\"wp-block-image size-large\"><img loading=\"lazy\" decoding=\"async\" width=\"1024\" height=\"683\" data-id=\"1873\" src=\"http:\/\/ahl-ul-bait.de\/imam-chamenei\/wp-content\/uploads\/2024\/05\/6.jpg\" alt=\"\" class=\"wp-image-1873\" srcset=\"http:\/\/www.ahl-ul-bait.de\/imam-chamenei\/wp-content\/uploads\/2024\/05\/6.jpg 1024w, http:\/\/www.ahl-ul-bait.de\/imam-chamenei\/wp-content\/uploads\/2024\/05\/6-300x200.jpg 300w, http:\/\/www.ahl-ul-bait.de\/imam-chamenei\/wp-content\/uploads\/2024\/05\/6-768x512.jpg 768w\" sizes=\"auto, (max-width: 1024px) 100vw, 1024px\" \/><\/figure>\n\n\n\n<figure class=\"wp-block-image size-large\"><img loading=\"lazy\" decoding=\"async\" width=\"1024\" height=\"683\" data-id=\"1871\" src=\"http:\/\/ahl-ul-bait.de\/imam-chamenei\/wp-content\/uploads\/2024\/05\/7.jpg\" alt=\"\" class=\"wp-image-1871\" srcset=\"http:\/\/www.ahl-ul-bait.de\/imam-chamenei\/wp-content\/uploads\/2024\/05\/7.jpg 1024w, http:\/\/www.ahl-ul-bait.de\/imam-chamenei\/wp-content\/uploads\/2024\/05\/7-300x200.jpg 300w, http:\/\/www.ahl-ul-bait.de\/imam-chamenei\/wp-content\/uploads\/2024\/05\/7-768x512.jpg 768w\" sizes=\"auto, (max-width: 1024px) 100vw, 1024px\" \/><\/figure>\n<\/figure>\n\n\n<p>\u00a0<\/p>\n<p><span style=\"font-family: georgia, palatino; font-size: 17px;\"><i>Am 13. Mai 2024 besuchte Imam Chamenei die 35. Internationalen Buchmesse in Teheran. Im Anschluss gab der Imam ein Interview. Es folgt die sinngem\u00e4\u00dfe \u00dcbersetzung der <a href=\"https:\/\/english.khamenei.ir\/news\/10785\/People-should-read-books-every-day-nothing-can-replace-this\" target=\"_blank\" rel=\"noopener\">englischen Original\u00fcbersetzung<\/a>. Obwohl es f\u00fcr alle hier ver\u00f6ffentlichten Texte gilt, wird darauf verwiesen, dass die \u00dcbersetzung zu Dokumentationszwecken ohne jegliche Kommentierung erfolgt und die dargestellte Meinung nicht mit der Meinung der Herausgeber \u00fcbereinstimmen muss.<\/i><\/span><\/p>\n<hr \/>\n<p><span style=\"font-family: georgia, palatino; font-size: 17px;\"><b>Reporter:<\/b> Im Namen Allahs, des Gn\u00e4digen, des Begnadenden. Ich gr\u00fc\u00dfe Sie herzlichst. Ich freue mich, dass ich die Gelegenheit habe, Sie an diesem Ort und in dieser Umgebung wiederzutreffen, die eine Leidenschaft f\u00fcr die Erweiterung des Wissens, des Bewusstseins und der Veredlung f\u00f6rdert. Wenn Sie nichts dagegen haben, w\u00fcrde ich Ihnen gerne einige Fragen zum Thema B\u00fccher, zur Internationalen Buchmesse in Teheran und nat\u00fcrlich zur Kultur des Lesens stellen.<\/span><\/p>\n<p><span style=\"font-family: georgia, palatino; font-size: 17px;\"><b>Imam Chamenei:<\/b> Nat\u00fcrlich, fahren Sie ruhig fort.<\/span><\/p>\n<p><span style=\"font-family: georgia, palatino; font-size: 17px;\"><b>Reporter:<\/b> Die erste Frage bezieht sich auf die Philosophie, die hinter Ihrer Anwesenheit, Ihrer kontinuierlichen, regelm\u00e4\u00dfigen Teilnahme und Ihren j\u00e4hrlichen Besuchen der Internationalen Buchmesse \u2013 die wirklich mit Sorgfalt, Pr\u00e4zision und Liebe zum Detail durchgef\u00fchrt wird \u2013 steht. Diese Dinge sind, als Sie hier durch die Ausstellung gingen, sehr offensichtlich geworden. Ihre Aufmerksamkeit f\u00fcr die neu erschienenen Titel und die verschiedenen Autoren zeigt, dass Sie dem Thema Buch gro\u00dfe Aufmerksamkeit widmen, und dieser Besuch nicht nur symbolischer Art ist. Welche Botschaft hat Ihre Anwesenheit hier f\u00fcr die Gesellschaft, f\u00fcr die in der Buchbranche T\u00e4tigen, f\u00fcr die Beamten und f\u00fcr den Verlagssektor?<\/span><\/p>\n<p><span style=\"font-family: georgia, palatino; font-size: 17px;\"><b>Imam Chamenei:<\/b> Im Namen Allahs, des Gn\u00e4digen, des Begnadenden. Meine Motivation, hierherzukommen, entspringt in erster Linie meiner pers\u00f6nlichen Leidenschaft und meinem gro\u00dfen Interesse an B\u00fcchern sowie meiner engen Verbundenheit dazu. Zweitens m\u00f6chte ich das Lesen von B\u00fcchern f\u00f6rdern. Ich m\u00f6chte, dass das Lesen von B\u00fcchern weiter verbreitet wird, weil ich glaube, dass wir B\u00fccher brauchen. Alle Menschen, aus allen Gesellschaftsschichten, aus verschiedenen Altersgruppen und akademischen Niveaus, m\u00fcssen B\u00fccher lesen. B\u00fccher sind wirklich durch nichts zu ersetzen. Ich m\u00f6chte das Lesen von B\u00fcchern f\u00f6rdern.<\/span><\/p>\n<p><span style=\"font-family: georgia, palatino; font-size: 17px;\">Heutzutage haben einige andere Besch\u00e4ftigungen wie die sozialen Medien und \u00e4hnliche Dinge das Lesen von B\u00fcchern ersetzt. Das ist nicht der richtige Weg. Damit will ich nicht sagen, dass die Menschen keine sozialen Medien mehr nutzen und keine Zeitungen mehr lesen sollen und dergleichen mehr. Das sollten sie. Aber diese Dinge sollten nicht an die Stelle von B\u00fcchern treten. B\u00fccher sollten einen besonderen Platz im Einkaufswagen der Menschen und in ihren Eink\u00e4ufen haben, und sie m\u00fcssen einen Teil ihrer Zeit B\u00fcchern widmen. Die Menschen m\u00fcssen jeden Tag B\u00fccher lesen. Ich m\u00f6chte, dass dies gef\u00f6rdert wird, und meine Anwesenheit hier kann in dieser Hinsicht einflussreich sein. Das ist ein weiterer Grund.<\/span><\/p>\n<p><span style=\"font-family: georgia, palatino; font-size: 17px;\"><b>Reporter:<\/b> Die beiden von Ihnen genannten Aspekte sind die Grundlage f\u00fcr meine zweite Frage. Sehen Sie, ein Buch wird oft als ein freundlicher Begleiter betrachtet, und einem freundlichen Begleiter sollte man immer Aufmerksamkeit schenken. Sie haben darauf hingewiesen, dass das Internet f\u00fcr alle Mitglieder der Gesellschaft attraktiv ist, insbesondere f\u00fcr Jugendliche und junge Menschen, und diese Sorge um die F\u00f6rderung einer Kultur des Lesens und Studierens von B\u00fcchern ist ein ernstes Anliegen. Was ist Ihre Empfehlung an unsere Beamten? Sie haben bereits einen Teil der Gesellschaft erw\u00e4hnt, aber was ist Ihre Empfehlung an die entsprechenden Beamten und Personen, die in diesem Bereich t\u00e4tig sind, wie man eine Kultur des B\u00fccherlesens f\u00f6rdern kann?<\/span><\/p>\n<p><span style=\"font-family: georgia, palatino; font-size: 17px;\"><b>Imam Chamenei:<\/b> Regierungsbeamte wie das Ministerium f\u00fcr Kultur und islamische Rechtleitung, die Organisation f\u00fcr Verbreitung islamischer Lehren und andere sollten diejenigen unterst\u00fctzen, die B\u00fccher herausgeben und produzieren. Wir m\u00fcssen diesen Menschen helfen. Nat\u00fcrlich habe ich bei meinem Besuch in verschiedenen Buchzentren in diesem Jahr Fragen gestellt, und es war zu sehen, dass die Beh\u00f6rden den Verlegern helfen \u2013 entweder allen oder zumindest einigen von ihnen. Ihnen sollte geholfen werden. Das ist der erste Schritt, der getan werden muss.<\/span><\/p>\n<p><span style=\"font-family: georgia, palatino; font-size: 17px;\">Personen, die in den sozialen Medien aktiv sind, sollten auch das Internet nutzen, um das Lesen von B\u00fcchern zu f\u00f6rdern. Das ist sicherlich eine Pflicht. Diejenigen, die in den sozialen Medien aktiv sind, sollten daran arbeiten, andere zum Lesen von B\u00fcchern zu ermutigen, und sie sollten ihnen gute B\u00fccher empfehlen. Es gibt viele gute, n\u00fctzliche B\u00fccher zu verschiedenen Themen wie Literatur, Geschichte, Kunst, Wissenschaft und Religion.<\/span><\/p>\n<p><span style=\"font-family: georgia, palatino; font-size: 17px;\">In der diesj\u00e4hrigen Ausstellung sehe ich, dass es, Gott sei Dank, viele neue Werke und Ver\u00f6ffentlichungen gibt. Es ist wichtig, diese Werke zu f\u00f6rdern und vorzustellen, damit die Menschen wissen, auf welche B\u00fccher sie sich beziehen und welche sie lesen sollten.<\/span><\/p>\n<p><span style=\"font-family: georgia, palatino; font-size: 17px;\"><b>Reporter:<\/b> Meine letzte Frage: Wenn man bedenkt, dass Sie bereits die H\u00e4lfte der St\u00e4nde auf der Buchmesse besucht haben und die restlichen in der n\u00e4chsten Stunde besuchen werden, gibt es dann einen besonderen Punkt, der Ihnen auf der diesj\u00e4hrigen Internationalen Buchmesse aufgefallen ist?<\/span><\/p>\n<p><span style=\"font-family: georgia, palatino; font-size: 17px;\"><b>Imam Chamenei:<\/b> Es gab ein paar wichtige Aspekte, die meine Aufmerksamkeit erregt haben. Einer davon war die Zunahme an neuen Werken. Viele der Verleger, mit denen ich gesprochen habe, hatten eine beachtliche Anzahl neuer Werke zu pr\u00e4sentieren oder dar\u00fcber zu berichten. Der zweite Aspekt, der mich interessiert hat, waren die Verkaufszahlen. Ich frage oft nach den Verkaufszahlen und ob die Leute ihre B\u00fccher gekauft haben. Fast alle oder die meisten antworteten positiv und gaben an, dass ihre B\u00fccher gut verkauft wurden und bei den Besuchern ihrer St\u00e4nde gut ankamen.<\/span><\/p>\n<p><span style=\"font-family: georgia, palatino; font-size: 17px;\">Ein weiterer wichtiger Aspekt ist, dass die Anzahl der Exemplare zuvor deutlich zur\u00fcckgegangen war. In diesem Jahr habe ich gesehen, dass es von einigen B\u00fcchern Tausende von Exemplaren gab. Es gab dreitausend, zweitausend oder zweieinhalbtausend Exemplare, und von einigen dickeren B\u00fcchern gab es \u00fcber tausend Exemplare. Das ist eine positive Entwicklung. Diese Zahlen sind f\u00fcr einige B\u00fccher gut. Au\u00dferdem wurden viele B\u00fccher, die schon einmal nachgedruckt worden waren, noch einmal neu aufgelegt. Das habe ich an den St\u00e4nden der Verlage, die ich besucht habe, festgestellt. Das sind positive H\u00f6hepunkte der diesj\u00e4hrigen Messe, f\u00fcr die wir Gott dankbar sind.<\/span><\/p>\n<p><span style=\"font-family: georgia, palatino; font-size: 17px;\"><b>Reporter:<\/b> Haben Sie vielen Dank f\u00fcr diese Gelegenheit.<\/span><\/p>\n<p><span style=\"font-family: georgia, palatino; font-size: 17px;\"><b>Imam Chamenei:<\/b> M\u00f6ge Gott Sie mit Erfolg segnen. Mein wichtigster Ratschlag richtet sich an diejenigen, die mit der j\u00fcngeren Generation und den Jugendlichen zu tun haben. Das hei\u00dft, das Bildungsministerium und die Universit\u00e4ten. Sie sollten ein Umfeld schaffen, in dem die Jugendlichen B\u00fccher lesen k\u00f6nnen, und sie auch mit guten B\u00fcchern versorgen. Nat\u00fcrlich haben auch die Familien ihre eigene Verantwortung, die sie in dieser Hinsicht wahrnehmen m\u00fcssen, aber die Organisationen, die sich besonders um die Jugendlichen k\u00fcmmern, m\u00fcssen ein tiefsinnigeres Verantwortungsgef\u00fchl entwickeln und ein b\u00fccherfreundliches Umfeld f\u00fcr Jugendliche schaffen.<\/span><\/p>\n<p><span style=\"font-family: georgia, palatino; font-size: 17px;\">Junge Menschen m\u00fcssen wirklich B\u00fccher lesen. Dazu geh\u00f6ren B\u00fccher \u00fcber Literatur, Geschichte, Kulturerbe und Biografien von Pers\u00f6nlichkeiten. Das sind Bereiche, an denen wir wirklich arbeiten m\u00fcssen. Ein weiteres Thema ist die Beschreibung verschiedener vergangener Angelegenheiten und Ereignisse. Es gibt zum Beispiel nur wenige B\u00fccher \u00fcber die konstitutionelle Revolution aus der Vergangenheit. Eine realistische, korrekte Perspektive \u00fcber die Geschehnisse der Verfassungsrevolution in unserem Land muss klar und auf die richtige Weise vermittelt werden. Es gibt nur wenige oder gar keine B\u00fccher zu diesem Bereich, oder jedenfalls nur sehr wenige lesenswerte B\u00fccher. Dies sind einige der Dinge, an denen gearbeitet werden muss.<\/span><\/p>\n<p><span style=\"font-family: georgia, palatino; font-size: 17px;\">Es gibt viele andere Ereignisse, die der konstitutionellen Revolution \u00e4hnlich sind. Wir k\u00f6nnen nie genug B\u00fccher \u00fcber die Heilige Verteidigung schreiben. Egal, wie viel wir schreiben, es ist nicht genug, und es gibt immer Platz f\u00fcr viel mehr. Das Gleiche gilt f\u00fcr die Revolution und Imam [Chomeini] (r.). Der Imam ist eine herausragende Pers\u00f6nlichkeit der Geschichte, die wie keine andere ist. Wie viele B\u00fccher haben wir \u00fcber den Imam? Was haben wir geschrieben? Das sind sehr wichtige Fragen.<\/span><\/p>\n<p><span style=\"font-family: georgia, palatino; font-size: 17px;\">Dies sind einige der Dinge, die getan werden m\u00fcssen. Das Verlegen von B\u00fcchern ist von entscheidender Bedeutung und liegt in erster Linie in der Verantwortung des Ministeriums f\u00fcr Kultur und islamische Rechtleitung, der Verbreitungsorganisation f\u00fcr islamische Lehren, der Organisation f\u00fcr die Verbreitung des Islam im k\u00fcnstlerischen Bereich und \u00e4hnlicher Einrichtungen. F\u00fcr die F\u00f6rderung von B\u00fcchern sind jedoch das Bildungsministerium, die Universit\u00e4ten und \u00e4hnliche Einrichtungen zust\u00e4ndig. M\u00f6ge Gott Ihnen Erfolg gew\u00e4hren.<\/span><\/p>\n<p><span style=\"font-family: georgia, palatino; font-size: 17px;\"><b>Reporter:<\/b> Ich danke Ihnen sehr. Ich wei\u00df es sehr zu sch\u00e4tzen, dass Sie sich die Zeit f\u00fcr dieses Interview genommen haben.<\/span><\/p>\n<p><span style=\"font-family: georgia, palatino; font-size: 17px;\"><b>Imam Chamenei:<\/b> Es war mir ein Vergn\u00fcgen.<\/span><\/p>\n<p><span style=\"font-family: georgia, palatino; font-size: 17px;\"><b>Reporter:<\/b> Ich danke Ihnen.<\/span><\/p>","protected":false},"excerpt":{"rendered":"<p>\u00a0 Am 13. Mai 2024 besuchte Imam Chamenei die 35. Internationalen Buchmesse in Teheran. Im Anschluss gab der Imam ein<\/p>\n","protected":false},"author":1,"featured_media":1874,"comment_status":"closed","ping_status":"open","sticky":false,"template":"","format":"standard","meta":{"colormag_page_container_layout":"default_layout","colormag_page_sidebar_layout":"default_layout","footnotes":""},"categories":[31,55,47],"tags":[],"class_list":["post-1867","post","type-post","status-publish","format-standard","has-post-thumbnail","hentry","category-gesellschaft","category-interview","category-jugend"],"_links":{"self":[{"href":"http:\/\/www.ahl-ul-bait.de\/imam-chamenei\/wp-json\/wp\/v2\/posts\/1867","targetHints":{"allow":["GET"]}}],"collection":[{"href":"http:\/\/www.ahl-ul-bait.de\/imam-chamenei\/wp-json\/wp\/v2\/posts"}],"about":[{"href":"http:\/\/www.ahl-ul-bait.de\/imam-chamenei\/wp-json\/wp\/v2\/types\/post"}],"author":[{"embeddable":true,"href":"http:\/\/www.ahl-ul-bait.de\/imam-chamenei\/wp-json\/wp\/v2\/users\/1"}],"replies":[{"embeddable":true,"href":"http:\/\/www.ahl-ul-bait.de\/imam-chamenei\/wp-json\/wp\/v2\/comments?post=1867"}],"version-history":[{"count":3,"href":"http:\/\/www.ahl-ul-bait.de\/imam-chamenei\/wp-json\/wp\/v2\/posts\/1867\/revisions"}],"predecessor-version":[{"id":1878,"href":"http:\/\/www.ahl-ul-bait.de\/imam-chamenei\/wp-json\/wp\/v2\/posts\/1867\/revisions\/1878"}],"wp:featuredmedia":[{"embeddable":true,"href":"http:\/\/www.ahl-ul-bait.de\/imam-chamenei\/wp-json\/wp\/v2\/media\/1874"}],"wp:attachment":[{"href":"http:\/\/www.ahl-ul-bait.de\/imam-chamenei\/wp-json\/wp\/v2\/media?parent=1867"}],"wp:term":[{"taxonomy":"category","embeddable":true,"href":"http:\/\/www.ahl-ul-bait.de\/imam-chamenei\/wp-json\/wp\/v2\/categories?post=1867"},{"taxonomy":"post_tag","embeddable":true,"href":"http:\/\/www.ahl-ul-bait.de\/imam-chamenei\/wp-json\/wp\/v2\/tags?post=1867"}],"curies":[{"name":"wp","href":"https:\/\/api.w.org\/{rel}","templated":true}]}}