{"id":1973,"date":"2024-06-25T11:07:29","date_gmt":"2024-06-25T09:07:29","guid":{"rendered":"http:\/\/khamenei.de\/wordpress\/?p=1973"},"modified":"2024-07-10T09:50:57","modified_gmt":"2024-07-10T07:50:57","slug":"der-justizschwerpunkt-liegt-auf-gerechtigkeit","status":"publish","type":"post","link":"http:\/\/www.ahl-ul-bait.de\/imam-chamenei\/2024\/06\/25\/der-justizschwerpunkt-liegt-auf-gerechtigkeit\/","title":{"rendered":"Der Justizschwerpunkt liegt auf Gerechtigkeit"},"content":{"rendered":"\n<figure class=\"wp-block-gallery has-nested-images columns-default is-cropped wp-block-gallery-1 is-layout-flex wp-block-gallery-is-layout-flex\">\n<figure class=\"wp-block-image size-large\"><img loading=\"lazy\" decoding=\"async\" width=\"1024\" height=\"683\" data-id=\"1974\" src=\"http:\/\/ahl-ul-bait.de\/imam-chamenei\/wp-content\/uploads\/2024\/06\/2-6.jpg\" alt=\"\" class=\"wp-image-1974\" srcset=\"http:\/\/www.ahl-ul-bait.de\/imam-chamenei\/wp-content\/uploads\/2024\/06\/2-6.jpg 1024w, http:\/\/www.ahl-ul-bait.de\/imam-chamenei\/wp-content\/uploads\/2024\/06\/2-6-300x200.jpg 300w, http:\/\/www.ahl-ul-bait.de\/imam-chamenei\/wp-content\/uploads\/2024\/06\/2-6-768x512.jpg 768w\" sizes=\"auto, (max-width: 1024px) 100vw, 1024px\" \/><\/figure>\n\n\n\n<figure class=\"wp-block-image size-large\"><img loading=\"lazy\" decoding=\"async\" width=\"1024\" height=\"683\" data-id=\"1976\" src=\"http:\/\/ahl-ul-bait.de\/imam-chamenei\/wp-content\/uploads\/2024\/06\/3-5.jpg\" alt=\"\" class=\"wp-image-1976\" srcset=\"http:\/\/www.ahl-ul-bait.de\/imam-chamenei\/wp-content\/uploads\/2024\/06\/3-5.jpg 1024w, http:\/\/www.ahl-ul-bait.de\/imam-chamenei\/wp-content\/uploads\/2024\/06\/3-5-300x200.jpg 300w, http:\/\/www.ahl-ul-bait.de\/imam-chamenei\/wp-content\/uploads\/2024\/06\/3-5-768x512.jpg 768w\" sizes=\"auto, (max-width: 1024px) 100vw, 1024px\" \/><\/figure>\n\n\n\n<figure class=\"wp-block-image size-large\"><img loading=\"lazy\" decoding=\"async\" width=\"683\" height=\"1024\" data-id=\"1979\" src=\"http:\/\/ahl-ul-bait.de\/imam-chamenei\/wp-content\/uploads\/2024\/06\/4-6.jpg\" alt=\"\" class=\"wp-image-1979\" srcset=\"http:\/\/www.ahl-ul-bait.de\/imam-chamenei\/wp-content\/uploads\/2024\/06\/4-6.jpg 683w, http:\/\/www.ahl-ul-bait.de\/imam-chamenei\/wp-content\/uploads\/2024\/06\/4-6-200x300.jpg 200w\" sizes=\"auto, (max-width: 683px) 100vw, 683px\" \/><\/figure>\n\n\n\n<figure class=\"wp-block-image size-large\"><img loading=\"lazy\" decoding=\"async\" width=\"1024\" height=\"682\" data-id=\"1975\" src=\"http:\/\/ahl-ul-bait.de\/imam-chamenei\/wp-content\/uploads\/2024\/06\/5-4.jpg\" alt=\"\" class=\"wp-image-1975\" srcset=\"http:\/\/www.ahl-ul-bait.de\/imam-chamenei\/wp-content\/uploads\/2024\/06\/5-4.jpg 1024w, http:\/\/www.ahl-ul-bait.de\/imam-chamenei\/wp-content\/uploads\/2024\/06\/5-4-300x200.jpg 300w, http:\/\/www.ahl-ul-bait.de\/imam-chamenei\/wp-content\/uploads\/2024\/06\/5-4-768x512.jpg 768w\" sizes=\"auto, (max-width: 1024px) 100vw, 1024px\" \/><\/figure>\n\n\n\n<figure class=\"wp-block-image size-large\"><img loading=\"lazy\" decoding=\"async\" width=\"1024\" height=\"683\" data-id=\"1977\" src=\"http:\/\/ahl-ul-bait.de\/imam-chamenei\/wp-content\/uploads\/2024\/06\/6-3.jpg\" alt=\"\" class=\"wp-image-1977\" srcset=\"http:\/\/www.ahl-ul-bait.de\/imam-chamenei\/wp-content\/uploads\/2024\/06\/6-3.jpg 1024w, http:\/\/www.ahl-ul-bait.de\/imam-chamenei\/wp-content\/uploads\/2024\/06\/6-3-300x200.jpg 300w, http:\/\/www.ahl-ul-bait.de\/imam-chamenei\/wp-content\/uploads\/2024\/06\/6-3-768x512.jpg 768w\" sizes=\"auto, (max-width: 1024px) 100vw, 1024px\" \/><\/figure>\n\n\n\n<figure class=\"wp-block-image size-large\"><img loading=\"lazy\" decoding=\"async\" width=\"1024\" height=\"683\" data-id=\"1978\" src=\"http:\/\/ahl-ul-bait.de\/imam-chamenei\/wp-content\/uploads\/2024\/06\/7-3.jpg\" alt=\"\" class=\"wp-image-1978\" srcset=\"http:\/\/www.ahl-ul-bait.de\/imam-chamenei\/wp-content\/uploads\/2024\/06\/7-3.jpg 1024w, http:\/\/www.ahl-ul-bait.de\/imam-chamenei\/wp-content\/uploads\/2024\/06\/7-3-300x200.jpg 300w, http:\/\/www.ahl-ul-bait.de\/imam-chamenei\/wp-content\/uploads\/2024\/06\/7-3-768x512.jpg 768w\" sizes=\"auto, (max-width: 1024px) 100vw, 1024px\" \/><\/figure>\n<\/figure>\n\n\n<p>\u00a0<\/p>\n<p><span style=\"font-family: georgia, palatino;\"><i>In der Vorbereitungszeit zu den Tagen des M\u00e4rtyrertodes von Dr. Ayatollah Beheschti und dem Tag der Justiz hielt Imam Chamenei, am 22. Juni 2024, bei einem Treffen mit den Verantwortlichen und hohen Beamten der Justiz, eine Rede. Es folgt die sinngem\u00e4\u00dfe \u00dcbersetzung des <a href=\"https:\/\/farsi.khamenei.ir\/speech-content?id=56751\" target=\"_blank\" rel=\"noopener\">persischen Originals<\/a>. Obwohl es f\u00fcr alle hier ver\u00f6ffentlichten Texte gilt, wird darauf verwiesen, dass die \u00dcbersetzung zu Dokumentationszwecken ohne jegliche Kommentierung erfolgt und die dargestellte Meinung nicht mit der Meinung der Herausgeber \u00fcbereinstimmen muss.<\/i><\/span><\/p>\n<hr \/>\n<p><span style=\"font-family: georgia, palatino;\"><b>Im Namen Allahs, des Gn\u00e4digen, des Begnadenden<\/b><\/span><\/p>\n<p><span style=\"font-family: georgia, palatino;\">Aller Dank ist Allahs, des Herrn der Welten, und der Frieden und Segen seien mit unserem Meister und Propheten Abul Qasim al-Mustafa Muhammad und seiner reinen, fehlerlosen und auserw\u00e4hlten Familie und insbesondere mit dem Verbliebenen Allahs auf Erden (Baqiyyatullah, Imam Mahdi).<\/span><\/p>\n<p><span style=\"font-family: georgia, palatino;\">Herzlich willkommen, liebe Br\u00fcder, geehrte Verantwortliche und W\u00fcrdentr\u00e4ger der Justiz, die Sie eine der h\u00f6chsten und wichtigsten Verantwortlichkeiten des Landes tragen. Ich gratuliere Ihnen zum (bevorstehenden) Fest von Ghadir. Ebenso gratuliere ich Ihnen zum Geburtstag des verehrten Imam Hadi (a.), der heute ist. Wir ehren das Andenken an die herausragenden M\u00e4rtyrer der Justiz, den lieben M\u00e4rtyrer Beheschti und die anderen M\u00e4rtyrer, insbesondere die j\u00fcngsten M\u00e4rtyrer, unter denen der verstorbene Herr Raisi eine gute und herausragende Vergangenheit in der Justiz hatte \u2013 wir ehren das Andenken all dieser lieben M\u00e4rtyrer. M\u00f6ge Gott ihre R\u00e4nge erh\u00f6hen, so Gott will, und ihre Bem\u00fchungen belohnen. Ich danke aufrichtig den edlen Mitarbeitern der Justiz \u2013 ob F\u00fchrungskr\u00e4fte, Richter oder Verwaltungspersonal \u2013 f\u00fcr ihre Anstrengungen. Wie Herr Mohseni sagte [Zu Beginn dieses Treffens pr\u00e4sentierte Hudschat-ul-Islam wal-Muslimin Gholamhossein Mohseni Edschei, der Leiter der Justizgewalt, einen Bericht] und ich auch wei\u00df, gibt es, Gott sei Dank, gute Anstrengungen innerhalb der Justiz. Wir danken Ihnen sehr f\u00fcr Ihre Bem\u00fchungen und Anstrengungen. Insbesondere danke ich dem ehrenwerten Leiter der Justiz pers\u00f6nlich. Wir h\u00f6ren von ihm in unseren Treffen mit ihm \u00fcber die Arbeit, die in der Justiz geleistet wurde: Wir geben Ratschl\u00e4ge und h\u00f6ren Berichte. Gott sei Dank, sie arbeiten gut und machen Fortschritte. Neben den positiven Aspekten von Herrn Mohseni ist dies auch ein wichtiger Aspekt und Gott sei Dank eine Tugend in ihm, dass er die Justiz kennt und aufgrund seiner langen T\u00e4tigkeit in dieser Organisation, mit den Teilen, Aspekten und Besonderheiten dieser Staatsgewalt vertraut ist, was eine herausragende St\u00e4rke ist. Jedenfalls danken wir Ihnen allen.<\/span><\/p>\n<p><span style=\"font-family: georgia, palatino;\">Ich m\u00f6chte einige Worte zur Justiz sagen. Der Bericht, den er gegeben hat, war ein guter Bericht, und die durchgef\u00fchrten Arbeiten sind wertvoll und gut. Das Hauptthema der Justiz \u00fcberall in der Welt \u2013 nicht nur in unserem Land \u2013 ist die L\u00f6sung der Probleme der Menschen auf der Grundlage von Gerechtigkeit. Das ist ein Aspekt, und der andere ist die Verhinderung von Gesetzesverst\u00f6\u00dfen. Das ist die Grundlage der Arbeit der Justiz. Daher sehen Sie, dass unsere Justiz von Anfang an \u201eGerechtigkeitswesen\u201c oder \u201eRechtsverbreitungswesen\u201c genannt wurde. Im Grunde geht es in der Justiz um Gerechtigkeit. Das ist die Grundlage der Arbeit. Alle Bem\u00fchungen m\u00fcssen sich in erster Linie auf die Sicherstellung der Gerechtigkeit in den Streitigkeiten zwischen den Menschen und den Beschwerden konzentrieren. Die Vielzahl der eingehenden F\u00e4lle, auf die hingewiesen wurde, sind Beschwerden, und hier muss auf die Einhaltung der Gerechtigkeit geachtet werden.<\/span><\/p>\n<p><span style=\"font-family: georgia, palatino;\">Im Islam \u2013 wie Sie, geehrte Herren, alle auch gut wissen \u2013 ist Gerechtigkeit ein herausragender und bedeutender Aspekt der islamischen Lehren. Im Heiligen Quran, im Nahdsch ul-Balagha, in den \u00dcberlieferungen, in den edlen Versen des Heiligen Qurans:<\/span><\/p>\n<p style=\"text-align: right;\"><span style=\"font-family: georgia, palatino;\">\u0648\u064e\u0625\u0650\u0630\u064e\u0627 \u062d\u064e\u0643\u064e\u0645\u0652\u062a\u064f\u0645 \u0628\u064e\u064a\u0652\u0646\u064e \u0627\u0644\u0646\u0651\u064e\u0627\u0633\u0650 \u0623\u064e\u0646 \u062a\u064e\u062d\u0652\u0643\u064f\u0645\u064f\u0648\u0627 \u0628\u0650\u0627\u0644\u0652\u0639\u064e\u062f\u0652\u0644\u0650<\/span><\/p>\n<p><span style=\"font-family: georgia, palatino;\"><i>\u201eUnd dass, sobald ihr zwischen der Menschheit geurteilt habt, ihr mit der Gerechtigkeit urteilen w\u00fcrdet.\u201c<\/i> [Heiliger Quran, 4:58]. An anderer Stelle:<\/span><\/p>\n<p style=\"text-align: right;\"><span style=\"font-family: georgia, palatino;\">\u0648\u064e\u0625\u0650\u0630\u064e\u0627 \u0642\u064f\u0644\u0652\u062a\u064f\u0645\u0652 \u0641\u064e\u0627\u0639\u0652\u062f\u0650\u0644\u064f\u0648\u0627<\/span><\/p>\n<p><span style=\"font-family: georgia, palatino;\"><i>\u201eUnd sobald ihr etwas gesagt habt, so seid gerecht\u201c<\/i> [Heiliger Quran, 6:152]. An anderer Stelle:<\/span><\/p>\n<p style=\"text-align: right;\"><span style=\"font-family: georgia, palatino;\">\u00a0\u0625\u0650\u0646\u0651\u064e \u0627\u0644\u0644\u0651\u064e\u0647\u064e \u064a\u064e\u0623\u0652\u0645\u064f\u0631\u064f \u0628\u0650\u0627\u0644\u0652\u0639\u064e\u062f\u0652\u0644\u0650<\/span><\/p>\n<p><span style=\"font-family: georgia, palatino;\"><i>\u201eWahrlich Allah gebietet, zu der Gerechtigkeit\u201c<\/i> [Heiliger Quran, 16:90]. An anderer Stelle:\u00a0<\/span><\/p>\n<p style=\"text-align: right;\"><span style=\"font-family: georgia, palatino;\">\u0642\u064f\u0644\u0652 \u0623\u064e\u0645\u064e\u0631\u064e \u0631\u064e\u0628\u0651\u0650\u064a \u0628\u0650\u0627\u0644\u0652\u0642\u0650\u0633\u0652\u0637\u0650<\/span><\/p>\n<p><span style=\"font-family: georgia, palatino;\"><i>\u201eSag: Geboten hat mein Herr den Ausgleich.\u201c<\/i> [Heiliger Quran, 7:29]. An anderer Stelle:\u00a0<\/span><\/p>\n<p style=\"text-align: right;\"><span style=\"font-family: georgia, palatino;\">\u0648\u064e\u0623\u064f\u0645\u0650\u0631\u0652\u062a\u064f \u0644\u0650\u0623\u064e\u0639\u0652\u062f\u0650\u0644\u064e \u0628\u064e\u064a\u0652\u0646\u064e\u0643\u064f\u0645\u064f<\/span><\/p>\n<p><span style=\"font-family: georgia, palatino;\"><i>\u201eUnd mir ist befohlen worden, unter euch Gerechtigkeit zu \u00fcben\u201c<\/i> [Heiliger Quran, 42:15]. An anderer Stelle:\u00a0<\/span><\/p>\n<p style=\"text-align: right;\"><span style=\"font-family: georgia, palatino;\">\u0643\u064f\u0648\u0646\u064f\u0648\u0627 \u0642\u064e\u0648\u0651\u064e\u0627\u0645\u0650\u064a\u0646\u064e \u0628\u0650\u0627\u0644\u0652\u0642\u0650\u0633\u0652\u0637\u0650 \u0634\u064f\u0647\u064e\u062f\u064e\u0627\u0621\u064e \u0644\u0650\u0644\u0651\u064e\u0647\u0650 \u0648\u064e\u0644\u064e\u0648\u0652 \u0639\u064e\u0644\u064e\u0649\u0670 \u0623\u064e\u0646\u0641\u064f\u0633\u0650\u0643\u064f\u0645\u0652 \u0623\u064e\u0648\u0650 \u0627\u0644\u0652\u0648\u064e\u0627\u0644\u0650\u062f\u064e\u064a\u0652\u0646\u0650 \u0648\u064e\u0627\u0644\u0652\u0623\u064e\u0642\u0652\u0631\u064e\u0628\u0650\u064a\u0646\u064e<\/span><\/p>\n<p><span style=\"font-family: georgia, palatino;\"><i>\u201eSeid Aufstehende f\u00fcr den Ausgleich und seid Zeugen f\u00fcr Allah und w\u00e4re es gegen eure Seelen oder die (beiden) Eltern und die Nahsten.\u201c<\/i> [Heiliger Quran, 4:135]. An anderer Stelle:\u00a0<\/span><\/p>\n<p style=\"text-align: right;\"><span style=\"font-family: georgia, palatino;\">\u0648\u064e\u0644\u064e\u0627 \u064a\u064e\u062c\u0652\u0631\u0650\u0645\u064e\u0646\u0651\u064e\u0643\u064f\u0645\u0652 \u0634\u064e\u0646\u064e\u0622\u0646\u064f \u0642\u064e\u0648\u0652\u0645\u064d \u0639\u064e\u0644\u064e\u0649\u0670 \u0623\u064e\u0644\u0651\u064e\u0627 \u062a\u064e\u0639\u0652\u062f\u0650\u0644\u064f\u0648\u0627 \u06da \u0627\u0639\u0652\u062f\u0650\u0644\u064f\u0648\u0627 \u0647\u064f\u0648\u064e \u0623\u064e\u0642\u0652\u0631\u064e\u0628\u064f \u0644\u0650\u0644\u062a\u0651\u064e\u0642\u0652\u0648\u064e\u0649\u0670<\/span><\/p>\n<p><span style=\"font-family: georgia, palatino;\"><i>\u201eUnd der Hass gegen bestimmte Leute soll euch nicht dazu verleiten, nicht gerecht zu sein. Seid gerecht, das entspricht eher der Gottesfurcht.\u201c<\/i> [Heiliger Quran, 5:8]. Und viele weitere Verse. Der Schwerpunkt liegt auf Gerechtigkeit. Es gibt nur wenige Aspekte, auf die im Heiligen Quran und anderen islamischen Quellen so stark Wert gelegt wird wie auf die Gerechtigkeit. Die Schlussfolgerung ist also, dass alle Bem\u00fchungen der Justiz mutig und entschlossen auf die Schaffung von Gerechtigkeit ausgerichtet sein m\u00fcssen. Nat\u00fcrlich, wie ich bereits gesagt habe, ist das nicht einfach, es erfordert Mut. Mit Mut muss man in diesen Bereich eintreten und Gerechtigkeit ohne R\u00fccksichtnahme umsetzen: gerechte und unparteiische Rechtsprechung. Wie es im Sahifat us-Sadschadiyyah im 22. Bittgebet hei\u00dft: <i>\u201eDamit mein Feind sicher ist vor meinem Unrecht und meiner Unterdr\u00fcckung und mein Freund keine Hoffnung bekommt bez\u00fcglich meiner Zuneigung und Herabsetzung meiner Vorlieben.\u201c <\/i>[Sahifat us-Sadschadiyyah, 22. Bittgebet]. Die Justiz und der Richter und der Leiter sollten so handeln, dass der Feind vor Ungerechtigkeit sicher ist und der Freund von dieser Beachtung der Gerechtigkeit entt\u00e4uscht ist. Wenn das so ist, wird es eine gerichtliche, seelische und psychische Sicherheit in der Gesellschaft geben. Die Menschen werden das Gef\u00fchl haben, dass ihnen mit der Justiz kein Unrecht widerfahren wird und dass bei einer Beschwerde gerecht gehandelt wird. Das ist die Hauptsache. Damit diese Gerechtigkeit verwirklicht wird, habe ich zwei, drei Aspekte notiert, die ich ansprechen m\u00f6chte.<\/span><\/p>\n<p><span style=\"font-family: georgia, palatino;\">Der erste Aspekt ist, dass die Justiz \u201eplanvoll\u201c und \u201eorganisiert\u201c arbeiten muss, mit einem Plan vorgehen muss, wie auch bereits angedeutet wurde, dass es, Gott sei Dank, gute Pl\u00e4ne gibt. Die Reformdokumente \u2013 sowohl das Dokument, das zuvor erstellt wurde, als auch das Dokument, das sp\u00e4ter \u00fcberarbeitet wurde und das k\u00fcrzlich ebenfalls aktualisiert wurde, diejenigen, die es gesehen haben, sprechen gut dar\u00fcber \u2013 diese Dokumente sind gute Dokumente, aber das, was mich beunruhigt, ist, dass diese guten Dokumente keine wesentlichen Auswirkungen auf die Hauptkriterien und Hauptanliegen der Justiz gehabt haben.<\/span><\/p>\n<p><span style=\"font-family: georgia, palatino;\">Diese Dokumente sind sehr gut. Nun werde ich einige dieser Kriterien erw\u00e4hnen, die ich aus dem schriftlichen Bericht der Justiz entnehme. Zum Beispiel die Dauer der Bearbeitung. Einer der Hauptkriterien ist, dass die Bearbeitungsdauer verk\u00fcrzt wird.<\/span><\/p>\n<p><span style=\"font-family: georgia, palatino;\">Die Aufhebung der Urteile der unteren Gerichte. Ich habe wiederholt darauf hingewiesen, dass wenn das Gremium sitzt und die Richter einen Fall bearbeiten und ein Urteil f\u00e4llen, das Urteil dann aber in der Berufungsinstanz aufgehoben wird, dann zeigt das, dass das erste Urteil schwach war. All diese M\u00fchen wurden aufgewendet, Zeit, Geld und menschliche Ressourcen wurden investiert, aber das Ergebnis war nicht zufriedenstellend. Die Aufhebung der Urteile der unteren Gerichte sollte sich reduzieren. Aber das ist nicht geschehen, obwohl diese Dokumente stark und gut sind.<\/span><\/p>\n<p><span style=\"font-family: georgia, palatino;\">Oder auch die Berichte und Beschwerden, die in der Aufsichtsbeh\u00f6rde eingegangen sind: Sie haben zugenommen, nicht abgenommen. Das hei\u00dft, es gibt hier bestimmte Kriterien und Kennzahlen. Man muss das Dokument so formulieren und umsetzen, dass es sichtbare Auswirkungen auf diese Kennzahlen hat. Nun muss man sehen, ob das Problem in den M\u00e4ngeln des Dokuments liegt oder nicht. Das Dokument war gut, der Umsetzungsplan war nicht gut. Das muss untersucht werden. Meiner Meinung nach geh\u00f6rt es zu den wichtigen Aufgaben, dass der ehrenwerte Leiter selbst Personen damit beauftragt, zu untersuchen, wo der Fehler liegt. Ob das Dokument nicht umsetzbar war oder das Problem in der Umsetzung selbst liegt.<\/span><\/p>\n<p><span style=\"font-family: georgia, palatino;\">Eines der wichtigsten Hindernisse f\u00fcr die Erreichung der Ziele der Justiz ist die Vielzahl der F\u00e4lle, die den Richter dann unter Druck setzen. Einer der Gr\u00fcnde f\u00fcr die Schw\u00e4che der Urteile der Richter ist, dass der Richter selbst unter Druck steht, die Zeit knapp ist und manchmal diese sogenannten Monatsendstatistiken auch m\u00f6glicherweise nicht ganz unbeeinflusst sind. All dies f\u00fchrt dazu, dass die Urteile und Beschl\u00fcsse, die erlassen werden, nicht stark und entschieden sind. Es muss eine grundlegende und richtige L\u00f6sung f\u00fcr die Vielzahl der F\u00e4lle gefunden werden, was ebenfalls in Ihrer Verantwortung liegt.<\/span><\/p>\n<p><span style=\"font-family: georgia, palatino;\">Eine der Aufgaben, die meiner Meinung nach in der Justiz durchgef\u00fchrt werden muss, ist die Erh\u00f6hung des Wissens der Richter. In der Justiz haben wir, Gott sei Dank, nicht wenige f\u00e4hige Richter, aber die Justiz ist umfangreich. Alle Richter m\u00fcssen in ihrem juristischen Wissen aufsteigen. Ich habe geh\u00f6rt, dass die Fakult\u00e4t f\u00fcr Rechtswissenschaften eine gute Kapazit\u00e4t in diesem Bereich hat. Diese Kapazit\u00e4t sollte maximal genutzt werden. Viele Probleme werden durch eine Erh\u00f6hung des juristischen Wissens kleiner werden. Das Beherrschen des juristischen Wissens f\u00fchrt dazu, dass der Fall sowohl gr\u00fcndlicher als auch schneller bearbeitet wird.<\/span><\/p>\n<p><span style=\"font-family: georgia, palatino;\">Eine weitere notwendige Aufgabe ist es, dass unter den ehrenwerten Richtern und flei\u00dfigen Mitarbeitern der Justiz \u2013 die, Gott sei Dank, nicht wenige sind, denn diese umfangreiche Beh\u00f6rde verf\u00fcgt \u00fcber viele gute Mitarbeiter und Richter \u2013 Menschen vorhanden sind, die Vertrauen genie\u00dfen, sodass es keinen \u201eBruch des Vertrauens\u201c mit der Justiz gibt. Eine gro\u00dfe Anstrengung muss unternommen werden, um das Vertrauen der Menschen in die Justiz zu bewahren. Wenn das Vertrauen der Menschen in die Justiz verloren geht, entstehen andere Probleme. Nat\u00fcrlich f\u00fchrt dies zu einem Bruch des Vertrauens der Menschen in die Gesellschaft insgesamt. Es f\u00fchrt dazu, dass sich das Vertrauen der Menschen auch in andere Bereiche verringert. Daher ist die Aufrechterhaltung des Vertrauens der Menschen ein wesentlicher und grundlegender Aspekt.<\/span><\/p>\n<p><span style=\"font-family: georgia, palatino;\">Ein weiterer Aspekt ist der Kampf gegen Korruption. Es ist gut, dass es, Gott sei Dank, den Gedanken gibt, den Kampf gegen Korruption energisch und entschlossen zu f\u00fchren, und das ist eine sehr wichtige Sache. Wir m\u00fcssen alle Korruption bek\u00e4mpfen. Der Kampf gegen Korruption betrifft dabei aber nicht nur die Justiz, sondern auch die anderen Gewalten und Verantwortlichen m\u00fcssen mit aller Kraft und Entschlossenheit gegen Korruption k\u00e4mpfen.<\/span><\/p>\n<p><span style=\"font-family: georgia, palatino;\">Ein anderer Aspekt ist die Notwendigkeit der Unterst\u00fctzung gerichtlicher Hilfskr\u00e4fte. Es wurde auch heute in Ihrem Bericht angedeutet, dass Unterst\u00fctzung notwendig ist. Sie m\u00fcssen, wie in dem Bericht gesagt wurde, alle m\u00f6glichen M\u00f6glichkeiten und Werkzeuge nutzen, um den Weg zu erleichtern. Soweit ich wei\u00df, hat die Justiz diesbez\u00fcglich in den letzten Jahren, Gott sei Dank, Fortschritte gemacht. Dies sollte fortgesetzt werden. Dies ist ein notwendiger Aspekt.<\/span><\/p>\n<p><span style=\"font-family: georgia, palatino;\">Ein weiterer Aspekt ist die Rehabilitationsarbeit. Was in der Justiz getan wird, sollte mit Rehabilitationsarbeit einhergehen, insbesondere bei Gefangenen und anderen. Die Arbeit in Rehabilitations- und Bildungsprogrammen in Bezug auf den Umgang mit Gefangenen, sollte erweitert und verbessert werden, so Gott will \u2013 und Gott sei Dank, haben sich hier gute Ergebnisse gezeigt. Dies ist ein anderer Aspekt.<\/span><\/p>\n<p><span style=\"font-family: georgia, palatino;\">Ein weiterer Aspekt ist die Bestrafung von Missbrauch. Manchmal wird gesagt, dass die T\u00e4ter und Rechtsverletzer m\u00f6glicherweise keine Angst vor einer Bestrafung haben. Es ist keine ernsthafte Bestrafung vorhanden. Die Justiz muss daf\u00fcr sorgen, dass, wie es in unserem Sprichwort hei\u00dft, \u201eder Schwanz brennt\u201c [Sprichwort, das bildlich ausdr\u00fcckt, dass jemand, die Konsequenzen sp\u00fcren wird]. Wir m\u00fcssen ihnen deutlich machen, dass diejenigen, die vom Weg abweichen, mit einer schweren Bestrafung rechnen m\u00fcssen. Wenn das der Fall ist, werden viele Straftaten und Regelwidrigkeiten durch die Abschreckungskraft der Strafen selbst aufh\u00f6ren. Dies ist ebenfalls ein notwendiger Aspekt.<\/span><\/p>\n<p><span style=\"font-family: georgia, palatino;\">Ein anderer Aspekt ist die Unterst\u00fctzung der Mitarbeiter der Justiz. Die Mitarbeiter der Justiz m\u00fcssen gut unterst\u00fctzt werden, in allen Bereichen, die sie ben\u00f6tigen, insbesondere in Fragen der physischen und materiellen Sicherheit. Auch ihre Ehre muss gesch\u00fctzt werden. Die Menschen, die f\u00fcr das Justizsystem arbeiten, m\u00fcssen so sein, dass ihre Ehre vollst\u00e4ndig gewahrt bleibt. Die Menschen, die im Justizsystem arbeiten, m\u00fcssen diese Ehre und W\u00fcrde bewahren. Dies ist ein wichtiger Aspekt.<\/span><\/p>\n<p><span style=\"font-family: georgia, palatino;\">Das ist es, was ich in Bezug auf die Justiz und deren Arbeit sagen wollte. Wir danken Ihnen allen, dass Sie gute Arbeit geleistet haben. Gott segne Sie und m\u00f6ge Gott Ihnen weiterhin Erfolg gew\u00e4hren.<\/span><\/p>\n<p><span style=\"font-family: georgia, palatino;\">Lassen Sie mich nun zwei, drei Aspekte erw\u00e4hnen, die ich notiert habe, allgemeine Aspekte, die die Justiz und die Gesellschaft insgesamt betreffen.<\/span><\/p>\n<p><span style=\"font-family: georgia, palatino;\">Einer der Aspekte ist, dass man auf die Auswirkungen von Feinden aufpassen muss. Manchmal gibt es in unserer Gesellschaft Berichte, die besagen, dass die Feinde beabsichtigen, in das Justizsystem des Landes einzugreifen und es zu beeinflussen. Dies ist eine gef\u00e4hrliche Angelegenheit. Wir m\u00fcssen aufpassen, dass wir den Feinden nicht erlauben, sich in unser Justizsystem einzumischen.<\/span><\/p>\n<p><span style=\"font-family: georgia, palatino;\">Ein weiterer Aspekt ist die Bedeutung der Aufrechterhaltung der Transparenz und Ehrlichkeit in der Arbeit der Justiz. Dies bedeutet, dass man in der Justiz keine falschen Informationen geben, noch auf falsche Informationen reagieren darf. Dies ist ebenfalls ein wichtiger Aspekt.<\/span><\/p>\n<p><span style=\"font-family: georgia, palatino;\">Der letzte Aspekt, den ich erw\u00e4hnen m\u00f6chte, ist, dass man immer die Gesetze beachten und sich streng an die Gesetze halten muss. Dies bedeutet, dass niemand \u00fcber dem Gesetz stehen sollte, unabh\u00e4ngig davon, wie m\u00e4chtig er ist oder welche Position er hat. Dies ist ein wesentlicher Aspekt, der in der Arbeit der Justiz beachtet werden muss.<\/span><\/p>\n<p><span style=\"font-family: georgia, palatino;\">M\u00f6ge Gott Sie alle segnen und Ihnen Erfolg gew\u00e4hren. M\u00f6ge Gott die Justiz weiterhin unterst\u00fctzen, sch\u00fctzen und ihre Bem\u00fchungen segnen. Ich danke Ihnen allen und w\u00fcnsche Ihnen allen weiterhin Erfolg.<\/span><\/p>\n<p><span style=\"font-family: georgia, palatino;\">M\u00f6gen Gottes Gr\u00fc\u00dfe, Gnade und Segen mit Euch sein.<\/span><\/p>","protected":false},"excerpt":{"rendered":"<p>\u00a0 In der Vorbereitungszeit zu den Tagen des M\u00e4rtyrertodes von Dr. Ayatollah Beheschti und dem Tag der Justiz hielt Imam<\/p>\n","protected":false},"author":1,"featured_media":1980,"comment_status":"closed","ping_status":"open","sticky":false,"template":"","format":"standard","meta":{"colormag_page_container_layout":"default_layout","colormag_page_sidebar_layout":"default_layout","footnotes":""},"categories":[30,58,39],"tags":[],"class_list":["post-1973","post","type-post","status-publish","format-standard","has-post-thumbnail","hentry","category-iran","category-justiz","category-reden"],"_links":{"self":[{"href":"http:\/\/www.ahl-ul-bait.de\/imam-chamenei\/wp-json\/wp\/v2\/posts\/1973","targetHints":{"allow":["GET"]}}],"collection":[{"href":"http:\/\/www.ahl-ul-bait.de\/imam-chamenei\/wp-json\/wp\/v2\/posts"}],"about":[{"href":"http:\/\/www.ahl-ul-bait.de\/imam-chamenei\/wp-json\/wp\/v2\/types\/post"}],"author":[{"embeddable":true,"href":"http:\/\/www.ahl-ul-bait.de\/imam-chamenei\/wp-json\/wp\/v2\/users\/1"}],"replies":[{"embeddable":true,"href":"http:\/\/www.ahl-ul-bait.de\/imam-chamenei\/wp-json\/wp\/v2\/comments?post=1973"}],"version-history":[{"count":5,"href":"http:\/\/www.ahl-ul-bait.de\/imam-chamenei\/wp-json\/wp\/v2\/posts\/1973\/revisions"}],"predecessor-version":[{"id":1985,"href":"http:\/\/www.ahl-ul-bait.de\/imam-chamenei\/wp-json\/wp\/v2\/posts\/1973\/revisions\/1985"}],"wp:featuredmedia":[{"embeddable":true,"href":"http:\/\/www.ahl-ul-bait.de\/imam-chamenei\/wp-json\/wp\/v2\/media\/1980"}],"wp:attachment":[{"href":"http:\/\/www.ahl-ul-bait.de\/imam-chamenei\/wp-json\/wp\/v2\/media?parent=1973"}],"wp:term":[{"taxonomy":"category","embeddable":true,"href":"http:\/\/www.ahl-ul-bait.de\/imam-chamenei\/wp-json\/wp\/v2\/categories?post=1973"},{"taxonomy":"post_tag","embeddable":true,"href":"http:\/\/www.ahl-ul-bait.de\/imam-chamenei\/wp-json\/wp\/v2\/tags?post=1973"}],"curies":[{"name":"wp","href":"https:\/\/api.w.org\/{rel}","templated":true}]}}