{"id":2003,"date":"2024-07-10T09:45:34","date_gmt":"2024-07-10T07:45:34","guid":{"rendered":"http:\/\/khamenei.de\/wordpress\/?p=2003"},"modified":"2024-10-01T14:39:42","modified_gmt":"2024-10-01T12:39:42","slug":"volksnaehe-gehoert-zu-wichtigsten-eigenschaften-einer-regierung","status":"publish","type":"post","link":"http:\/\/www.ahl-ul-bait.de\/imam-chamenei\/2024\/07\/10\/volksnaehe-gehoert-zu-wichtigsten-eigenschaften-einer-regierung\/","title":{"rendered":"Volksn\u00e4he geh\u00f6rt zu wichtigsten Eigenschaften einer Regierung"},"content":{"rendered":"\n<figure class=\"wp-block-gallery has-nested-images columns-default is-cropped wp-block-gallery-1 is-layout-flex wp-block-gallery-is-layout-flex\">\n<figure class=\"wp-block-image size-large\"><img loading=\"lazy\" decoding=\"async\" width=\"1024\" height=\"683\" data-id=\"2005\" src=\"http:\/\/ahl-ul-bait.de\/imam-chamenei\/wp-content\/uploads\/2024\/07\/2.jpg\" alt=\"\" class=\"wp-image-2005\" srcset=\"http:\/\/www.ahl-ul-bait.de\/imam-chamenei\/wp-content\/uploads\/2024\/07\/2.jpg 1024w, http:\/\/www.ahl-ul-bait.de\/imam-chamenei\/wp-content\/uploads\/2024\/07\/2-300x200.jpg 300w, http:\/\/www.ahl-ul-bait.de\/imam-chamenei\/wp-content\/uploads\/2024\/07\/2-768x512.jpg 768w\" sizes=\"auto, (max-width: 1024px) 100vw, 1024px\" \/><\/figure>\n\n\n\n<figure class=\"wp-block-image size-large\"><img loading=\"lazy\" decoding=\"async\" width=\"1024\" height=\"683\" data-id=\"2004\" src=\"http:\/\/ahl-ul-bait.de\/imam-chamenei\/wp-content\/uploads\/2024\/07\/3.jpg\" alt=\"\" class=\"wp-image-2004\" srcset=\"http:\/\/www.ahl-ul-bait.de\/imam-chamenei\/wp-content\/uploads\/2024\/07\/3.jpg 1024w, http:\/\/www.ahl-ul-bait.de\/imam-chamenei\/wp-content\/uploads\/2024\/07\/3-300x200.jpg 300w, http:\/\/www.ahl-ul-bait.de\/imam-chamenei\/wp-content\/uploads\/2024\/07\/3-768x512.jpg 768w\" sizes=\"auto, (max-width: 1024px) 100vw, 1024px\" \/><\/figure>\n\n\n\n<figure class=\"wp-block-image size-large\"><img loading=\"lazy\" decoding=\"async\" width=\"1024\" height=\"683\" data-id=\"2006\" src=\"http:\/\/ahl-ul-bait.de\/imam-chamenei\/wp-content\/uploads\/2024\/07\/4.jpg\" alt=\"\" class=\"wp-image-2006\" srcset=\"http:\/\/www.ahl-ul-bait.de\/imam-chamenei\/wp-content\/uploads\/2024\/07\/4.jpg 1024w, http:\/\/www.ahl-ul-bait.de\/imam-chamenei\/wp-content\/uploads\/2024\/07\/4-300x200.jpg 300w, http:\/\/www.ahl-ul-bait.de\/imam-chamenei\/wp-content\/uploads\/2024\/07\/4-768x512.jpg 768w\" sizes=\"auto, (max-width: 1024px) 100vw, 1024px\" \/><\/figure>\n<\/figure>\n\n\n<p>\u00a0<\/p>\n<p><span style=\"font-family: georgia, palatino; font-size: 17px;\"><i>Am 7. Juli 2024 traf sich Imam Chamenei mit Mitgliedern der 13. Regierung und hielt bei dieser Gelegenheit eine Ansprache. Es folgt die sinngem\u00e4\u00dfe \u00dcbersetzung der Rede aus dem <a href=\"https:\/\/farsi.khamenei.ir\/speech-content?id=56951\" target=\"_blank\" rel=\"noopener\">persischen Original<\/a>. Obwohl es f\u00fcr alle hier ver\u00f6ffentlichten Texte gilt, wird darauf verwiesen, dass die \u00dcbersetzung zu Dokumentationszwecken ohne jegliche Kommentierung erfolgt und die dargestellte Meinung nicht mit der Meinung der Herausgeber \u00fcbereinstimmen muss.<\/i><\/span><\/p>\n<hr \/>\n<p><span style=\"font-family: georgia, palatino; font-size: 17px;\"><b>Im Namen Allahs, des Gn\u00e4digen, des Begnadenden<\/b><\/span><\/p>\n<p><span style=\"font-family: georgia, palatino; font-size: 17px;\">Aller Dank ist Allahs, des Herrn der Welten, und der Frieden und Segen seien mit unserem Meister und Propheten Abul Qasim al-Mustafa Muhammad und seiner reinen, fehlerlosen und auserw\u00e4hlten Familie und insbesondere mit dem Verbliebenen Allahs auf Erden (Baqiyyatullah, Imam Mahdi).<\/span><\/p>\n<p><span style=\"font-family: georgia, palatino; font-size: 17px;\">Herzlich willkommen, liebe Br\u00fcder und geehrte Schwestern. Diese Sitzung, wie alle anderen Regierungssitzungen, dient dazu, den Verantwortlichen, Freunden und Mitgliedern der Regierung zu danken. Nat\u00fcrlich fehlt unser lieber Herr Raisi, aber gem\u00e4\u00df unserem Glauben sind die reinen Seelen der Gl\u00e4ubigen, besonders der M\u00e4rtyrer, anwesend, sie beobachten, sind pr\u00e4sent, sehen und h\u00f6ren. Tats\u00e4chlich werden auch sie von unserem Dank und unserer Anerkennung f\u00fcr sie erfahren.<\/span><\/p>\n<p><span style=\"font-family: georgia, palatino; font-size: 17px;\">Diese Sitzung ist ein Ausdruck des Dankes, und wir hoffen, dass Gott, so Gott will, Ihre Bem\u00fchungen akzeptiert. Was Sie getan haben, steht auf der einen Seite, und das, was Sie zu tun beabsichtigten, auf der anderen. Auch das hat Bedeutung. Ihre Absicht war, in der Fortf\u00fchrung der Regierung bestimmte Ma\u00dfnahmen und Programme umzusetzen, auch diese Anstrengungen werden bei Gott belohnt. M\u00f6ge Gott Ihnen Erfolg schenken und Ihnen helfen, diesen Dienst fortzusetzen. Nat\u00fcrlich wird es \u00c4nderungen in der Regierungsstruktur geben, das ist unbestritten, aber der Dienst der Menschen sollte sich nicht nur auf spezifische Titel bestimmter Regierungen beschr\u00e4nken. Sie sollten jederzeit bereit sein, f\u00fcr das Land zu arbeiten und zu dienen, unter allen Umst\u00e4nden und in allen Situationen. Sie sollten dem Land dienen und f\u00fcr das Land arbeiten, was Sie, Gott sei Dank, auch k\u00f6nnen.<\/span><\/p>\n<p><span style=\"font-family: georgia, palatino; font-size: 17px;\">Die Regierung des verstorbenen Herrn Raisi war eine Regierung der Arbeit, der Hoffnung und des Fortschritts in inneren und \u00e4u\u00dferen Bereichen. Obwohl er oder die Mitglieder der Regierung diese Bezeichnungen vielleicht nicht verwendet haben, war das praktisch ersichtlich und verst\u00e4ndlich. Er war wirklich hoffnungsvoll und optimistisch in Bezug auf die Zukunft \u2013 was auch gerechtfertigt war \u2013 und er hatte die Absicht, mit Ihrer Hilfe diese Ziele zu erreichen. Ich m\u00f6chte einige Bemerkungen zu den Eigenschaften des verstorbenen Herrn Raisi machen, die mir besonders auffallen. Herr Mochber [kommissarischer Staatspr\u00e4sident] hat viele wichtige Aspekte angesprochen, und ich werde einige weitere Punkte hinzuf\u00fcgen.<\/span><\/p>\n<p><span style=\"font-family: georgia, palatino; font-size: 17px;\">Meiner Meinung nach war eine der wichtigsten Eigenschaften von Herrn Raisi seine Volksn\u00e4he. Dies sollte ein Vorbild f\u00fcr uns alle, f\u00fcr Regierungen und ihre F\u00fchrungen, die Regierungsmitglieder sein. Er achtete auf die Menschen, respektierte sie, war unter ihnen pr\u00e4sent, erlebte die Realit\u00e4t durch seine Anwesenheit, h\u00f6rte ihre Stimmen und richtete seine Planungen nach ihren Bed\u00fcrfnissen aus. Das war seine Art. Das Zentrum seiner Planungen und Handlungen und die Ma\u00dfst\u00e4be, die er verfolgte, waren die L\u00f6sung der Probleme der Menschen. Vielleicht erreichte manches Ziel sein Ergebnis und vielleicht auch manches nicht, aber das war der Kern seiner Arbeit, wie wir es immer in unseren Sitzungen erlebt haben.<\/span><\/p>\n<p><span style=\"font-family: georgia, palatino; font-size: 17px;\">Das ist genau das, was der Islam beabsichtigt: Unter den Menschen zu sein. In dem bekannten Brief und Befehl des Befehlshabers der Gl\u00e4ubigen (a.) an Malik al-Ashtar wird gesagt, dass das Beste und Beliebteste f\u00fcr dich diese Dinge sein sollten. Er nennt zwei oder drei Aspekte, darunter: <i>\u201eWas die umfassendste Gerechtigkeit und die allgemeine Zufriedenheit der Untertanen bewirkt\u201c<\/i>. Die Beliebtesten deiner Taten sollten die sein, die die Menschen erfreuen. Manchmal spricht der Befehlshaber der Gl\u00e4ubigen von den Untertanen \u00ab\u0631\u0639\u06cc\u0651\u062a\u00bb, manchmal von den einfachen Menschen \u00ab\u0639\u0627\u0645\u0651\u0647\u00bb. Das Ziel sind die Untertanen \u00ab\u0631\u0639\u06cc\u0651\u062a\u00bb, das Ziel ist die breite Bev\u00f6lkerung im Gegensatz zu den Privilegierten, die der Befehlshaber der Gl\u00e4ubigen als \u00ab\u062e\u0627\u0635\u0651\u0647\u00bb bezeichnet. Er sagt, die besten und beliebtesten Taten sind jene, die die (einfachen) Menschen erfreuen und mit ihren W\u00fcnschen \u00fcbereinstimmen.<\/span><\/p>\n<p><span style=\"font-family: georgia, palatino; font-size: 17px;\">Er f\u00e4hrt fort und sagt in zwei oder drei S\u00e4tzen weiter:<\/span><\/p>\n<p style=\"text-align: right;\"><span style=\"font-family: georgia, palatino; font-size: 17px;\">\u0648\u064e \u0627\u0650\u0646\u0651\u064e\u0645\u0627 \u0639\u0650\u0645\u0627\u062f\u064f \u0627\u0644\u062f\u0651\u06cc\u0646\u0650 \u0648\u064e \u062c\u0650\u0645\u0627\u0639\u064f \u0627\u0644\u0645\u064f\u0633\u0644\u0650\u0645\u06cc\u0646\u064e \u0648\u064e \u0627\u0644\u0639\u064f\u062f\u0651\u064e\u0629\u064f \u0644\u0650\u0644\u0627\u064e\u0639\u062f\u0627\u0621\u0650 \u0627\u0644\u0639\u0627\u0645\u0651\u064e\u0629\u064f \u0645\u0650\u0646\u064e \u0627\u0644\u0627\u064f\u0645\u0651\u064e\u0629<\/span><\/p>\n<p><span style=\"font-family: georgia, palatino; font-size: 17px;\"><i>\u201eDenn nur die einfachen Leute unter den Muslimen in der islamischen Gemeinde [umma] sind die Grundpfeiler der Religion und Ausr\u00fcstung gegen die Feinde.\u201c<\/i> Diejenigen, die dir gegen die Feinde helfen k\u00f6nnen und die Einheit im Land schaffen k\u00f6nnen, sind die breite Bev\u00f6lkerung. Sie sind es, die, wenn sie vereint sind, das Land einen k\u00f6nnen. Die Privilegierten hingegen haben ihre eigenen Interessen und arbeiten f\u00fcr sich selbst. Wenn die Ziele entgegengesetzt sind, gibt es Konflikte \u2013 daran besteht kein Zweifel \u2013 und \u201eEinheit\u201c ist \u00fcberhaupt nicht mehr m\u00f6glich. Aber die einfachen Menschen k\u00f6nnen vereint werden und als Gemeinschaft gegen die Feinde wirken.<\/span><\/p>\n<p><span style=\"font-family: georgia, palatino; font-size: 17px;\">In meinen Sitzungen zu Nahdsch ul-Balagha mit Regierungsfreunden habe ich gelegentlich Teile dieser Gedanken erl\u00e4utert. Der Befehlshaber der Gl\u00e4ubigen sagt, dass die Privilegierten die h\u00f6chsten Erwartungen haben, die geringste Geduld und Standhaftigkeit und die schw\u00e4chste und unbedeutendste Hilfe bieten. Sie haben die gr\u00f6\u00dften Erwartungen, wenn es um Forderungen geht, und bringen sich am wenigsten ein, wenn es um konkrete Hilfe geht. Bei Kriegen sind sie kaum anwesend, im Gegensatz zur breiten Bev\u00f6lkerung, wie Sie es in der Heiligen Verteidigungen und anderen Angelegenheiten erlebt haben. Sehen Sie, das ist eine klare Linie, die der Befehlshaber der Gl\u00e4ubigen aufgezeigt hat. Herr Raisi folgte dieser Linie. Das ist sehr wertvoll, sehr gut und wirklich ein Vorbild, das wir alle erlernen sollten. Das war eine der besonderen Eigenschaften von ihm.<\/span><\/p>\n<p><span style=\"font-family: georgia, palatino; font-size: 17px;\">Zweitens war seine feste \u00dcberzeugung von den inneren F\u00e4higkeiten wichtig. Wir haben in vielen Treffen mit Verantwortlichen \u00fcber die inneren F\u00e4higkeiten und Kapazit\u00e4ten gesprochen, und niemand hatte etwas an sich dagegen, aber dennoch merkte man, wer tief und fest von diesen F\u00e4higkeiten \u00fcberzeugt war und wer nicht. Er war wirklich \u00fcberzeugt von diesen. Er war \u00fcberzeugt, dass viele oder die meisten Probleme des Landes oder in gewisser Weise alle Probleme des Landes durch den R\u00fcckgriff auf interne Kapazit\u00e4ten gel\u00f6st werden k\u00f6nnten und deshalb verfolgte er diese Angelegenheiten auch. Das war eine der wichtigen und zentralen Linien, denen er folgte.<\/span><\/p>\n<p><span style=\"font-family: georgia, palatino; font-size: 17px;\">Eine weitere herausragende Eigenschaft von ihm war die Klarheit in der Erkl\u00e4rung seiner revolution\u00e4ren und religi\u00f6sen Positionen. Er sprach nicht doppeldeutig und nahm keine R\u00fccksicht darauf, dass wenn wir unsere revolution\u00e4ren Positionen klar darstellen, bestimmte Menschen oder Gruppen m\u00f6glicherweise ver\u00e4rgert sein k\u00f6nnten. Diese \u00dcberlegungen hatte er nicht. Er erkl\u00e4rte seine revolution\u00e4ren Positionen, zu denen er sich verpflichtet f\u00fchlte, klar. In seinem ersten Interview wurde er gefragt, ob er Beziehungen zu einem bestimmten Land aufbauen w\u00fcrde, und er sagte klar: Nein! Ohne Umschweife oder versteckte Aussagen. In allen Angelegenheiten, die wir gesehen hatten, war er so.<\/span><\/p>\n<p><span style=\"font-family: georgia, palatino; font-size: 17px;\">Eine andere bekannte Eigenschaft, die jeder kennt und gesehen hat, war seine Unerm\u00fcdlichkeit in der Arbeit. Ich habe ihn wiederholt gebeten, sich ein wenig auszuruhen. Ich nannte Beispiele von F\u00e4llen, in denen Menschen sich nicht ausgeruht hatten und dann im Nachhinein Probleme bekamen. Ich sagte, du solltest dich etwas ausruhen, auch im Hinblick auf deine zuk\u00fcnftige Arbeit, sonst f\u00e4llst du eines Tages und kannst gar nicht mehr arbeiten! Er antwortete immer, dass er nicht m\u00fcde wird, und tats\u00e4chlich schien er auch nicht m\u00fcde zu werden. Es war erstaunlich. Er kam mitten in der Nacht von einer Auslandsreise zur\u00fcck, und am Morgen traf er sich zum Beispiel in Karadsch oder an einem anderen Ort mit den Menschen oder hielt Sitzungen zu verschiedenen Themen ab! Das waren sehr wichtige Aufgaben.<\/span><\/p>\n<p><span style=\"font-family: georgia, palatino; font-size: 17px;\">Eine weitere herausragende Eigenschaft von ihm war, dass er sich nicht von Kritik entmutigen lie\u00df. Dies ist eine Schw\u00e4che vieler von uns: Sobald jemand uns kritisiert, werden wir entweder traurig oder schlecht gelaunt oder sind ver\u00e4rgert, warum uns gegen\u00fcber so viel Undankbarkeit gezeigt werden w\u00fcrde, und h\u00f6ren auf zu arbeiten. Oft ist das so. Wir m\u00f6chten immer, dass man uns lobt. Er hingegen lie\u00df sich durch Kritik nicht entmutigen. Nat\u00fcrlich kann man nicht sagen, dass es ihn nicht belastete: Doch, es belastete ihn, und er beschwerte sich manchmal bei mir, aber er wurde nicht entmutigt, noch h\u00f6rte er auf zu arbeiten. Das war auch eine seiner herausragenden Eigenschaften.<\/span><\/p>\n<p><span style=\"font-family: georgia, palatino; font-size: 17px;\">Eine weitere herausragende Eigenschaft war, dass er in der Au\u00dfenpolitik zwei Eigenschaften gleichzeitig und nebeneinander ber\u00fccksichtigte: Kooperation und Bewahrung der W\u00fcrde. Er war jemand, der sich auf Zusammenarbeit einlie\u00df. Manchmal sprach er eine Stunde oder eineinhalb Stunden am Telefon mit einem europ\u00e4ischen Pr\u00e4sidenten! Er war auf Kooperation bedacht, aber aus einer Position der W\u00fcrde heraus, weder so scharf und abweisend, dass die Verbindung abgebrochen wurde, noch gab er unberechtigterweise Zugest\u00e4ndnisse und trat dem\u00fctig auf. Nein, aus einer Position der W\u00fcrde, aber mit Kooperation. Dies f\u00fchrte dazu, dass nach seinem Tod mehrere f\u00fchrende Pers\u00f6nlichkeiten, die heute zu den f\u00fchrenden Pers\u00f6nlichkeiten der Welt z\u00e4hlen, in ihren Botschaften an mich ihn als herausragende Pers\u00f6nlichkeit lobten. Das ist sehr bedeutend. Sie bezeichneten ihn nicht als gew\u00f6hnlichen Politiker, sondern als herausragenden Politiker. Er glaubte an die Notwendigkeit der Zusammenarbeit und Verbindungen. Wir hatten jahrelang Afrika vernachl\u00e4ssigt, trotz aller Empfehlungen, die zu Afrika gegeben wurden. Er stellte Verbindungen zu Afrika her, reiste dorthin und interagierte. Er war \u00fcberzeugt von Verbindungen zu verschiedenen L\u00e4ndern, mit denen Verbindungen hergestellt werden sollten, und stellte diese Verbindungen her. Er ber\u00fccksichtigte dabei Priorit\u00e4ten. Eine der Priorit\u00e4ten war die Nachbarschaft, der er gro\u00dfe Bedeutung beima\u00df.<\/span><\/p>\n<p><span style=\"font-family: georgia, palatino; font-size: 17px;\">Ein weiteres Merkmal von ihm \u2013 das auch Herr Mochber zu Recht erw\u00e4hnt hat \u2013 war die Aufmerksamkeit f\u00fcr gro\u00dfe Projekte. Er k\u00fcmmerte sich um bedeutende Projekte, zum Beispiel die Wasser\u00fcbertragung vom Meer zu verschiedenen Stellen oder die \u00dcbertragung von Wasser zu den entfernten Orten, den D\u00f6rfern und l\u00e4ndlichen Gebieten. Er setzte diese Projekte durch. Auch bei anderen gro\u00dfen Projekten war er engagiert. Er machte gro\u00dfe Fortschritte und setzte sie um. Das sind bedeutende Dinge.<\/span><\/p>\n<p><span style=\"font-family: georgia, palatino; font-size: 17px;\">Nat\u00fcrlich gab es auch kritische Punkte. Als jemand, der eine Verantwortung innehatte, gab es sicherlich Punkte, die man kritisieren konnte. Das ist so bei allen Menschen. Niemand ist fehlerlos und perfekt. Zum Beispiel haben wir uns in der Sitzung, in der Herr Raisi anwesend war, kritisch zu Fragen der Investitionen und Investitionsherausforderungen ge\u00e4u\u00dfert, und in einigen F\u00e4llen kam es zu einem Mangel an Koordination. Manchmal gab es auch kritische Anmerkungen seitens der \u00d6ffentlichkeit und der Menschen. Er akzeptierte dies und versuchte, diese Dinge zu beheben. Das ist sehr wertvoll. Es gibt viele verschiedene positive Aspekte \u00fcber ihn zu erw\u00e4hnen, aber dies ist nur eine Zusammenfassung.<\/span><\/p>\n<p><span style=\"font-family: georgia, palatino; font-size: 17px;\">Ich hoffe, dass der verstorbene Herr Raisi durch die Gnade Gottes und die Segnungen von Herrn Abu Abdullah (a.) (Imam Husain) \u2013 insbesondere da seine Erinnerung und sein Name nach Aschura sehr verbreitet sind und es eine besondere Beziehung zwischen den Ereignissen von Aschura und ihm gibt \u2013 unter den gl\u00fccklichen und gl\u00fcckseligen M\u00e4rtyrern ist. M\u00f6ge Gott seine Position in jeder Hinsicht erh\u00f6hen, und m\u00f6ge Gott Sie alle segnen.<\/span><\/p>\n<p><span style=\"font-family: georgia, palatino; font-size: 17px;\">M\u00f6gen Gottes Gr\u00fc\u00dfe, Gnade und Segen mit Euch sein.<\/span><\/p>","protected":false},"excerpt":{"rendered":"<p>\u00a0 Am 7. Juli 2024 traf sich Imam Chamenei mit Mitgliedern der 13. Regierung und hielt bei dieser Gelegenheit eine<\/p>\n","protected":false},"author":1,"featured_media":2007,"comment_status":"closed","ping_status":"open","sticky":false,"template":"","format":"standard","meta":{"colormag_page_container_layout":"default_layout","colormag_page_sidebar_layout":"default_layout","footnotes":""},"categories":[30,60,39],"tags":[],"class_list":["post-2003","post","type-post","status-publish","format-standard","has-post-thumbnail","hentry","category-iran","category-moral","category-reden"],"_links":{"self":[{"href":"http:\/\/www.ahl-ul-bait.de\/imam-chamenei\/wp-json\/wp\/v2\/posts\/2003","targetHints":{"allow":["GET"]}}],"collection":[{"href":"http:\/\/www.ahl-ul-bait.de\/imam-chamenei\/wp-json\/wp\/v2\/posts"}],"about":[{"href":"http:\/\/www.ahl-ul-bait.de\/imam-chamenei\/wp-json\/wp\/v2\/types\/post"}],"author":[{"embeddable":true,"href":"http:\/\/www.ahl-ul-bait.de\/imam-chamenei\/wp-json\/wp\/v2\/users\/1"}],"replies":[{"embeddable":true,"href":"http:\/\/www.ahl-ul-bait.de\/imam-chamenei\/wp-json\/wp\/v2\/comments?post=2003"}],"version-history":[{"count":2,"href":"http:\/\/www.ahl-ul-bait.de\/imam-chamenei\/wp-json\/wp\/v2\/posts\/2003\/revisions"}],"predecessor-version":[{"id":2009,"href":"http:\/\/www.ahl-ul-bait.de\/imam-chamenei\/wp-json\/wp\/v2\/posts\/2003\/revisions\/2009"}],"wp:featuredmedia":[{"embeddable":true,"href":"http:\/\/www.ahl-ul-bait.de\/imam-chamenei\/wp-json\/wp\/v2\/media\/2007"}],"wp:attachment":[{"href":"http:\/\/www.ahl-ul-bait.de\/imam-chamenei\/wp-json\/wp\/v2\/media?parent=2003"}],"wp:term":[{"taxonomy":"category","embeddable":true,"href":"http:\/\/www.ahl-ul-bait.de\/imam-chamenei\/wp-json\/wp\/v2\/categories?post=2003"},{"taxonomy":"post_tag","embeddable":true,"href":"http:\/\/www.ahl-ul-bait.de\/imam-chamenei\/wp-json\/wp\/v2\/tags?post=2003"}],"curies":[{"name":"wp","href":"https:\/\/api.w.org\/{rel}","templated":true}]}}