{"id":2024,"date":"2024-09-14T19:49:28","date_gmt":"2024-09-14T17:49:28","guid":{"rendered":"http:\/\/khamenei.de\/wordpress\/?p=2024"},"modified":"2024-09-14T19:49:29","modified_gmt":"2024-09-14T17:49:29","slug":"dekret-imam-chameneis-zur-bestaetigung-der-praesidentschaft-von-dr-masoud-pezeshkian","status":"publish","type":"post","link":"http:\/\/www.ahl-ul-bait.de\/imam-chamenei\/2024\/09\/14\/dekret-imam-chameneis-zur-bestaetigung-der-praesidentschaft-von-dr-masoud-pezeshkian\/","title":{"rendered":"Dekret Imam Chameneis zur Best\u00e4tigung der Pr\u00e4sidentschaft von Dr. Masoud Pezeshkian"},"content":{"rendered":"<p><span style=\"font-family: georgia, palatino; font-size: 17px;\"><i>Nachfolgend das Dekret Imam Chameneis, zur Best\u00e4tigung der Pr\u00e4sidentschaft von Dr. Masoud Pezeshkian, das am 28. Juli 2024 erlassen wurde. Es folgt die sinngem\u00e4\u00dfe \u00dcbersetzung der englischen Original\u00fcbersetzung. Obwohl es f\u00fcr alle hier ver\u00f6ffentlichten Texte gilt, wird darauf verwiesen, dass die \u00dcbersetzung zu Dokumentationszwecken ohne jegliche Kommentierung erfolgt und die dargestellte Meinung nicht mit der Meinung der Herausgeber \u00fcbereinstimmen muss.<\/i><\/span><\/p>\n<hr \/>\n<p><span style=\"font-family: georgia, palatino; font-size: 17px;\"><b>Im Namen Allahs, des Gn\u00e4digen, des Begnadenden<\/b><\/span><\/p>\n<p><span style=\"font-family: georgia, palatino; font-size: 17px;\">Aller Dank ist Allahs, des Herrn der Welten, und der Frieden und Segen seien mit unserem Meister und Propheten Abul Qasim al-Mustafa Muhammad und seiner reinen, fehlerlosen und auserw\u00e4hlten Familie und insbesondere mit dem Verbliebenen Allahs auf Erden (Baqiyyatullah, Imam Mahdi).<\/span><\/p>\n<p><span style=\"font-family: georgia, palatino; font-size: 17px;\">Aller Lobpreis geb\u00fchrt dem allwissenden, allm\u00e4chtigen Gott, denn wieder einmal hat er dem islamischen Iran Ehre gebracht und die Gesichter dieser gro\u00dfen Nation erhellt. Dank der Bem\u00fchungen der Menschen und der Amtstr\u00e4ger verlief die schicksalhafte Pr\u00fcfung der Pr\u00e4sidentschaftswahlen unter schwierigen Umst\u00e4nden friedlich und ruhig, und der von der Nation gew\u00e4hlte Kandidat ist nun bereit, eine gro\u00dfe Verantwortung zu \u00fcbernehmen.<\/span><\/p>\n<p><span style=\"font-family: georgia, palatino; font-size: 17px;\">Nach der unvollendeten Amtszeit unseres verstorbenen M\u00e4rtyrer-Pr\u00e4sidenten ist die vierzehnte Pr\u00e4sidentschaftswahl eine der gr\u00f6\u00dften Ehren der iranischen Nation und ein Beweis f\u00fcr die Existenz eines stabilen islamischen Systems. Diese Wahl spiegelt die rationale, besonnene Natur der politischen Atmosph\u00e4re im Land wider. Die Tatsache, dass es bei \u00e4hnlichen Tests in verschiedenen Regionen der Welt zu unerw\u00fcnschten Ereignissen kam, unterstreicht die Besonderheit des Iran und der Iraner.<\/span><\/p>\n<p><span style=\"font-family: georgia, palatino; font-size: 17px;\">Nun danke ich all jenen, die bei der Schaffung dieser Ehre und in \u00dcbereinstimmung mit dem Willen unserer gro\u00dfartigen Nation eine Rolle gespielt haben, und bef\u00fcrworte ihre Wahl des weisen, ehrlichen, volksorientierten und gebildeten Dr. Masoud Pezeschkian. Hiermit ernenne ich ihn zum Pr\u00e4sidenten der Islamischen Republik Iran. Mit aufrichtigen Gebeten und W\u00fcnschen f\u00fcr seinen Erfolg m\u00f6chte ich daran erinnern, dass die Wahl der Nation und meine Unterst\u00fctzung so lange bestehen bleiben, wie er seinen konsequenten Ansatz verfolgt, dem geraden Weg des Islam und der Revolution zu folgen.<\/span><\/p>\n<p><span style=\"font-family: georgia, palatino; font-size: 17px;\">M\u00f6gen Gottes Gr\u00fc\u00dfe auf seinen rechtschaffenen Dienern ruhen.<\/span><\/p>\n<p><em><span style=\"font-family: georgia, palatino; font-size: 17px;\">Sayyid Ali Chamenei<\/span><\/em><\/p>\n<p><span style=\"font-family: georgia, palatino; font-size: 17px;\">28. Juli 2024<\/span><\/p>\n","protected":false},"excerpt":{"rendered":"<p>Nachfolgend das Dekret Imam Chameneis, zur Best\u00e4tigung der Pr\u00e4sidentschaft von Dr. Masoud Pezeshkian, das am 28. Juli 2024 erlassen wurde.<\/p>\n","protected":false},"author":1,"featured_media":2025,"comment_status":"closed","ping_status":"open","sticky":false,"template":"","format":"standard","meta":{"colormag_page_container_layout":"default_layout","colormag_page_sidebar_layout":"default_layout","footnotes":""},"categories":[36,30],"tags":[],"class_list":["post-2024","post","type-post","status-publish","format-standard","has-post-thumbnail","hentry","category-botschaft","category-iran"],"_links":{"self":[{"href":"http:\/\/www.ahl-ul-bait.de\/imam-chamenei\/wp-json\/wp\/v2\/posts\/2024","targetHints":{"allow":["GET"]}}],"collection":[{"href":"http:\/\/www.ahl-ul-bait.de\/imam-chamenei\/wp-json\/wp\/v2\/posts"}],"about":[{"href":"http:\/\/www.ahl-ul-bait.de\/imam-chamenei\/wp-json\/wp\/v2\/types\/post"}],"author":[{"embeddable":true,"href":"http:\/\/www.ahl-ul-bait.de\/imam-chamenei\/wp-json\/wp\/v2\/users\/1"}],"replies":[{"embeddable":true,"href":"http:\/\/www.ahl-ul-bait.de\/imam-chamenei\/wp-json\/wp\/v2\/comments?post=2024"}],"version-history":[{"count":3,"href":"http:\/\/www.ahl-ul-bait.de\/imam-chamenei\/wp-json\/wp\/v2\/posts\/2024\/revisions"}],"predecessor-version":[{"id":2028,"href":"http:\/\/www.ahl-ul-bait.de\/imam-chamenei\/wp-json\/wp\/v2\/posts\/2024\/revisions\/2028"}],"wp:featuredmedia":[{"embeddable":true,"href":"http:\/\/www.ahl-ul-bait.de\/imam-chamenei\/wp-json\/wp\/v2\/media\/2025"}],"wp:attachment":[{"href":"http:\/\/www.ahl-ul-bait.de\/imam-chamenei\/wp-json\/wp\/v2\/media?parent=2024"}],"wp:term":[{"taxonomy":"category","embeddable":true,"href":"http:\/\/www.ahl-ul-bait.de\/imam-chamenei\/wp-json\/wp\/v2\/categories?post=2024"},{"taxonomy":"post_tag","embeddable":true,"href":"http:\/\/www.ahl-ul-bait.de\/imam-chamenei\/wp-json\/wp\/v2\/tags?post=2024"}],"curies":[{"name":"wp","href":"https:\/\/api.w.org\/{rel}","templated":true}]}}