{"id":2070,"date":"2024-09-21T14:38:34","date_gmt":"2024-09-21T12:38:34","guid":{"rendered":"http:\/\/khamenei.de\/wordpress\/?p=2070"},"modified":"2024-10-03T06:23:15","modified_gmt":"2024-10-03T04:23:15","slug":"herstellung-der-einheit-ist-unsere-pflicht","status":"publish","type":"post","link":"http:\/\/www.ahl-ul-bait.de\/imam-chamenei\/2024\/09\/21\/herstellung-der-einheit-ist-unsere-pflicht\/","title":{"rendered":"Herstellung der Einheit ist unsere Pflicht"},"content":{"rendered":"\n<figure class=\"wp-block-gallery has-nested-images columns-default is-cropped wp-block-gallery-1 is-layout-flex wp-block-gallery-is-layout-flex\">\n<figure class=\"wp-block-image size-large\"><img loading=\"lazy\" decoding=\"async\" width=\"1024\" height=\"683\" data-id=\"2072\" src=\"http:\/\/ahl-ul-bait.de\/imam-chamenei\/wp-content\/uploads\/2024\/10\/4-1.jpg\" alt=\"\" class=\"wp-image-2072\" srcset=\"http:\/\/www.ahl-ul-bait.de\/imam-chamenei\/wp-content\/uploads\/2024\/10\/4-1.jpg 1024w, http:\/\/www.ahl-ul-bait.de\/imam-chamenei\/wp-content\/uploads\/2024\/10\/4-1-300x200.jpg 300w, http:\/\/www.ahl-ul-bait.de\/imam-chamenei\/wp-content\/uploads\/2024\/10\/4-1-768x512.jpg 768w\" sizes=\"auto, (max-width: 1024px) 100vw, 1024px\" \/><\/figure>\n\n\n\n<figure class=\"wp-block-image size-large\"><img loading=\"lazy\" decoding=\"async\" width=\"1024\" height=\"682\" data-id=\"2071\" src=\"http:\/\/ahl-ul-bait.de\/imam-chamenei\/wp-content\/uploads\/2024\/10\/2-1.jpg\" alt=\"\" class=\"wp-image-2071\" srcset=\"http:\/\/www.ahl-ul-bait.de\/imam-chamenei\/wp-content\/uploads\/2024\/10\/2-1.jpg 1024w, http:\/\/www.ahl-ul-bait.de\/imam-chamenei\/wp-content\/uploads\/2024\/10\/2-1-300x200.jpg 300w, http:\/\/www.ahl-ul-bait.de\/imam-chamenei\/wp-content\/uploads\/2024\/10\/2-1-768x512.jpg 768w\" sizes=\"auto, (max-width: 1024px) 100vw, 1024px\" \/><\/figure>\n\n\n\n<figure class=\"wp-block-image size-large\"><img loading=\"lazy\" decoding=\"async\" width=\"1024\" height=\"683\" data-id=\"2073\" src=\"http:\/\/ahl-ul-bait.de\/imam-chamenei\/wp-content\/uploads\/2024\/10\/3-1.jpg\" alt=\"\" class=\"wp-image-2073\" srcset=\"http:\/\/www.ahl-ul-bait.de\/imam-chamenei\/wp-content\/uploads\/2024\/10\/3-1.jpg 1024w, http:\/\/www.ahl-ul-bait.de\/imam-chamenei\/wp-content\/uploads\/2024\/10\/3-1-300x200.jpg 300w, http:\/\/www.ahl-ul-bait.de\/imam-chamenei\/wp-content\/uploads\/2024\/10\/3-1-768x512.jpg 768w\" sizes=\"auto, (max-width: 1024px) 100vw, 1024px\" \/><\/figure>\n<\/figure>\n\n\n<p>\u00a0<\/p>\n<p><span style=\"font-size: 17px; font-family: georgia, palatino;\"><i>Am 21. September 2024 hielt Imam Chamenei bei einem Treffen, anl\u00e4sslich des Geburtstages des Propheten Muhammad (Friede sei mit ihm und seiner Familie) und des geehrten Imam Dschafar Sadiq (Friede sei mit ihm) mit Geistlichen, Verantwortlichen und Botschaftern der islamischen L\u00e4ndern und den G\u00e4stern der Einheits-Konferenz, eine Rede. Es folgt die sinngem\u00e4\u00dfe \u00dcbersetzung der Rede aus dem <a href=\"https:\/\/farsi.khamenei.ir\/speech-content?id=57610\" target=\"_blank\" rel=\"noopener\">persischen Original<\/a>. Obwohl es f\u00fcr alle hier ver\u00f6ffentlichten Texte gilt, wird darauf verwiesen, dass die \u00dcbersetzung zu Dokumentationszwecken ohne jegliche Kommentierung erfolgt und die dargestellte Meinung nicht mit der Meinung der Herausgeber \u00fcbereinstimmen muss.<\/i><\/span><\/p>\n<hr \/>\n<p><span style=\"font-size: 17px; font-family: georgia, palatino;\"><b>Im Namen Allahs, des Gn\u00e4digen, des Begnadenden<\/b><\/span><\/p>\n<p><span style=\"font-size: 17px; font-family: georgia, palatino;\">Aller Dank ist Allahs, des Herrn der Welten, und der Frieden und Segen seien mit unserem Meister und Propheten Abul Qasim al-Mustafa Muhammad und seiner reinen, fehlerlosen und auserw\u00e4hlten Familie und insbesondere mit dem Verbliebenen Allahs auf Erden (Baqiyyatullah, Imam Mahdi).<\/span><\/p>\n<p><span style=\"font-size: 17px; font-family: georgia, palatino;\">Ich hei\u00dfe alle geehrten Br\u00fcder und Schwestern, die G\u00e4ste der Einheits-Woche, und die Vertreter der islamischen L\u00e4nder hier in Teheran herzlich willkommen. Ich gratuliere Ihnen zum Geburtstag des erhabenen Propheten (Friede sei mit ihm und seiner Familie) und Imam Sadiq (Friede sei mit ihm). M\u00f6ge der allm\u00e4chtige Gott diesen Tag zum Festtag f\u00fcr das iranische Volk und die gesamte islamische Umma und die Muslime der Welt machen. Ich danke unserem geehrten Pr\u00e4sidenten [Dr. Masoud Pezeschkian], der das heutige Haupt- und wichtige Thema in seiner guten Rede angesprochen hat, n\u00e4mlich das Thema der \u201eislamischen Einheit\u201c, auf das ich ebenfalls eingehen werde, so Gott will.<\/span><\/p>\n<p><span style=\"font-size: 17px; font-family: georgia, palatino;\">Der Geburtstag des Propheten (Friede sei mit ihm und seiner Familie) ist ein au\u00dfergew\u00f6hnlicher Tag in der Geschichte. Der Grund daf\u00fcr ist, dass die Geburt des edlen Propheten die notwendige und unumg\u00e4ngliche Voraussetzung f\u00fcr das endg\u00fcltige Prophetentum ist, und das endg\u00fcltige Prophetentum ist in der Tat die letzte und vollst\u00e4ndige Version f\u00fcr das Gl\u00fcck und die Erhebung der Menschheit. Daher ist der Geburtstag ein \u00e4u\u00dferst wichtiger Tag.<\/span><\/p>\n<p><span style=\"font-size: 17px; font-family: georgia, palatino;\">Ich m\u00f6chte einige Worte \u00fcber die allgemeine Bewegung der Propheten sagen. Wenn wir die allgemeine Bewegung der Menschheitsgeschichte mit einer Karawane vergleichen, die sich auf einem Weg bewegt, und die Menschheit sich in dieser historischen Bewegung im Lauf der Zeit fortbewegt, dann sind die g\u00f6ttlichen Propheten zweifellos die F\u00fchrer und Leiter dieser Karawane. Die g\u00f6ttlichen Propheten weisen nicht nur den Weg, sondern st\u00e4rken auch in den Individuen die F\u00e4higkeit der Orientierung und der Unterscheidung [zwischen Wahr- und Falschheit]. Es geht nicht nur darum, den Weg zu zeigen, sondern die Propheten erh\u00f6hen die F\u00e4higkeit zur Erkenntnis in jedem einzelnen Individuum aus der Menschheit. Wie Imam Ali (Friede sei mit ihm) sagt: <i>\u201eSo berief Er unter ihnen Gesandte und lie\u00df Seine Propheten aufeinander folgen, damit sie die Verpflichtung Seiner Sch\u00f6pfung erf\u00fcllen, (damit) sie (die Menschen) an Seine vergessenen Gnadengeschenke erinnern [&#8230;] und ihnen die Zeichen der Allmacht (Allahs) zeigen m\u00f6gen\u201c<\/i> [Nahdsch ul-Balagha \u2013 Pfad der Eloquenz, 1. Predigt]. So handeln die Propheten mit den Menschen: Sie erwecken die menschliche Natur, aktivieren die Kraft des Denkens und erm\u00f6glichen es der Menschheit so, sich nach vorne zu bewegen. Nat\u00fcrlich haben die Menschen im Laufe der Zeit in bestimmten Phasen auf die Propheten geh\u00f6rt, sind den von ihnen gezeigten Wegen gefolgt und haben die Ergebnisse gesehen; in anderen Phasen dagegen, haben sie den Propheten widersprochen, nicht auf sie geh\u00f6rt, ihre F\u00fchrung ignoriert und auch hier die schlechten Folgen und Ergebnisse gesehen. Diese verschiedenen Phasen in der Geschichte der Menschheit \u2013 manchmal haben sich einige anleiten und f\u00fchren lassen, andere nicht \u2013 haben die Erscheinungsformen der Geschichte der Menschheit hervorgebracht, das hei\u00dft die Gegens\u00e4tze, die Konfrontationen, das Recht und das Unrecht, die \u00dcberzeugung und das Abstreiten. Das ist das allgemeine Bild der Menschheitsgeschichte.<\/span><\/p>\n<p><span style=\"font-size: 17px; font-family: georgia, palatino;\">Die Propheten haben diese F\u00fchrung, F\u00fcrsorge und Einladung der Menschheit auf verschiedene Weisen ausge\u00fcbt. Der Quran hat all diese Methoden in verschiedenen Teilen dargelegt. Ich m\u00f6chte einige davon erw\u00e4hnen. An einer Stelle hei\u00dft es:\u00a0<\/span><\/p>\n<p style=\"text-align: right;\"><span style=\"font-size: 17px; font-family: georgia, palatino;\">\u0648\u064e\u0645\u064e\u0627 \u0639\u064e\u0644\u064e\u064a\u0652\u0646\u064e\u0627 \u0625\u0650\u0644\u0651\u064e\u0627 \u0627\u0644\u0652\u0628\u064e\u0644\u064e\u0627\u063a\u064f \u0627\u0644\u0652\u0645\u064f\u0628\u0650\u064a\u0646\u064f<\/span><\/p>\n<p><span style=\"font-size: 17px; font-family: georgia, palatino;\"><i>\u201eUnd uns obliegt lediglich die deutliche Verk\u00fcndigung.&#8220; <\/i>[Heiliger Quran, 36:17]. Es hei\u00dft, der Prophet hat nur die Aufgabe zu \u201everk\u00fcnden\u201c, nichts weiter. <i>\u201eUnd uns obliegt lediglich\u2026\u201c<\/i>, in einer bestimmten Situation ist es so. Aber in einer anderen Situation hei\u00dft es:\u00a0<\/span><\/p>\n<p style=\"text-align: right;\"><span style=\"font-size: 17px; font-family: georgia, palatino;\">\u0648\u064e\u0645\u064e\u0627 \u0623\u064e\u0631\u0652\u0633\u064e\u0644\u0652\u0646\u064e\u0627 \u0645\u0650\u0646 \u0631\u0651\u064e\u0633\u064f\u0648\u0644\u064d \u0625\u0650\u0644\u0651\u064e\u0627 \u0644\u0650\u064a\u064f\u0637\u064e\u0627\u0639\u064e \u0628\u0650\u0625\u0650\u0630\u0652\u0646\u0650 \u0627\u0644\u0644\u0651\u064e\u0647\u0650<\/span><\/p>\n<p><span style=\"font-size: 17px; font-family: georgia, palatino;\"><i>\u201eUnd nicht haben wir (jemanden) als Gesandten entsandt, au\u00dfer damit ihm gehorcht werden w\u00fcrde mit Erlaubnis Allahs.\u201c<\/i> [Heiliger Quran, 4:64]. Hier muss also \u201egehorsam\u201c praktiziert werden. Das hei\u00dft, sie m\u00fcssen eine politische Struktur aufbauen, die Gesellschaft in Bewegung setzen, und sind verpflichtet, zuzuh\u00f6ren, ihm zu gehorchen, und so weiter. An einer Stelle hei\u00dft es:\u00a0<\/span><\/p>\n<p style=\"text-align: right;\"><span style=\"font-size: 17px; font-family: georgia, palatino;\">\u0627\u062f\u0652\u0639\u064f \u0625\u0650\u0644\u064e\u0649\u0670 \u0633\u064e\u0628\u0650\u064a\u0644\u0650 \u0631\u064e\u0628\u0650\u0651\u0643\u064e \u0628\u0650\u0627\u0644\u0652\u062d\u0650\u0643\u0652\u0645\u064e\u0629\u0650 \u0648\u064e\u0627\u0644\u0652\u0645\u064e\u0648\u0652\u0639\u0650\u0638\u064e\u0629\u0650 \u0627\u0644\u0652\u062d\u064e\u0633\u064e\u0646\u064e\u0629\u0650<\/span><\/p>\n<p><span style=\"font-size: 17px; font-family: georgia, palatino;\"><i>\u201eRufe zum Weg deines Herrn mit dem Urteilsverm\u00f6gen und der Ermahnung der Wohltat.\u201c<\/i> [Heiliger Quran, 16:125]. Die Methode der Einladung ist so. An einer anderen Stelle hei\u00dft es:<\/span><\/p>\n<p style=\"text-align: right;\"><span style=\"font-size: 17px; font-family: georgia, palatino;\">\u0648\u064e\u0643\u064e\u0623\u064e\u064a\u0650\u0651\u0646 \u0645\u0650\u0651\u0646 \u0646\u0651\u064e\u0628\u0650\u064a\u064d\u0651 \u0642\u064e\u0627\u062a\u064e\u0644\u064e \u0645\u064e\u0639\u064e\u0647\u064f \u0631\u0650\u0628\u0650\u0651\u064a\u0651\u064f\u0648\u0646\u064e \u0643\u064e\u062b\u0650\u064a\u0631\u064c \u0641\u064e\u0645\u064e\u0627 \u0648\u064e\u0647\u064e\u0646\u064f\u0648\u0627 \u0644\u0650\u0645\u064e\u0627 \u0623\u064e\u0635\u064e\u0627\u0628\u064e\u0647\u064f\u0645\u0652 \u0641\u0650\u064a \u0633\u064e\u0628\u0650\u064a\u0644\u0650 \u0627\u0644\u0644\u0651\u064e\u0647\u0650<\/span><\/p>\n<p><span style=\"font-size: 17px; font-family: georgia, palatino;\"><i>\u201eUnd wie viele unter Propheten haben gek\u00e4mpft (gegen Feinde), mit ihnen vielen Theologen? So sind sie nicht entkr\u00e4ftet worden, f\u00fcr das, was auf Allahs Weg bei ihnen eingetroffen ist\u201c<\/i> [Heiliger Quran, 3:146]. An einer Stelle ist es mit sch\u00f6ner Sprache, an einer anderen mit milit\u00e4rischer Macht \u2013 es h\u00e4ngt von den Bedingungen ab. Oder an einer Stelle hei\u00dft es:\u00a0<\/span><\/p>\n<p style=\"text-align: right;\"><span style=\"font-size: 17px; font-family: georgia, palatino;\">\u00a0\u0641\u064e\u0628\u0650\u0645\u064e\u0627 \u0631\u064e\u062d\u0652\u0645\u064e\u0629\u064d \u0645\u0650\u0651\u0646\u064e \u0627\u0644\u0644\u0651\u064e\u0647\u0650 \u0644\u0650\u0646\u062a\u064e \u0644\u064e\u0647\u064f\u0645\u0652 \u06d6\u00a0 \u0648\u064e\u0644\u064e\u0648\u0652 \u0643\u064f\u0646\u062a\u064e \u0641\u064e\u0638\u0651\u064b\u0627 \u063a\u064e\u0644\u0650\u064a\u0638\u064e \u0627\u0644\u0652\u0642\u064e\u0644\u0652\u0628\u0650 \u0644\u064e\u0627\u0646\u0641\u064e\u0636\u0651\u064f\u0648\u0627 \u0645\u0650\u0646\u0652 \u062d\u064e\u0648\u0652\u0644\u0650\u0643\u064e<\/span><\/p>\n<p><span style=\"font-size: 17px; font-family: georgia, palatino;\"><i>\u201eSo f\u00fcr das, was Gnade von Allah ist, bist du f\u00fcr sie erweicht. Und w\u00e4rst du gewesen (mit) Schroffheit in Strenge des Herzens, gewiss h\u00e4tten sie sich um dich herum verstreut.\u201c<\/i> [Heiliger Quran, 3:159]. Der Ausdruck \u201eSchroffheit\u201c wird hier verwendet und die \u201eStrenge des Herzens\u201c. W\u00e4re es so gewesen, h\u00e4ttest du diese Bewegung nicht durchf\u00fchren k\u00f6nnen. An einer anderen Stelle hei\u00dft es:\u00a0<\/span><\/p>\n<p style=\"text-align: right;\"><span style=\"font-size: 17px; font-family: georgia, palatino;\">\u064a\u064e\u0627 \u0623\u064e\u064a\u0651\u064f\u0647\u064e\u0627 \u0627\u0644\u0646\u0651\u064e\u0628\u0650\u064a\u0651\u064f \u062c\u064e\u0627\u0647\u0650\u062f\u0650 \u0627\u0644\u0652\u0643\u064f\u0641\u0651\u064e\u0627\u0631\u064e \u0648\u064e\u0627\u0644\u0652\u0645\u064f\u0646\u064e\u0627\u0641\u0650\u0642\u0650\u064a\u0646\u064e \u0648\u064e\u0627\u063a\u0652\u0644\u064f\u0638\u0652 \u0639\u064e\u0644\u064e\u064a\u0652\u0647\u0650\u0645\u0652<\/span><\/p>\n<p><span style=\"font-size: 17px; font-family: georgia, palatino;\"><i>\u201eO du der Prophet! Strenge dich an gegen die Abstreiter und die Heuchler, und sei ihnen gegen\u00fcber streng.\u201c<\/i> [Heiliger Quran, 9:73]. Auch hier wird \u201eStrenge\u201c und H\u00e4rte empfohlen. Die Methode der Einladung ist also nicht immer gleich. Die Methode der Einladung der Propheten unterscheidet sich je nach verschiedenen Bedingungen, zu verschiedenen Zeiten und an verschiedenen Orten. Wenn wir also sagen, dass sie den Verstand der Menschheit erh\u00f6hen sollen, bedeutet dies, dass sie in jeder Zeit sehen m\u00fcssen, wie sie diese Einladung verbreiten und vorantreiben k\u00f6nnen.<\/span><\/p>\n<p><span style=\"font-size: 17px; font-family: georgia, palatino;\">Nun, was wir besprochen haben, ist eine Beschreibung. In dieser gro\u00dfen Karawane der Menschheitsgeschichte haben wir gesagt, dass die Propheten die Karawanenf\u00fchrer sind und unter diesen Reihen der Anf\u00fchrer und F\u00fchrer der Karawanen ist der wahre und endg\u00fcltige F\u00fchrer zweifellos der edle Prophet Muhammad (Friede sei mit ihm und seiner Familie). Wie es der gro\u00dfe Mystiker sagt:<\/span><\/p>\n<p><span style=\"font-size: 17px; font-family: georgia, palatino;\">\u201eAuf diesem Weg sind die Propheten wie Kamelhalter,<\/span><\/p>\n<p><span style=\"font-size: 17px; font-family: georgia, palatino;\">Sie sind die F\u00fchrer der Karawane.<\/span><\/p>\n<p><span style=\"font-size: 17px; font-family: georgia, palatino;\">Unter ihnen wurde unser Herr zum Anf\u00fchrer,<\/span><\/p>\n<p><span style=\"font-size: 17px; font-family: georgia, palatino;\">Er ist der Erste und der Letzte in dieser Angelegenheit.\u201c [Scheich Mahmoud Schabestari, \u201eGulshan-e-Raz\u201c (Der Rosengarten des Geheimnisses)].<\/span><\/p>\n<p><span style=\"font-size: 17px; font-family: georgia, palatino;\">Er ist der \u201eErste\u201c, da er an der Spitze der g\u00f6ttlichen Propheten steht. Er ist der \u201eLetzte\u201c, da er das vollkommenste und endg\u00fcltigste Programm Gottes der Menschheit anbietet.<\/span><\/p>\n<p><span style=\"font-size: 17px; font-family: georgia, palatino;\">Nun, der Geburtstag des Propheten ist nat\u00fcrlich der Tag des Aufgangs dieser Sonne, der Tag der Enth\u00fcllung dieses einzigartigen Juwels der Existenz. Daher ist es ein gro\u00dfer und wichtiger Tag. Wir sollten den Geburtstag des Propheten nicht untersch\u00e4tzen. Wir sollten aus ihm lernen. Blo\u00dfes Lob und Bewunderung gen\u00fcgen nicht. Die Lehren des Propheten sind vollst\u00e4ndige, umfassende und ganzheitliche Lehren f\u00fcr das gesamte Leben. Jeder Teil davon kann reichlich erkl\u00e4rt und beschrieben werden.<\/span><\/p>\n<p><span style=\"font-size: 17px; font-family: georgia, palatino;\">Einer dieser Lehren und Einladungen des Propheten \u2013 und vielleicht eine der gr\u00f6\u00dften prophetischen Lehren f\u00fcr uns \u2013 ist, wie ich sagen m\u00f6chte: \u201eUmma-Bildung\u201c, die Schaffung einer \u201eislamischen Umma\u201c. Die 13-j\u00e4hrige Zeit des Kampfes in Mekka f\u00fchrte zur Auswanderung [hidschra], die den Grundstein f\u00fcr die islamische Umma legte. Die islamische Umma begann mit der Auswanderung; sie setzte sich mit den Schwierigkeiten und H\u00e4rten des Lebens der Leute von Suffa [Eine Gruppe von Gef\u00e4hrten des Propheten, die nach der Auswanderung von Mekka nach Medina noch kein eigenes Zuhause, keine Unterkunft oder Lebensgrundlage hatten und auf der Plattform der Moschee \u2013 genannt \u201eSuffa\u201c \u2013 lebten und dort ihr Dasein fristeten] und den Menschen von Medina \u2013 den Auswanderern auf der einen Seite und den Helfern auf der anderen \u2013 fort. Die islamische Umma wurde durch die Anstrengungen, K\u00e4mpfe und Opferbereitschaft gefestigt und mit diesen Opfern w\u00e4hrend des gesegneten Lebens des Propheten und den Opfern und Hingaben nach seinem Tod blieb diese Umma bestehen. Nat\u00fcrlich h\u00e4tte sie besser gef\u00fchrt werden k\u00f6nnen, aber die islamische Umma, die der Prophet in Medina mit einer begrenzten Gemeinschaft gegr\u00fcndet hatte, blieb bestehen. Wir brauchen heute diese Lehre. Wir haben heute keine islamische Umma. Es gibt viele islamische L\u00e4nder, fast zwei Milliarden Muslime leben in der Welt, aber der Begriff \u201eUmma\u201c kann nicht auf diese Gemeinschaft angewendet werden, weil sie nicht einheitlich sind, weil sie nicht in dieselbe Richtung gehen.<\/span><\/p>\n<p><span style=\"font-size: 17px; font-family: georgia, palatino;\">Eine Umma ist eine Gruppe von Menschen, die sich in dieselbe Richtung bewegen, ein gemeinsames Ziel verfolgen und von einem einheitlichen Antrieb angetrieben werden. Bei uns ist das nicht der Fall \u2013 wir sind verstreut. Das Ergebnis dieser Zersplitterung ist die Herrschaft der Feinde des Islam. Diese Zersplitterung f\u00fchrt dazu, dass einige islamische L\u00e4nder das Gef\u00fchl haben, um \u00fcberleben zu k\u00f6nnen, m\u00fcssten sie sich auf die USA verlassen. W\u00e4ren wir nicht gespalten, g\u00e4be es dieses Bed\u00fcrfnis nicht. Wir k\u00f6nnten uns gegenseitig unterst\u00fctzen, unsere Ressourcen gemeinsam nutzen und eine Einheit bilden, die st\u00e4rker w\u00e4re als alle heutigen Gro\u00dfm\u00e4chte. Tats\u00e4chlich gab es eine Zeit, in der dies der Fall war \u2013 trotz aller Probleme und Kritikpunkte, die damals existierten, waren wir m\u00e4chtig, weil wir eins waren. Heute sind wir jedoch nicht mehr so. Dies ist die gr\u00f6\u00dfte Lehre, die wir heute ziehen sollten: Wir m\u00fcssen uns einander ann\u00e4hern.<\/span><\/p>\n<p><span style=\"font-size: 17px; font-family: georgia, palatino;\">Wir ben\u00f6tigen heute die Bildung einer islamischen Umma, und wir sollten danach streben. Wer kann in diesem Bereich helfen? Die Regierungen k\u00f6nnen Einfluss nehmen, aber ihr Engagement ist oft nicht stark genug. Diejenigen, die dieses Engagement st\u00e4rken k\u00f6nnen, sind die \u201eEliten\u201c der islamischen Welt, also Sie: Politiker, Gelehrte, Wissenschaftler, Akademiker, einflussreiche Denker, Dichter, Schriftsteller, politische und soziale Analysten. Sie alle k\u00f6nnen etwas bewirken. Stellen Sie sich vor, alle Medien der islamischen Welt w\u00fcrden zehn Jahre lang auf die Einheit der Muslime bestehen, Artikel schreiben, Dichter w\u00fcrden Gedichte verfassen, Analysten w\u00fcrden Analysen durchf\u00fchren, Universit\u00e4tsprofessoren w\u00fcrden dies erl\u00e4utern, religi\u00f6se Gelehrte w\u00fcrden Urteile f\u00e4llen \u2013 ohne Zweifel w\u00fcrde sich innerhalb dieser zehn Jahre die gesamte Situation vollst\u00e4ndig \u00e4ndern. Sobald die Nationen erwachen und sich f\u00fcr diese Einheit begeistern, sind die Regierungen gezwungen, in diese Richtung zu handeln. Die einflussreichen Menschen k\u00f6nnen dies bewirken. Es ist unsere Pflicht.<\/span><\/p>\n<p><span style=\"font-size: 17px; font-family: georgia, palatino;\">Nat\u00fcrlich hat das, was ich hier sage \u2013 die Schaffung dieser Einheit und Bildung einer islamischen Umma \u2013 auch Feinde, und zwar die Feinde des Islam. Betrachten Sie das sorgf\u00e4ltig: Es sind nicht nur Feinde eines bestimmten Landes, sondern Feinde des gesamten Islam. Auch wenn sie sich scheinbar einem Teil oder Gruppe der Muslime ann\u00e4hern, um einen anderen Teil oder Gruppe zu zerst\u00f6ren, so sind sie doch in Wirklichkeit gegen den Islam als Ganzes. Diese Feinde wollen nicht, dass eine islamische Umma gebildet wird. Sie wollen nicht, dass diese Einheit entsteht. Sie aktivieren die religi\u00f6sen Risse innerhalb der islamischen Welt.<\/span><\/p>\n<p><span style=\"font-size: 17px; font-family: georgia, palatino;\">Eine der problematischsten Bruchlinien in einer Gesellschaft ist die religi\u00f6se und ideologische Spaltung, \u00e4hnlich den Bruchlinien eines Erdbebens. Sobald diese Risse aktiviert werden, ist es sehr schwierig, sie wieder zu schlie\u00dfen. Die Kreuzz\u00fcge dauerten zweihundert Jahre und waren wahrhaftig Kriege, die auf religi\u00f6sem Fanatismus beruhten. Unsere Feinde lassen diese Einheit nicht zu und wollen sie verhindern. Wir m\u00fcssen die Absichten unserer Feinde \u00fcberwinden. Aus diesem Grund hat unser verehrter Imam [Chomeini] bereits vor dem Sieg der Revolution immer wieder auf die Einheit der islamischen Welt sowie die Einheit zwischen Schiiten und Sunniten hingewiesen. Die St\u00e4rke der islamischen Welt beruht auf dieser Einheit, w\u00e4hrend die Feinde genau das Gegenteil wollen und aktiv daran arbeiten, diese Einheit zu verhindern. Das ist die Lehre, die wir heute aus dem Leben des Propheten ziehen k\u00f6nnen.<\/span><\/p>\n<p><span style=\"font-size: 17px; font-family: georgia, palatino;\">Wir selbst und die Menschen in unserem Land m\u00fcssen jedoch auch verstehen, dass, wenn wir m\u00f6chten, dass unsere Botschaft der Einheit in der Welt als aufrichtig wahrgenommen wird, wir diese Einheit zuerst in unserem eigenen Land schaffen m\u00fcssen. Politische Meinungsverschiedenheiten, Differenzen und ideologische Spannungen d\u00fcrfen nicht die Zusammenarbeit, Solidarit\u00e4t und den Zusammenhalt unserer Nation beeintr\u00e4chtigen. Wir m\u00fcssen uns auf unsere wahren Ziele konzentrieren. Wenn das gelingt, wird der Feind nicht in der Lage sein, einem verdorbenen und b\u00f6sartigen Gebilde wie dem zionistischen Regime zu erlauben, solche Gr\u00e4ueltaten in der Region zu begehen. Schauen Sie, was das zionistische Regime heute tut! Sie begehen Verbrechen ohne Scham, ohne jegliche Heimlichkeit \u2013 in Gaza auf eine Art, im Westjordanland auf eine andere Art, im Libanon wieder anders und in Syrien auf eine weitere Art. Sie ver\u00fcben Verbrechen im wahrsten Sinne des Wortes. Ihre Gegner sind nicht Krieger, sondern einfache Menschen. In Pal\u00e4stina konnten sie den K\u00e4mpfern keinen Schaden zuf\u00fcgen, also entluden sie ihre barbarische Wut auf unschuldige Kinder, Patienten in Krankenh\u00e4usern und Sch\u00fcler in Schulen. Das geschieht, weil wir unsere eigene innere St\u00e4rke nicht nutzen. Wir m\u00fcssen diese innere Kraft nutzen. Sie kann das zionistische Regime \u2013 dieses b\u00f6sartige Krebsgeschw\u00fcr \u2013 aus dem Herzen der islamischen Gemeinschaft, aus Pal\u00e4stina, entfernen und die arrogante Einmischung und Dominanz der USA in dieser Region beenden. Wir k\u00f6nnen das schaffen.<\/span><\/p>\n<p><span style=\"font-size: 17px; font-family: georgia, palatino;\">Der erste Schritt, um die Einheit in der islamischen Welt gegen diese kriminelle und terroristische Bande, die \u00fcber Pal\u00e4stina herrscht und das Land zerst\u00f6rt hat, zu f\u00f6rdern, besteht heute darin, dass die islamischen L\u00e4nder jegliche wirtschaftlichen Beziehungen zu diesem kriminellen Regime vollst\u00e4ndig abbrechen. Das ist das Mindeste, was sie tun k\u00f6nnen, und es muss geschehen. Sie sollten die wirtschaftlichen Beziehungen beenden, die politischen Verbindungen schw\u00e4chen und die mediale und publizistische Kritik intensivieren. Sie m\u00fcssen deutlich zeigen, dass sie auf der Seite des unterdr\u00fcckten pal\u00e4stinensischen Volkes stehen.<\/span><\/p>\n<p><span style=\"font-size: 17px; font-family: georgia, palatino;\">Wir hoffen, dass der Allm\u00e4chtige Gott uns, die Regierungen, die Nationen, die Auserw\u00e4hlten und alle aktiven Gruppen leitet, damit wir diese Aufgabe erf\u00fcllen k\u00f6nnen.<\/span><\/p>\n<p><span style=\"font-size: 17px; font-family: georgia, palatino;\">M\u00f6gen Gottes Gr\u00fc\u00dfe, Gnade und Segen mit Euch sein.<\/span><\/p>\n<p>\u00a0<\/p>","protected":false},"excerpt":{"rendered":"<p>\u00a0 Am 21. September 2024 hielt Imam Chamenei bei einem Treffen, anl\u00e4sslich des Geburtstages des Propheten Muhammad (Friede sei mit<\/p>\n","protected":false},"author":1,"featured_media":2074,"comment_status":"closed","ping_status":"open","sticky":false,"template":"","format":"standard","meta":{"colormag_page_container_layout":"default_layout","colormag_page_sidebar_layout":"default_layout","footnotes":""},"categories":[61,27,39],"tags":[62],"class_list":["post-2070","post","type-post","status-publish","format-standard","has-post-thumbnail","hentry","category-islamische-ummah","category-palaestina","category-reden","tag-rede-zum-geburtstag-des-propheten"],"_links":{"self":[{"href":"http:\/\/www.ahl-ul-bait.de\/imam-chamenei\/wp-json\/wp\/v2\/posts\/2070","targetHints":{"allow":["GET"]}}],"collection":[{"href":"http:\/\/www.ahl-ul-bait.de\/imam-chamenei\/wp-json\/wp\/v2\/posts"}],"about":[{"href":"http:\/\/www.ahl-ul-bait.de\/imam-chamenei\/wp-json\/wp\/v2\/types\/post"}],"author":[{"embeddable":true,"href":"http:\/\/www.ahl-ul-bait.de\/imam-chamenei\/wp-json\/wp\/v2\/users\/1"}],"replies":[{"embeddable":true,"href":"http:\/\/www.ahl-ul-bait.de\/imam-chamenei\/wp-json\/wp\/v2\/comments?post=2070"}],"version-history":[{"count":1,"href":"http:\/\/www.ahl-ul-bait.de\/imam-chamenei\/wp-json\/wp\/v2\/posts\/2070\/revisions"}],"predecessor-version":[{"id":2075,"href":"http:\/\/www.ahl-ul-bait.de\/imam-chamenei\/wp-json\/wp\/v2\/posts\/2070\/revisions\/2075"}],"wp:featuredmedia":[{"embeddable":true,"href":"http:\/\/www.ahl-ul-bait.de\/imam-chamenei\/wp-json\/wp\/v2\/media\/2074"}],"wp:attachment":[{"href":"http:\/\/www.ahl-ul-bait.de\/imam-chamenei\/wp-json\/wp\/v2\/media?parent=2070"}],"wp:term":[{"taxonomy":"category","embeddable":true,"href":"http:\/\/www.ahl-ul-bait.de\/imam-chamenei\/wp-json\/wp\/v2\/categories?post=2070"},{"taxonomy":"post_tag","embeddable":true,"href":"http:\/\/www.ahl-ul-bait.de\/imam-chamenei\/wp-json\/wp\/v2\/tags?post=2070"}],"curies":[{"name":"wp","href":"https:\/\/api.w.org\/{rel}","templated":true}]}}