{"id":2085,"date":"2024-10-02T11:32:12","date_gmt":"2024-10-02T09:32:12","guid":{"rendered":"http:\/\/khamenei.de\/wordpress\/?p=2085"},"modified":"2025-02-08T10:57:49","modified_gmt":"2025-02-08T09:57:49","slug":"mit-entwicklung-der-wissenschaft-das-unheil-durch-arrogante-maechte-ueberwinden","status":"publish","type":"post","link":"http:\/\/www.ahl-ul-bait.de\/imam-chamenei\/2024\/10\/02\/mit-entwicklung-der-wissenschaft-das-unheil-durch-arrogante-maechte-ueberwinden\/","title":{"rendered":"Mit Entwicklung der Wissenschaft das Unheil durch arrogante M\u00e4chte \u00fcberwinden"},"content":{"rendered":"\n<figure class=\"wp-block-gallery has-nested-images columns-default is-cropped wp-block-gallery-1 is-layout-flex wp-block-gallery-is-layout-flex\">\n<figure class=\"wp-block-image size-large\"><img loading=\"lazy\" decoding=\"async\" width=\"1024\" height=\"683\" data-id=\"2087\" src=\"http:\/\/ahl-ul-bait.de\/imam-chamenei\/wp-content\/uploads\/2024\/10\/2-3.jpg\" alt=\"\" class=\"wp-image-2087\" srcset=\"http:\/\/www.ahl-ul-bait.de\/imam-chamenei\/wp-content\/uploads\/2024\/10\/2-3.jpg 1024w, http:\/\/www.ahl-ul-bait.de\/imam-chamenei\/wp-content\/uploads\/2024\/10\/2-3-300x200.jpg 300w, http:\/\/www.ahl-ul-bait.de\/imam-chamenei\/wp-content\/uploads\/2024\/10\/2-3-768x512.jpg 768w\" sizes=\"auto, (max-width: 1024px) 100vw, 1024px\" \/><\/figure>\n\n\n\n<figure class=\"wp-block-image size-large\"><img loading=\"lazy\" decoding=\"async\" width=\"1024\" height=\"683\" data-id=\"2088\" src=\"http:\/\/ahl-ul-bait.de\/imam-chamenei\/wp-content\/uploads\/2024\/10\/3-3.jpg\" alt=\"\" class=\"wp-image-2088\" srcset=\"http:\/\/www.ahl-ul-bait.de\/imam-chamenei\/wp-content\/uploads\/2024\/10\/3-3.jpg 1024w, http:\/\/www.ahl-ul-bait.de\/imam-chamenei\/wp-content\/uploads\/2024\/10\/3-3-300x200.jpg 300w, http:\/\/www.ahl-ul-bait.de\/imam-chamenei\/wp-content\/uploads\/2024\/10\/3-3-768x512.jpg 768w\" sizes=\"auto, (max-width: 1024px) 100vw, 1024px\" \/><\/figure>\n\n\n\n<figure class=\"wp-block-image size-large\"><img decoding=\"async\" data-id=\"2086\" src=\"http:\/\/ahl-ul-bait.de\/imam-chamenei\/wp-content\/uploads\/2024\/10\/4-3.jpg\" alt=\"\" class=\"wp-image-2086\"\/><\/figure>\n<\/figure>\n\n\n<p>\u00a0<\/p>\n<p><span style=\"font-family: georgia, palatino; font-size: 17px;\"><i>Am 2. Oktober 2024 hielt Imam Chamenei, bei einem Treffen mit den akademischen Eliten und herausragenden wissenschaftlichen Talenten, eine Rede. Es folgt die sinngem\u00e4\u00dfe \u00dcbersetzung der Rede aus dem <a href=\"https:\/\/farsi.khamenei.ir\/speech-content?id=57763\" target=\"_blank\" rel=\"noopener\">persischen Original<\/a>. Obwohl es f\u00fcr alle hier ver\u00f6ffentlichten Texte gilt, wird darauf verwiesen, dass die \u00dcbersetzung zu Dokumentationszwecken ohne jegliche Kommentierung erfolgt und die dargestellte Meinung nicht mit der Meinung der Herausgeber \u00fcbereinstimmen muss.<\/i><\/span><\/p>\n<hr \/>\n<p><span style=\"font-family: georgia, palatino; font-size: 17px;\"><b>Im Namen Allahs, des Gn\u00e4digen, des Begnadenden<\/b><\/span><\/p>\n<p><span style=\"font-family: georgia, palatino; font-size: 17px;\">Aller Dank ist Allahs, des Herrn der Welten, und der Frieden und Segen seien mit unserem Meister und Propheten Abul Qasim al-Mustafa Muhammad und seiner reinen, fehlerlosen und auserw\u00e4hlten Familie und insbesondere mit dem Verbliebenen Allahs auf Erden (Baqiyyatullah, Imam Mahdi).<\/span><\/p>\n<p><span style=\"font-family: georgia, palatino; font-size: 17px;\">Herzlich willkommen, ich freue mich sehr \u00fcber den Besuch dieser wertvollen und gesch\u00e4tzten Gemeinschaft. Bevor ich mit meinen Ausf\u00fchrungen beginne, m\u00f6chte ich ein paar Worte \u00fcber das Programm unserer Freunde sagen. Es wurden wirklich sehr gute Dinge gesagt. Sowohl das, was Herr Dr. Afschin als geplante Projekte und zuk\u00fcnftige Vorhaben erw\u00e4hnte, was einen froh und hoffnungsvoll macht, als auch die aufmerksamen \u00dcberlegungen, Worte, Untersuchungen und Vorschl\u00e4ge, die von diesen lieben Br\u00fcdern und Schwestern hier ge\u00e4u\u00dfert wurden, sind bemerkenswert und bedenkenswert. Nun, diese Worte wurden gesagt. Ich m\u00f6chte hier zwei Aspekte ansprechen.<\/span><\/p>\n<p><span style=\"font-family: georgia, palatino; font-size: 17px;\">Zum ersten Aspekt, zu den Worten des gesch\u00e4tzten Vizepr\u00e4sidenten: Nun, Sie sind gl\u00fccklicherweise mit der Jugend gesegnet, und eine der Eigenschaften der Jugend ist, dass der Geist aktiv wird, dass man arbeitet und gro\u00dfe Ziele ins Auge fasst, sei es in der ersten, zweiten oder dritten Ebene des Horizonts, was gut ist. Ich habe keinen Zweifel daran, dass dies eine positive Eigenschaft ist. Doch ein Mangel, den wir haben, ist, dass es uns an Nachverfolgung mangelt. Wir haben keine Knappheit an Pl\u00e4nen, Programmen, Richtlinien und Vorschl\u00e4gen in verschiedenen Bereichen \u2013 wie die Freunde hier erw\u00e4hnt haben \u2013 aber was uns fehlt, ist das Verfolgen der Umsetzung. Der Vorgesetzte entscheidet, gibt Anweisungen an den Stellvertreter, und dieser sagt: \u201eJa, verstanden.\u201c Der Stellvertreter gibt Anweisungen an den Direktor, und auch dieser sagt: \u201eJa, verstanden.\u201c Aber nach einem Jahr fragt weder der Vorgesetzte den Stellvertreter, was daraus geworden ist, noch fragt der Stellvertreter den Direktor, was geschehen ist. Daher bleibt die Arbeit unerledigt. Diese Punkte, die Sie angesprochen haben, sind sehr gut, und ich unterst\u00fctze sie voll und ganz. Aber sie m\u00fcssen nachverfolgt werden. \u00dcberlegen Sie, wie diese Dinge in die Praxis umgesetzt werden k\u00f6nnen. Das ist der erste Aspekt.<\/span><\/p>\n<p><span style=\"font-family: georgia, palatino; font-size: 17px;\">Der zweite Aspekt betrifft die Aussagen der jungen Leute, die hier gesprochen haben. Sieben der besten Talente dieses Landes haben hier \u00fcber verschiedene Themen gesprochen \u2013 das ist keine Kleinigkeit. Es ging um verschiedene Themen, von der Industrie bis zur Wirtschaft und den Geisteswissenschaften. Was machen wir nun mit diesen Worten? Wie sollten wir mit den Ideen dieser talentierten Menschen umgehen? Ich sage: Nehmen Sie diese Worte auf \u2013 einige Vorschl\u00e4ge sind vielleicht nicht umsetzbar, aber viele sind es. Finden Sie heraus, zu welcher staatlichen oder nichtstaatlichen Institution diese Vorschl\u00e4ge geh\u00f6ren, und fordern Sie sie es als Vizepr\u00e4sident ein. Wenn es um ein Thema wie (die K\u00fcstenregion) Makran geht, finden Sie heraus, welches Ministerium oder welche Beh\u00f6rde daf\u00fcr zust\u00e4ndig ist, und verfolgen Sie es bis zur Umsetzung. Nur gute Worte zu h\u00f6ren, bringt uns nicht weiter. Das war mein zweiter Aspekt. Ich m\u00f6chte von Herzen den Freunden danken, die hier \u00fcberlegte und gute Worte gesprochen haben.<\/span><\/p>\n<p><span style=\"font-family: georgia, palatino; font-size: 17px;\">In diesen Tagen sind wir in Trauer. Besonders ich selbst bin ernsthaft in Trauer. Das Ereignis, das geschehen ist, ist kein kleines Ereignis. Der Verlust von Sayyid Hassan Nasrallah ist kein geringes Ereignis und hat uns zutiefst in Trauer versetzt. Obwohl das derzeitige Klima im Land tats\u00e4chlich eine allgemeine Trauerstimmung ist und es sich im wahrsten Sinne des Wortes um Trauer handelt, habe ich dieses Treffen nicht verschoben. Dieses Treffen war bereits im Voraus geplant, und man h\u00e4tte sagen k\u00f6nnen, dass es beispielsweise auf n\u00e4chste Woche verschoben werden k\u00f6nnte. Das habe ich aber nicht getan. Ich dachte, dass dieses Thema nicht aufgeschoben werden sollte. Die Ausrichtung auf Exzellenz und Elitenf\u00f6rderung sollte nicht verz\u00f6gert werden. Deshalb haben wir dieses Treffen abgehalten. Diese Versammlung tr\u00e4gt eine Botschaft f\u00fcr uns. Sie besagt, dass wir zwar in Trauer sind, aber unsere Trauer bedeutet nicht, dass wir uns in Traurigkeit und Depression zur\u00fcckziehen und in einer Ecke sitzen. Unsere Trauer ist von der Art der Trauer des Herrn der M\u00e4rtyrer (Frieden sei mit ihm). Sie ist lebendig und lebensspendend. Wir trauern, aber diese Trauer treibt uns zu mehr Bewegung, Fortschritt und Arbeitsfreude an. Ich m\u00f6chte, dass wir diese Botschaft in unser Herz und unsere Seele eindringen lassen, sie wirklich f\u00fchlen, dass auch unsere Trauer uns voranbringen sollte. Nat\u00fcrlich habe ich noch einige Bemerkungen zu den Angelegenheiten des Libanon und dem, was mit diesem gro\u00dfen und geliebten M\u00e4rtyrer zu tun hat, die ich, so Gott will, in naher Zukunft \u00e4u\u00dfern werde.<\/span><\/p>\n<p><span style=\"font-family: georgia, palatino; font-size: 17px;\">Zum Thema der Talente m\u00f6chte ich drei Aspekte ansprechen: Erstens, die Bedeutung der Talente in unserem Land; zweitens, wie wir Talente bewahren und vermehren k\u00f6nnen; und drittens, welche Verantwortung diese Talente selbst tragen. Der wichtigste Faktor f\u00fcr die Schaffung von Talenten ist die Intelligenz, und in dieser Hinsicht geh\u00f6rt unser Land zu den f\u00fchrenden in der Welt. Ein Bericht aus dem Jahr 2024 zeigt, dass Iran im weltweiten Vergleich bei der durchschnittlichen Intelligenz an dritter Stelle steht. Diese geistige Ressource ist unser gr\u00f6\u00dftes Kapital und wertvoller als alle nat\u00fcrlichen Ressourcen, die wir besitzen.<\/span><\/p>\n<p><span style=\"font-family: georgia, palatino; font-size: 17px;\">Nat\u00fcrlich wurde vor der Revolution \u00fcberhaupt nicht auf das Thema der Elite und Elitenf\u00f6rderung geachtet. Der Fokus lag auf anderen Dingen. Man hat sich nicht um die intellektuellen und geistigen Eliten gek\u00fcmmert. Nach der Revolution jedoch begann diese Arbeit. In den ersten Jahren der Revolution, als junge Menschen die M\u00f6glichkeit bekamen, in verschiedene Bereiche einzutreten, ging ich in den S\u00fcden des Landes. Ich glaube, es war vielleicht 1979 oder 1980. Dort hatten junge Leute von der gerade gegr\u00fcndeten \u201eDschihad-e Sazandegi\u201c [Aufbau-Dschihad] einen Getreidespeicher gebaut, auch wenn es ein kleiner Speicher war. Ein Getreidespeicher ist wohl eine komplexe Technologie. Sie sagten mir, dass sie in der Lage seien, f\u00fcr das Land Getreidespeicher zu bauen. Dieser junge Mensch hatte also den Mut, diese Behauptung aufzustellen. Die jungen Menschen gingen an die Arbeit, bekamen auch die n\u00f6tige Unterst\u00fctzung und erreichten Punkte, an denen der Bau von Getreidespeichern keine gro\u00dfe Sache mehr war. Diese jungen Menschen haben noch viel bedeutendere Aufgaben bew\u00e4ltigt, sowohl im Bereich des Bau-Dschihads als auch in anderen Bereichen. Nach der Revolution wurde auf die F\u00e4higkeiten junger Eliten im Land geachtet. Jedoch wird dies im Land nicht ausreichend, nicht in dem Ma\u00dfe, wie es verdient, anerkannt. Es muss mehr in diesem Bereich getan werden.<\/span><\/p>\n<p><span style=\"font-family: georgia, palatino; font-size: 17px;\">Wir brauchen in vielen Bereichen genau das, was Sie hier angesprochen haben. Sie haben das Wasserproblem erw\u00e4hnt. Wir brauchen dieselbe Geisteshaltung und denselben Einsatz auch im \u00d6lsektor, im Gassektor, im Bereich der Kernenergie, in der Nanotechnologie, in verschiedenen anderen Bereichen, in neuen Wissenschaften wie der K\u00fcnstlichen Intelligenz und anderen Disziplinen. Wir m\u00fcssen die Eliten in diese Bereiche einbeziehen. Das ist eine der wichtigen Aufgaben. Meiner Meinung nach geh\u00f6rt das zu den Aufgaben, die die Wissenschaftsabteilung des Pr\u00e4sidenten \u00fcbernehmen kann. Die Gr\u00fcndung der Elite-Stiftung, die vor vielen Jahren vorgeschlagen wurde und gl\u00fccklicherweise von den Verantwortlichen akzeptiert und ins Leben gerufen wurde, diente genau diesem Zweck: Eliten zu identifizieren und sie zu wichtigen Aufgaben zu motivieren. Das war der erste Aspekt, das Thema der Realit\u00e4t der Elite im Land.<\/span><\/p>\n<p><span style=\"font-family: georgia, palatino; font-size: 17px;\">Was den Erhalt und die Vermehrung der Eliten betrifft, so sage ich, dass wir, um die Elite erstens als solche zu bewahren und zweitens, damit das Land von ihr profitiert und sie nicht von falschen Hoffnungen auf die Flucht aus dem Land getrieben wird, bestimmte Ma\u00dfnahmen ergreifen m\u00fcssen. Die wichtigste Aufgabe besteht darin, dass die Elite das Gef\u00fchl hat, dass sie im Land Einfluss hat. Das ist es, wonach die Elite strebt. Eine Elite, ein junger Mensch mit au\u00dfergew\u00f6hnlichen F\u00e4higkeiten, m\u00f6chte, dass das Land von seinen intellektuellen und wissenschaftlichen Errungenschaften profitiert. Wenn eine Elite an eine Universit\u00e4t kommt und vor verschlossenen T\u00fcren steht, wenn sie auf das gleiche Hindernis in Forschungseinrichtungen und staatlichen Institutionen trifft, wird sie, selbst wenn sie im Land bleibt, nicht l\u00e4nger eine Elite bleiben und sich einer anderen Besch\u00e4ftigung widmen. Es gibt vielleicht sogar F\u00e4lle, in denen eine Elite aus finanziellen Gr\u00fcnden Taxifahrer wird! Wir d\u00fcrfen nicht zulassen, dass die Elite das Gef\u00fchl hat, dass ihre Existenz nutzlos ist. Sie muss ihre Wirksamkeit sp\u00fcren. Nehmen wir an, heute ist eine Elite im Bereich Physik oder Mathematik vorhanden, wohin soll sie sich wenden? Sie m\u00f6chte eine wirkungsvolle Rolle spielen. Sie hat studiert und ein hohes Niveau erreicht. Wo kann sie in unserem Land hingehen, damit das Land von ihrem Wissen und ihren F\u00e4higkeiten profitiert? Ich glaube, dass die wissenschaftliche Abteilung des Pr\u00e4sidenten hier eine vermittelnde Rolle spielen kann, und es w\u00e4re gut, wenn man sich dieser Aufgabe widmen und sie verfolgen w\u00fcrde. Dies war der erste Aspekt: Alle Regierungs- und Nichtregierungsinstitutionen sollten sich bem\u00fchen, die Elite zu nutzen, damit sie das Gef\u00fchl hat, dass sie gebraucht wird.<\/span><\/p>\n<p><span style=\"font-family: georgia, palatino; font-size: 17px;\">Zweitens: Die Elite muss das Gef\u00fchl haben, dass sie wachsen kann. Viele unserer jungen Menschen haben gro\u00dfartige wissenschaftliche Erfolge erzielt, sind aber nicht zufrieden. Sie m\u00f6chten weiter forschen, sie wollen wachsen, sie wollen mehr Wissen erlangen. Viele Eliten, die das Land verlassen, tun dies aus diesem Grund. Man sollte nicht annehmen, dass sie das Land verlassen, weil sie entt\u00e4uscht sind. Nein, sie glauben einfach, dass sie in anderen L\u00e4ndern \u2013 ob das wahr ist oder nicht, wei\u00df ich nicht \u2013 mehr M\u00f6glichkeiten haben zu forschen und mehr zu lernen. Wir sollten ihnen diese Forschungsm\u00f6glichkeiten hier bieten, und daf\u00fcr sind Labore, gro\u00dfe Werkst\u00e4tten und Verbindungen zu Industrie, Landwirtschaft und Bergbau notwendig. Beispielsweise k\u00f6nnte ein Student, der in der Landwirtschaft arbeitet, Vorschl\u00e4ge zur Verbesserung der Wasser- und Saatgutausbeute haben. Er muss wissen, dass er diese Vorschl\u00e4ge hier umsetzen kann, und das wird durch Verbindungen zwischen Universit\u00e4ten, Industrie und dergleichen erm\u00f6glicht. Dies ist auch ein Thema: Wege zu finden, um Forschungsm\u00f6glichkeiten und die Erweiterung des Wissens zu erm\u00f6glichen.<\/span><\/p>\n<p><span style=\"font-family: georgia, palatino; font-size: 17px;\">Ein weiterer wichtiger Bereich f\u00fcr die Einbindung der Eliten ist die Gr\u00fcndung von Think-Tanks, die in unserem Land derzeit jedoch nur mit staatlicher Unterst\u00fctzung m\u00f6glich sind. Vielleicht wird es in Zukunft anders sein, aber im Moment ist staatliche Unterst\u00fctzung notwendig, wenn wir aktive Think-Tanks haben wollen. Diese Think-Tanks werden zum Treffpunkt der Eliten in jedem Fachgebiet und motivieren sie zur Arbeit. Ich glaube, dass die Wissenschaftsabteilung des Pr\u00e4sidenten auch die Verbindung zwischen diesen Think-Tanks und den relevanten Institutionen herstellen kann. Nat\u00fcrlich m\u00fcssen B\u00fcrokratien abgeschafft werden. In vielen Bereichen haben wir zu viel B\u00fcrokratie, die manchmal sch\u00e4dlich, aber nicht t\u00f6dlich ist. Im sensiblen Umgang mit Eliten kann B\u00fcrokratie jedoch verheerend sein, da sie sie verz\u00f6gert und frustriert. Dies war der zweite Aspekt: Die Wissenschaftsabteilung des Pr\u00e4sidenten sollte das Beste aus den talentierten und herausragenden Menschen machen.<\/span><\/p>\n<p><span style=\"font-family: georgia, palatino; font-size: 17px;\">Der dritte Aspekt betrifft die Verantwortung der Eliten. Die erste Botschaft ist, dass die Elite \u201everantwortlich\u201c ist. Eine Elite ist wie alle anderen Mitglieder der Gesellschaft: <i>\u201eIhr seid alle wie Hirten und jeder von euch ist verantwortlich f\u00fcr das ihm Anvertraute\u201c<\/i> [Meniyat al-Murid, 381. Seite]. \u00dcberall, wo Ihr seid, tragt Ihr Verantwortung. Eines der verantwortlichen Elemente in der Gesellschaft ist die Elite. Die Verantwortung der Elite ist jedoch gr\u00f6\u00dfer als die der durchschnittlichen Bev\u00f6lkerung, weil sie mehr von g\u00f6ttlicher Gnade erhalten hat. Je mehr ihr von Gottes Gnade empfangt, desto gr\u00f6\u00dfer wird eure Verantwortung: Ihr erlangt Macht, Ansehen, Wissen und Wohlstand, was alles g\u00f6ttliche Gaben sind:<\/span><\/p>\n<p style=\"text-align: right;\"><span style=\"font-family: georgia, palatino; font-size: 17px;\">\u0648\u064e\u0645\u064e\u0627 \u0628\u0650\u0643\u064f\u0645 \u0645\u0650\u0651\u0646 \u0646\u0650\u0651\u0639\u0652\u0645\u064e\u0629\u064d \u0641\u064e\u0645\u0650\u0646\u064e \u0627\u0644\u0644\u0651\u064e\u0647\u0650<\/span><\/p>\n<p><span style=\"font-family: georgia, palatino; font-size: 17px;\"><i>\u201eUnd was bei euch an Gunst ist, so ist es von Allah.\u201c<\/i> [Heiliger Quran, 16:53]. All dies kommt von Gott, also vergr\u00f6\u00dfert es die Verantwortung. Daher ist die erste Botschaft, dass Eliten Verantwortung tragen.<\/span><\/p>\n<p><span style=\"font-family: georgia, palatino; font-size: 17px;\">Der zweite Aspekt (hierbei): Eine wichtige Aufgabe, die heute im Land besteht, ist die \u201eneue wissenschaftliche Bewegung\u201c. Vor einigen Jahren wurde das Thema Wissenschaft, das Streben nach Wissen und das \u00dcberschreiten der Grenzen der Wissenschaft angesprochen. Dies wurde begr\u00fc\u00dft, die Institutionen verfolgten es, die Universit\u00e4ten verfolgten es, die Wissenschaftler verfolgten es, und es zeigte Wirkung. Es wurde gesagt, dass die wissenschaftliche Wachstumsrate des Landes etwa dreizehnmal schneller sei als der weltweite Durchschnitt, was sehr bedeutend ist. Das wissenschaftliche Fortschrittstempo war so hoch. Nat\u00fcrlich sagte ich damals, dass wir uns nicht von diesen Statistiken blenden lassen sollten, da wir immer noch weit zur\u00fcckliegen. Wir m\u00fcssen unser Tempo auf diesem Niveau halten, doch es hat etwas nachgelassen und wurde nicht in der gleichen Intensit\u00e4t fortgesetzt. Die wissenschaftlichen Entwicklungen in der Welt sind sehr schnell, und als Menschen der Wissenschaft seht ihr selbst, wie rasch diese Fortschritte geschehen. Wir brauchen eine neue Bewegung, einen neuen Vorsto\u00df, eine neue wissenschaftliche Revolution und wer soll das tun? Ihr, die Eliten! Nat\u00fcrlich tragen die Universit\u00e4ten, die verschiedenen wissenschaftlichen Einrichtungen, Forschungszentren und \u00c4hnliches ebenfalls Verantwortung, aber der Hauptakteur ist die Eliteperson. Strebt nach einem wissenschaftlichen Aufbruch, das ist euer Dschihad. Nat\u00fcrlich hindere ich euch nicht an anderen Arten des Dschihad \u2013 wie finanziellem Dschihad, dem Aufkl\u00e4rungs-Dschihad und \u00c4hnlichem \u2013 aber der wichtigste Dschihad f\u00fcr euch Eliten ist dieser wissenschaftliche Vorsto\u00df, der wissenschaftliche Aufbruch und das Streben nach wissenschaftlicher \u00dcberlegenheit gegen\u00fcber euren Rivalen und Feinden.<\/span><\/p>\n<p><span style=\"font-family: georgia, palatino; font-size: 17px;\">Wir m\u00fcssen wissenschaftlich \u00fcberlegen sein, da wir Feinde haben. Es gibt Gr\u00fcnde daf\u00fcr, die wir in dieser Sitzung nicht n\u00e4her erl\u00e4utern k\u00f6nnen, aber jedes Land, jede Nation hat Rivalen, Neider und Feinde, und wir haben mehr als viele andere L\u00e4nder. Wir m\u00fcssen sie durch wissenschaftliche \u00dcberlegenheit \u00fcberwinden. Wenn wir irgendwo einen Vorteil hatten, war dies oft das Ergebnis wissenschaftlicher und technologischer \u00dcberlegenheit. Ich habe mir hier notiert, dass wissenschaftliche und technologische \u00dcberlegenheit manchmal die Hand des Feindes daran hindern kann, gro\u00dfen Bev\u00f6lkerungen wie in Gaza oder Dahiya Schaden zuzuf\u00fcgen. Wenn wir wissenschaftlich beispielsweise im Bereich der R\u00fcstung weiter vorangekommen w\u00e4ren, h\u00e4tte dies sicherlich Auswirkungen auf die Situation in der Region gehabt und h\u00e4tte m\u00f6glicherweise verhindert, dass diese verheerenden Kriege entfacht w\u00e4ren oder sie h\u00e4tten gel\u00f6scht werden k\u00f6nnen.<\/span><\/p>\n<p><span style=\"font-family: georgia, palatino; font-size: 17px;\">Eine weitere Empfehlung an die Eliten betrifft die \u201eGr\u00fcndung von wissenschaftsbasierten Unternehmen\u201c. Das Ziel im Entwicklungsplan sieht offenbar 30.000 dieser Unternehmen vor, aber wir sind noch weit davon entfernt. Nat\u00fcrlich sollte man auch den Titel \u201ewissenschaftsbasiertes Unternehmen\u201c nicht entwerten. Es sollte nicht so gehandhabt werden, dass einfach Unternehmen gegr\u00fcndet werden, die dem Begriff nicht gerecht werden. Sie m\u00fcssen wirklich wissensbasiert sein, und es m\u00fcssen strenge Bewertungsstandards angewendet werden. Aber die Anzahl dieser Unternehmen muss erh\u00f6ht werden. Das ist eine Aufgabe f\u00fcr die Eliten.<\/span><\/p>\n<p><span style=\"font-family: georgia, palatino; font-size: 17px;\">Ich bin fertig (mit meinen Ausf\u00fchrungen). Auf die Angelegenheiten von Gaza und Libanon werde ich, so wie ich bereits sagte, so Gott will, wenn mir noch Lebenszeit verbleibt, (ein anderes Mal) eingehen. Ich m\u00f6chte nur ein Wort hinzuf\u00fcgen: In unserer Region liegt die eigentliche Ursache f\u00fcr die Konflikte, Kriege, Unruhen und Feindseligkeiten im Dasein jener, die von Frieden und Ruhe in der Region sprechen \u2013 n\u00e4mlich die USA und einige europ\u00e4ische L\u00e4nder. Wenn sie ihr \u00dcbel von dieser Region abwenden w\u00fcrden, w\u00fcrden diese Konflikte, Kriege und Unruhen zweifellos verschwinden, und die L\u00e4nder der Region k\u00f6nnten sich selbst und ihre Region regieren und in Frieden und Sicherheit zusammenleben. Einmal haben sie ein Land wie den Irak provoziert, jemanden wie Saddam angestachelt, und als Folge ereigneten sich all diese bitteren und schwierigen Ereignisse. Heute sind er und seine Unterst\u00fctzer weg und die Freundschaft zwischen den beiden L\u00e4ndern [Iran und Irak] zeigt sich, beispielsweise im Arbain-Marsch, den viele von euch aus n\u00e4chster N\u00e4he gesehen haben. So ist die Situation und Lage und es ist auch mit den anderen L\u00e4ndern dasselbe. Die heute von Frieden in der Region sprechen, aber l\u00fcgen: Ihre Anwesenheit ist die Hauptursache f\u00fcr die Probleme dieser Region. Wir hoffen, dass wir mit Gottes Hilfe, durch den hohen Einsatz des iranischen Volkes und durch die Inspiration der Islamischen Revolution sowie durch die Zusammenarbeit mit anderen Nationen das \u00dcbel der Feinde aus dieser Region entfernen k\u00f6nnen, so Gott will.<\/span><\/p>\n<p><span style=\"font-family: georgia, palatino; font-size: 17px;\">M\u00f6gen Gottes Gr\u00fc\u00dfe, Gnade und Segen mit Euch sein.<\/span><\/p>","protected":false},"excerpt":{"rendered":"<p>\u00a0 Am 2. Oktober 2024 hielt Imam Chamenei, bei einem Treffen mit den akademischen Eliten und herausragenden wissenschaftlichen Talenten, eine<\/p>\n","protected":false},"author":1,"featured_media":2089,"comment_status":"closed","ping_status":"open","sticky":false,"template":"","format":"standard","meta":{"colormag_page_container_layout":"default_layout","colormag_page_sidebar_layout":"default_layout","footnotes":""},"categories":[30,47,39,42],"tags":[],"class_list":["post-2085","post","type-post","status-publish","format-standard","has-post-thumbnail","hentry","category-iran","category-jugend","category-reden","category-wissenschaft"],"_links":{"self":[{"href":"http:\/\/www.ahl-ul-bait.de\/imam-chamenei\/wp-json\/wp\/v2\/posts\/2085","targetHints":{"allow":["GET"]}}],"collection":[{"href":"http:\/\/www.ahl-ul-bait.de\/imam-chamenei\/wp-json\/wp\/v2\/posts"}],"about":[{"href":"http:\/\/www.ahl-ul-bait.de\/imam-chamenei\/wp-json\/wp\/v2\/types\/post"}],"author":[{"embeddable":true,"href":"http:\/\/www.ahl-ul-bait.de\/imam-chamenei\/wp-json\/wp\/v2\/users\/1"}],"replies":[{"embeddable":true,"href":"http:\/\/www.ahl-ul-bait.de\/imam-chamenei\/wp-json\/wp\/v2\/comments?post=2085"}],"version-history":[{"count":1,"href":"http:\/\/www.ahl-ul-bait.de\/imam-chamenei\/wp-json\/wp\/v2\/posts\/2085\/revisions"}],"predecessor-version":[{"id":2090,"href":"http:\/\/www.ahl-ul-bait.de\/imam-chamenei\/wp-json\/wp\/v2\/posts\/2085\/revisions\/2090"}],"wp:featuredmedia":[{"embeddable":true,"href":"http:\/\/www.ahl-ul-bait.de\/imam-chamenei\/wp-json\/wp\/v2\/media\/2089"}],"wp:attachment":[{"href":"http:\/\/www.ahl-ul-bait.de\/imam-chamenei\/wp-json\/wp\/v2\/media?parent=2085"}],"wp:term":[{"taxonomy":"category","embeddable":true,"href":"http:\/\/www.ahl-ul-bait.de\/imam-chamenei\/wp-json\/wp\/v2\/categories?post=2085"},{"taxonomy":"post_tag","embeddable":true,"href":"http:\/\/www.ahl-ul-bait.de\/imam-chamenei\/wp-json\/wp\/v2\/tags?post=2085"}],"curies":[{"name":"wp","href":"https:\/\/api.w.org\/{rel}","templated":true}]}}