{"id":2091,"date":"2024-08-27T19:57:41","date_gmt":"2024-08-27T17:57:41","guid":{"rendered":"http:\/\/khamenei.de\/wordpress\/?p=2091"},"modified":"2024-10-05T19:37:05","modified_gmt":"2024-10-05T17:37:05","slug":"imam-chameneis-ratschlaege-an-die-neue-regierung","status":"publish","type":"post","link":"http:\/\/www.ahl-ul-bait.de\/imam-chamenei\/2024\/08\/27\/imam-chameneis-ratschlaege-an-die-neue-regierung\/","title":{"rendered":"Imam Chameneis Ratschl\u00e4ge an die neue Regierung"},"content":{"rendered":"\n<figure class=\"wp-block-gallery has-nested-images columns-default is-cropped wp-block-gallery-1 is-layout-flex wp-block-gallery-is-layout-flex\">\n<figure class=\"wp-block-image size-large\"><img loading=\"lazy\" decoding=\"async\" width=\"1024\" height=\"683\" data-id=\"2092\" src=\"http:\/\/ahl-ul-bait.de\/imam-chamenei\/wp-content\/uploads\/2024\/10\/2-4.jpg\" alt=\"\" class=\"wp-image-2092\" srcset=\"http:\/\/www.ahl-ul-bait.de\/imam-chamenei\/wp-content\/uploads\/2024\/10\/2-4.jpg 1024w, http:\/\/www.ahl-ul-bait.de\/imam-chamenei\/wp-content\/uploads\/2024\/10\/2-4-300x200.jpg 300w, http:\/\/www.ahl-ul-bait.de\/imam-chamenei\/wp-content\/uploads\/2024\/10\/2-4-768x512.jpg 768w\" sizes=\"auto, (max-width: 1024px) 100vw, 1024px\" \/><\/figure>\n\n\n\n<figure class=\"wp-block-image size-large\"><img loading=\"lazy\" decoding=\"async\" width=\"1024\" height=\"683\" data-id=\"2093\" src=\"http:\/\/ahl-ul-bait.de\/imam-chamenei\/wp-content\/uploads\/2024\/10\/3-4.jpg\" alt=\"\" class=\"wp-image-2093\" srcset=\"http:\/\/www.ahl-ul-bait.de\/imam-chamenei\/wp-content\/uploads\/2024\/10\/3-4.jpg 1024w, http:\/\/www.ahl-ul-bait.de\/imam-chamenei\/wp-content\/uploads\/2024\/10\/3-4-300x200.jpg 300w, http:\/\/www.ahl-ul-bait.de\/imam-chamenei\/wp-content\/uploads\/2024\/10\/3-4-768x512.jpg 768w\" sizes=\"auto, (max-width: 1024px) 100vw, 1024px\" \/><\/figure>\n\n\n\n<figure class=\"wp-block-image size-large\"><img loading=\"lazy\" decoding=\"async\" width=\"1024\" height=\"683\" data-id=\"2095\" src=\"http:\/\/ahl-ul-bait.de\/imam-chamenei\/wp-content\/uploads\/2024\/10\/4-4.jpg\" alt=\"\" class=\"wp-image-2095\" srcset=\"http:\/\/www.ahl-ul-bait.de\/imam-chamenei\/wp-content\/uploads\/2024\/10\/4-4.jpg 1024w, http:\/\/www.ahl-ul-bait.de\/imam-chamenei\/wp-content\/uploads\/2024\/10\/4-4-300x200.jpg 300w, http:\/\/www.ahl-ul-bait.de\/imam-chamenei\/wp-content\/uploads\/2024\/10\/4-4-768x512.jpg 768w\" sizes=\"auto, (max-width: 1024px) 100vw, 1024px\" \/><\/figure>\n\n\n\n<figure class=\"wp-block-image size-large\"><img loading=\"lazy\" decoding=\"async\" width=\"1024\" height=\"683\" data-id=\"2097\" src=\"http:\/\/ahl-ul-bait.de\/imam-chamenei\/wp-content\/uploads\/2024\/10\/5-1.jpg\" alt=\"\" class=\"wp-image-2097\" srcset=\"http:\/\/www.ahl-ul-bait.de\/imam-chamenei\/wp-content\/uploads\/2024\/10\/5-1.jpg 1024w, http:\/\/www.ahl-ul-bait.de\/imam-chamenei\/wp-content\/uploads\/2024\/10\/5-1-300x200.jpg 300w, http:\/\/www.ahl-ul-bait.de\/imam-chamenei\/wp-content\/uploads\/2024\/10\/5-1-768x512.jpg 768w\" sizes=\"auto, (max-width: 1024px) 100vw, 1024px\" \/><\/figure>\n\n\n\n<figure class=\"wp-block-image size-large\"><img loading=\"lazy\" decoding=\"async\" width=\"1024\" height=\"683\" data-id=\"2096\" src=\"http:\/\/ahl-ul-bait.de\/imam-chamenei\/wp-content\/uploads\/2024\/10\/6-1.jpg\" alt=\"\" class=\"wp-image-2096\" srcset=\"http:\/\/www.ahl-ul-bait.de\/imam-chamenei\/wp-content\/uploads\/2024\/10\/6-1.jpg 1024w, http:\/\/www.ahl-ul-bait.de\/imam-chamenei\/wp-content\/uploads\/2024\/10\/6-1-300x200.jpg 300w, http:\/\/www.ahl-ul-bait.de\/imam-chamenei\/wp-content\/uploads\/2024\/10\/6-1-768x512.jpg 768w\" sizes=\"auto, (max-width: 1024px) 100vw, 1024px\" \/><\/figure>\n\n\n\n<figure class=\"wp-block-image size-large\"><img loading=\"lazy\" decoding=\"async\" width=\"1024\" height=\"683\" data-id=\"2094\" src=\"http:\/\/ahl-ul-bait.de\/imam-chamenei\/wp-content\/uploads\/2024\/10\/7-1.jpg\" alt=\"\" class=\"wp-image-2094\" srcset=\"http:\/\/www.ahl-ul-bait.de\/imam-chamenei\/wp-content\/uploads\/2024\/10\/7-1.jpg 1024w, http:\/\/www.ahl-ul-bait.de\/imam-chamenei\/wp-content\/uploads\/2024\/10\/7-1-300x200.jpg 300w, http:\/\/www.ahl-ul-bait.de\/imam-chamenei\/wp-content\/uploads\/2024\/10\/7-1-768x512.jpg 768w\" sizes=\"auto, (max-width: 1024px) 100vw, 1024px\" \/><\/figure>\n<\/figure>\n\n\n<p>\u00a0<\/p>\n<p><span style=\"font-family: georgia, palatino; font-size: 17px;\"><i>Am 27. August hielt Imam Chamenei, beim ersten Treffen mit dem neuen Pr\u00e4sidenten Dr. Masoud Peseschkian und seinem Kabinett, anl\u00e4sslich der Nationalen Regierungswoche und des Jahrestages des Martyriums der M\u00e4rtyrer Radschai [1981 Staatspr\u00e4sident] und Bahonar [1981 Ministerpr\u00e4sident], eine Rede. Es folgt die sinngem\u00e4\u00dfe \u00dcbersetzung der Rede aus dem <a href=\"https:\/\/farsi.khamenei.ir\/speech-content?id=57426\" target=\"_blank\" rel=\"noopener\">persischen Original<\/a>. Obwohl es f\u00fcr alle hier ver\u00f6ffentlichten Texte gilt, wird darauf verwiesen, dass die \u00dcbersetzung zu Dokumentationszwecken ohne jegliche Kommentierung erfolgt und die dargestellte Meinung nicht mit der Meinung der Herausgeber \u00fcbereinstimmen muss.<\/i><\/span><\/p>\n<hr \/>\n<p><span style=\"font-family: georgia, palatino; font-size: 17px;\"><b>Im Namen Allahs, des Gn\u00e4digen, des Begnadenden<\/b><\/span><\/p>\n<p><span style=\"font-family: georgia, palatino; font-size: 17px;\">Aller Dank ist Allahs, des Herrn der Welten, und der Frieden und Segen seien mit unserem Meister und Propheten Abul Qasim al-Mustafa Muhammad und seiner reinen, fehlerlosen und auserw\u00e4hlten Familie und insbesondere mit dem Verbliebenen Allahs auf Erden (Baqiyyatullah, Imam Mahdi).<\/span><\/p>\n<p><span style=\"font-family: georgia, palatino; font-size: 17px;\">Zuallererst ehren und preisen wir die Tage von Arbain [40. Tag nach dem M\u00e4rtyriums Imam Hussains] mit all unserer Hingabe und danken dem Allm\u00e4chtigen f\u00fcr die Bewegung der Menschen anl\u00e4sslich des Arbain.<\/span><\/p>\n<p><span style=\"font-family: georgia, palatino; font-size: 17px;\">Wir gratulieren Ihnen, liebe Br\u00fcder und Schwestern, zur Regierungswoche und hoffen, dass diese Woche f\u00fcr die gesamte Zeit Ihrer langen Verantwortungsperiode eine Woche der Hoffnung, frohen Nachrichten und erfreulichen Berichte sein wird<\/span><\/p>\n<p><span style=\"font-family: georgia, palatino; font-size: 17px;\">Wir gedenken der lieben M\u00e4rtyrer, M\u00e4rtyrer Radschai und M\u00e4rtyrer Bahonar, und ehren sie. Diese Woche wurde zu Ehren dieser beiden Pers\u00f6nlichkeiten als \u201eRegierungswoche\u201c benannt, und in dieser Namensgebung liegt eine besondere Symbolik: Die Regierung soll die M\u00e4rtyrer und den Weg der M\u00e4rtyrer ehren, was Gott sei Dank weitgehend auch der Fall war.<\/span><\/p>\n<p><span style=\"font-family: georgia, palatino; font-size: 17px;\">Wir erinnern an unseren geliebten M\u00e4rtyrer, den verstorbenen Pr\u00e4sidenten, Herrn Raisi, und bitten den Allm\u00e4chtigen Gott, dass dieser ehrenhafte Name, den Gott ihm verliehen hat, dauerhaft und best\u00e4ndig bleibt. M\u00f6ge Gott, wenn er will, seine Stufen und die seiner Gef\u00e4hrten, einschlie\u00dflich seines Au\u00dfenministers [Hossein Amir-Abdollahian], erheben und erhalten.<\/span><\/p>\n<p><span style=\"font-family: georgia, palatino; font-size: 17px;\">Wir danken Gott, dass die Regierung mit der Anstrengung des ehrenwerten Pr\u00e4sidenten und mit der wertvollen Unterst\u00fctzung des Parlaments gebildet wurde. Das ist wirklich ein gro\u00dfer Segen. In einigen der vorherigen Regierungen konnte die Bildung des Kabinetts manchmal fast einen Monat oder l\u00e4nger dauern, weil nicht alle Minister das Vertrauensvotum des Parlaments erhalten hatten. Diesmal hat Gott uns, Ihnen und dem Land Gnade erwiesen, und alle Minister haben das Parlament mit dessen Vertrauen verlassen. Alle, die an diesen Wahlen und der Bildung dieser Regierung beteiligt waren \u2013 nach jenem schweren und bitteren Ereignis \u2013 sind von dem Allm\u00e4chtigen Gott belohnt: die Verantwortlichen der vorherigen Regierung, der Rundfunk, verschiedene Verantwortliche, eben alle die dazu beigetragen haben, dass nach jenem schweren und bitteren Ereignis das Land mit Elan an den Wahlen teilnehmen konnte, die Pr\u00e4sidentschaftswahlen in voller Sicherheit und Gesundheit durchgef\u00fchrt wurden und danach die Minister gew\u00e4hlt wurden. Wir m\u00fcssen ihnen wirklich allen dankbar sein. Auch dem Allm\u00e4chtigen Gott sollten wir wirklich sehr dankbar sein. Ich werde Ihnen noch einige Aspekte darlegen, und sp\u00e4ter werde ich auch den Dank erneut aussprechen.<\/span><\/p>\n<p><span style=\"font-family: georgia, palatino; font-size: 17px;\">Auch der Herr Pr\u00e4sident war bei der Auswahl der Minister, die mit ihm zusammenarbeiten sollten, sehr aktiv und flei\u00dfig. Er hat sich auch mit mir beraten, und ich habe einige Personen, die ich kannte oder deren Qualifikationen mir durch zuverl\u00e4ssige Kan\u00e4le best\u00e4tigt wurden, bef\u00fcrwortet und einige von ihnen sogar betont. Es gab auch mehrere Personen, die ich nicht kannte, und ich habe gesagt, dass ich zu ihnen keine Meinung habe. Gott sei Dank konnte er die Auswahl treffen und das Parlament \u00fcberzeugen, was ein gro\u00dfer Erfolg war, und wir danken Gott daf\u00fcr.<\/span><\/p>\n<p><span style=\"font-family: georgia, palatino; font-size: 17px;\">Heute sind Sie, die geehrten Minister, und Sie, liebe Br\u00fcder und Schwestern, die das Vertrauen des Pr\u00e4sidenten und des Parlaments erhalten haben, die hochrangigen Beamten dieses Landes. Es ist unsere Pflicht, Sie zu unterst\u00fctzen, Ihnen zu helfen \u2013 falls Sie Hilfe ben\u00f6tigen \u2013 und unser Bestes zu tun, damit Sie in Ihren Aufgaben erfolgreich sind.<\/span><\/p>\n<p><span style=\"font-family: georgia, palatino; font-size: 17px;\">Ich habe einige Aspekte notiert, die ich Ihnen mitteilen m\u00f6chte. Der erste Aspekt ist die Dankbarkeit gegen\u00fcber Gott. Sie befinden sich heute in einer Position, in der Sie in der Lage sind, den Fortschritt des Landes und die Verwaltung der Angelegenheiten des Landes zu beeinflussen. Das Amt des Ministers hat Ihnen diese M\u00f6glichkeit gegeben. Das ist ein g\u00f6ttlicher Segen; die M\u00f6glichkeit, dem Volk zu dienen, ist ein gro\u00dfer Segen. Viele m\u00f6chten dienen, aber sie haben nicht die Gelegenheit dazu. Gott hat Ihnen diese Gelegenheit gegeben. Danken Sie Gott, seien Sie dankbar, seien Sie wertsch\u00e4tzend, bitten Sie den Allm\u00e4chtigen um Hilfe, betrachten Sie diese Verantwortung als ein anvertrautes Gut von Gott und dem Volk und bewahren Sie diese gro\u00dfe Verantwortung und Mission. Nat\u00fcrlich sind vier Jahre ein Teil des Lebens, der im Handumdrehen vergeht. Wenn ich in meinem jetzigen Alter von 85 Jahren auf mein Leben zur\u00fcckblicke, sehe ich, dass die 85 Jahre wie im Flug vergangen sind. So ist es. Vier Jahre vergehen schnell, aber in dieser kurzen Zeit kann man gro\u00dfe Dinge erreichen. Amir Kabir regierte drei Jahre im Land und legte die Grundlagen f\u00fcr gro\u00dfe Arbeiten. Auch unser lieber Herr Raisi regierte und leitete drei Jahre lang, f\u00fchrte gute Arbeiten durch und legte einige Grundlagen, deren Fr\u00fcchte das Land sp\u00e4ter sehen wird. Daher k\u00f6nnen Sie in diesen vier Jahren Gro\u00dfes leisten, mit Gesundheit und Wohlbefinden.<\/span><\/p>\n<p><span style=\"font-family: georgia, palatino; font-size: 17px;\">Der zweite Aspekt ist, dass eine der Bedingungen f\u00fcr die Effizienz der Regierungsbeamten darin besteht, dass sie die eigenen Ressourcen kennen und die vorhandenen Reicht\u00fcmer, F\u00e4higkeiten und potenziellen M\u00f6glichkeiten erkennen. In diesen langen Jahren bin ich auf Beamte gesto\u00dfen, die diese Kapazit\u00e4ten nicht kannten. Sie kannten die menschlichen Ressourcen des Landes nicht, sie kannten die nat\u00fcrlichen Ressourcen des Landes nicht. Ein Beamter sagte mir einmal, dass wir f\u00fcr den Bau von Autobahnen ausl\u00e4ndische Ingenieure ben\u00f6tigen! Heute werden in unserem ganzen Land von unseren jungen Menschen Autobahnen und Schnellstra\u00dfen gebaut, und wir br\u00e4uchten diese Ausl\u00e4nder nicht. Diese Unkenntnis ist ein gro\u00dfes Problem. Es gibt viele weitere Beispiele, die mir einfallen, aber es ist nicht notwendig, sie zu erw\u00e4hnen.<\/span><\/p>\n<p><span style=\"font-family: georgia, palatino; font-size: 17px;\">Erkennen Sie, was Sie haben. Unsere tats\u00e4chlichen Reicht\u00fcmer sind zahlreich, und unsere Kapazit\u00e4ten sind um ein Vielfaches gr\u00f6\u00dfer als das, was wir tats\u00e4chlich besitzen. Wir haben verschiedene Arten von Ressourcen und Potenziale \u2013 sowohl in Form von tats\u00e4chlichen als auch von potenziellen. Das eine sind die nat\u00fcrlichen Ressourcen. Wir haben viele unterirdische Ressourcen: Wir haben \u00d6l, Gas, verschiedene und wertvolle Ressourcen. Sogar in der W\u00fcste, die Sie sehen, gibt es riesige Ressourcen, wie diejenigen, die sich mit W\u00fcsten auskennen, mir einmal sagten \u2013 Reicht\u00fcmer, deren Wert gr\u00f6\u00dfer ist als der von \u00d6l und Gas. Das haben wir. Wir haben eine einzigartige geografische Lage in dieser Region. Hinsichtlich des Landes sind wir an der Kreuzung von Ost und West sowie Nord und S\u00fcd; das ist eine sehr wichtige Position. Klimatisch gesehen haben wir eine gro\u00dfe Chance in Form von klimatischer Vielfalt. Wir haben die M\u00f6glichkeit von langen K\u00fcsten am offenen Meer, unsere Inseln, unsere K\u00fcsten \u2013 alles sind Chancen. Auch die Region Makran \u2013 die gl\u00fccklicherweise der Pr\u00e4sident, als er mit mir \u00fcber dieses Thema sprach, mehrmals erw\u00e4hnt hat und bei der er sehr sensibel ist \u2013 ist eine gro\u00dfe Chance. Solche Chancen haben wir viele. Das sind nat\u00fcrliche Chancen.<\/span><\/p>\n<p><span style=\"font-family: georgia, palatino; font-size: 17px;\">Eine Art der Chance sind menschliche Ressourcen, menschliche Kapazit\u00e4ten. Wir haben in diesem Land Millionen von gebildeten jungen Menschen, die hungrig darauf sind, zu arbeiten. Wenn wir sie erkennen und in der Lage sind, ihr Wissen und ihre F\u00e4higkeiten zu nutzen, kann eine Welt von M\u00f6glichkeiten f\u00fcr das Land geschaffen werden. Diese gebildeten jungen Menschen, ihre herausragenden Talente, ihre wissenschaftlichen F\u00e4higkeiten und ihr Potenzial, Genies hervorzubringen, sind eine unserer St\u00e4rken. Wenn wir uns beispielsweise an Pers\u00f6nlichkeiten wie Chadscheh Nasir, Avicenna, Muhammad ibn Zakariya al-Razi, Mulla Sadra oder andere herausragende Wissenschaftler erinnern, die in unserem Land existierten, zeigt uns das, dass unser geistiges und wissenschaftliches Potenzial sehr hoch ist und wir in der Lage sind, \u00e4hnliche H\u00f6hen zu erreichen. Selbst nach tausend Jahren sind die B\u00fccher von Avicenna immer noch weltweit relevant. Das ist ein sehr wichtiges und au\u00dfergew\u00f6hnliches Ph\u00e4nomen. Wir haben die F\u00e4higkeit, Genies hervorzubringen, das hei\u00dft, unter unseren jungen Menschen k\u00f6nnen au\u00dfergew\u00f6hnliche Talente entstehen. Diese sind unsere menschlichen Ressourcen und Kapazit\u00e4ten.<\/span><\/p>\n<p><span style=\"font-family: georgia, palatino; font-size: 17px;\">Der Glaube unseres Volkes ist auch eine der Kapazit\u00e4ten. Der religi\u00f6se und politische Glaube des Volkes ist sehr wertvoll und stellt ebenfalls eine Art Kapazit\u00e4t dar. Eine weitere Form der Kapazit\u00e4ten sind die politischen Kapazit\u00e4ten des Landes, wie zum Beispiel unsere strategische Tiefe. Es gab eine Zeit, da wurde Iran f\u00fcr seinen Teppich und sein \u00d6l bekannt. Heute ist der Iran in der Welt bekannt f\u00fcr seine Wissenschaft, seine milit\u00e4rischen Fortschritte, seine regionale Macht und seine strategische Tiefe. Das ist eine Gelegenheit, die uns zur Verf\u00fcgung steht. Die F\u00e4higkeit, Einfluss auf die Welt und die Region auszu\u00fcben, ist keine Kleinigkeit, sondern eine sehr wichtige Angelegenheit. Auch das geh\u00f6rt zu unseren Chancen.<\/span><\/p>\n<p><span style=\"font-family: georgia, palatino; font-size: 17px;\">Eine weitere der wertvollsten M\u00f6glichkeiten sind unsere Erfahrungen, und wir sollten diese Erfahrungen sch\u00e4tzen. <i>\u201eVerstand bedeutet die Bewahrung von Erfahrungen\u201c<\/i>, wie Imam Ali sagte. Imam Ali (Friede sei mit ihm) sieht die Nutzung und Bewahrung von Erfahrungen als Zeichen von Weisheit an. <i>\u201eund das Beste deiner Erfahrungen sind die, die dir eine Ermahnung sind\u201c<\/i> [Nahdsch-ul-Balagha \u2013 Pfad der Eloquenz, 31. Brief]. Wir haben gute Erfahrungen gesammelt. Verschiedene Regierungen haben gehandelt, und daraus haben wir Erfahrungen gewonnen: Einige Dinge wurden getan, die nicht h\u00e4tten getan werden sollen, und wir haben Schaden erlitten. Einige Dinge, die h\u00e4tten getan werden sollen, wurden nicht getan, und wir haben Schaden erlitten, und einige Dinge wurden getan, die h\u00e4tten getan werden sollen, und wir haben davon profitiert. All dies sind wertvolle Erfahrungen, aus denen wir lernen k\u00f6nnen.<\/span><\/p>\n<p><span style=\"font-family: georgia, palatino; font-size: 17px;\">Der n\u00e4chste Aspekt betrifft die Auswahl von Mitarbeitern. Letztendlich werdet ihr Kollegen ausw\u00e4hlen. Meine Empfehlung ist, Kollegen mit den folgenden Eigenschaften auszuw\u00e4hlen: jung, gl\u00e4ubig, revolution\u00e4r, engagiert und motiviert. Diese Menschen k\u00f6nnen euch wirklich helfen. In verschiedenen wissenschaftlichen und Forschungsbereichen, wie dem Nuklearbereich, dem Nanotechnologiebereich, der Stammzellenforschung und anderen Bereichen, die zu den gro\u00dfen wissenschaftlichen und forschungsorientierten Herausforderungen in der Welt geh\u00f6ren, haben wir solche jungen Menschen eingesetzt und gro\u00dfe Fortschritte gemacht. Wenn ihr solche jungen Leute einsetzt, \u00f6ffnen sie T\u00fcren und finden L\u00f6sungen. Dar\u00fcber hinaus, wenn ihr diese jungen Menschen in verschiedenen Managementebenen integriert, entwickelt ihr eine Generation von motivierten Managern f\u00fcr die Zukunft. Wenn ihr sie in euer System integriert, sammeln sie Erfahrungen, und ihr produziert eine herausragende Generation von motivierten Managern f\u00fcr morgen. Dies ist aus meiner Sicht sehr wertvoll. Ich habe auch mit dem Pr\u00e4sidenten dar\u00fcber gesprochen; wenn er zum Beispiel in der Lage ist, hundert gl\u00e4ubige, motivierte, revolution\u00e4re und engagierte junge Menschen auszubilden und diese am Ende seiner Amtszeit dem Land zu \u00fcbergeben, dann w\u00e4re das eine sehr gro\u00dfe Errungenschaft. Das betrifft also auch die Auswahl der Mitarbeiter. Der verstorbene M\u00e4rtyrer Raisi hatte in diesem Bereich gro\u00dfe Erfolge, und ich hoffe, dass eure Erfolge um ein Vielfaches gr\u00f6\u00dfer sein werden.<\/span><\/p>\n<p><span style=\"font-family: georgia, palatino; font-size: 17px;\">Der vierte Aspekt betrifft die Frage der Fachkenntnis. In den Werbebotschaften und \u00c4u\u00dferungen von Dr. Pezeshkian wurde immer wieder auf die R\u00fcckkehr zu Expertenwissen verwiesen. Ich habe eine feste \u00dcberzeugung in Bezug auf die R\u00fcckkehr zu Expertenwissen. Ich glaube, dass Regierungen, die auf fachkundige Arbeit zur\u00fcckgreifen \u2013 nicht auf der Grundlage von Geselligkeit, Freundschaft oder H\u00f6rensagen \u2013 klug und durchdacht regieren. Die Eigenschaft der fachkundigen Arbeit ist, dass man manchmal eine fachliche Entscheidung trifft, die im Gegensatz zu den W\u00fcnschen einiger Freunde, Bekannter oder einflussreicher Personen steht. Sie werden unzufrieden sein, aber das Volk wird zufrieden sein, und das Land wird vorankommen. Das ist das Wesen der fachlichen Arbeit. Ich best\u00e4tige und betone die Bedeutung von fachkundiger Arbeit. Es gibt jedoch einen Aspekt bei der Auswahl von Experten: Manchmal treten die falschen Vorurteile eines Experten unter dem Deckmantel der Fachsprache auf und verursachen Probleme. Die Ansichten und Verhaltensweisen eines Experten k\u00f6nnen dann Einfluss auf unsere Entscheidungen haben. Imam Ali (Friede sei mit ihm) hat uns auch hier gewarnt: <i>\u201eLass dich nicht von einem Geizigen beraten, [&#8230;] noch von einem Feigen, [&#8230;] noch von einem Gierigen\u201c<\/i>. Das bedeutet, dass Ihr Experte nicht so sein sollte, denn: <i>\u201eLass dich nicht von einem Geizigen beraten, der dich von der Freigebigkeit abh\u00e4lt, in dem er dir Furcht vor der Armut einfl\u00f6\u00dft, noch von einem Feigen, der dich in deinen Angelegenheiten schw\u00e4chen wird, noch von einem Gierigen, der dir seine extreme Gier (nach Weltlichem) mit Unrecht als sch\u00f6n erscheinen l\u00e4sst.\u201c<\/i> [Nahdsch-ul-Balagha \u2013 Pfad der Eloquenz, 53. Brief]. Ein Geiziger, wird Sie, wenn Sie helfen wollen, abhalten und ein Feigling, wenn Sie etwas Gro\u00dfes unternehmen m\u00f6chten, davor zur\u00fcckschrecken lassen. Wir sollten also vorsichtig sein und nur auf Experten setzen, die gl\u00e4ubig, aufrichtig und mit den nationalen F\u00e4higkeiten vertraut sind. Verwenden Sie keine Experten, die veraltete ausl\u00e4ndische Modelle f\u00f6rdern. Das Prinzip der Expertenarbeit ist jedoch unerl\u00e4sslich.<\/span><\/p>\n<p><span style=\"font-family: georgia, palatino; font-size: 17px;\">Der n\u00e4chste Aspekt betrifft die Pr\u00e4senz unter den Menschen. Lassen Sie sich nicht von denen beeinflussen, die sagen, dass Reisen in die Provinzen populistisch oder manipulativ oder heuchlerisch sei. Man kann nicht das reale Leben der Menschen allein durch schriftliche Berichte verstehen. Man muss hingehen, sehen und aus erster Hand h\u00f6ren. Wenn man vor Ort ist, merkt man, dass es gro\u00dfe Unterschiede zu den Berichten gibt, die man erhalten hat. Deshalb ist die Pr\u00e4senz unter den Menschen sehr wertvoll, Reisen in die Provinzen sind sehr gut, und m\u00f6ge Gott Ihnen in diesem Bereich Erfolg gew\u00e4hren.<\/span><\/p>\n<p><span style=\"font-family: georgia, palatino; font-size: 17px;\">Der n\u00e4chste Aspekt betrifft das Thema Gerechtigkeit. Das Wort \u201eGerechtigkeit\u201c taucht in unseren Aussagen immer wieder auf. Auch Dr. Pezeschkian hat sowohl w\u00e4hrend des Wahlkampfs als auch danach und selbst heute in unserer Sitzung \u00fcber Gerechtigkeit und deren Bedeutung gesprochen. Das ist auch richtig. Ich m\u00f6chte nun hier nicht \u00fcber die Notwendigkeit von Gerechtigkeit diskutieren, denn das ist eines der offensichtlichen Prinzipien unseres Systems, der Islamischen Republik und der Revolution. Die Frage ist nicht, ob Gerechtigkeit notwendig ist, sondern wie wir sie umsetzen. Wie k\u00f6nnen wir Gerechtigkeit erreichen? Wir alle m\u00f6chten, dass Gerechtigkeit verwirklicht wird, und es werden st\u00e4ndig Gesetze, Regeln und Programme verabschiedet, diskutiert und umgesetzt. Aber wie stehen diese mit Gerechtigkeit in Verbindung? Inwieweit k\u00f6nnen sie die Gerechtigkeit gew\u00e4hrleisten, die wir uns w\u00fcnschen und st\u00e4ndig betonen?<\/span><\/p>\n<p><span style=\"font-family: georgia, palatino; font-size: 17px;\">Vor einigen Jahren habe ich das Konzept der \u201eGerechtigkeitsrelevanz\u201c eingef\u00fchrt. Ich sagte, dass bei jedem Gesetz, das verabschiedet oder bei jeder wichtigen Entscheidung, die getroffen werden soll, eine (Bericht \u00fcber) Gerechtigkeitsrelevanz erstellt werden sollte. Der verstorbene Herr Raisi hat in dieser Angelegenheit ein St\u00fcck weit Fortschritte gemacht und einige Arbeiten begonnen, aber diese blieben unvollst\u00e4ndig. Meine Empfehlung an Sie ist: Eine Gerechtigkeitsrelevanz ist notwendig. Ein solcher ist keine b\u00fcrokratische Formalit\u00e4t, sondern eine echte Angelegenheit. Das bedeutet, dass Institutionen wie die Planungsorganisation \u2013 um ein Beispiel zu nennen \u2013 bei der Erstellung von Programmen und Gesetzen sowie bei der Vorbereitung von Regierungsentw\u00fcrfen darauf achten sollten, wie sich das Gesetz oder das Programm auf soziale Ungleichheit auswirkt: Reduziert es diese, vergr\u00f6\u00dfert es sie, oder hat es \u00fcberhaupt keine Auswirkungen? Wenn ein Programm dazu f\u00fchrt, dass die soziale Ungleichheit gr\u00f6\u00dfer wird, sollte es entfernt oder entsprechend angepasst werden. Das ist der Kern der Gerechtigkeitsrelevanz. Es handelt sich nicht um ein einfaches Formular, sondern um eine komplexe Angelegenheit. Ich habe jedoch erfahren, dass eine Gruppe junger, gebildeter Universit\u00e4tsabsolventen eine Software f\u00fcr diesen Zweck entwickelt hat. Sie k\u00f6nnen sich an diese Gruppe wenden und, falls es Ihren Anforderungen entspricht, diese Software nutzen. Gerechtigkeit kann nicht nur durch Worte, Bitten, Wiederholungen oder Drohungen erreicht werden. Gerechtigkeit erfordert Ma\u00dfnahmen, Motivation und das tats\u00e4chliche Handeln. Gl\u00fccklicherweise sehe ich bei Ihnen die Motivation dazu. Nun gilt es, den Weg zu finden, wie man Gerechtigkeit effektiv umsetzen kann. Es sollte so gehandelt werden, dass kein Verantwortlicher von dem Pfad abweichen kann, der zur Gerechtigkeit f\u00fchrt.<\/span><\/p>\n<p><span style=\"font-family: georgia, palatino; font-size: 17px;\">Der n\u00e4chste Aspekt betrifft die Einhaltung von Priorit\u00e4ten. Wir haben wenig Zeit und begrenzte finanzielle Mittel, und es gibt viel Arbeit zu tun. Es ist wichtig, die Priorit\u00e4ten zu erkennen. Es gibt zwei Arten von Priorit\u00e4ten: erstens die f\u00fcr grundlegende und langfristige Ma\u00dfnahmen, zweitens die f\u00fcr dringende Angelegenheiten. Einige Priorit\u00e4ten betreffen dringende Probleme, die schnell und angemessen gel\u00f6st werden m\u00fcssen, wie Inflation und Preissteigerungen. Andere betreffen infrastrukturelle Fragen, die, wenn wir sie heute nicht angehen, in zehn Jahren an Bedeutung gewinnen werden. Beispielsweise gibt es einige, die am Nutzen der Kernenergie zweifeln, aber das ist das Ergebnis eines Missverst\u00e4ndnisses. Dieses Land kann sich nicht von einer derart fortschrittlichen wissenschaftlich-technischen Errungenschaft der Welt ausschlie\u00dfen. Wenn wir heute nicht damit beginnen, m\u00fcssen wir es in zehn Jahren tun \u2013 und dann sind wir zehn Jahre im R\u00fcckstand.<\/span><\/p>\n<p><span style=\"font-family: georgia, palatino; font-size: 17px;\">Zum Beispiel habe ich auf die geografische Lage des Landes hingewiesen. Die Regierung hat Pl\u00e4ne f\u00fcr die Verkehrswege \u201eNord-S\u00fcd\u201c und \u201eOst-West\u201c, wobei \u201eNord-S\u00fcd\u201c wichtiger ist. Das ist von enormer Bedeutung. Der Norden unseres Landes ist mit L\u00e4ndern verbunden, die Europa und andere Regionen erreichen, und der S\u00fcden grenzt ans Meer und an den Indischen Ozean sowie an das riesige Asien. Wir liegen mittendrin. Das ist eine infrastrukturelle Priorit\u00e4t, die wir nicht ignorieren d\u00fcrfen. Wir haben mehrere solcher grundlegenden Priorit\u00e4ten.<\/span><\/p>\n<p><span style=\"font-family: georgia, palatino; font-size: 17px;\">Ein weiteres wichtiges Thema ist die Nahrungsmittelsicherheit. In diesem Zusammenhang ist auch die Eigenst\u00e4ndigkeit bei der Weizenproduktion von gro\u00dfer Bedeutung, ebenso wie die effiziente Nutzung von Wasser in der Landwirtschaft. Es gibt Menschen, die innovative Methoden haben. Ich habe geh\u00f6rt, dass einige dies mit Dr. Pezeschkian besprochen haben. Vielleicht mag es zu Beginn einige Schwierigkeiten oder h\u00f6here Kosten geben, aber langfristig wird es sich auszahlen. Das sind strukturelle Aufgaben und Priorit\u00e4ten, die wir verfolgen m\u00fcssen.<\/span><\/p>\n<p><span style=\"font-family: georgia, palatino; font-size: 17px;\">Ein weiteres Beispiel ist die Weiterentwicklung des \u00d6lsektors: sowohl im Upstream-Bereich, also bei Bohrungen und modernen F\u00f6rdermethoden, als auch im Downstream-Bereich, etwa bei Raffinerien oder der Herstellung von Endprodukten. Unsere Endprodukte sind derzeit beispielsweise Benzin oder Diesel, aber es gibt auch andere Produkte, wie ich geh\u00f6rt habe, die wir produzieren k\u00f6nnten. Diese Priorit\u00e4ten m\u00fcssen beachtet werden.<\/span><\/p>\n<p><span style=\"font-family: georgia, palatino; font-size: 17px;\">Der n\u00e4chste Aspekt, den ich aufgeschrieben habe \u2013 es ist der achte Aspekt \u2013 betrifft den Bereich der digitalen Welt. Das Internet ist heute mehr als nur ein virtueller Raum, es ist zu einem festen Bestandteil des Lebens der Menschen geworden und entwickelt sich st\u00e4ndig weiter. Das Wichtigste ist, dass es in der digitalen Welt eine gesetzm\u00e4\u00dfige Verwaltung gibt. Ich habe oft gesagt, dass der digitale Raum \u201eungeregelt\u201c ist, und das ist auch der Grund. Eine regelbasierte Regierungsf\u00fchrung ist notwendig. Wenn es keine Gesetze gibt, sollten sie geschaffen werden, und auf dieser Basis sollte die Kontrolle \u00fcbernommen werden. In allen L\u00e4ndern wird dies so gehandhabt. Sie haben sicher mitbekommen, wie in Frankreich ein junger Mann festgenommen wurde, weil er die Gesetze verletzt hat [Bezug auf die Festnahme von Pawel Durow (CEO des sozialen Netzwerks Telegram) durch die franz\u00f6sische Polizei wegen mangelnder Zusammenarbeit mit den Justizbeh\u00f6rden und unterlassener Ma\u00dfnahmen gegen die kriminelle Nutzung durch einige Telegram-Nutzer]. Er wurde sogar bedroht, mit einer 20-j\u00e4hrigen Haftstrafe bestraft zu werden. Das zeigt, dass Verst\u00f6\u00dfe gegen die Rechtsordnung nicht toleriert werden. Ein Land steht unter Ihrer Verantwortung, und Sie haben eine Mission, die Sie erf\u00fcllen m\u00fcssen. Man kann nicht zulassen, dass die eigene Regierungsf\u00fchrung untergraben wird. Das ist der Kern der Sache. Deshalb habe ich immer betont, dass der digitale Raum in unserem Land gesetzlich geregelt sein muss. Wenn wir es schaffen, dort eine regelbasierte F\u00fchrung einzuf\u00fchren, wird der digitale Raum zu einer Chance f\u00fcr unser Land. Andernfalls k\u00f6nnte er zur Bedrohung werden.<\/span><\/p>\n<p><span style=\"font-family: georgia, palatino; font-size: 17px;\">Ich m\u00f6chte in diesem Zusammenhang das Thema K\u00fcnstliche Intelligenz ansprechen, das ich bereits in einer fr\u00fcheren Sitzung erw\u00e4hnt habe. Schauen Sie, die K\u00fcnstliche Intelligenz entwickelt sich heute mit einem unglaublichen Tempo weiter. Es ist erstaunlich, mit welcher Geschwindigkeit diese au\u00dfergew\u00f6hnliche Technologie weltweit voranschreitet. Nun, derzeit nutzen verschiedene Institutionen bei uns \u2013 sowohl milit\u00e4rische als auch zivile \u2013 die K\u00fcnstliche Intelligenz, aber das sollte uns nicht t\u00e4uschen. Wenn es um K\u00fcnstliche Intelligenz geht, ist es kein besonderer Vorteil, lediglich ein Nutzer zu sein. Diese Technologie hat tiefe Schichten, und man muss sich diese Schichten zu eigen machen. Sie liegen derzeit in den H\u00e4nden anderer. Wenn wir es nicht schaffen, uns die tiefen und vielf\u00e4ltigen Schichten dieser Technologie der K\u00fcnstlichen Intelligenz anzueignen, werden sie in Zukunft eine Art Beh\u00f6rde gleich der Internationalen Atomenergie-Organisation, eben dann f\u00fcr die K\u00fcnstliche Intelligenz errichten \u2013 und die Vorbereitungen dazu laufen bereits \u2013, und dann m\u00fcssen wir uns in jedem Bereich, in dem wir die K\u00fcnstliche Intelligenz nutzen wollen, Genehmigungen einholen oder werden in anderen Bereichen von der Nutzung ausgeschlossen! So ist das: Die schlauen K\u00f6pfe und nach Macht Strebenden dieser Welt suchen nach solchen M\u00f6glichkeiten. Eine K\u00fcnstliche-Intelligenz-Agentur wird eingerichtet, und dann wird es uns nicht erlaubt sein, in bestimmten Bereichen weiterzukommen. Daher m\u00fcssen wir uns selbst in die tiefen und grundlegenden Technologien der K\u00fcnstlichen Intelligenz einarbeiten und uns mit den zugrundeliegenden Strukturen auseinandersetzen. Diejenigen, die f\u00fcr diese Themen verantwortlich sind, sollten dies in Angriff nehmen. Unter der Regierung des dreizehnten Pr\u00e4sidenten wurde bereits eine Organisation namens \u201eNationale K\u00fcnstliche-Intelligenz-Organisation\u201c gegr\u00fcndet, die direkt dem Pr\u00e4sidenten untersteht. Das war eine gute Initiative, die allerdings ins Stocken geraten ist. Wenn diese Organisation unter der Leitung des Pr\u00e4sidenten weiterarbeiten w\u00fcrde, g\u00e4be es gro\u00dfe Hoffnung, dass diese Angelegenheit in die Richtung voranschreitet, die ich dargelegt habe.<\/span><\/p>\n<p><span style=\"font-family: georgia, palatino; font-size: 17px;\">Der n\u00e4chste Aspekt betrifft die Wirtschaft. Hier habe ich nun nicht mehr viel zu sagen. Das, was zahlreiche verl\u00e4ssliche Experten zum Thema Wirtschaft sagen, ist, dass der Schl\u00fcssel zu den wirtschaftlichen Problemen des Landes in der Produktion liegt. Es geht um das Angebot. Wenn es uns gelingt, die Produktion voranzubringen, werden Probleme wie Inflation, Besch\u00e4ftigung und der Wert der Landesw\u00e4hrung gel\u00f6st. Wir m\u00fcssen das Thema Produktion ernst nehmen. Wenn wir wollen, dass unser Land in der nationalen Produktion Fortschritte macht, braucht es Unterst\u00fctzung durch die Regierung. Ohne Regierungsunterst\u00fctzung geht es nicht. All die Diskussionen \u00fcber die Verbesserung des Gesch\u00e4ftsumfelds und \u00e4hnliche Themen m\u00fcssen in die Tat umgesetzt werden. Vor einigen Monaten trafen sich einige unserer Wirtschaftsunternehmer mit uns und \u00e4u\u00dferten ihre Meinungen. Wenn man ihren Worten lauscht, wird einem bewusst, welche beeindruckenden F\u00e4higkeiten diese Unternehmer besitzen. Sie k\u00f6nnen gro\u00dfartige Arbeit leisten. Sie haben schon scheinbar unm\u00f6gliche Aufgaben bew\u00e4ltigt, haben davon profitiert, dem Land gedient, und alle von ihnen betonen, dass sie Unterst\u00fctzung durch die Regierung ben\u00f6tigen. Daher muss die Regierung ihnen helfen.<\/span><\/p>\n<p><span style=\"font-family: georgia, palatino; font-size: 17px;\">Ein weiterer wichtiger Aspekt ist das Thema Bev\u00f6lkerungswachstum und die drohende \u00dcberalterung des Landes, was von gro\u00dfer Bedeutung ist. Vor vierzig Jahren betrug unsere Bev\u00f6lkerungswachstumsrate 3,5 %, was ein sehr hoher Wert ist. Damals gerieten einige in Panik und setzten bestimmte Vorschriften und Einschr\u00e4nkungen in Kraft. Heute liegt unsere Wachstumsrate nicht mehr bei 3,5 % \u2013 ich wei\u00df die genaue aktuelle Zahl nicht, aber sie ist beispielsweise bei etwa einem halben Prozent oder vielleicht einem Prozent \u2013 und trotzdem wollen wir immer noch die gleichen Vorschriften anwenden! Das ist nicht akzeptabel. Vorschriften m\u00fcssen flexibel sein. Einmal w\u00e4chst die Bev\u00f6lkerung unkontrolliert, dann ist es gut, das zu begrenzen. Ein anderes Mal stagniert das Bev\u00f6lkerungswachstum oder geht zur\u00fcck, und das Land steuert auf eine \u00dcberalterung zu. In diesem Fall muss man die Vorschriften entsprechend den Erfordernissen des Landes sofort \u00e4ndern. Ich fordere den Gesundheitsminister Dr. Zafarghandi ernsthaft auf, sich pers\u00f6nlich auf dieses Thema zu konzentrieren und es konsequent zu verfolgen. K\u00fcmmern Sie sich wirklich darum und lassen Sie nicht zu, dass die Hindernisse f\u00fcr die Fortpflanzung und Geburt \u2013 die leider zahlreich sind \u2013 fortbestehen. Verschaffen Sie sich volle Kontrolle dar\u00fcber. Viele von Ihnen haben in Ihrer Jugend Dinge erreicht, die heute vielleicht nicht mehr m\u00f6glich sind. Wir brauchen junge Menschen in unserem Land. Wenn das Land, Gott bewahre, auf diese bittere und schwierige Situation einer alternden Bev\u00f6lkerung zusteuert, gibt es keinen Ausweg mehr. Heute sind viele L\u00e4nder davon betroffen. Das ist das Thema Bev\u00f6lkerungswachstum.<\/span><\/p>\n<p><span style=\"font-family: georgia, palatino; font-size: 17px;\">Ein weiterer Aspekt ist, dass man sich nicht von Hindernissen entmutigen lassen sollte. Ich m\u00f6chte den Damen und Herren sagen, dass es keine Arbeit ohne Hindernisse gibt. Es gibt kein Programm, das nicht auf Hindernisse st\u00f6\u00dft. Es gibt immer Schwierigkeiten. Manche ziehen sich bei Hindernissen als Erstes zur\u00fcck, und das ist ein Fehler. Versuchen Sie, das Hindernis zu \u00fcberwinden oder zu umgehen. Nachdem man alles versucht hat, kann man gelegentlich taktisch zur\u00fcckweichen \u2013 das ist in Ordnung \u2013, aber es sollte nicht sein, dass wir bei jedem Hindernis sofort von unserer Meinung, unserer Entscheidung oder unserem Programm zur\u00fccktreten. Lassen Sie sich nicht von Hindernissen einsch\u00fcchtern; das ist unser n\u00e4chster Rat.<\/span><\/p>\n<p><span style=\"font-family: georgia, palatino; font-size: 17px;\">Vertrauen Sie auch nicht auf den Feind. Nun, er [der Pr\u00e4sident] hat es auch angesprochen und gestern oder vorgestern hat auch der Au\u00dfenminister [Sayyid Abbas Araghchi] darauf hingewiesen. Wir sollten nicht auf den Feind hoffen oder auf die Zustimmung der Feinde warten, wenn es um unsere Programme geht. Das bedeutet nicht, dass wir nicht mit dem Feind interagieren k\u00f6nnen, wenn n\u00f6tig. Das ist kein Problem. Aber setzen Sie Ihre Hoffnung nicht auf ihn und vertrauen Sie dem Feind nicht.<\/span><\/p>\n<p><span style=\"font-family: georgia, palatino; font-size: 17px;\">Der letzte Aspekt, den ich ansprechen m\u00f6chte, ist, dass Sie sich w\u00e4hrend Ihrer Amtszeit bitte so viel wie m\u00f6glich um Ihre spirituelle Entwicklung k\u00fcmmern. Meine lieben Freunde, wir alle brauchen ein Herz voller Glauben, gottesdienstliche Handlungen, mehr Verbundenheit mit dem Quran und eine st\u00e4rkere Demut vor Gott. Wir brauchen das alles wirklich. Was ich Ihnen besonders ans Herz lege, ist das Gebet mit Hingabe, das Gebet zur richtigen Zeit, wenn m\u00f6glich das Gemeinschaftsgebet, und wenn Sie in Ihrer Arbeitsumgebung beten k\u00f6nnen, dann beten Sie gemeinsam mit Ihren Mitarbeitern \u2013 das ist viel besser. Sie sind ein Vorbild f\u00fcr eine Gemeinschaft: zun\u00e4chst f\u00fcr Ihre Mitarbeiter, aber auch die Menschen schauen auf Sie. Ihr Verhalten, Ihre Erscheinung, Ihr Auftreten sind f\u00fcr viele Menschen ein Vorbild, das sollten Sie sich bewusst machen. Es gibt bestimmte Dinge, die Sie tun und beachten m\u00fcssen, Dinge, die vielleicht f\u00fcr eine gew\u00f6hnliche Person nicht notwendig sind. Ich gebe diesen Rat nicht allen Menschen, aber Ihnen schon, denn Sie sind ein Vorbild, man schaut auf Sie, man lernt von Ihnen, Ihr Verhalten pr\u00e4gt eine ganze Reihe von Verhaltensweisen im Land. Bitten Sie Gott und flehen Sie ihn an, dass er Ihnen hilft. Wenn Sie es schaffen und die Gelegenheit finden, die freiwilligen Gebete (Nawafil) zu verrichten \u2013 besonders das Nachtgebet (Tahadschud) \u2013 und wenn Sie es schaffen, fr\u00fch morgens aufzustehen, ist das umso besser. Die Morgend\u00e4mmerung ist eine sehr gute Zeit, um mit dem allm\u00e4chtigen Gott allein zu sein, mit ihm zu sprechen und von ihm zu erbitten, was man braucht. Sie sind in den Dienst getreten, haben sich auf den Weg des Dienstes gemacht. Handeln Sie in der Absicht der Gottesn\u00e4he, nehmen Sie sich vor, f\u00fcr Gott zu handeln. Sollte jemand sagen: \u201eDieser oder jener heuchelt\u201c, so ist das eine Versuchung des Teufels. Manche sagen sofort: \u201eJa, aber wenn wir das tun, werden sie sagen, dass wir heucheln, dass wir uns verstellen.\u201c Sollen sie es doch sagen! Meiner Meinung nach sollte man sich von dieser Versuchung nicht gefangen nehmen lassen. Schlie\u00dfen Sie einen Bund mit Gott, handeln Sie danach, und Gott wird, so Gott will, Ihre Ehre bewahren, Ihnen W\u00fcrde verleihen, Sie erheben und Ihnen Ansehen schenken.<\/span><\/p>\n<p><span style=\"font-family: georgia, palatino; font-size: 17px;\">So Gott will, m\u00f6ge der allm\u00e4chtige Gott Sie alle erfolgreich werden lassen. Es war ein wenig lang, aber m\u00f6ge es n\u00fctzlich und wirkungsvoll sein, damit wir alle gemeinsam f\u00fcr dieses Land, diese Menschen und den Islam arbeiten k\u00f6nnen, so Gott will.<\/span><\/p>\n<p><span style=\"font-family: georgia, palatino; font-size: 17px;\">M\u00f6gen Gottes Gr\u00fc\u00dfe, Gnade und Segen mit Euch sein.<\/span><\/p>","protected":false},"excerpt":{"rendered":"<p>\u00a0 Am 27. August hielt Imam Chamenei, beim ersten Treffen mit dem neuen Pr\u00e4sidenten Dr. Masoud Peseschkian und seinem Kabinett,<\/p>\n","protected":false},"author":1,"featured_media":2099,"comment_status":"closed","ping_status":"open","sticky":false,"template":"","format":"standard","meta":{"colormag_page_container_layout":"default_layout","colormag_page_sidebar_layout":"default_layout","footnotes":""},"categories":[31,30,39,45,33,32,42],"tags":[63],"class_list":["post-2091","post","type-post","status-publish","format-standard","has-post-thumbnail","hentry","category-gesellschaft","category-iran","category-reden","category-spiritualitaet","category-weltpolitik","category-wirtschaft","category-wissenschaft","tag-neue-regierung"],"_links":{"self":[{"href":"http:\/\/www.ahl-ul-bait.de\/imam-chamenei\/wp-json\/wp\/v2\/posts\/2091","targetHints":{"allow":["GET"]}}],"collection":[{"href":"http:\/\/www.ahl-ul-bait.de\/imam-chamenei\/wp-json\/wp\/v2\/posts"}],"about":[{"href":"http:\/\/www.ahl-ul-bait.de\/imam-chamenei\/wp-json\/wp\/v2\/types\/post"}],"author":[{"embeddable":true,"href":"http:\/\/www.ahl-ul-bait.de\/imam-chamenei\/wp-json\/wp\/v2\/users\/1"}],"replies":[{"embeddable":true,"href":"http:\/\/www.ahl-ul-bait.de\/imam-chamenei\/wp-json\/wp\/v2\/comments?post=2091"}],"version-history":[{"count":1,"href":"http:\/\/www.ahl-ul-bait.de\/imam-chamenei\/wp-json\/wp\/v2\/posts\/2091\/revisions"}],"predecessor-version":[{"id":2098,"href":"http:\/\/www.ahl-ul-bait.de\/imam-chamenei\/wp-json\/wp\/v2\/posts\/2091\/revisions\/2098"}],"wp:featuredmedia":[{"embeddable":true,"href":"http:\/\/www.ahl-ul-bait.de\/imam-chamenei\/wp-json\/wp\/v2\/media\/2099"}],"wp:attachment":[{"href":"http:\/\/www.ahl-ul-bait.de\/imam-chamenei\/wp-json\/wp\/v2\/media?parent=2091"}],"wp:term":[{"taxonomy":"category","embeddable":true,"href":"http:\/\/www.ahl-ul-bait.de\/imam-chamenei\/wp-json\/wp\/v2\/categories?post=2091"},{"taxonomy":"post_tag","embeddable":true,"href":"http:\/\/www.ahl-ul-bait.de\/imam-chamenei\/wp-json\/wp\/v2\/tags?post=2091"}],"curies":[{"name":"wp","href":"https:\/\/api.w.org\/{rel}","templated":true}]}}