{"id":2121,"date":"2024-05-15T23:24:34","date_gmt":"2024-05-15T21:24:34","guid":{"rendered":"http:\/\/khamenei.de\/wordpress\/?p=2121"},"modified":"2024-10-09T17:15:19","modified_gmt":"2024-10-09T15:15:19","slug":"bewegung-der-revolutionaeren-jugend-dauert-an","status":"publish","type":"post","link":"http:\/\/www.ahl-ul-bait.de\/imam-chamenei\/2024\/05\/15\/bewegung-der-revolutionaeren-jugend-dauert-an\/","title":{"rendered":"Bewegung der revolution\u00e4ren Jugend dauert an"},"content":{"rendered":"<p><span style=\"font-family: georgia, palatino; font-size: 17px;\"><i>\u00a0<\/i><\/span><span style=\"font-family: georgia, palatino; font-size: 17px;\"><i>Am 15. Mai 2024 hielt Imam Chamenei, bei einem Treffen mit den Organisatoren des Nationalen M\u00e4rtyrerkongresses von Teheran, eine Rede. Es folgt die sinngem\u00e4\u00dfe \u00dcbersetzung dem <a href=\"https:\/\/farsi.khamenei.ir\/speech-content?id=57161\" target=\"_blank\" rel=\"noopener\">persischen Original<\/a>. Obwohl es f\u00fcr alle hier ver\u00f6ffentlichten Texte gilt, wird darauf verwiesen, dass die \u00dcbersetzung zu Dokumentationszwecken ohne jegliche Kommentierung erfolgt und die dargestellte Meinung nicht mit der Meinung der Herausgeber \u00fcbereinstimmen muss.<\/i><\/span><\/p>\n<hr \/>\n<p><span style=\"font-family: georgia, palatino; font-size: 17px;\"><b>Im Namen Allahs, des Gn\u00e4digen, des Begnadenden<\/b><\/span><\/p>\n<p><span style=\"font-family: georgia, palatino; font-size: 17px;\">Aller Dank ist Allahs, des Herrn der Welten, und der Frieden und Segen seien mit unserem Meister und Propheten Abul Qasim al-Mustafa Muhammad und seiner reinen, fehlerlosen und auserw\u00e4hlten Familie und insbesondere mit dem Verbliebenen Allahs auf Erden (Baqiyyatullah, Imam Mahdi).<\/span><\/p>\n<p><span style=\"font-family: georgia, palatino; font-size: 17px;\">Zweifellos ist eine der besten Aktivit\u00e4ten, die in dieser Zeit durchgef\u00fchrt werden k\u00f6nnen, genau diese Aktivit\u00e4t, die Sie begonnen haben. Sie hat sowohl eine kulturelle als auch eine politische und revolution\u00e4re Dimension. Sie beinhaltet Zukunftsperspektiven und hat auch eine menschliche und ethische Seite. Es ist eine Art der Wertsch\u00e4tzung f\u00fcr diejenigen, die ihr Leben geopfert haben, damit wir heute hier ungest\u00f6rt zusammensitzen und miteinander sprechen k\u00f6nnen. Daher hat diese Aktivit\u00e4t viele verschiedene Aspekte. Vielen Dank f\u00fcr Ihre Bem\u00fchungen; m\u00f6ge Gott Ihnen Erfolg gew\u00e4hren.<\/span><\/p>\n<p><span style=\"font-family: georgia, palatino; font-size: 17px;\">Nat\u00fcrlich sind die K\u00e4mpfe der Einheiten aus der Provinz Teheran \u2013 abgesehen von der Stadt Teheran \u2013 w\u00e4hrend des Heiligen Verteidigungskriegs [Irak-Iran-Krieg] f\u00fcr uns klar. Das ist etwas, das f\u00fcr niemanden, der mit den Angelegenheiten des Kriegs und der heiligen Verteidigung vertraut ist, verborgen bleibt. Aber diese Dinge m\u00fcssen gesagt, geschrieben und k\u00fcnstlerisch wiederholt werden. Es hat sich gezeigt, dass, wenn eine Wahrheit, auch wenn sie klar und herausragend ist, nicht wiederholt wird, sie in Vergessenheit ger\u00e4t. Wenn sie in Vergessenheit ger\u00e4t, erhalten die Feinde die M\u00f6glichkeit, das Gegenteil dieser Wahrheit oder eine verzerrte Version davon zu verbreiten und zu pr\u00e4sentieren. Deshalb ist diese Arbeit notwendig.<\/span><\/p>\n<p><span style=\"font-family: georgia, palatino; font-size: 17px;\">Die Region Teheran \u2013 die Stadt Teheran und die Provinz Teheran \u2013 hat w\u00e4hrend des Heiligen Verteidigungskrieges und auch danach bis heute eine sehr wichtige Rolle gespielt. Zum Beispiel hat die Division Seyyed al-Shuhada w\u00e4hrend des Krieges gro\u00dfe Anstrengungen unternommen und bedeutende Taten vollbracht. Ihre Kommandanten \u2013 sowohl die der Division selbst als auch die der Bataillone, von denen einige namentlich genannt wurden [Brigadegeneral Ghorban Mohammad Valizadeh (Kommandeur der Revolutionsgarden der Provinz Teheran und Sekret\u00e4r des Kongresses)] \u2013 haben wirklich gro\u00dfartige und wertvolle Arbeit geleistet. Es ist notwendig, dass diese Taten erz\u00e4hlt, erkl\u00e4rt und bewahrt werden. In diesem Bereich haben wir bisher nicht genug getan. Es wurde darauf hingewiesen, dass Dokumente gesammelt wurden; nun, diese Dokumente m\u00fcssen auf die bestm\u00f6gliche Weise genutzt werden. Man muss sich zusammensetzen und \u00fcberlegen, wie diese Tausenden von Dokumenten f\u00fcr aufkl\u00e4rerische, historische und revolution\u00e4re Zwecke verwendet werden k\u00f6nnen. Es m\u00fcssen Gruppen bestimmt werden, um diese Dokumente zu nutzen, damit sie nicht ungenutzt bleiben. Diese Dokumente sind wie ein Schatz: Manchmal wird ein Schatz gehoben, und manchmal bleibt er im Boden verborgen. Es ist ein Schatz, aber er hat keinen Nutzen, wenn er nicht gehoben wird. Dieser Schatz muss geborgen und genutzt werden.<\/span><\/p>\n<p><span style=\"font-family: georgia, palatino; font-size: 17px;\">Einer der Segnungen der Arbeit, die Sie tun, ist, dass sie die Kontinuit\u00e4t der Kraft der Revolution und der revolution\u00e4ren Motivation in dieser Gruppe und in diesem Bereich, f\u00fcr den Sie verantwortlich sind \u2013 sei es die Provinz Teheran oder die Stadt Teheran \u2013 zeigt. Als der Heilige Verteidigungskrieg begann, gab es viele Motivationen und Bestrebungen, die Potenzial und Bereitschaft hatten, aber kein Feld zur Entfaltung und Verwirklichung fanden. Der Krieg bot dieses Feld. Vielleicht w\u00e4re der Fortschritt der Revolution anders verlaufen, wenn es den Heiligen Verteidigungskrieg nicht gegeben h\u00e4tte. Der Krieg erm\u00f6glichte es, Talente, F\u00e4higkeiten, Motivationen und Leidenschaften, die in den Herzen existierten, zu offenbaren.<\/span><\/p>\n<p><span style=\"font-family: georgia, palatino; font-size: 17px;\">Nachdem der Heilige Verteidigungskrieg beendet war, dachten vielleicht einige, dass alles vorbei sei, aber das war es nicht. Der Beweis daf\u00fcr ist, dass wir, mehr als 30 Jahre nach dem Ende des Krieges, sehen, wie unsere Jugend auf verschiedene Weise versucht, sich an den K\u00e4mpfen gegen das zionistische Regime oder gegen den von den Imperialisten und den USA unterst\u00fctzten ISIS zu beteiligen, und es auch schafft. Das ist eine sehr wichtige Angelegenheit.<\/span><\/p>\n<p><span style=\"font-family: georgia, palatino; font-size: 17px;\">Oder betrachten Sie die Unruhen, die in den vergangenen Jahren in Teheran stattfanden: Wer stellte sich diesen Unruhen entgegen? Es waren die jungen Leute. Diese Jugendlichen haben weder den Krieg noch den Imam gesehen, aber sie kamen dennoch in den Kampf und erstickten all diese Unruhen. Die Pl\u00e4ne, die die Feinde geschmiedet hatten, um die Revolution zu st\u00fcrzen und Probleme f\u00fcr das Land und die Revolution zu schaffen, wurden durchkreuzt. Die Unruhen von 2009, zuvor und danach, wer hat sie unterdr\u00fcckt? Es waren die Jugendlichen. Sei es durch die Basij, die Revolutionsgarden oder die Polizei, sie gingen in verschiedenen Formen auf die Stra\u00dfen, k\u00e4mpften und arbeiteten hart. Das ist eine der Segnungen des Kampfes im Heiligen Verteidigungskrieg. Der Heilige Verteidigungskrieg wurde zu einem Vorbild f\u00fcr die Bewegung motivierter Menschen. Dar\u00fcber hinaus sendete diese Nachricht nicht nur innerhalb des Landes, sondern auch \u00fcber die Landesgrenzen hinaus eine Botschaft der Standhaftigkeit und des Widerstands.<\/span><\/p>\n<p><span style=\"font-family: georgia, palatino; font-size: 17px;\">Heute ist es von vielen Experten anerkannt und akzeptiert, dass viele der Ereignisse, die derzeit zugunsten Pal\u00e4stinas auf der Welt stattfinden, ihren Ursprung im Geist der Islamischen Revolution und der Islamischen Republik Iran haben. Wir k\u00f6nnten z\u00f6gern, dies klar auszusprechen, aber andere sagen es offen und direkt. Und man sieht die Ereignisse, die sich heute weltweit zugunsten Pal\u00e4stinas ereignen \u2013 es sind die gleichen Aussagen, die das iranische Volk gemacht hat, die gleichen Worte, die der Imam ge\u00e4u\u00dfert hat, die Parolen, die aus dem Herzen des Volkes hervorkamen, ihre Zungen erreichten und ge\u00e4u\u00dfert wurden und heute in der Region und weltweit wiederholt werden.<\/span><\/p>\n<p><span style=\"font-family: georgia, palatino; font-size: 17px;\">Schauen Sie sich die Universit\u00e4ten in den USA an! Ich habe geh\u00f6rt, dass derzeit etwa zweihundert Universit\u00e4ten in den USA von \u00e4hnlichen Bewegungen der Studenten erfasst sind. Dies ist etwas sehr Bedeutendes. Was sie in Iran erreichen wollten, geschieht nun bei ihnen selbst. Studenten treten auf, und es kommt so weit, dass die amerikanische Regierung und die Polizei gezwungen sind, ihre eigenen Worte und Parolen zu missachten. Vor den Augen der Menschen, vor Kameras und Medien der Welt, gehen sie so weit, junge Studenten zu unterdr\u00fccken, sie zu verhaften und sogar ihre Professoren zu fesseln. Das, was sie getan haben, ist so gravierend, dass sie gezwungen waren, ihre Hemmungen aufzugeben und in das Feld einzugreifen. Sie haben ihr Ansehen in der Welt verloren, ihre Parolen wurden widerlegt, und dies sind sehr wichtige Ereignisse.<\/span><\/p>\n<p><span style=\"font-family: georgia, palatino; font-size: 17px;\">Dies ist das Ergebnis der Bewegung, die seit Beginn der Revolution dank des warmen Atems des Imams [Chomeini geformt wurde]. M\u00f6ge Gott die Stufen dieses gro\u00dfen Mannes Tag f\u00fcr Tag erh\u00f6hen und seine Fahne immer h\u00f6her wehen lassen. Der ehrenwerte Imam war wahrhaftig ein einzigartiges Ph\u00e4nomen, ein beispielloses Ph\u00e4nomen. Wann immer ich dar\u00fcber nachdenke, finde ich in unserer langen Geschichte niemanden, der diesem Mann \u00e4hnelt. Jener warme Atem, den er hatte, und die Kraft, die Gott in seine Seele und seinen Willen gelegt hatte, sowie sein tiefes Herzvertrauen, lie\u00dfen den Glauben in die Herzen der Menschen str\u00f6men und \u00fcberflie\u00dfen.\u00a0<\/span><\/p>\n<p style=\"text-align: right;\"><span style=\"font-family: georgia, palatino; font-size: 17px;\"><span id=\"2-285\" class=\"aya selected\">\u0622<\/span>\u0645\u064e\u0646\u064e \u0627\u0644\u0631\u0651\u064e\u0633\u064f\u0648\u0644\u064f \u0628\u0650\u0645\u064e\u0627 \u0623\u064f\u0646\u0632\u0650\u0644\u064e \u0625\u0650\u0644\u064e\u064a\u0652\u0647\u0650 \u0645\u0650\u0646 \u0631\u0651\u064e\u0628\u0651\u0650\u0647\u0650 \u0648\u064e\u0627\u0644\u0652\u0645\u064f\u0624\u0652\u0645\u0650\u0646\u064f\u0648\u0646\u064e \u06da \u0643\u064f\u0644\u0651\u064c \u0622\u0645\u064e\u0646\u064e \u0628\u0650\u0627\u0644\u0644\u0651\u064e\u0647\u0650 \u0648\u064e\u0645\u064e\u0644\u064e\u0627\u0626\u0650\u0643\u064e\u062a\u0650\u0647\u0650 \u0648\u064e\u0643\u064f\u062a\u064f\u0628\u0650\u0647\u0650 \u0648\u064e\u0631\u064f\u0633\u064f\u0644\u0650\u0647\u0650<\/span><\/p>\n<p><span style=\"font-family: georgia, palatino; font-size: 17px;\"><i>\u201eDer Gesandte ist \u00fcberzeugt gewesen von dem, was zu ihm herabgesandt worden ist von seinem Herrn, und die \u00dcberzeugten (sind auch \u00fcberzeugt); Jeder ist \u00fcberzeugt von Allah und seinen Engeln und seinen Schriften und seinen Gesandten.\u201c<\/i> [Heiliger Quran, 2:285].\u00a0<\/span><\/p>\n<p><span style=\"font-family: georgia, palatino; font-size: 17px;\">Wenn der Gesandte nicht gl\u00e4ubig gewesen w\u00e4re und keinen tiefen Glauben gehabt h\u00e4tte, h\u00e4tten auch die Gl\u00e4ubigen keinen so tiefen Glauben gefunden. Auch hier ist es so: Sein Glaube war es, der die Gl\u00e4ubigen so tief im Glauben verwurzelt hat.<\/span><\/p>\n<p><span style=\"font-family: georgia, palatino; font-size: 17px;\">Jedenfalls ist dies eine gute und herausragende Arbeit, und Gott sei Dank bleibt die Bewegung der Revolution mit derselben Motivation, die unsere jungen Menschen und die prominenten Pers\u00f6nlichkeiten der St\u00e4dte in der Provinz Teheran in dieses Feld gebracht hat, auch heute noch bestehen. Ihr habt in den Ereignissen des vergangenen Jahres gesehen, wie die jungen Menschen aus Teheran ihren Namen verewigt haben \u2013 sowohl in Teheran selbst als auch in einigen der umliegenden St\u00e4dte der Provinz Teheran.<\/span><\/p>\n<p><span style=\"font-family: georgia, palatino; font-size: 17px;\">Wir hoffen, dass Gott, der Allm\u00e4chtige, euch alle erfolgreich und gest\u00e4rkt macht, und dass diese Linie weiter fortgesetzt wird.<\/span><\/p>\n<p><span style=\"font-family: georgia, palatino; font-size: 17px;\">Friede sei mit euch und die Gnade und der Segen Gottes.<\/span><\/p>\n","protected":false},"excerpt":{"rendered":"<p>\u00a0Am 15. Mai 2024 hielt Imam Chamenei, bei einem Treffen mit den Organisatoren des Nationalen M\u00e4rtyrerkongresses von Teheran, eine Rede.<\/p>\n","protected":false},"author":1,"featured_media":2123,"comment_status":"closed","ping_status":"open","sticky":false,"template":"","format":"standard","meta":{"colormag_page_container_layout":"default_layout","colormag_page_sidebar_layout":"default_layout","footnotes":""},"categories":[30,47,43,27,48,33],"tags":[],"class_list":["post-2121","post","type-post","status-publish","format-standard","has-post-thumbnail","hentry","category-iran","category-jugend","category-maertyrer","category-palaestina","category-revolution","category-weltpolitik"],"_links":{"self":[{"href":"http:\/\/www.ahl-ul-bait.de\/imam-chamenei\/wp-json\/wp\/v2\/posts\/2121","targetHints":{"allow":["GET"]}}],"collection":[{"href":"http:\/\/www.ahl-ul-bait.de\/imam-chamenei\/wp-json\/wp\/v2\/posts"}],"about":[{"href":"http:\/\/www.ahl-ul-bait.de\/imam-chamenei\/wp-json\/wp\/v2\/types\/post"}],"author":[{"embeddable":true,"href":"http:\/\/www.ahl-ul-bait.de\/imam-chamenei\/wp-json\/wp\/v2\/users\/1"}],"replies":[{"embeddable":true,"href":"http:\/\/www.ahl-ul-bait.de\/imam-chamenei\/wp-json\/wp\/v2\/comments?post=2121"}],"version-history":[{"count":3,"href":"http:\/\/www.ahl-ul-bait.de\/imam-chamenei\/wp-json\/wp\/v2\/posts\/2121\/revisions"}],"predecessor-version":[{"id":2126,"href":"http:\/\/www.ahl-ul-bait.de\/imam-chamenei\/wp-json\/wp\/v2\/posts\/2121\/revisions\/2126"}],"wp:featuredmedia":[{"embeddable":true,"href":"http:\/\/www.ahl-ul-bait.de\/imam-chamenei\/wp-json\/wp\/v2\/media\/2123"}],"wp:attachment":[{"href":"http:\/\/www.ahl-ul-bait.de\/imam-chamenei\/wp-json\/wp\/v2\/media?parent=2121"}],"wp:term":[{"taxonomy":"category","embeddable":true,"href":"http:\/\/www.ahl-ul-bait.de\/imam-chamenei\/wp-json\/wp\/v2\/categories?post=2121"},{"taxonomy":"post_tag","embeddable":true,"href":"http:\/\/www.ahl-ul-bait.de\/imam-chamenei\/wp-json\/wp\/v2\/tags?post=2121"}],"curies":[{"name":"wp","href":"https:\/\/api.w.org\/{rel}","templated":true}]}}