{"id":2231,"date":"2025-01-04T17:45:16","date_gmt":"2025-01-04T16:45:16","guid":{"rendered":"http:\/\/khamenei.de\/wordpress\/?p=2231"},"modified":"2025-02-08T10:57:02","modified_gmt":"2025-02-08T09:57:02","slug":"die-rolle-imam-hadis-zur-verbreitung-des-islams","status":"publish","type":"post","link":"http:\/\/www.ahl-ul-bait.de\/imam-chamenei\/2025\/01\/04\/die-rolle-imam-hadis-zur-verbreitung-des-islams\/","title":{"rendered":"Die Rolle Imam Hadis zur Verbreitung des Islams"},"content":{"rendered":"<p><span style=\"font-size: 17px; font-family: georgia, palatino;\"><i>Am 4. Januar 2024 sprach Imam Chamenei, anl\u00e4sslich des Martyriums von Imam Ali an-Naqi al-Hadi (Friede sei mit ihm), bei einem Treffen kurz zu diesem Anlass. Es folgt die sinngem\u00e4\u00dfe \u00dcbersetzung eines Auszugs der Rede aus dem <a href=\"https:\/\/farsi.khamenei.ir\/speech-content?id=58889\">persischen Original<\/a>. Obwohl es f\u00fcr alle hier ver\u00f6ffentlichten Texte gilt, wird darauf verwiesen, dass die \u00dcbersetzung zu Dokumentationszwecken ohne jegliche Kommentierung erfolgt und die dargestellte Meinung nicht mit der Meinung der Herausgeber \u00fcbereinstimmen muss.<\/i><\/span><\/p>\n<hr \/>\n<p><span style=\"font-size: 17px; font-family: georgia, palatino;\"><b>Im Namen Allahs, des Gn\u00e4digen, des Begnadenden<\/b><\/span><\/p>\n<p><span style=\"font-size: 17px; font-family: georgia, palatino;\">\u2026 In keiner Epoche \u2013 von der Zeit des Befehlshabers der Gl\u00e4ubigen (Friede sei mit ihm) bis zum Ende \u2013 hat das Schiitentum in der gesamten islamischen Welt so sehr an Umfang und Qualit\u00e4t zugenommen wie in der Zeit von Imam Dschawad (9. Imam), Imam Hadi (10. Imam) und Imam Askari (11. Imam), Friede sei mit ihnen. Diese Ausbreitung ist das Werk dieser drei gro\u00dfen Pers\u00f6nlichkeiten. In der Zeit von Imam Hadi und Imam Dschawad war Bagdad regelrecht das Zentrum der Schiiten. Fadhl ibn Schadhan berichtete, dass als er zum ersten Mal nach Bagdad kam, die Moschee voller schiitischer \u00dcberlieferungs-Gelehrten war, die in Kreisen sa\u00dfen, \u00dcberlieferungen diskutierten und weitergaben. Die Situation in Bagdad war so, und in Kufa war es \u00e4hnlich. Diese Pers\u00f6nlichkeiten haben sich enorm bem\u00fcht.<\/span><\/p>\n<p><span style=\"font-size: 17px; font-family: georgia, palatino;\">Gerade wegen dieser Ausbreitung war es notwendig, dass die schiitische Lehre durch die Worte dieser gro\u00dfen Pers\u00f6nlichkeiten weitergegeben wurde. Dies wurde unter anderem von Imam Hadi (Friede sei mit ihm) erreicht \u2013 zum Beispiel durch die Ziyarat Dschamia, die au\u00dfergew\u00f6hnlich ist, als auch durch die Ziyarat des Befehlshabers der Gl\u00e4ubigen am Tag von Ghadir. Betrachtet man diese Ziyarat, die \u00fcber die Vorz\u00fcge vom Befehlshaber der Gl\u00e4ubigen spricht, wird klar, wie viel Quran darin verwendet wurde! Diese Geistesgegenwart, dieses Verst\u00e4ndnis der Sache, diese Darstellung der Wahrheiten in dieser Form \u2013 das ist etwas, was nur von Imam Hadi (Friede sei mit ihm) und \u00fcberhaupt nur von einem Imam kommen kann. Das haben diese Pers\u00f6nlichkeiten geleistet. Ohne die Bem\u00fchungen von Imam Hadi (Friede sei mit ihm) h\u00e4tten wir heute die Ziyarat Dschamia nicht und somit auch nicht die einzigartigen Lehren, die darin enthalten sind und die den Schiiten zur Verf\u00fcgung stehen.<\/span><\/p>\n<p><span style=\"font-size: 17px; font-family: georgia, palatino;\">Manche haben die Geschichte studiert, jedoch nicht die \u00dcberlieferungen und kennen dementsprechend die Worte der Imame in diesen \u00dcberlieferungen nicht. Das ist ein gro\u00dfer Mangel an ihrem Ansatz. Die Geschichte der Imame l\u00e4sst sich am besten aus diesen \u00dcberlieferungen verstehen, die ihre Lebensweise, ihre Ortswechsel, ihre Ernennung von Nachfolgern und all die Ereignisse in ihrem Leben beschreiben. Schon allein die Bekanntgabe der Nachfolge durch Imam Hadi ist eine erstaunliche Geschichte. Sie haben das sicher im al-Kafi gesehen, wo Ahmad ibn Muhammad ibn Isa eine Rolle spielt, Fragen stellt, diskutiert, es zu einer Mubahala kommt und \u00c4hnliches. Das ist alles sehr wichtig.<\/span><\/p>\n<p><span style=\"font-size: 17px; font-family: georgia, palatino;\">In unserer Geschichtsschreibung, in unseren B\u00fcchern und sogar auf unseren Kanzeln wird sehr wenig \u00fcber diese drei Pers\u00f6nlichkeiten gesprochen, geforscht oder gearbeitet. Es w\u00e4re wirklich angemessen, wenn Menschen in diesem Bereich \u00fcber das Leben dieser drei Pers\u00f6nlichkeiten arbeiten, forschen und schreiben w\u00fcrden. Neulich habe ich einen Roman gesehen, der ein Wunder von Imam Jawad behandelt. Solche Dinge gibt es, aber sie sind selten. Es sollte mehr davon geben, und es sollten auch k\u00fcnstlerische Werke entstehen, so Gott will. \u2026<\/span><\/p>\n\n\n<p><\/p>\n\n\n\n<p><\/p>\n","protected":false},"excerpt":{"rendered":"<p>Am 4. Januar 2024 sprach Imam Chamenei, anl\u00e4sslich des Martyriums von Imam Ali an-Naqi al-Hadi (Friede sei mit ihm), bei<\/p>\n","protected":false},"author":1,"featured_media":2232,"comment_status":"closed","ping_status":"open","sticky":false,"template":"","format":"standard","meta":{"colormag_page_container_layout":"default_layout","colormag_page_sidebar_layout":"default_layout","footnotes":""},"categories":[59,39],"tags":[],"class_list":["post-2231","post","type-post","status-publish","format-standard","has-post-thumbnail","hentry","category-ahlulbayt","category-reden"],"_links":{"self":[{"href":"http:\/\/www.ahl-ul-bait.de\/imam-chamenei\/wp-json\/wp\/v2\/posts\/2231","targetHints":{"allow":["GET"]}}],"collection":[{"href":"http:\/\/www.ahl-ul-bait.de\/imam-chamenei\/wp-json\/wp\/v2\/posts"}],"about":[{"href":"http:\/\/www.ahl-ul-bait.de\/imam-chamenei\/wp-json\/wp\/v2\/types\/post"}],"author":[{"embeddable":true,"href":"http:\/\/www.ahl-ul-bait.de\/imam-chamenei\/wp-json\/wp\/v2\/users\/1"}],"replies":[{"embeddable":true,"href":"http:\/\/www.ahl-ul-bait.de\/imam-chamenei\/wp-json\/wp\/v2\/comments?post=2231"}],"version-history":[{"count":3,"href":"http:\/\/www.ahl-ul-bait.de\/imam-chamenei\/wp-json\/wp\/v2\/posts\/2231\/revisions"}],"predecessor-version":[{"id":2235,"href":"http:\/\/www.ahl-ul-bait.de\/imam-chamenei\/wp-json\/wp\/v2\/posts\/2231\/revisions\/2235"}],"wp:featuredmedia":[{"embeddable":true,"href":"http:\/\/www.ahl-ul-bait.de\/imam-chamenei\/wp-json\/wp\/v2\/media\/2232"}],"wp:attachment":[{"href":"http:\/\/www.ahl-ul-bait.de\/imam-chamenei\/wp-json\/wp\/v2\/media?parent=2231"}],"wp:term":[{"taxonomy":"category","embeddable":true,"href":"http:\/\/www.ahl-ul-bait.de\/imam-chamenei\/wp-json\/wp\/v2\/categories?post=2231"},{"taxonomy":"post_tag","embeddable":true,"href":"http:\/\/www.ahl-ul-bait.de\/imam-chamenei\/wp-json\/wp\/v2\/tags?post=2231"}],"curies":[{"name":"wp","href":"https:\/\/api.w.org\/{rel}","templated":true}]}}