{"id":2247,"date":"2025-01-21T17:16:12","date_gmt":"2025-01-21T16:16:12","guid":{"rendered":"http:\/\/khamenei.de\/wordpress\/?p=2247"},"modified":"2025-02-08T10:56:48","modified_gmt":"2025-02-08T09:56:48","slug":"imam-chameneis-rede-ueber-die-wirtschaft-des-landes-und-gaza","status":"publish","type":"post","link":"http:\/\/www.ahl-ul-bait.de\/imam-chamenei\/2025\/01\/21\/imam-chameneis-rede-ueber-die-wirtschaft-des-landes-und-gaza\/","title":{"rendered":"Imam Chameneis Rede \u00fcber die Wirtschaft des Landes und Gaza"},"content":{"rendered":"\n<figure class=\"wp-block-gallery has-nested-images columns-default is-cropped wp-block-gallery-1 is-layout-flex wp-block-gallery-is-layout-flex\">\n<figure class=\"wp-block-image size-large\"><img loading=\"lazy\" decoding=\"async\" width=\"683\" height=\"1024\" data-id=\"2253\" src=\"http:\/\/ahl-ul-bait.de\/imam-chamenei\/wp-content\/uploads\/2025\/01\/2-2-683x1024.jpg\" alt=\"\" class=\"wp-image-2253\" srcset=\"http:\/\/www.ahl-ul-bait.de\/imam-chamenei\/wp-content\/uploads\/2025\/01\/2-2-683x1024.jpg 683w, http:\/\/www.ahl-ul-bait.de\/imam-chamenei\/wp-content\/uploads\/2025\/01\/2-2-200x300.jpg 200w, http:\/\/www.ahl-ul-bait.de\/imam-chamenei\/wp-content\/uploads\/2025\/01\/2-2-768x1151.jpg 768w, http:\/\/www.ahl-ul-bait.de\/imam-chamenei\/wp-content\/uploads\/2025\/01\/2-2-1025x1536.jpg 1025w, http:\/\/www.ahl-ul-bait.de\/imam-chamenei\/wp-content\/uploads\/2025\/01\/2-2-1366x2048.jpg 1366w, http:\/\/www.ahl-ul-bait.de\/imam-chamenei\/wp-content\/uploads\/2025\/01\/2-2.jpg 1667w\" sizes=\"auto, (max-width: 683px) 100vw, 683px\" \/><\/figure>\n\n\n\n<figure class=\"wp-block-image size-large\"><img loading=\"lazy\" decoding=\"async\" width=\"1024\" height=\"683\" data-id=\"2254\" src=\"http:\/\/ahl-ul-bait.de\/imam-chamenei\/wp-content\/uploads\/2025\/01\/3-2-1024x683.jpg\" alt=\"\" class=\"wp-image-2254\" srcset=\"http:\/\/www.ahl-ul-bait.de\/imam-chamenei\/wp-content\/uploads\/2025\/01\/3-2-1024x683.jpg 1024w, http:\/\/www.ahl-ul-bait.de\/imam-chamenei\/wp-content\/uploads\/2025\/01\/3-2-300x200.jpg 300w, http:\/\/www.ahl-ul-bait.de\/imam-chamenei\/wp-content\/uploads\/2025\/01\/3-2-768x512.jpg 768w, http:\/\/www.ahl-ul-bait.de\/imam-chamenei\/wp-content\/uploads\/2025\/01\/3-2-1536x1024.jpg 1536w, http:\/\/www.ahl-ul-bait.de\/imam-chamenei\/wp-content\/uploads\/2025\/01\/3-2-2048x1366.jpg 2048w\" sizes=\"auto, (max-width: 1024px) 100vw, 1024px\" \/><\/figure>\n\n\n\n<figure class=\"wp-block-image size-large\"><img loading=\"lazy\" decoding=\"async\" width=\"683\" height=\"1024\" data-id=\"2252\" src=\"http:\/\/ahl-ul-bait.de\/imam-chamenei\/wp-content\/uploads\/2025\/01\/4-2-683x1024.jpg\" alt=\"\" class=\"wp-image-2252\" srcset=\"http:\/\/www.ahl-ul-bait.de\/imam-chamenei\/wp-content\/uploads\/2025\/01\/4-2-683x1024.jpg 683w, http:\/\/www.ahl-ul-bait.de\/imam-chamenei\/wp-content\/uploads\/2025\/01\/4-2-200x300.jpg 200w, http:\/\/www.ahl-ul-bait.de\/imam-chamenei\/wp-content\/uploads\/2025\/01\/4-2-768x1151.jpg 768w, http:\/\/www.ahl-ul-bait.de\/imam-chamenei\/wp-content\/uploads\/2025\/01\/4-2-1025x1536.jpg 1025w, http:\/\/www.ahl-ul-bait.de\/imam-chamenei\/wp-content\/uploads\/2025\/01\/4-2-1366x2048.jpg 1366w, http:\/\/www.ahl-ul-bait.de\/imam-chamenei\/wp-content\/uploads\/2025\/01\/4-2.jpg 1667w\" sizes=\"auto, (max-width: 683px) 100vw, 683px\" \/><\/figure>\n\n\n\n<figure class=\"wp-block-image size-large\"><img loading=\"lazy\" decoding=\"async\" width=\"1024\" height=\"683\" data-id=\"2249\" src=\"http:\/\/ahl-ul-bait.de\/imam-chamenei\/wp-content\/uploads\/2025\/01\/5-2.jpg\" alt=\"\" class=\"wp-image-2249\" srcset=\"http:\/\/www.ahl-ul-bait.de\/imam-chamenei\/wp-content\/uploads\/2025\/01\/5-2.jpg 1024w, http:\/\/www.ahl-ul-bait.de\/imam-chamenei\/wp-content\/uploads\/2025\/01\/5-2-300x200.jpg 300w, http:\/\/www.ahl-ul-bait.de\/imam-chamenei\/wp-content\/uploads\/2025\/01\/5-2-768x512.jpg 768w\" sizes=\"auto, (max-width: 1024px) 100vw, 1024px\" \/><\/figure>\n\n\n\n<figure class=\"wp-block-image size-large\"><img loading=\"lazy\" decoding=\"async\" width=\"1024\" height=\"683\" data-id=\"2248\" src=\"http:\/\/ahl-ul-bait.de\/imam-chamenei\/wp-content\/uploads\/2025\/01\/6-2.jpg\" alt=\"\" class=\"wp-image-2248\" srcset=\"http:\/\/www.ahl-ul-bait.de\/imam-chamenei\/wp-content\/uploads\/2025\/01\/6-2.jpg 1024w, http:\/\/www.ahl-ul-bait.de\/imam-chamenei\/wp-content\/uploads\/2025\/01\/6-2-300x200.jpg 300w, http:\/\/www.ahl-ul-bait.de\/imam-chamenei\/wp-content\/uploads\/2025\/01\/6-2-768x512.jpg 768w\" sizes=\"auto, (max-width: 1024px) 100vw, 1024px\" \/><\/figure>\n\n\n\n<figure class=\"wp-block-image size-large\"><img loading=\"lazy\" decoding=\"async\" width=\"1024\" height=\"683\" data-id=\"2251\" src=\"http:\/\/ahl-ul-bait.de\/imam-chamenei\/wp-content\/uploads\/2025\/01\/7-2.jpg\" alt=\"\" class=\"wp-image-2251\" srcset=\"http:\/\/www.ahl-ul-bait.de\/imam-chamenei\/wp-content\/uploads\/2025\/01\/7-2.jpg 1024w, http:\/\/www.ahl-ul-bait.de\/imam-chamenei\/wp-content\/uploads\/2025\/01\/7-2-300x200.jpg 300w, http:\/\/www.ahl-ul-bait.de\/imam-chamenei\/wp-content\/uploads\/2025\/01\/7-2-768x512.jpg 768w\" sizes=\"auto, (max-width: 1024px) 100vw, 1024px\" \/><\/figure>\n<\/figure>\n\n\n<p>\u00a0<\/p>\n<p><span style=\"font-size: 17px; font-family: georgia, palatino;\"><i>Am 21. Januar 2025 besuchte Imam Chamenei die Ausstellung \u201ePioniere des Fortschritts\u201c, auf der die neuesten Errungenschaften des Irans sowie seine wissenschaftlichen und wirtschaftlichen F\u00e4higkeiten vorgestellt wurden. Anschlie\u00dfend fand am 22. Januar eine Versammlung mit einer gro\u00dfen Anzahl von Produzenten und in der Wirtschaft t\u00e4tigen Personen statt, bei der er auch eine Rede hielt. Es folgt die sinngem\u00e4\u00dfe \u00dcbersetzung der Rede aus dem <a href=\"https:\/\/farsi.khamenei.ir\/speech-content?id=59052\" target=\"_blank\" rel=\"noopener\">persischen Original<\/a>. Obwohl es f\u00fcr alle hier ver\u00f6ffentlichten Texte gilt, wird darauf verwiesen, dass die \u00dcbersetzung zu Dokumentationszwecken ohne jegliche Kommentierung erfolgt und die dargestellte Meinung nicht mit der Meinung der Herausgeber \u00fcbereinstimmen muss.<\/i><\/span><\/p>\n<hr \/>\n<p><span style=\"font-size: 17px; font-family: georgia, palatino;\"><b>Im Namen Allahs, des Gn\u00e4digen, des Begnadenden<\/b><\/span><\/p>\n<p><span style=\"font-size: 17px; font-family: georgia, palatino;\">Aller Dank ist Allahs, des Herrn der Welten, und der Frieden und Segen seien mit unserem Meister und Propheten Abul-Qasim al-Mustafa Muhammad und seiner reinen, fehlerlosen und auserw\u00e4hlten Familie und insbesondere mit dem Verbliebenen Allahs auf Erden (Baqiyyatullah, Imam Mahdi).<\/span><\/p>\n<p><span style=\"font-size: 17px; font-family: georgia, palatino;\">Unser heutiges Treffen war eine sehr n\u00fctzliche und angenehme Sitzung. Ein Teil bestand aus Berichten \u00fcber bereits erledigte Aufgaben, initiierte Innovationen, Errungenschaften, Erfolge und die Schaffung von Hoffnung, was meiner Meinung nach f\u00fcr uns wichtig ist, solche Worte zu h\u00f6ren. In der d\u00fcsteren Atmosph\u00e4re, die unsere Feinde aus ihren besonderen Absichten heraus versuchen, in spezifische Regionen des Landes wie bei der Jugend und in akademischen Kreisen zu injizieren, sind diese Worte, diese Berichte, diese Aussagen lebensspendend, hoffnungsf\u00f6rdernd und ein Antrieb f\u00fcr Fortschritt. Ein anderer Teil bestand aus Beschwerden, die wir wiederholt von Gruppen wie der Ihrigen geh\u00f6rt haben und denen wir Beachtung schenken und die wir l\u00f6sen m\u00fcssen.<\/span><\/p>\n<p><span style=\"font-size: 17px; font-family: georgia, palatino;\">Zum ersten Teil, also den guten Nachrichten und Fortschritten sowie der Darstellung dessen, was erreicht wurde, denke ich, dass wir hier eine wichtige mediale Arbeit ben\u00f6tigen. Wissen alle unsere jungen Leute von diesen Fortschritten, die Sie hier berichtet haben und die wir geh\u00f6rt haben? Wissen unsere Studenten davon? Wissen diejenigen, die im Land aktiv sind, die Einfluss nehmen und ihre F\u00e4higkeiten einbringen m\u00f6chten, dass es m\u00f6glich ist, beispielsweise in einer kleinen Stadt eine kleine Einheit zu gr\u00fcnden und diese dann in relativ kurzer Zeit um ein Vielfaches zu erweitern und voranzubringen? Sind diese Fortschritte bekannt? Wir leisten zu wenig, um die bestehenden Fortschritte und die verwirklichten Tr\u00e4ume aufzuzeigen. Hier ist eine mediale Arbeit erforderlich, die ein eigenes Kapitel darstellt und zu der man sich zusammensetzen, diskutieren und nachdenken muss. Zu den Beschwerden werde ich gleich noch etwas sagen.<\/span><\/p>\n<p><span style=\"font-size: 17px; font-family: georgia, palatino;\">Dieses heutige Treffen ist \u00fcbrigens das f\u00fcnfte, das wir in den letzten Jahren mit Ihnen, den Unternehmern und Investoren, abgehalten haben. Wir haben diese Sitzungen im Jahr 2020 begonnen: 2020, 2022, 2023, 2024 und nun 2025. Viele von Ihnen waren auch in den fr\u00fcheren Sitzungen anwesend. 2020, auf dem H\u00f6hepunkt der Sanktionen und der doppelten Bedrohungen durch Sanktionen und Druck, haben wir diese Sitzung abgehalten, um denen zu danken, die im Land ihre \u00c4rmel hochgekrempelt und die Produktion und den Fortschritt des Landes zu ihrem Ziel gemacht haben, und um ihnen zu sagen, dass Sie die Kommandeure der vordersten Front im Wirtschaftskrieg sind. 2020 haben wir diesen Titel den anwesenden Freunden gegeben und gesagt, dass Sie die Kommandeure der vordersten Front im Wirtschaftskrieg sind. Heute ist eine der wichtigsten Fronten unseres Krieges der Wirtschaftskrieg. Wir haben gesagt, dass das Produktionswachstum verfolgt werden muss. Jedes Jahr, in dem diese Sitzung stattfand, haben wir gesehen und erfahren \u2013 nicht nur durch Berichte, sondern auch durch tats\u00e4chliche Informationen \u2013, dass die Kreativit\u00e4t des Privatsektors zugenommen und er sich gest\u00e4rkt hat. Fr\u00fcher hatten wir die Sorge, den Privatsektor ins Feld zu f\u00fchren, heute sehen wir, dass der Privatsektor durch die Erfahrungen, die er durch sein Engagement gewonnen hat, mit Motivation und Begeisterung auf die Erweiterung von Produktion und Investitionen hinarbeitet. Das bedeutet, dass wir in diesen f\u00fcnf Jahren Fortschritte gemacht haben.<\/span><\/p>\n<p><span style=\"font-size: 17px; font-family: georgia, palatino;\">Gestern habe ich die Ausstellung gesehen. Nat\u00fcrlich war das, was in dieser Ausstellung pr\u00e4sentiert und gezeigt wurde, tats\u00e4chlich nur ein kleiner Teil der Realit\u00e4t, die im Land existiert. Dennoch hat diese Ausstellung \u2013 die Ausstellung, die ich gestern gesehen habe \u2013 gezeigt, dass der Privatsektor des Landes trotz ausl\u00e4ndischem Druck, trotz Sanktionen, trotz der Androhung weiterer Sanktionen, wie Sie sehen k\u00f6nnen, in der Lage war, ein akzeptables Niveau an Fortschritt zu erreichen. Diese Ausstellung war ein Zeichen des Fortschritts, ein Zeichen der Vorw\u00e4rtsbewegung. Warum erkennen wir diese gro\u00dfen Gaben Gottes nicht an? Das Land bewegt sich vorw\u00e4rts. Der Privatsektor ist im Bereich der Wirtschaft ein Beispiel und ein Beweis f\u00fcr den Fortschritt des Landes. Wenn wir den Bereich Wissenschaft und Forschung betrachten, werden wir dort auf eine \u00e4hnliche Realit\u00e4t sto\u00dfen. In verschiedenen Bereichen des Landes sehen wir diese Fortschritte. Nat\u00fcrlich gibt es viele M\u00e4ngel, Schw\u00e4chen und Probleme, die auf uns zur\u00fcckzuf\u00fchren sind. Die Minister sind hier anwesend, ebenso Dr. Aref. Ich werde nun sagen, was in unserer Verantwortung liegt.<\/span><\/p>\n<p><span style=\"font-size: 17px; font-family: georgia, palatino;\">Ein Land, das mit Sanktionen zu k\u00e4mpfen hat, muss diesen Weg verfolgen und dies zu einem der Grundprinzipien seines Handelns machen. Heutzutage gibt es einige L\u00e4nder auf der Welt, die von den M\u00e4chten sanktioniert werden \u2013 nat\u00fcrlich ist diese Sanktion nur ihre Perspektive. Doch selbst die Dinge, die sie sanktioniert haben, werden diesen L\u00e4ndern auf passende und richtige Weise und trotz der Sanktionen zug\u00e4nglich gemacht und dennoch ist es die Aufgabe eines Landes, das unter Sanktionen steht, seine Aufmerksamkeit so weit wie m\u00f6glich auf seine inneren Kapazit\u00e4ten zu richten, diese zu nutzen und von ihnen zu profitieren. Ich schlage vor, dass die Verantwortlichen des Landes diese Ausstellung besuchen. Bereits in der vergangenen Periode habe ich diese Bitte ge\u00e4u\u00dfert. Wenn sie die Ausstellung noch nicht gesehen haben, sollen sie kommen und sie sich ansehen. Die hochrangigen Vertreter der drei Gewalten und verschiedene andere Verantwortliche sollen diese Ausstellung besuchen. Letztes Jahr habe ich die gleiche Bitte ge\u00e4u\u00dfert. Der M\u00e4rtyrerpr\u00e4sident, Herr Raisi \u2013 m\u00f6ge Gott ihm gn\u00e4dig sein \u2013 kam ein oder zwei Tage sp\u00e4ter und besuchte die Ausstellung. Er blieb sogar l\u00e4nger dort, als ich es getan hatte \u2013 vielleicht doppelt so lange \u2013 und war noch gl\u00fccklicher und zufriedener als ich. Ich bin sicher, dass die Verantwortlichen des Landes, die Pr\u00e4sidenten der Gewalten und andere Verantwortliche dieselbe Freude empfinden w\u00fcrden.<\/span><\/p>\n<p><span style=\"font-size: 17px; font-family: georgia, palatino;\">Ein erfreulicher Punkt, der sowohl in der Ausstellung sichtbar war als auch in den heutigen Gespr\u00e4chen wiederholt erw\u00e4hnt wurde \u2013 und den ich auch aus anderen Quellen wusste \u2013, ist, dass in vielen F\u00e4llen, die keineswegs selten sind, zu beobachten ist, dass privaten Investoren der Fortschritt des Landes wichtiger ist als ihre eigenen Einnahmen. Das ist sehr bedeutsam. Wir haben dies auch in den heutigen Aussagen geh\u00f6rt. Ja, Einnahmen und die Verbesserung der eigenen Lebenssituation sind f\u00fcr sie ebenfalls ein Thema, aber in einigen F\u00e4llen ist ihnen der Fortschritt des Landes genauso wichtig, wenn nicht sogar weitaus wichtiger. Sie wollen, dass das Land aus seinen Problemen herauskommt.<\/span><\/p>\n<p><span style=\"font-size: 17px; font-family: georgia, palatino;\">Der zentrale Punkt, den ich immer wieder betont habe und den ich auch heute hervorheben m\u00f6chte, ist, dass die ausf\u00fchrende Exekutive des Landes den privaten Sektor unterst\u00fctzen muss. Das ist eine Verpflichtung: Er muss Unterst\u00fctzung leisten. Die wichtigste Unterst\u00fctzung besteht darin, Hindernisse aus dem Weg zu r\u00e4umen. Leider beobachte ich, dass staatliche oder aufsichtsrechtliche Stellen manchmal wie eine Bremse wirken \u2013 anstatt den Fortschritt und die Entwicklung eines Unternehmens zu f\u00f6rdern, schaffen sie Hindernisse, die den Fortschritt behindern.<\/span><\/p>\n<p><span style=\"font-size: 17px; font-family: georgia, palatino;\">Ein Problem, das heute angesprochen wurde, ist das der Importe. Einige Herren haben dieses Thema angesprochen, und ich habe diese Angelegenheit bereits mehrfach erw\u00e4hnt. Sie m\u00fcssen dem nachgehen. Herr Dr. Aref soll die ehrenwerten Minister und insbesondere den Wirtschaftsminister auffordern, sich dem zu widmen. Es ist besch\u00e4mend, wie einer der Herren erw\u00e4hnt hat, dass die finanziellen Ausgaben f\u00fcr den Import eines Produkts etwa 40% h\u00f6her sind als die Kosten f\u00fcr die Produktion dieses Produkts im Inland [und dennoch wird das Produkt importiert]. Das bedeutet, dass der ausl\u00e4ndische Konkurrent auf Kosten des iranischen Arbeiters, der iranischen Fabrik und des iranischen Investors profitiert. Das ist wirklich besch\u00e4mend! Wenn ein iranisches Produkt die Probleme des Landes l\u00f6sen kann, warum erlauben wir dann, dass ausl\u00e4ndische Investoren auf Kosten unserer eigenen Investoren profitieren und vorankommen? Das ist ein Schaden f\u00fcr das Land. Das ist keine Kleinigkeit, und dem muss nachgegangen werden.<\/span><\/p>\n<p><span style=\"font-size: 17px; font-family: georgia, palatino;\">Mein Appell ist, dass die staatlichen Stellen unterst\u00fctzen und die Hindernisse beseitigen. Manchmal sind es Gesetze, die diese Hindernisse darstellen \u2013 \u00e4ndern Sie diese Gesetze. Manchmal sind es staatliche Vorschriften \u2013 passen Sie sie an. Nat\u00fcrlich rate ich nicht dazu, gegen\u00fcber denjenigen, die falsch handeln, nachl\u00e4ssig zu sein. Es gibt Menschen, die unter dem Deckmantel von Investoren oder Unternehmern auftreten, in Wirklichkeit jedoch keine Investoren sind, sondern lediglich die Absicht haben, auszunutzen oder auszubeuten. Solche F\u00e4lle gab es etwa bei der Zuteilung von bevorzugten Devisen und \u00e4hnlichen Themen, wo es viele Missbr\u00e4uche gab. Ich empfehle dies nicht. Seien Sie wachsam, aber erh\u00f6hen Sie gleichzeitig die Unterst\u00fctzung \u2013 insbesondere f\u00fcr diejenigen, die wirklich ehrliche Arbeit leisten. Beseitigen Sie die Hindernisse, die ihnen im Weg stehen.<\/span><\/p>\n<p><span style=\"font-size: 17px; font-family: georgia, palatino;\">Ein wichtiges Beispiel f\u00fcr die Beseitigung von Hindernissen ist die Umsetzung der Richtlinien von Artikel 44. Als wir diese Richtlinien vor einigen Jahren verk\u00fcndeten, haben sie alle \u2013 das hei\u00dft, alle Verantwortlichen sowie sachkundige und informierte Personen, die mit mir in Kontakt standen \u2013 diesen Artikel best\u00e4tigt. Manche \u00e4u\u00dferten ihre Zustimmung in den Medien oder in der Presse, andere haben mir pers\u00f6nlich gesagt, dass diese Richtlinien die wirtschaftlichen Probleme des Landes l\u00f6sen und Knotenpunkte entwirren k\u00f6nnten. Leider haben jedoch viele der zust\u00e4ndigen Verantwortlichen diese Richtlinien nicht umgesetzt, und wir haben immer noch mit diesem Problem zu k\u00e4mpfen. Die Richtlinien von Artikel 44 m\u00fcssen umgesetzt werden. Meiner Meinung nach war einer der Gr\u00fcnde f\u00fcr den wirtschaftlichen R\u00fcckgang in den 90er Jahren [nach persischem Kalender, bei uns 2010er] genau dieser Mangel an Umsetzung. Es gab viele Ursachen, aber eine davon war, dass diese Richtlinien nicht beachtet wurden, obwohl wir sie immer wieder empfohlen haben. Es wurde aber nicht darauf geachtet.<\/span><\/p>\n<p><span style=\"font-size: 17px; font-family: georgia, palatino;\">Bez\u00fcglich des Wirtschaftswachstums von acht Prozent habe ich erfreulicherweise erfahren, dass einige Experten in diesem Bereich in mehreren spezialisierten Arbeitsgruppen \u00fcber Monate hinweg gearbeitet haben. Sie haben Kapazit\u00e4ten und F\u00e4higkeiten identifiziert, Investitionspl\u00e4ne entwickelt und L\u00f6sungen f\u00fcr die Probleme erarbeitet. Die Regierungsverantwortlichen m\u00fcssen sich ernsthaft darum k\u00fcmmern. Die Arbeit wurde geleistet. Diese Arbeitsgruppen haben sich hingesetzt, gearbeitet, geforscht und die Probleme analysiert. Die Umsetzung liegt jedoch nun bei den Verantwortlichen, damit dieses wirtschaftliche Wachstum von acht Prozent tats\u00e4chlich verwirklicht werden kann. Sie sollen nicht sagen, es sei unm\u00f6glich, oder es an eine unerreichbare Bedingung kn\u00fcpfen, wie beispielsweise die Notwendigkeit einer bestimmten Menge an ausl\u00e4ndischen Investitionen. Mit einer solchen Denkweise wird das nat\u00fcrlich nicht verwirklicht werden. Diejenigen, die an dieser Angelegenheit gearbeitet haben, haben das Wachstum von acht Prozent nicht von einer unm\u00f6glichen Voraussetzung abh\u00e4ngig gemacht. Was sie vorschlagen, sind Ma\u00dfnahmen, die im Inland umsetzbar sind, wenn die notwendige Unterst\u00fctzung geleistet wird. Meiner Meinung nach ist dieses Ziel durchaus erreichbar. Nat\u00fcrlich wirkt ein Wachstum von acht Prozent keine Wunder und f\u00fchrt innerhalb eines Jahres nicht zu einem bedeutenden Wandel. Ein hohes Wachstum muss kontinuierlich sein, und die Ertr\u00e4ge daraus m\u00fcssen gerecht verteilt werden, damit sie sichtbare Ver\u00e4nderungen im Land bewirken und die Menschen sp\u00fcren, dass Fortschritte erzielt wurden.<\/span><\/p>\n<p><span style=\"font-size: 17px; font-family: georgia, palatino;\">Eine der M\u00f6glichkeiten und Kapazit\u00e4ten, die uns zur Verf\u00fcgung stehen, ist unsere j\u00fcngste Teilnahme an Versammlungen wie BRICS und \u00e4hnlichen Formaten. Diese Gelegenheit muss maximal genutzt werden. Dies erfordert auch das Engagement und die aktive Teilnahme der Verantwortlichen der Diplomatie. Sie m\u00fcssen sich einbringen und helfen. Dies ist eine gro\u00dfe Chance f\u00fcr unser Land, insbesondere durch das BRICS-Finanzsystem und die geplanten W\u00e4hrungstransaktionen zwischen den Mitgliedsl\u00e4ndern. Sollte dies umgesetzt werden, wird es zweifellos eine gro\u00dfe Hilfe sein. Eines unserer Probleme ist derzeit, dass wir vom Dollar abh\u00e4ngig sind. Das haben auch andere L\u00e4nder erkannt. Nat\u00fcrlich scheuen sich einige Mitglieder dieses Finanzsystems, aus politischen Gr\u00fcnden oder \u00c4hnlichem, in diese Richtung aktiv zu werden. Hier ist diplomatisches Engagement gefragt, um sie zu bewegen, diese Ma\u00dfnahmen umzusetzen. Im Inland verfolgt auch unser ehrenwerter Pr\u00e4sident diesen Gedanken, und ich unterst\u00fctze ihn vollst\u00e4ndig. Ziel sollte es sein, den Dollar so weit wie m\u00f6glich aus den Handelsgesch\u00e4ften zu entfernen. Das ist ein gro\u00dfer und wichtiger Schritt. Im wirtschaftlichen Wettbewerb ist dies eine \u00e4u\u00dferst entschlossene und richtungsweisende Ma\u00dfnahme. Nat\u00fcrlich wird es Reaktionen geben, aber wenn Sie es schaffen, dies durchzuf\u00fchren, werden Ihre M\u00f6glichkeiten gest\u00e4rkt. Dar\u00fcber hinaus sollte die Zentralbank das Feld f\u00fcr andere W\u00e4hrungen \u00f6ffnen, um die Devisenvergabe zu erleichtern.<\/span><\/p>\n<p><span style=\"font-size: 17px; font-family: georgia, palatino;\">Ich habe viele Anmerkungen zu den Themen des Privatsektors, die ich in den vergangenen Jahren vorgebracht habe und nicht wiederholen m\u00f6chte. Das Wesentliche ist, dass staatliche Institutionen den Privatsektor unterst\u00fctzen. Der Privatsektor soll das Gef\u00fchl haben, dass er durch staatliche Hilfen gest\u00e4rkt wird, dass ihm keine Hindernisse in den Weg gelegt werden und dass seine Arbeit reibungslos und einfach vonstattengeht. Gestern erz\u00e4hlte mir bei einer Ausstellung jemand, dass er mir bereits letztes Jahr gesagt hatte, dass die Genehmigung f\u00fcr eine bestimmte Gr\u00fcndung ganze drei Jahre verz\u00f6gert wurde. Er sagte mir dies letztes Jahr, und ich sprach es am n\u00e4chsten Tag in einer Rede wie heute an. Ich fragte: \u201eWarum verz\u00f6gert ihr etwas drei Jahre, das in zehn Tagen, h\u00f6chstens einem Monat erledigt sein k\u00f6nnte? Kl\u00e4rt es und bringt es voran.\u201c Gestern sagte mir derselbe Mann: \u201eDie drei Jahre vom letzten Jahr sind dieses Jahr vier geworden!\u201c Das hei\u00dft, in diesem einen Jahr wurde nichts erledigt. Das muss doch gel\u00f6st werden. So geht das nicht. Ich habe mich wirklich gesch\u00e4mt. Das muss gekl\u00e4rt werden. Es gibt viele Worte dazu. Wir reden, wir wiederholen, wir betonen \u2013 aber wir m\u00fcssen handeln.<\/span><\/p>\n<p style=\"text-align: right;\"><span style=\"font-size: 17px; font-family: georgia, palatino;\">\u0625\u0650\u0646\u0651\u064e \u0627\u0644\u0651\u064e\u0630\u0650\u064a\u0646\u064e \u0622\u0645\u064e\u0646\u064f\u0648\u0627 \u0648\u064e\u0639\u064e\u0645\u0650\u0644\u064f\u0648\u0627 \u0627\u0644\u0635\u0651\u064e\u0627\u0644\u0650\u062d\u064e\u0627\u062a\u0650<\/span><\/p>\n<p><span style=\"font-size: 17px; font-family: georgia, palatino;\"><i>\u201eWahrlich diejenigen, die \u00fcberzeugt gewesen sind und die Rechtschaffenen (Taten) gehandelt haben\u201c<\/i> [Heiliger Quran, 2:277]. \u00dcberzeugung ist notwendig, aber gleichzeitig sind auch gute Taten erforderlich. Dies gilt f\u00fcr die Belohnungen des Jenseits sowie f\u00fcr die weltlichen Angelegenheiten, die Religion und die islamische Gesetzgebung. Auch im Alltag ist es so: Die \u00dcberzeugung von einer Wahrheit ist erforderlich \u2013 das hei\u00dft, dass man davon \u00fcberzeugt ist, dem Privatsektor helfen zu m\u00fcssen. Diese \u00dcberzeugung ist notwendig, doch ohne ihn kommt die Arbeit nicht voran. Aber diese \u00dcberzeugung allein reicht nicht aus. Rechtschaffene und gute Taten m\u00fcssen hinzukommen \u2013 \u00dcberzeugung und rechtschaffene Taten. Dies ist mein Anliegen f\u00fcr diese Sitzung.<\/span><\/p>\n<p><span style=\"font-size: 17px; font-family: georgia, palatino;\">Lassen Sie mich nun ein Wort zu Gaza sagen. Wir haben gesagt, der Widerstand ist lebendig und wird lebendig bleiben. Gaza hat gesiegt. Der Widerstand hat gezeigt, dass er lebendig ist und bleiben wird. Was sich vor den Augen der Welt abspielt, gleicht einer Legende. Wirklich, wenn wir das in einer Geschichte gelesen h\u00e4tten, h\u00e4tten wir gezweifelt und es nicht geglaubt; dass eine gewaltige Kriegsmaschinerie wie die der USA einer tyrannischen und blutr\u00fcnstigen Regierung wie dem zionistischen Regime offen zur Hilfe eilt, ein Regime, das so grausam und erbarmungslos ist, dass es sich nicht scheut, innerhalb von etwa einem Jahr und einigen Monaten 15.000 Kinder zu t\u00f6ten. Und dass diese Macht so gleichg\u00fcltig gegen\u00fcber menschlichen und ethischen Werten ist, dass sie diesem grausamen Regime bunkerbrechende Bomben liefert, damit es die H\u00e4user dieser Kinder und die Krankenh\u00e4user, in denen sie behandelt werden, bombardieren kann. Wenn dies in der Geschichte st\u00fcnde, w\u00fcrden wir es sicherlich nicht glauben und sagen, dass da irgendwo ein Fehler sein muss.<\/span><\/p>\n<p><span style=\"font-size: 17px; font-family: georgia, palatino;\">Heute sehen wir, dass genau das vor unseren Augen geschieht: Die USA haben dem zionistischen Regime alle ihre Mittel zur Verf\u00fcgung gestellt \u2013 ohne diese Unterst\u00fctzung w\u00e4re das zionistische Regime bereits in den ersten Wochen in die Knie gegangen. Sie haben anderthalb Jahre lang jede Grausamkeit begangen, zu der sie f\u00e4hig waren: Krankenh\u00e4user, Moscheen, Kirchen, H\u00e4user, M\u00e4rkte, Versammlungsorte \u2013 alles, was ihnen unter die H\u00e4nde kam, haben sie zerst\u00f6rt. Wo? Auf einem kleinen St\u00fcck Land wie Gaza! Auf einem winzigen St\u00fcck Land wie Gaza! Sie haben alles getan, was sie konnten. Sie hatten sogar ein klares Ziel: Der Premierminister des zionistischen Regimes \u2013 dieser elende, ungl\u00fcckselige Mensch \u2013 erkl\u00e4rte, dass sie Hamas zerst\u00f6ren und ausl\u00f6schen wollten. Sie hatten sogar Pl\u00e4ne f\u00fcr die Verwaltung von Gaza nach dem Krieg ausgearbeitet! So zuversichtlich waren sie. Doch nun sitzt dasselbe brutale zionistische Regime mit genau jener Hamas, die es ausl\u00f6schen wollte, am Verhandlungstisch und akzeptiert deren Bedingungen f\u00fcr einen Waffenstillstand. Das ist, was geschieht.<\/span><\/p>\n<p><span style=\"font-size: 17px; font-family: georgia, palatino;\">Wenn wir sagen, der Widerstand lebt, dann meinen wir genau das. Wenn wir sagen:<\/span><\/p>\n<p style=\"text-align: right;\"><span style=\"font-size: 17px; font-family: georgia, palatino;\">\u0648\u064e\u0644\u064e\u0648\u0652 \u0642\u064e\u0627\u062a\u064e\u0644\u064e\u0643\u064f\u0645\u064f \u0627\u0644\u0651\u064e\u0630\u0650\u064a\u0646\u064e \u0643\u064e\u0641\u064e\u0631\u064f\u0648\u0627 \u0644\u064e\u0648\u064e\u0644\u0651\u064e\u0648\u064f\u0627 \u0627\u0644\u0652\u0623\u064e\u062f\u0652\u0628\u064e\u0627\u0631\u064e \u062b\u064f\u0645\u0651\u064e \u0644\u064e\u0627 \u064a\u064e\u062c\u0650\u062f\u064f\u0648\u0646\u064e \u0648\u064e\u0644\u0650\u064a\u0651\u064b\u0627 \u0648\u064e\u0644\u064e\u0627 \u0646\u064e\u0635\u0650\u064a\u0631\u064b\u0627<\/span><\/p>\n<p><span style=\"font-size: 17px; font-family: georgia, palatino;\"><i>\u201eUnd h\u00e4tten euch bek\u00e4mpft diejenigen, die abgestritten haben, h\u00e4tten sie gewiss die R\u00fccken abgewandt\u201c <\/i>[Heiliger Quran, 48:22], dann bezieht sich das nicht nur auf die damalige Zeit, denn es hei\u00dft weiter:\u00a0<\/span><\/p>\n<p style=\"text-align: right;\"><span style=\"font-size: 17px; font-family: georgia, palatino;\">\u0633\u064f\u0646\u0651\u064e\u0629\u064e \u0627\u0644\u0644\u0651\u064e\u0647\u0650 \u0627\u0644\u0651\u064e\u062a\u0650\u064a \u0642\u064e\u062f\u0652 \u062e\u064e\u0644\u064e\u062a\u0652 \u0645\u0650\u0646 \u0642\u064e\u0628\u0652\u0644\u064f \u06d6 \u0648\u064e\u0644\u064e\u0646 \u062a\u064e\u062c\u0650\u062f\u064e \u0644\u0650\u0633\u064f\u0646\u0651\u064e\u0629\u0650 \u0627\u0644\u0644\u0651\u064e\u0647\u0650 \u062a\u064e\u0628\u0652\u062f\u0650\u064a\u0644\u064b\u0627<\/span><\/p>\n<p><span style=\"font-size: 17px; font-family: georgia, palatino;\"><i>\u201eAllahs Verfahrensweise ist diejenige, wie sie zuvor dahingegangen ist. Und nicht findest du in Allahs Verfahrensweise Eintauschbares.\u201c<\/i> [Heiliger Quran, 48:23]. Dies ist das g\u00f6ttliche Gesetz: Der Sieg musste errungen werden, und er wurde errungen. \u00dcberall dort, wo Gottes treue Diener Widerstand leisten, ist der Sieg gewiss. Ein phantasierender Dummkopf erkl\u00e4rte, Iran sei geschw\u00e4cht. Doch die Zukunft wird zeigen, wer wirklich geschw\u00e4cht ist. Saddam begann den Krieg in dem Glauben, Iran sei geschw\u00e4cht. Auch Reagan glaubte, Iran sei geschw\u00e4cht, und unterst\u00fctzte Saddam auf jede erdenkliche Weise. Sie und viele andere, die sich t\u00e4uschten, wurden vernichtet, und die Islamische Republik Iran wuchs Tag f\u00fcr Tag. Ich sage euch, mit Gottes Gnade wird sich diese Erfahrung auch dieses Mal wiederholen.<\/span><\/p>\n<p><span style=\"font-size: 17px; font-family: georgia, palatino;\">Der Friede, die Gnade Allahs und sein Segen seien mit Euch.<\/span><\/p>","protected":false},"excerpt":{"rendered":"<p>\u00a0 Am 21. Januar 2025 besuchte Imam Chamenei die Ausstellung \u201ePioniere des Fortschritts\u201c, auf der die neuesten Errungenschaften des Irans<\/p>\n","protected":false},"author":1,"featured_media":2257,"comment_status":"closed","ping_status":"open","sticky":false,"template":"","format":"standard","meta":{"colormag_page_container_layout":"default_layout","colormag_page_sidebar_layout":"default_layout","footnotes":""},"categories":[30,27,39,33,32,42],"tags":[],"class_list":["post-2247","post","type-post","status-publish","format-standard","has-post-thumbnail","hentry","category-iran","category-palaestina","category-reden","category-weltpolitik","category-wirtschaft","category-wissenschaft"],"_links":{"self":[{"href":"http:\/\/www.ahl-ul-bait.de\/imam-chamenei\/wp-json\/wp\/v2\/posts\/2247","targetHints":{"allow":["GET"]}}],"collection":[{"href":"http:\/\/www.ahl-ul-bait.de\/imam-chamenei\/wp-json\/wp\/v2\/posts"}],"about":[{"href":"http:\/\/www.ahl-ul-bait.de\/imam-chamenei\/wp-json\/wp\/v2\/types\/post"}],"author":[{"embeddable":true,"href":"http:\/\/www.ahl-ul-bait.de\/imam-chamenei\/wp-json\/wp\/v2\/users\/1"}],"replies":[{"embeddable":true,"href":"http:\/\/www.ahl-ul-bait.de\/imam-chamenei\/wp-json\/wp\/v2\/comments?post=2247"}],"version-history":[{"count":2,"href":"http:\/\/www.ahl-ul-bait.de\/imam-chamenei\/wp-json\/wp\/v2\/posts\/2247\/revisions"}],"predecessor-version":[{"id":2258,"href":"http:\/\/www.ahl-ul-bait.de\/imam-chamenei\/wp-json\/wp\/v2\/posts\/2247\/revisions\/2258"}],"wp:featuredmedia":[{"embeddable":true,"href":"http:\/\/www.ahl-ul-bait.de\/imam-chamenei\/wp-json\/wp\/v2\/media\/2257"}],"wp:attachment":[{"href":"http:\/\/www.ahl-ul-bait.de\/imam-chamenei\/wp-json\/wp\/v2\/media?parent=2247"}],"wp:term":[{"taxonomy":"category","embeddable":true,"href":"http:\/\/www.ahl-ul-bait.de\/imam-chamenei\/wp-json\/wp\/v2\/categories?post=2247"},{"taxonomy":"post_tag","embeddable":true,"href":"http:\/\/www.ahl-ul-bait.de\/imam-chamenei\/wp-json\/wp\/v2\/tags?post=2247"}],"curies":[{"name":"wp","href":"https:\/\/api.w.org\/{rel}","templated":true}]}}