{"id":2260,"date":"2025-01-28T15:42:50","date_gmt":"2025-01-28T14:42:50","guid":{"rendered":"http:\/\/khamenei.de\/wordpress\/?p=2260"},"modified":"2025-02-08T10:56:40","modified_gmt":"2025-02-08T09:56:40","slug":"berufung-des-propheten-zeigt-sich-heute-im-widerstand","status":"publish","type":"post","link":"http:\/\/www.ahl-ul-bait.de\/imam-chamenei\/2025\/01\/28\/berufung-des-propheten-zeigt-sich-heute-im-widerstand\/","title":{"rendered":"Berufung des Propheten zeigt sich heute im Widerstand"},"content":{"rendered":"\n<figure class=\"wp-block-gallery has-nested-images columns-default is-cropped wp-block-gallery-1 is-layout-flex wp-block-gallery-is-layout-flex\">\n<figure class=\"wp-block-image size-large\"><img loading=\"lazy\" decoding=\"async\" width=\"683\" height=\"1024\" data-id=\"2262\" src=\"http:\/\/ahl-ul-bait.de\/imam-chamenei\/wp-content\/uploads\/2025\/02\/2-683x1024.jpg\" alt=\"\" class=\"wp-image-2262\" srcset=\"http:\/\/www.ahl-ul-bait.de\/imam-chamenei\/wp-content\/uploads\/2025\/02\/2-683x1024.jpg 683w, http:\/\/www.ahl-ul-bait.de\/imam-chamenei\/wp-content\/uploads\/2025\/02\/2-200x300.jpg 200w, http:\/\/www.ahl-ul-bait.de\/imam-chamenei\/wp-content\/uploads\/2025\/02\/2-768x1151.jpg 768w, http:\/\/www.ahl-ul-bait.de\/imam-chamenei\/wp-content\/uploads\/2025\/02\/2-1025x1536.jpg 1025w, http:\/\/www.ahl-ul-bait.de\/imam-chamenei\/wp-content\/uploads\/2025\/02\/2-1366x2048.jpg 1366w, http:\/\/www.ahl-ul-bait.de\/imam-chamenei\/wp-content\/uploads\/2025\/02\/2.jpg 1667w\" sizes=\"auto, (max-width: 683px) 100vw, 683px\" \/><\/figure>\n\n\n\n<figure class=\"wp-block-image size-large\"><img loading=\"lazy\" decoding=\"async\" width=\"1024\" height=\"683\" data-id=\"2269\" src=\"http:\/\/ahl-ul-bait.de\/imam-chamenei\/wp-content\/uploads\/2025\/02\/3-1-1024x683.jpg\" alt=\"\" class=\"wp-image-2269\" srcset=\"http:\/\/www.ahl-ul-bait.de\/imam-chamenei\/wp-content\/uploads\/2025\/02\/3-1-1024x683.jpg 1024w, http:\/\/www.ahl-ul-bait.de\/imam-chamenei\/wp-content\/uploads\/2025\/02\/3-1-300x200.jpg 300w, http:\/\/www.ahl-ul-bait.de\/imam-chamenei\/wp-content\/uploads\/2025\/02\/3-1-768x512.jpg 768w, http:\/\/www.ahl-ul-bait.de\/imam-chamenei\/wp-content\/uploads\/2025\/02\/3-1-1536x1024.jpg 1536w, http:\/\/www.ahl-ul-bait.de\/imam-chamenei\/wp-content\/uploads\/2025\/02\/3-1-2048x1366.jpg 2048w\" sizes=\"auto, (max-width: 1024px) 100vw, 1024px\" \/><\/figure>\n\n\n\n<figure class=\"wp-block-image size-large\"><img loading=\"lazy\" decoding=\"async\" width=\"1667\" height=\"2499\" data-id=\"2264\" src=\"http:\/\/ahl-ul-bait.de\/imam-chamenei\/wp-content\/uploads\/2025\/02\/4-683x1024.jpg\" alt=\"\" class=\"wp-image-2264\" srcset=\"http:\/\/www.ahl-ul-bait.de\/imam-chamenei\/wp-content\/uploads\/2025\/02\/4-683x1024.jpg 683w, http:\/\/www.ahl-ul-bait.de\/imam-chamenei\/wp-content\/uploads\/2025\/02\/4-200x300.jpg 200w, http:\/\/www.ahl-ul-bait.de\/imam-chamenei\/wp-content\/uploads\/2025\/02\/4-768x1151.jpg 768w, http:\/\/www.ahl-ul-bait.de\/imam-chamenei\/wp-content\/uploads\/2025\/02\/4-1025x1536.jpg 1025w, http:\/\/www.ahl-ul-bait.de\/imam-chamenei\/wp-content\/uploads\/2025\/02\/4-1366x2048.jpg 1366w, http:\/\/www.ahl-ul-bait.de\/imam-chamenei\/wp-content\/uploads\/2025\/02\/4.jpg 1667w\" sizes=\"auto, (max-width: 1667px) 100vw, 1667px\" \/><\/figure>\n\n\n\n<figure class=\"wp-block-image size-large\"><img loading=\"lazy\" decoding=\"async\" width=\"1024\" height=\"683\" data-id=\"2265\" src=\"http:\/\/ahl-ul-bait.de\/imam-chamenei\/wp-content\/uploads\/2025\/02\/5-1024x683.jpg\" alt=\"\" class=\"wp-image-2265\" srcset=\"http:\/\/www.ahl-ul-bait.de\/imam-chamenei\/wp-content\/uploads\/2025\/02\/5-1024x683.jpg 1024w, http:\/\/www.ahl-ul-bait.de\/imam-chamenei\/wp-content\/uploads\/2025\/02\/5-300x200.jpg 300w, http:\/\/www.ahl-ul-bait.de\/imam-chamenei\/wp-content\/uploads\/2025\/02\/5-768x512.jpg 768w, http:\/\/www.ahl-ul-bait.de\/imam-chamenei\/wp-content\/uploads\/2025\/02\/5-1536x1025.jpg 1536w, http:\/\/www.ahl-ul-bait.de\/imam-chamenei\/wp-content\/uploads\/2025\/02\/5-2048x1366.jpg 2048w\" sizes=\"auto, (max-width: 1024px) 100vw, 1024px\" \/><\/figure>\n\n\n\n<figure class=\"wp-block-image size-large\"><img loading=\"lazy\" decoding=\"async\" width=\"1024\" height=\"683\" data-id=\"2261\" src=\"http:\/\/ahl-ul-bait.de\/imam-chamenei\/wp-content\/uploads\/2025\/02\/6-1024x683.jpg\" alt=\"\" class=\"wp-image-2261\" srcset=\"http:\/\/www.ahl-ul-bait.de\/imam-chamenei\/wp-content\/uploads\/2025\/02\/6-1024x683.jpg 1024w, http:\/\/www.ahl-ul-bait.de\/imam-chamenei\/wp-content\/uploads\/2025\/02\/6-300x200.jpg 300w, http:\/\/www.ahl-ul-bait.de\/imam-chamenei\/wp-content\/uploads\/2025\/02\/6-768x512.jpg 768w, http:\/\/www.ahl-ul-bait.de\/imam-chamenei\/wp-content\/uploads\/2025\/02\/6-1536x1025.jpg 1536w, http:\/\/www.ahl-ul-bait.de\/imam-chamenei\/wp-content\/uploads\/2025\/02\/6-2048x1366.jpg 2048w\" sizes=\"auto, (max-width: 1024px) 100vw, 1024px\" \/><\/figure>\n\n\n\n<figure class=\"wp-block-image size-large\"><img loading=\"lazy\" decoding=\"async\" width=\"1024\" height=\"683\" data-id=\"2266\" src=\"http:\/\/ahl-ul-bait.de\/imam-chamenei\/wp-content\/uploads\/2025\/02\/7-1024x683.jpg\" alt=\"\" class=\"wp-image-2266\" srcset=\"http:\/\/www.ahl-ul-bait.de\/imam-chamenei\/wp-content\/uploads\/2025\/02\/7-1024x683.jpg 1024w, http:\/\/www.ahl-ul-bait.de\/imam-chamenei\/wp-content\/uploads\/2025\/02\/7-300x200.jpg 300w, http:\/\/www.ahl-ul-bait.de\/imam-chamenei\/wp-content\/uploads\/2025\/02\/7-768x512.jpg 768w, http:\/\/www.ahl-ul-bait.de\/imam-chamenei\/wp-content\/uploads\/2025\/02\/7-1536x1025.jpg 1536w, http:\/\/www.ahl-ul-bait.de\/imam-chamenei\/wp-content\/uploads\/2025\/02\/7-2048x1366.jpg 2048w\" sizes=\"auto, (max-width: 1024px) 100vw, 1024px\" \/><\/figure>\n<\/figure>\n\n\n<p>\u00a0<\/p>\n<p><span style=\"font-family: georgia, palatino; font-size: 17px;\"><i>Am 28. Januar 2025 hielt Imam Chamenei, bei einem Treffen mit iranischen Verantwortungstr\u00e4gern und Botschaftern aus islamischen L\u00e4ndern anl\u00e4sslich des Jahrestages des Festes der Berufung des Propheten [id mabath], eine Rede. Es folgt die sinngem\u00e4\u00dfe \u00dcbersetzung der Rede aus dem <a href=\"https:\/\/farsi.khamenei.ir\/speech-content?id=59153\" target=\"_blank\" rel=\"noopener\">persischen Original<\/a>. Obwohl es f\u00fcr alle hier ver\u00f6ffentlichten Texte gilt, wird darauf verwiesen, dass die \u00dcbersetzung zu Dokumentationszwecken ohne jegliche Kommentierung erfolgt und die dargestellte Meinung nicht mit der Meinung der Herausgeber \u00fcbereinstimmen muss.<\/i><\/span><\/p>\n<hr \/>\n<p><span style=\"font-family: georgia, palatino; font-size: 17px;\"><b>Im Namen Allahs, des Gn\u00e4digen, des Begnadenden<\/b><\/span><\/p>\n<p><span style=\"font-family: georgia, palatino; font-size: 17px;\">Aller Dank ist Allahs, des Herrn der Welten, und der Frieden und Segen seien mit unserem Meister und Propheten Abul Qasim al-Mustafa Muhammad und seiner reinen, fehlerlosen und auserw\u00e4hlten Familie und insbesondere mit dem Verbliebenen Allahs auf Erden (Baqiyyatullah, Imam Mahdi).<\/span><\/p>\n<p><span style=\"font-family: georgia, palatino; font-size: 17px;\">Ich gratuliere Ihnen, geehrte Anwesende, dem gesamten iranischen Volk, der gro\u00dfen islamischen Gemeinschaft [ummah] und allen Freiheitsliebenden und freien Menschen auf der Welt zum gesegneten Fest zur Berufung [mabath] des Propheten. Die Berufung des Propheten ist wahrhaftig auch ein Fest f\u00fcr alle freien Menschen der Welt.<\/span><\/p>\n<p><span style=\"font-family: georgia, palatino; font-size: 17px;\">In diesem Jahr f\u00e4llt das Fest der Berufung mit dem siegreichen Bahman-Monat zusammen. Wir hoffen, dass die Bewegung des Bahman, die islamische Revolution und die Richtung, die wir eingeschlagen haben \u2013 eine Richtung, die auf der Nachfolge des Propheten und seiner Mission basiert \u2013, weiterhin auf diesem Weg fortgesetzt wird und ihren Kurs beibeh\u00e4lt.<\/span><\/p>\n<p><span style=\"font-family: georgia, palatino; font-size: 17px;\">Ich danke unserem geehrten Pr\u00e4sidenten f\u00fcr seine sehr guten und n\u00fctzlichen Ausf\u00fchrungen. Wir hoffen, dass wir mit Gottes Hilfe in der Lage sein werden, die von ihm angesprochenen Themen in die Tat umzusetzen.<\/span><\/p>\n<p><span style=\"font-family: georgia, palatino; font-size: 17px;\">Ich m\u00f6chte ein paar Worte \u00fcber die Berufung sagen und anschlie\u00dfend Einiges zu den aktuellen Themen um uns herum bemerken. Die Berufung ist eines der segenreichsten und gr\u00f6\u00dften Ereignisse der gesamten Existenz und der Menschheitsgeschichte. Sie ist kein gew\u00f6hnliches Ereignis, sondern geh\u00f6rt zu den herausragendsten Begebenheiten der Geschichte. Gro\u00dfe Ereignisse haben zahlreiche Auswirkungen auf individuelle und gesellschaftliche Aspekte. Doch eine der wichtigsten \u2013 wenn nicht die wichtigste \u2013 Auswirkungen solcher bedeutenden Ereignisse ist die geistige und intellektuelle Ver\u00e4nderung der Menschen.<\/span><\/p>\n<p><span style=\"font-family: georgia, palatino; font-size: 17px;\">Ein gro\u00dfes Ereignis kann nur dann die Realit\u00e4t des Lebens beeinflussen und dauerhaft bestehen, wenn es in seinen Adressaten einen geistigen Wandel hervorruft. Wenn das Denken richtig ist, werden auch die Taten richtig sein \u2013 darauf kommt es an. Die Ordnung des Lebens basiert auf den Gedanken und \u00dcberzeugungen derjenigen, die es lenken. Wenn ein intellektueller und erkenntnistheoretischer Wandel in den Menschen und Gesellschaften stattfindet, dann entstehen darauf basierend politische, wirtschaftliche, moralische und soziale Systeme.<\/span><\/p>\n<p><span style=\"font-family: georgia, palatino; font-size: 17px;\">Aus diesem Grund ist die Berufung des Propheten Muhammad so herausragend. Die Bedeutung seiner Mission zeigt sich in vielen Aspekten, doch insbesondere in diesem Punkt ist sie au\u00dfergew\u00f6hnlich: die gewaltige Transformation, die sie bewirkte. Mit welchen Menschen, welchen Denkweisen, welchen Verhaltensmustern und welcher Gesellschaft wurde der Prophet konfrontiert? Und wie verwandelte er sie? In welche Menschen, welche Gesellschaft, welche Nation? Dies geschah sowohl zu seiner Zeit als auch \u00fcber die Jahrhunderte hinweg.<\/span><\/p>\n<p><span style=\"font-family: georgia, palatino; font-size: 17px;\">Was ist der Faktor dieser Transformation? Wenn die Propheten \u2013 einschlie\u00dflich des erhabenen Propheten des Islam \u2013 eine solche Ver\u00e4nderung bewirken wollen, welche Werkzeuge haben sie? Welches Element bewirkt diesen Wandel? Es sind zwei Dinge: Verstand und \u00dcberzeugung.<\/span><\/p>\n<p><span style=\"font-family: georgia, palatino; font-size: 17px;\">Der Verstand ist eine besondere Kraft, die Gott in alle Menschen gelegt hat. Einige Menschen aktivieren und nutzen sie, viele andere jedoch nicht. Die \u00dcberzeugung ist \u00e4hnlich: Die \u00dcberzeugung von der Wahrheit und von Gott ist in der Natur jedes Menschen vorhanden, doch viele vergessen sie.<\/span><\/p>\n<p><span style=\"font-family: georgia, palatino; font-size: 17px;\">Die Propheten kommen, um den Verstand zu wecken, damit der Mensch sich an seine \u00dcberzeugung erinnert. In der ganzen quranischen Offenbarung wird das Konzept des Gedenkens beziehungsweise Erinnerns [dhikr] immer wieder betont. Diese \u00dcberzeugung existiert in mir und Ihnen \u2013 doch wir m\u00fcssen daran erinnert werden, wir m\u00fcssen darauf hingewiesen werden.<\/span><\/p>\n<p><span style=\"font-family: georgia, palatino; font-size: 17px;\">Wenn Verstand und \u00dcberzeugung lebendig werden, entwickelt sich das Leben weiter. Jeder von ihnen hat eine eigene Funktion. Ein Mensch, der sowohl \u00fcber Verstand als auch \u00fcber \u00dcberzeugung verf\u00fcgt, ist in der Lage, den richtigen Lebensweg \u2013 den geraden Pfad \u2013 zu finden und sich darauf zu bewegen.<\/span><\/p>\n<p><span style=\"font-family: georgia, palatino; font-size: 17px;\">Im Quran gibt es zahlreiche Hinweise auf die Bedeutung des Verstandes. Dutzende Male wird erw\u00e4hnt:\u00a0<\/span><\/p>\n<p style=\"text-align: right;\"><span style=\"font-family: georgia, palatino; font-size: 17px;\">\u0623\u064e\u0641\u064e\u0644\u064e\u0627 \u064a\u064e\u0639\u0652\u0642\u0650\u0644\u064f\u0648\u0646\u064e<\/span><\/p>\n<p><span style=\"font-family: georgia, palatino; font-size: 17px;\"><i>\u201eHaben sie denn keinen Verstand\u201c<\/i> [Heiliger Quran, 36:68],<\/span><\/p>\n<p style=\"text-align: right;\"><span style=\"font-family: georgia, palatino; font-size: 17px;\">\u0644\u064e\u0639\u064e\u0644\u0651\u064e\u0643\u064f\u0645\u0652 \u062a\u064e\u0639\u0652\u0642\u0650\u0644\u064f\u0648\u0646\u064e<\/span><\/p>\n<p><span style=\"font-family: georgia, palatino; font-size: 17px;\"><i>\u201eauf da\u00df ihr verst\u00e4ndig werdet\u201c <\/i>[Heiliger Quran, 2:242],<\/span><\/p>\n<p style=\"text-align: right;\"><span style=\"font-family: georgia, palatino; font-size: 17px;\">\u0644\u064e\u0639\u064e\u0644\u0651\u064e\u0647\u064f\u0645\u0652 \u064a\u064e\u062a\u064e\u0641\u064e\u0643\u0651\u064e\u0631\u064f\u0648\u0646\u064e \u200e<\/span><\/p>\n<p><span style=\"font-family: georgia, palatino; font-size: 17px;\"><i>\u201eauf da\u00df sie nachdenken\u201c<\/i> [Heiliger Quran, 7:176],<\/span><\/p>\n<p style=\"text-align: right;\"><span style=\"font-family: georgia, palatino; font-size: 17px;\">\u0623\u064e\u0641\u064e\u0644\u064e\u0627 \u064a\u064e\u062a\u064e\u062f\u064e\u0628\u0651\u064e\u0631\u064f\u0648\u0646\u064e \u0627\u0644\u0652\u0642\u064f\u0631\u0652\u0622\u0646\u064e<\/span><\/p>\n<p><span style=\"font-family: georgia, palatino; font-size: 17px;\"><i>\u201eBetrachten sie denn nicht sorgf\u00e4ltig den Quran?\u201c<\/i> [Heiliger Quran, 4:82],<\/span><\/p>\n<p style=\"text-align: right;\"><span style=\"font-family: georgia, palatino; font-size: 17px;\">\u0648\u064e\u0642\u064e\u0627\u0644\u064f\u0648\u0627 \u0644\u064e\u0648\u0652 \u0643\u064f\u0646\u0651\u064e\u0627 \u0646\u064e\u0633\u0652\u0645\u064e\u0639\u064f \u0623\u064e\u0648\u0652 \u0646\u064e\u0639\u0652\u0642\u0650\u0644\u064f<\/span><\/p>\n<p><span style=\"font-family: georgia, palatino; font-size: 17px;\"><i>\u201eUnd sie sagen: H\u00e4tten wir nur geh\u00f6rt und Verstand gehabt\u201c<\/i> [Heiliger Quran, 67:10].<\/span><\/p>\n<p><span style=\"font-family: georgia, palatino; font-size: 17px;\">Das bedeutet, dass der Verstand, die Beachtung des Verstandes und seine Anwendung ein zentrales Element der quranischen Lehre ist. Jeder Muslim sollte wissen, dass er sich mit seinem Verstand auseinandersetzen, mit ihm arbeiten, ihn nutzen und entwickeln sollte.<\/span><\/p>\n<p><span style=\"font-family: georgia, palatino; font-size: 17px;\">Auch in Bezug auf die \u00dcberzeugung ist das erste, was alle Propheten in ihrer Botschaft betonen, die Einheit [tauhid]. Einheit ist nicht nur die blo\u00dfe \u00dcberzeugung an die Existenz eines einzigen Gottes. Vielmehr ist es das Fundament der islamischen Weltanschauung. Egal aus welcher Perspektive man die islamische Weltanschauung betrachtet \u2013 alles f\u00fchrt zur Einheit. Und genau diese Einheit bildet auch das Fundament der islamischen Gemeinschaft.<\/span><\/p>\n<p><span style=\"font-family: georgia, palatino; font-size: 17px;\">Wenn man sich beispielsweise die Sure Araf anschaut, wo die Geschichten der Propheten wie Nuh, Hud, Salih und andere erw\u00e4hnt werden, sieht man, dass ihre erste Botschaft an ihr Volk lautete:<\/span><\/p>\n<p style=\"text-align: right;\"><span style=\"font-family: georgia, palatino; font-size: 17px;\">\u064a\u064e\u0627 \u0642\u064e\u0648\u0652\u0645\u0650 \u0627\u0639\u0652\u0628\u064f\u062f\u064f\u0648\u0627 \u0627\u0644\u0644\u0651\u064e\u0647\u064e \u0645\u064e\u0627 \u0644\u064e\u0643\u064f\u0645 \u0645\u0651\u0650\u0646\u0652 \u0625\u0650\u0644\u064e\u0670\u0647\u064d \u063a\u064e\u064a\u0652\u0631\u064f\u0647\u064f<\/span><\/p>\n<p><span style=\"font-family: georgia, palatino; font-size: 17px;\"><i>\u201eO mein Volk, dienet Allah. Ihr habt keinen Gott au\u00dfer Ihm.\u201c<\/i> [Heiliger Quran, 7:59]. Neben der Einheit wird dabei auch das Jenseits betont, wie es in demselben Vers weiter hei\u00dft:<\/span><\/p>\n<p style=\"text-align: right;\"><span style=\"font-family: georgia, palatino; font-size: 17px;\">\u0625\u0650\u0646\u0651\u0650\u064a \u0623\u064e\u062e\u064e\u0627\u0641\u064f \u0639\u064e\u0644\u064e\u064a\u0652\u0643\u064f\u0645\u0652 \u0639\u064e\u0630\u064e\u0627\u0628\u064e \u064a\u064e\u0648\u0652\u0645\u064d \u0639\u064e\u0638\u0650\u064a\u0645\u064d<\/span><\/p>\n<p><span style=\"font-family: georgia, palatino; font-size: 17px;\"><i>\u201eIch f\u00fcrchte f\u00fcr euch eines gewaltigen Tages Pein\u201c.<\/i><\/span><\/p>\n<p><span style=\"font-family: georgia, palatino; font-size: 17px;\">Oder in der Sure Schura, wo die Namen der Propheten nacheinander erw\u00e4hnt werden, beginnt ihre Botschaft stets mit:<\/span><\/p>\n<p style=\"text-align: right;\"><span style=\"font-family: georgia, palatino; font-size: 17px;\">\u0641\u064e\u0627\u062a\u0651\u064e\u0642\u064f\u0648\u0627 \u0627\u0644\u0644\u0651\u064e\u0647\u064e \u0648\u064e\u0623\u064e\u0637\u0650\u064a\u0639\u064f\u0648\u0646\u0650 \u200e<\/span><\/p>\n<p><span style=\"font-family: georgia, palatino; font-size: 17px;\"><i>\u201eSo f\u00fcrchtet Gott und gehorcht mir.\u201c<\/i> [Heiliger Quran, 26:108].\u00a0<\/span><\/p>\n<p><span style=\"font-family: georgia, palatino; font-size: 17px;\">Die Aufforderung zum Gehorsam gegen\u00fcber dem Propheten ist deshalb wichtig, weil Gott ihn als seinen Gesandten gesandt hat, um den Menschen zu helfen, nicht in Irrt\u00fcmer zu verfallen, keine Fehler zu begehen, keine T\u00e4uschung f\u00fcr die Wahrheit zu halten und keine Fata Morgana f\u00fcr Wasser zu halten. Genau das ist die Aufgabe der Propheten. Deshalb hei\u00dft es anschlie\u00dfend: <i>\u201eUnd gehorcht mir!\u201c<\/i> \u2013 damit die Menschen eine Anleitung haben, die sie unterst\u00fctzt.<\/span><\/p>\n<p><span style=\"font-family: georgia, palatino; font-size: 17px;\">Der Befehlshaber der Gl\u00e4ubigen (Imam Ali, Friede sei mit ihm) sagt:<\/span><\/p>\n<p><span style=\"font-family: georgia, palatino; font-size: 17px;\"><i>\u201eSo berief Er unter ihnen Gesandte und lie\u00df Seine Propheten aufeinander folgen, damit sie die Verpflichtung Seiner Sch\u00f6pfung erf\u00fcllen, (damit) sie (die Menschen) an Seine vergessenen Gnadengeschenke erinnern und sie durch die Verk\u00fcndung ermahnen, ihre versch\u00fcttete Vernunft hervorholen und ihnen die Zeichen der Allmacht (Allahs) zeigen m\u00f6gen\u201c<\/i> [Nahdsch ul-Balagha, 1. Predigt].<\/span><\/p>\n<p><span style=\"font-family: georgia, palatino; font-size: 17px;\">Gott hat die Propheten aus bestimmten Gr\u00fcnden entsandt: um den Menschen ihr urspr\u00fcngliches Versprechen in Erinnerung zu rufen, sie auf vergessene Segnungen hinzuweisen und vor allem, um die verborgenen Sch\u00e4tze des Verstandes zu heben. Was sind diese Sch\u00e4tze des Verstandes? Entweder ist damit ein tats\u00e4chlicher Schatz gemeint \u2013 denn wenn wir von \u201edafina\u201c sprechen, meinen wir gew\u00f6hnlich einen verborgenen Schatz \u2013, oder es bedeutet, dass der Verstand unter Aberglauben, Illusionen, falschen Vorstellungen, verschiedenen Ideologien und verwirrenden Lehren begraben wurde.<\/span><\/p>\n<p><span style=\"font-family: georgia, palatino; font-size: 17px;\">Die Wahrheit, der richtige Gedanke, die wahre Botschaft \u201eKeine Gottheit au\u00dfer Allah\u201c wird manchmal unter all diesen Irrt\u00fcmern begraben und vergessen. Ebenso wird der wahre Verstand unter falschen Konzepten und Theorien begraben. Die Aufgabe der Propheten ist es, den Verstand unter all diesen Schichten hervorzuholen und ans Licht zu bringen. Das war nun eine Erkl\u00e4rung zur Berufung des Propheten.<\/span><\/p>\n<p><span style=\"font-family: georgia, palatino; font-size: 17px;\">Aber was ist unsere Aufgabe? Ich bin der Meinung, dass die g\u00f6ttliche Berufung kein einmaliges, pl\u00f6tzliches Ereignis ist. Es ist nicht wie ein Blitz, der kurz aufleuchtet und wieder verschwindet. F\u00fcr einen Heuchler ist es so etwas:<\/span><\/p>\n<p style=\"text-align: right;\"><span style=\"font-family: georgia, palatino; font-size: 17px;\">\u0641\u064e\u0644\u064e\u0645\u0651\u064e\u0627 \u0623\u064e\u0636\u064e\u0627\u0621\u064e\u062a\u0652 \u0645\u064e\u0627 \u062d\u064e\u0648\u0652\u0644\u064e\u0647\u064f \u0630\u064e\u0647\u064e\u0628\u064e \u0627\u0644\u0644\u0651\u064e\u0647\u064f \u0628\u0650\u0646\u064f\u0648\u0631\u0650\u0647\u0650\u0645\u0652 \u0648\u064e\u062a\u064e\u0631\u064e\u0643\u064e\u0647\u064f\u0645\u0652 \u0641\u0650\u064a \u0638\u064f\u0644\u064f\u0645\u064e\u0627\u062a\u064d \u0644\u0651\u064e\u0627 \u064a\u064f\u0628\u0652\u0635\u0650\u0631\u064f\u0648\u0646\u064e<\/span><\/p>\n<p><span style=\"font-family: georgia, palatino; font-size: 17px;\"><i>\u201eAls es erleuchtete, was um ihn herum war, nahm Gott ihnen das Licht hinweg und lie\u00df sie in Finsternissen zur\u00fcck, so dass sie nicht sehen k\u00f6nnen.\u201c<\/i> [Heiliger Quran, 2:17].<\/span><\/p>\n<p><span style=\"font-family: georgia, palatino; font-size: 17px;\">Ein Mensch, der nicht aufrichtig \u00fcberzeugt ist, erlebt vielleicht kurzzeitig einen Lichtstrahl der Wahrheit, doch er wird durch seine Begierden, Vergesslichkeit, Nachl\u00e4ssigkeit, Unachtsamkeit und andere Fehler bald wieder verdunkelt. Aber f\u00fcr alle anderen, in der nat\u00fcrlichen Ordnung der Welt, ist die Berufung ein fortw\u00e4hrender Prozess. Sie ist nicht auf eine bestimmte Zeit oder einen bestimmten Tag beschr\u00e4nkt \u2013 sie ist ewig. Nicht nur die Berufung des Gesandten des Islam, sondern die Botschaft aller Propheten ist zeitlos. Im Quran wird zu den Abstreitern gesagt:<\/span><\/p>\n<p style=\"text-align: right;\"><span style=\"font-family: georgia, palatino; font-size: 17px;\">\u0642\u064f\u0644\u0652 \u0641\u064e\u0623\u0652\u062a\u064f\u0648\u0627 \u0628\u0650\u0643\u0650\u062a\u064e\u0627\u0628\u064d \u0645\u0651\u0650\u0646\u0652 \u0639\u0650\u0646\u062f\u0650 \u0627\u0644\u0644\u0651\u064e\u0647\u0650 \u0647\u064f\u0648\u064e \u0623\u064e\u0647\u0652\u062f\u064e\u0649\u0670 \u0645\u0650\u0646\u0652\u0647\u064f\u0645\u064e\u0627 \u0623\u064e\u062a\u0651\u064e\u0628\u0650\u0639\u0652\u0647\u064f<\/span><\/p>\n<p><span style=\"font-family: georgia, palatino; font-size: 17px;\"><i>\u201eSprich: Dann bringt ein Buch von Allah bei, das eine bessere Rechtleitung enth\u00e4lt als diese beiden, so will ich ihm folgen\u201c<\/i> [Heiliger Quran, 28:49].<\/span><\/p>\n<p><span style=\"font-family: georgia, palatino; font-size: 17px;\">Die zwei B\u00fccher sind der Quran und die Thora. Wir glauben an alle Propheten, aber wenn ein neuer Prophet kommt, vervollst\u00e4ndigt er die Botschaft seines Vorg\u00e4ngers. Dies ist der Sinn der \u201enas-ch\u201c: Die vorherige Botschaft wird nicht verworfen, sondern erg\u00e4nzt, korrigiert und an die Zeit angepasst. Daher ist diese Bewegung \u2013 die Bewegung der Religion, die Bewegung der Entsendung und Berufung \u2013 ein kontinuierlicher und immerw\u00e4hrender Prozess.<\/span><\/p>\n<p><span style=\"font-family: georgia, palatino; font-size: 17px;\">Was bedeutet, dass er ewig ist? Es bedeutet, dass in allen Zeiten von den Segnungen der Berufung profitiert werden kann. Es bedeutet, dass dieselbe Transformation, die zu Beginn der Berufung stattfand \u2013 als der edle Prophet des Islams mutig in die Arena trat und mit unerm\u00fcdlichem Einsatz seine Mission erf\u00fcllte \u2013 in jeder Epoche m\u00f6glich ist, nat\u00fcrlich im Rahmen der jeweiligen Gegebenheiten und unter Ber\u00fccksichtigung der Unterschiede zwischen uns und jener gewaltigen Pers\u00f6nlichkeit.<\/span><\/p>\n<p><span style=\"font-family: georgia, palatino; font-size: 17px;\">Aber was ist die Voraussetzung daf\u00fcr? Die Voraussetzung ist, dass wir dieselben zwei Faktoren nutzen, die der Prophet einsetzte: Verstand [aql] und \u00dcberzeugung [iman]. Wenn wir Verstand und \u00dcberzeugung aktivieren, entsteht Berufung, es entsteht Bewegung, es entsteht Transformation. Eine Transformation im Denken f\u00fchrt zu einer Transformation in der Lebensrealit\u00e4t. Probleme werden gel\u00f6st, Missst\u00e4nde korrigiert. Das ist die Lektion, die wir aus der Berufung lernen m\u00fcssen.<\/span><\/p>\n<p><span style=\"font-family: georgia, palatino; font-size: 17px;\">Heute sind wir \u2013 die muslimischen Regierungen und V\u00f6lker \u2013 die Adressaten dieser Botschaft. Wir alle sind angesprochen. Wir m\u00fcssen verstehen, dass wir, wenn wir in dieser Welt etwas erreichen oder im Jenseits auf Gottes Gnade hoffen, an das Wesen der Berufung, ihre Erfordernisse und ihre Bewegung festhalten m\u00fcssen:<\/span><\/p>\n<p style=\"text-align: right;\"><span style=\"font-family: georgia, palatino; font-size: 17px;\">\u0645\u064e\u0646 \u0643\u064e\u0627\u0646\u064e \u064a\u064f\u0631\u0650\u064a\u062f\u064f \u0627\u0644\u0652\u0639\u0650\u0632\u0651\u064e\u0629\u064e \u0641\u064e\u0644\u0650\u0644\u0651\u064e\u0647\u0650 \u0627\u0644\u0652\u0639\u0650\u0632\u0651\u064e\u0629\u064f \u062c\u064e\u0645\u0650\u064a\u0639\u064b\u0627<\/span><\/p>\n<p><span style=\"font-family: georgia, palatino; font-size: 17px;\"><i>\u201eWenn einer die Macht sucht, so geh\u00f6rt alle Macht Allah\u201c<\/i> [Heiliger Quran, 35:10].<\/span><\/p>\n<p><span style=\"font-family: georgia, palatino; font-size: 17px;\">Macht bedeutet, einen Zustand zu erreichen, in dem kein \u00e4u\u00dferes Element einen negativen Einfluss auf einen aus\u00fcben kann. Wahre Macht liegt allein bei Allah:<\/span><\/p>\n<p style=\"text-align: right;\"><span style=\"font-family: georgia, palatino; font-size: 17px;\">\u0625\u0650\u0646\u0651\u064e \u0627\u0644\u0652\u0639\u0650\u0632\u0651\u064e\u0629\u064e \u0644\u0650\u0644\u0651\u064e\u0647\u0650 \u062c\u064e\u0645\u0650\u064a\u0639\u064b\u0627<\/span><\/p>\n<p><span style=\"font-family: georgia, palatino; font-size: 17px;\"><i>\u201eMacht geh\u00f6rt Allah allesamt.\u201c<\/i> [Heiliger Quran, 10:65].<\/span><\/p>\n<p><span style=\"font-family: georgia, palatino; font-size: 17px;\">Weder Feinde noch \u00e4u\u00dfere oder innere Faktoren \u2013 sei es geistig, k\u00f6rperlich, politisch oder kulturell \u2013 k\u00f6nnen Schaden anrichten, wenn wahre Macht vorhanden ist. Oder wie es in einer anderen Quran-Stelle hei\u00dft:<\/span><\/p>\n<p style=\"text-align: right;\"><span style=\"font-family: georgia, palatino; font-size: 17px;\">\u0648\u064e\u0644\u064e\u0627 \u062a\u064e\u0647\u0650\u0646\u064f\u0648\u0627 \u0648\u064e\u0644\u064e\u0627 \u062a\u064e\u062d\u0652\u0632\u064e\u0646\u064f\u0648\u0627 \u0648\u064e\u0623\u064e\u0646\u062a\u064f\u0645\u064f \u0627\u0644\u0652\u0623\u064e\u0639\u0652\u0644\u064e\u0648\u0652\u0646\u064e \u0625\u0650\u0646 \u0643\u064f\u0646\u062a\u064f\u0645 \u0645\u0651\u064f\u0624\u0652\u0645\u0650\u0646\u0650\u064a\u0646\u064e<\/span><\/p>\n<p><span style=\"font-family: georgia, palatino; font-size: 17px;\"><i>\u201eUnd erlahmt nicht und werdet nicht traurig, wo ihr doch die Oberhand haben werdet, so ihr gl\u00e4ubig seid.\u201c<\/i> [Heiliger Quran, 3:139].<\/span><\/p>\n<p><span style=\"font-family: georgia, palatino; font-size: 17px;\">Heute sollten wir die Rolle des Verstandes in der Welt betrachten und sie selbst anwenden. Wenn wir den Verstand nutzen, k\u00f6nnen wir viele Wahrheiten der Welt verstehen. In einem Bittgebet hei\u00dft es:<\/span><\/p>\n<p style=\"text-align: right;\"><span style=\"font-family: georgia, palatino; font-size: 17px;\">\u0627\u064e\u0644\u0644\u064e\u0647\u064f\u0645\u0651\u064e \u0627\u064e\u0639\u0637\u0650\u0646\u06cc \u0646\u064e\u0635\u0631\u0627\u064b \u0641\u06cc \u062f\u06cc\u0646\u0650\u0643 \u0648\u064e \u0642\u064f\u0648\u0651\u064e\u0629\u064b \u0641\u06cc\u200c \u0639\u0650\u0628\u0627\u062f\u064e\u062a\u0650\u0643 \u0648\u064e \u0641\u064e\u0647\u0645\u0627\u064b \u0641\u06cc \u062e\u064e\u0644\u0642\u0650\u0643<\/span><\/p>\n<p><span style=\"font-family: georgia, palatino; font-size: 17px;\"><i>\u201eO Allah, gew\u00e4hre mir den Sieg in Deiner Religion, Kraft in Deiner Anbetung und Verst\u00e4ndnis f\u00fcr Deine Sch\u00f6pfung.\u201c<\/i><\/span><\/p>\n<p><span style=\"font-family: georgia, palatino; font-size: 17px;\">Wir m\u00fcssen die Realit\u00e4ten der menschlichen Gesellschaft begreifen. Wir, als Islamische Republik, als islamischer Iran, als politische Verantwortungstr\u00e4ger eines gro\u00dfen und bedeutenden Landes \u2013 unser geliebtes Land ist in vielerlei Hinsicht einzigartig \u2013 m\u00fcssen diese weltlichen Wahrheiten erkennen und verstehen.<\/span><\/p>\n<p><span style=\"font-family: georgia, palatino; font-size: 17px;\">Die Kolonialm\u00e4chte begannen ihren Unterdr\u00fcckungsmechanismus in der ersten Phase mit der Pl\u00fcnderung von Rohstoffen. Wer sich die Geschichte des Kolonialismus ansieht, wird feststellen, dass ihre erste Zielsetzung die Ausbeutung der nat\u00fcrlichen Ressourcen der V\u00f6lker war. Doch das war nur der erste Schritt.<\/span><\/p>\n<p><span style=\"font-family: georgia, palatino; font-size: 17px;\">In der zweiten Phase zerst\u00f6rten sie die urspr\u00fcnglichen Kulturen der Nationen. Dies ist eine \u00e4u\u00dferst schmerzhafte Geschichte \u2013 ein Kapitel der Geschichte, das einen zum Weinen bringt, wenn man sieht, was sie den V\u00f6lkern und Zivilisationen angetan haben. In Afrika beispielsweise gab es gro\u00dfe Zivilisationen und tief verwurzelte Kulturen, doch als die Kolonialm\u00e4chte eintraten, zerst\u00f6rten sie alles, rissen alles nieder und pl\u00fcnderten nicht nur materielle Ressourcen, sondern auch die kulturelle Identit\u00e4t dieser Regionen.<\/span><\/p>\n<p><span style=\"font-family: georgia, palatino; font-size: 17px;\">In der dritten Phase richteten sie ihr Augenmerk auf die nationale und religi\u00f6se Identit\u00e4t der V\u00f6lker, um sie zu beherrschen und unter ihre Kontrolle zu bringen.<\/span><\/p>\n<p><span style=\"font-family: georgia, palatino; font-size: 17px;\">Heute erleben wir alle drei Phasen des Kolonialismus gleichzeitig. Die m\u00e4chtigen, tyrannischen Kr\u00e4fte der Welt haben es sowohl auf die nat\u00fcrlichen Ressourcen der L\u00e4nder als auch auf ihre urspr\u00fcnglichen Kulturen und ihre nationale sowie islamische Identit\u00e4t abgesehen. Sie versuchen, all dies zu zerst\u00f6ren und sich anzueignen.<\/span><\/p>\n<p><span style=\"font-family: georgia, palatino; font-size: 17px;\">Nat\u00fcrlich sind nicht alle M\u00e4chte gleich schlimm, aber an der Spitze dieser Unterdr\u00fcckung stehen die USA. Heute ist die Regierung der USA der vollkommenste Ausdruck dessen, was wir als Kolonialismus und globalen Imperialismus bezeichnen. Sie steht unter der Kontrolle der m\u00e4chtigsten Finanzeliten der Welt. Diese wirtschaftlichen Gro\u00dfm\u00e4chte \u2013 die sogenannten Kartelle und Fonds \u2013 beherrschen mehrere westliche Regierungen, allen voran die USA. Sie sind es, die die Strategien f\u00fcr alle drei Stufen des Kolonialismus entwerfen.<\/span><\/p>\n<p><span style=\"font-family: georgia, palatino; font-size: 17px;\">Das erkl\u00e4rt, warum wir t\u00e4glich neue soziale, wirtschaftliche und kulturelle \u201eErrungenschaften\u201c sehen, die in Wahrheit darauf abzielen, die Identit\u00e4t der V\u00f6lker zu ver\u00e4ndern, ihre Interessen zu untergraben und sie in Abh\u00e4ngigkeit zu treiben. Der Quran gibt eine klare Beschreibung:<\/span><\/p>\n<p style=\"text-align: right;\"><span style=\"font-family: georgia, palatino; font-size: 17px;\">\u0648\u064e\u062f\u0651\u064f\u0648\u0627 \u0645\u064e\u0627 \u0639\u064e\u0646\u0650\u062a\u0651\u064f\u0645\u0652 \u0642\u064e\u062f\u0652 \u0628\u064e\u062f\u064e\u062a\u0650<\/span><\/p>\n<p><span style=\"font-family: georgia, palatino; font-size: 17px;\"><i>\u201eSie m\u00f6chten gern, ihr w\u00fcrdet in Bedr\u00e4ngnis geraten\u201c<\/i> [Heiliger Quran, 3:118].<\/span><\/p>\n<p><span style=\"font-family: georgia, palatino; font-size: 17px;\">Alles, was euch Schwierigkeiten bereitet, wird von euren Feinden, den Abstreitern und denjenigen, die dem Teufel folgen und auf teuflische Weise handeln, geliebt:<\/span><\/p>\n<p style=\"text-align: right;\"><span style=\"font-family: georgia, palatino; font-size: 17px;\">R\u0627\u0644\u0652\u0628\u064e\u063a\u0652\u0636\u064e\u0627\u0621\u064f \u0645\u0650\u0646\u0652 \u0623\u064e\u0641\u0652\u0648\u064e\u0627\u0647\u0650\u0647\u0650\u0645\u0652 \u0648\u064e\u0645\u064e\u0627 \u062a\u064f\u062e\u0652\u0641\u0650\u064a \u0635\u064f\u062f\u064f\u0648\u0631\u064f\u0647\u064f\u0645\u0652 \u0623\u064e\u0643\u0652\u0628\u064e\u0631\u064f<\/span><\/p>\n<p><span style=\"font-family: georgia, palatino; font-size: 17px;\"><i>\u201eTats\u00e4chlich hat sich der Hass aus ihren M\u00fcndern herausgestellt, und was ihre Br\u00fcste verheimlichen, ist am gr\u00f6\u00dften.\u201c<\/i> [Heiliger Quran, 3:118].<\/span><\/p>\n<p><span style=\"font-family: georgia, palatino; font-size: 17px;\">Ihre Feindschaft zeigt sich in ihren Worten \u2013 wenn sie sprechen, wenn sie Reden halten, offenbaren sie ihre Feindseligkeit. Auch ihre Taten zeigen ihren Hass. Doch das, was sie in ihren Herzen verbergen, ist noch schlimmer. Manchmal offenbart sich diese Feindschaft in bestimmten Situationen.<\/span><\/p>\n<p><span style=\"font-family: georgia, palatino; font-size: 17px;\">Ein Beispiel: Im US-Kongress stehen die Abgeordneten auf und applaudieren einem M\u00f6rder, nachdem tausende Kinder grausam get\u00f6tet wurden! Das ist genau das, wovon der Quran spricht: <i>\u201eWas ihre Br\u00fcste verheimlichen, ist am gr\u00f6\u00dften\u201c<\/i>. Hier zeigt sich ihr wahres Gesicht.<\/span><\/p>\n<p><span style=\"font-family: georgia, palatino; font-size: 17px;\">Oder denken wir an den Vorfall mit dem US-Kriegsschiff Vincennes, das ein iranisches Passagierflugzeug mit rund 300 Menschen an Bord abschoss. Was geschah danach? Der verantwortliche Kapit\u00e4n erhielt eine Ehrenmedaille! Das ist das wahre Gesicht ihrer Feindseligkeit. Diese Feindschaft ist hinter diplomatischem L\u00e4cheln verborgen. Doch hinter diesem L\u00e4cheln steckt tief verwurzelter Hass und eine finstere Absicht. Deshalb sollten wir die Augen \u00f6ffnen und verstehen:<\/span><\/p>\n<p style=\"text-align: right;\"><span style=\"font-family: georgia, palatino; font-size: 17px;\">\u062a\u064f\u0633\u0650\u0631\u0651\u064f\u0648\u0646\u064e \u0625\u0650\u0644\u064e\u064a\u0652\u0647\u0650\u0645 \u0628\u0650\u0627\u0644\u0652\u0645\u064e\u0648\u064e\u062f\u0651\u064e\u0629\u0650<\/span><\/p>\n<p><span style=\"font-family: georgia, palatino; font-size: 17px;\"><i>\u201eIhr zeigt ihnen heimlich Liebe\u201c<\/i> [Heiliger Quran, 60:1].<\/span><\/p>\n<p><span style=\"font-family: georgia, palatino; font-size: 17px;\">Wir m\u00fcssen uns bewusst sein, mit wem wir es zu tun haben, mit wem wir handeln, mit wem wir sprechen. Wer seinen Gegner kennt, kann m\u00f6glicherweise mit ihm verhandeln, aber er wei\u00df, worauf er sich einl\u00e4sst. Wir m\u00fcssen die Realit\u00e4t erkennen und verstehen.<\/span><\/p>\n<p><span style=\"font-family: georgia, palatino; font-size: 17px;\">In unserer Zeit ist die Widerstandsbewegung ein Funke derselben Berufung. Der Widerstand, der im islamischen Iran begann, hat muslimische V\u00f6lker wachger\u00fcttelt. Er hat einige Nationen auf die B\u00fchne gebracht und sogar viele nicht-muslimische Gewissen erweckt. Die Welt begann, das unterdr\u00fcckende System zu erkennen. Viele V\u00f6lker wussten nicht, wie dieses System funktioniert \u2013 doch nun wurde es entlarvt.<\/span><\/p>\n<p><span style=\"font-family: georgia, palatino; font-size: 17px;\">Schaut euch Gaza an! Ein kleines, begrenztes Gebiet hat das bis an die Z\u00e4hne bewaffnete zionistische Regime, das volle Unterst\u00fctzung der USA genie\u00dft, in die Knie gezwungen. Gaza hat das zionistische Regime besiegt! Ist das ein Zufall? Nein! Es ist ein Funke der Berufung. Es ist die \u00dcberzeugung [iman] und der Verstand [aql], die sich hier zeigen. Es ist die Verk\u00f6rperung der Quran-Verse, das Vertrauen in Allah, die feste \u00dcberzeugung von<\/span><\/p>\n<p style=\"text-align: right;\"><span style=\"font-family: georgia, palatino; font-size: 17px;\">\u0625\u0650\u0646\u0651\u064e \u0627\u0644\u0652\u0639\u0650\u0632\u0651\u064e\u0629\u064e \u0644\u0650\u0644\u0651\u064e\u0647\u0650 \u062c\u064e\u0645\u0650\u064a\u0639\u064b\u0627<\/span><\/p>\n<p><span style=\"font-family: georgia, palatino; font-size: 17px;\"><i>\u201eMacht geh\u00f6rt Allah allesamt.\u201c<\/i>\u00a0 [Heiliger Quran, 10:65].<\/span><\/p>\n<p><span style=\"font-family: georgia, palatino; font-size: 17px;\">Die tapfere Hizbullah hat schwere Verluste erlitten, etwa durch den M\u00e4rtyrertod einer so bedeutenden Pers\u00f6nlichkeit wie Sayyid Hassan Nasrallah. Doch ist das das Ende? Nein!<\/span><\/p>\n<p><span style=\"font-family: georgia, palatino; font-size: 17px;\">Freund und Feind dachten, Hizbullah sei mit seinem Tod besiegt. Doch Hizbullah hat bewiesen, dass sie nicht nur \u00fcberlebt hat, sondern mit noch gr\u00f6\u00dferem Eifer weitermacht. Sie konnte dem zionistischen Regime Widerstand leisten \u2013 das ist ein weiterer Funke der Berufung! Und nicht nur Muslime wurden geweckt. Auch das Gewissen vieler Nicht-Muslime ist erwacht.<\/span><\/p>\n<p><span style=\"font-family: georgia, palatino; font-size: 17px;\">Die Zahlen sprechen f\u00fcr sich: Laut Berichten gab es in den letzten Monaten weltweit etwa 30.000 anti-zionistische Demonstrationen in 619 St\u00e4dten! Menschen sind aufgewacht. Das Gewissen wurde geweckt. Das ist die wahre Bedeutung des Widerstands: ein Funke der Berufung!<\/span><\/p>\n<p><span style=\"font-family: georgia, palatino; font-size: 17px;\">Sogar in den USA haben sich Menschen versammelt und gerufen: \u201eNieder mit Amerika!\u201c \u2013 und das in den USA selbst! Das ist eine Bewusstseinsver\u00e4nderung. Es ist genau das, wof\u00fcr die gro\u00dfen Propheten gek\u00e4mpft haben. Und das gr\u00f6\u00dfte, wichtigste und erstaunlichste Beispiel daf\u00fcr war die Berufung des edlen Propheten des Islam (Friede und Segen seien auf ihm), die sich bis zum Ende der Zeit fortsetzt.<\/span><\/p>\n<p><span style=\"font-family: georgia, palatino; font-size: 17px;\">Heute zeigt sich diese Berufung im Widerstand. Deshalb sollten wir diese Realit\u00e4ten erkennen und die Worte des Qurans niemals vergessen:<\/span><\/p>\n<p style=\"text-align: right;\"><span style=\"font-family: georgia, palatino; font-size: 17px;\">\u0648\u064e\u0644\u064e\u0627 \u062a\u064e\u0647\u0650\u0646\u064f\u0648\u0627 \u0648\u064e\u0644\u064e\u0627 \u062a\u064e\u062d\u0652\u0632\u064e\u0646\u064f\u0648\u0627 \u0648\u064e\u0623\u064e\u0646\u062a\u064f\u0645\u064f \u0627\u0644\u0652\u0623\u064e\u0639\u0652\u0644\u064e\u0648\u0652\u0646\u064e \u0625\u0650\u0646 \u0643\u064f\u0646\u062a\u064f\u0645 \u0645\u0651\u064f\u0624\u0652\u0645\u0650\u0646\u0650\u064a\u0646\u064e<\/span><\/p>\n<p><span style=\"font-family: georgia, palatino; font-size: 17px;\"><i>\u201eUnd erlahmt nicht und werdet nicht traurig, wo ihr doch die Oberhand haben werdet, so ihr gl\u00e4ubig seid.\u201c<\/i> [Heiliger Quran, 3:139].<\/span><\/p>\n<p><span style=\"font-family: georgia, palatino; font-size: 17px;\">Der Friede, die Gnade Allahs und sein Segen seien mit Euch.<\/span><\/p>","protected":false},"excerpt":{"rendered":"<p>\u00a0 Am 28. Januar 2025 hielt Imam Chamenei, bei einem Treffen mit iranischen Verantwortungstr\u00e4gern und Botschaftern aus islamischen L\u00e4ndern anl\u00e4sslich<\/p>\n","protected":false},"author":1,"featured_media":2267,"comment_status":"closed","ping_status":"open","sticky":false,"template":"","format":"standard","meta":{"colormag_page_container_layout":"default_layout","colormag_page_sidebar_layout":"default_layout","footnotes":""},"categories":[59,61,27,39,48,45],"tags":[],"class_list":["post-2260","post","type-post","status-publish","format-standard","has-post-thumbnail","hentry","category-ahlulbayt","category-islamische-ummah","category-palaestina","category-reden","category-revolution","category-spiritualitaet"],"_links":{"self":[{"href":"http:\/\/www.ahl-ul-bait.de\/imam-chamenei\/wp-json\/wp\/v2\/posts\/2260","targetHints":{"allow":["GET"]}}],"collection":[{"href":"http:\/\/www.ahl-ul-bait.de\/imam-chamenei\/wp-json\/wp\/v2\/posts"}],"about":[{"href":"http:\/\/www.ahl-ul-bait.de\/imam-chamenei\/wp-json\/wp\/v2\/types\/post"}],"author":[{"embeddable":true,"href":"http:\/\/www.ahl-ul-bait.de\/imam-chamenei\/wp-json\/wp\/v2\/users\/1"}],"replies":[{"embeddable":true,"href":"http:\/\/www.ahl-ul-bait.de\/imam-chamenei\/wp-json\/wp\/v2\/comments?post=2260"}],"version-history":[{"count":2,"href":"http:\/\/www.ahl-ul-bait.de\/imam-chamenei\/wp-json\/wp\/v2\/posts\/2260\/revisions"}],"predecessor-version":[{"id":2270,"href":"http:\/\/www.ahl-ul-bait.de\/imam-chamenei\/wp-json\/wp\/v2\/posts\/2260\/revisions\/2270"}],"wp:featuredmedia":[{"embeddable":true,"href":"http:\/\/www.ahl-ul-bait.de\/imam-chamenei\/wp-json\/wp\/v2\/media\/2267"}],"wp:attachment":[{"href":"http:\/\/www.ahl-ul-bait.de\/imam-chamenei\/wp-json\/wp\/v2\/media?parent=2260"}],"wp:term":[{"taxonomy":"category","embeddable":true,"href":"http:\/\/www.ahl-ul-bait.de\/imam-chamenei\/wp-json\/wp\/v2\/categories?post=2260"},{"taxonomy":"post_tag","embeddable":true,"href":"http:\/\/www.ahl-ul-bait.de\/imam-chamenei\/wp-json\/wp\/v2\/tags?post=2260"}],"curies":[{"name":"wp","href":"https:\/\/api.w.org\/{rel}","templated":true}]}}