{"id":2284,"date":"2025-02-07T11:58:07","date_gmt":"2025-02-07T10:58:07","guid":{"rendered":"http:\/\/khamenei.de\/wordpress\/?p=2284"},"modified":"2025-02-19T12:04:26","modified_gmt":"2025-02-19T11:04:26","slug":"islamische-revolution-ist-eine-befreiung-aus-der-demuetigung","status":"publish","type":"post","link":"http:\/\/www.ahl-ul-bait.de\/imam-chamenei\/2025\/02\/07\/islamische-revolution-ist-eine-befreiung-aus-der-demuetigung\/","title":{"rendered":"Islamische Revolution ist eine Befreiung aus der Dem\u00fctigung"},"content":{"rendered":"\n<figure class=\"wp-block-gallery has-nested-images columns-default is-cropped wp-block-gallery-1 is-layout-flex wp-block-gallery-is-layout-flex\">\n<figure class=\"wp-block-image size-large\"><img loading=\"lazy\" decoding=\"async\" width=\"683\" height=\"1024\" data-id=\"2292\" src=\"http:\/\/ahl-ul-bait.de\/imam-chamenei\/wp-content\/uploads\/2025\/02\/2-3-683x1024.jpg\" alt=\"\" class=\"wp-image-2292\" srcset=\"http:\/\/www.ahl-ul-bait.de\/imam-chamenei\/wp-content\/uploads\/2025\/02\/2-3-683x1024.jpg 683w, http:\/\/www.ahl-ul-bait.de\/imam-chamenei\/wp-content\/uploads\/2025\/02\/2-3-200x300.jpg 200w, http:\/\/www.ahl-ul-bait.de\/imam-chamenei\/wp-content\/uploads\/2025\/02\/2-3-768x1152.jpg 768w, http:\/\/www.ahl-ul-bait.de\/imam-chamenei\/wp-content\/uploads\/2025\/02\/2-3-1024x1536.jpg 1024w, http:\/\/www.ahl-ul-bait.de\/imam-chamenei\/wp-content\/uploads\/2025\/02\/2-3-1366x2048.jpg 1366w, http:\/\/www.ahl-ul-bait.de\/imam-chamenei\/wp-content\/uploads\/2025\/02\/2-3.jpg 1667w\" sizes=\"auto, (max-width: 683px) 100vw, 683px\" \/><\/figure>\n\n\n\n<figure class=\"wp-block-image size-large\"><img loading=\"lazy\" decoding=\"async\" width=\"1024\" height=\"683\" data-id=\"2294\" src=\"http:\/\/ahl-ul-bait.de\/imam-chamenei\/wp-content\/uploads\/2025\/02\/5-3-1024x683.jpg\" alt=\"\" class=\"wp-image-2294\" srcset=\"http:\/\/www.ahl-ul-bait.de\/imam-chamenei\/wp-content\/uploads\/2025\/02\/5-3-1024x683.jpg 1024w, http:\/\/www.ahl-ul-bait.de\/imam-chamenei\/wp-content\/uploads\/2025\/02\/5-3-300x200.jpg 300w, http:\/\/www.ahl-ul-bait.de\/imam-chamenei\/wp-content\/uploads\/2025\/02\/5-3-768x512.jpg 768w, http:\/\/www.ahl-ul-bait.de\/imam-chamenei\/wp-content\/uploads\/2025\/02\/5-3-1536x1025.jpg 1536w, http:\/\/www.ahl-ul-bait.de\/imam-chamenei\/wp-content\/uploads\/2025\/02\/5-3-2048x1366.jpg 2048w\" sizes=\"auto, (max-width: 1024px) 100vw, 1024px\" \/><\/figure>\n\n\n\n<figure class=\"wp-block-image size-large\"><img loading=\"lazy\" decoding=\"async\" width=\"683\" height=\"1024\" data-id=\"2297\" src=\"http:\/\/ahl-ul-bait.de\/imam-chamenei\/wp-content\/uploads\/2025\/02\/44-2-683x1024.jpg\" alt=\"\" class=\"wp-image-2297\" srcset=\"http:\/\/www.ahl-ul-bait.de\/imam-chamenei\/wp-content\/uploads\/2025\/02\/44-2-683x1024.jpg 683w, http:\/\/www.ahl-ul-bait.de\/imam-chamenei\/wp-content\/uploads\/2025\/02\/44-2-200x300.jpg 200w, http:\/\/www.ahl-ul-bait.de\/imam-chamenei\/wp-content\/uploads\/2025\/02\/44-2-768x1151.jpg 768w, http:\/\/www.ahl-ul-bait.de\/imam-chamenei\/wp-content\/uploads\/2025\/02\/44-2-1025x1536.jpg 1025w, http:\/\/www.ahl-ul-bait.de\/imam-chamenei\/wp-content\/uploads\/2025\/02\/44-2-1366x2048.jpg 1366w, http:\/\/www.ahl-ul-bait.de\/imam-chamenei\/wp-content\/uploads\/2025\/02\/44-2.jpg 1667w\" sizes=\"auto, (max-width: 683px) 100vw, 683px\" \/><\/figure>\n\n\n\n<figure class=\"wp-block-image size-large\"><img loading=\"lazy\" decoding=\"async\" width=\"1024\" height=\"683\" data-id=\"2295\" src=\"http:\/\/ahl-ul-bait.de\/imam-chamenei\/wp-content\/uploads\/2025\/02\/6-3-1024x683.jpg\" alt=\"\" class=\"wp-image-2295\" srcset=\"http:\/\/www.ahl-ul-bait.de\/imam-chamenei\/wp-content\/uploads\/2025\/02\/6-3-1024x683.jpg 1024w, http:\/\/www.ahl-ul-bait.de\/imam-chamenei\/wp-content\/uploads\/2025\/02\/6-3-300x200.jpg 300w, http:\/\/www.ahl-ul-bait.de\/imam-chamenei\/wp-content\/uploads\/2025\/02\/6-3-768x512.jpg 768w, http:\/\/www.ahl-ul-bait.de\/imam-chamenei\/wp-content\/uploads\/2025\/02\/6-3-1536x1025.jpg 1536w, http:\/\/www.ahl-ul-bait.de\/imam-chamenei\/wp-content\/uploads\/2025\/02\/6-3-2048x1366.jpg 2048w\" sizes=\"auto, (max-width: 1024px) 100vw, 1024px\" \/><\/figure>\n\n\n\n<figure class=\"wp-block-image size-large\"><img loading=\"lazy\" decoding=\"async\" width=\"1024\" height=\"683\" data-id=\"2293\" src=\"http:\/\/ahl-ul-bait.de\/imam-chamenei\/wp-content\/uploads\/2025\/02\/33-1-1024x683.jpg\" alt=\"\" class=\"wp-image-2293\" srcset=\"http:\/\/www.ahl-ul-bait.de\/imam-chamenei\/wp-content\/uploads\/2025\/02\/33-1-1024x683.jpg 1024w, http:\/\/www.ahl-ul-bait.de\/imam-chamenei\/wp-content\/uploads\/2025\/02\/33-1-300x200.jpg 300w, http:\/\/www.ahl-ul-bait.de\/imam-chamenei\/wp-content\/uploads\/2025\/02\/33-1-768x512.jpg 768w, http:\/\/www.ahl-ul-bait.de\/imam-chamenei\/wp-content\/uploads\/2025\/02\/33-1-1536x1025.jpg 1536w, http:\/\/www.ahl-ul-bait.de\/imam-chamenei\/wp-content\/uploads\/2025\/02\/33-1-2048x1366.jpg 2048w\" sizes=\"auto, (max-width: 1024px) 100vw, 1024px\" \/><\/figure>\n\n\n\n<figure class=\"wp-block-image size-large\"><img loading=\"lazy\" decoding=\"async\" width=\"1024\" height=\"683\" data-id=\"2296\" src=\"http:\/\/ahl-ul-bait.de\/imam-chamenei\/wp-content\/uploads\/2025\/02\/7-3-1024x683.jpg\" alt=\"\" class=\"wp-image-2296\" srcset=\"http:\/\/www.ahl-ul-bait.de\/imam-chamenei\/wp-content\/uploads\/2025\/02\/7-3-1024x683.jpg 1024w, http:\/\/www.ahl-ul-bait.de\/imam-chamenei\/wp-content\/uploads\/2025\/02\/7-3-300x200.jpg 300w, http:\/\/www.ahl-ul-bait.de\/imam-chamenei\/wp-content\/uploads\/2025\/02\/7-3-768x512.jpg 768w, http:\/\/www.ahl-ul-bait.de\/imam-chamenei\/wp-content\/uploads\/2025\/02\/7-3-1536x1025.jpg 1536w, http:\/\/www.ahl-ul-bait.de\/imam-chamenei\/wp-content\/uploads\/2025\/02\/7-3-2048x1366.jpg 2048w\" sizes=\"auto, (max-width: 1024px) 100vw, 1024px\" \/><\/figure>\n<\/figure>\n\n\n<p>\u00a0<\/p>\n<p><span style=\"font-family: georgia, palatino; font-size: 17px;\"><i>Am Jahrestag des historischen Treuegel\u00f6bnisses der Befehlshaber der Luftwaffe zu Imam Chomeini (bekannt als Homafaran-Treuegel\u00f6bnis) am 8. Februar 1979 trafen, am 7. Februar 2025, zahlreiche Befehlshaber und Mitarbeiter der Heeresluftwaffe und der Luftverteidigungskr\u00e4fte mit Imam Chamenei zusammen. Nach dem Singen von Hymnen und einem Redebeitrag hielt auch Imam Chamenei eine Rede. Es folgt die sinngem\u00e4\u00dfe \u00dcbersetzung der Rede aus dem <a href=\"https:\/\/farsi.khamenei.ir\/speech-content?id=59275\" target=\"_blank\" rel=\"noopener\">persischen Original<\/a>. Obwohl es f\u00fcr alle hier ver\u00f6ffentlichten Texte gilt, wird darauf verwiesen, dass die \u00dcbersetzung zu Dokumentationszwecken ohne jegliche Kommentierung erfolgt und die dargestellte Meinung nicht mit der Meinung der Herausgeber \u00fcbereinstimmen muss.<\/i><\/span><\/p>\n<hr \/>\n<p><strong><span style=\"font-family: georgia, palatino; font-size: 17px;\">Im Namen Allahs, des Gn\u00e4digen, des Begnadenden<\/span><\/strong><\/p>\n<p><span style=\"font-family: georgia, palatino; font-size: 17px;\">Aller Dank ist Allahs, des Herrn der Welten, und der Frieden und Segen seien mit unserem Meister und Propheten Abul Qasim al-Mustafa Muhammad und seiner reinen, fehlerlosen und auserw\u00e4hlten Familie und insbesondere mit dem Verbliebenen Allahs auf Erden (Baqiyyatullah, Imam Mahdi).<\/span><\/p>\n<p><span style=\"font-family: georgia, palatino; font-size: 17px;\">Herzlich willkommen, liebe Br\u00fcder der Luftwaffe und der Luftverteidigung der Armee der Islamischen Republik Iran. Heute wird erneut die gesegnete und glorreiche Erinnerung an den 19. Bahman des Jahres 1357 [8. Februar 1979] wachgerufen. Die Bedeutung des 19. Bahman liegt vor allem darin, dass an diesem Tag eine Flagge gehisst und ein Fundament gelegt wurde, das die Ausrichtung der neuen Armee bestimmen sollte. Die Armee der Islamischen Republik Iran folgte im Wesentlichen dem Pfad, den an jenem Tag die jungen Menschen in der Alavi-Schule einschlugen und dabei ein heldenhaftes Epos schufen. Tats\u00e4chlich sollte der 19. Bahman als der Geburtstag der neuen iranischen Armee betrachtet werden. Man k\u00f6nnte sagen, dass der Faktor, der zahlreiche Personen und herausragende Pers\u00f6nlichkeiten aus der Armee in das Feld der Revolution f\u00fchrte, genau die Bewegung dieser jungen Menschen am 19. Bahman war. Es gab Pers\u00f6nlichkeiten innerhalb der Armee auf verschiedenen Ebenen \u2013 von einfachen Soldaten und Unteroffizieren bis hin zu h\u00f6heren R\u00e4ngen und hochrangigen Offizieren \u2013, deren Herzen mit dem Volk und der Revolution schlugen, die aber innerhalb der Armee weder die Kraft noch die Gelegenheit, noch den Rahmen dazu hatten, das zu verwirklichen. Der Faktor, der sie dazu brachte, hervorzutreten und auf dieser hohen Ebene zu agieren, war genau diese mutige Bewegung. Personen wie der M\u00e4rtyrer Namdschu, M\u00e4rtyrer Sayyad, M\u00e4rtyrer Babai, M\u00e4rtyrer Sattari, M\u00e4rtyrer Kolai, M\u00e4rtyrer Fallahi und andere \u2013 gro\u00dfe M\u00e4rtyrer, von denen einige zu den ber\u00fchmtesten M\u00e4rtyrern der Islamischen Republik Iran \u00fcberhaupt z\u00e4hlen \u2013 kamen aus den Reihen der Armee, traten hervor und wurden zu Helden. H\u00f6chstwahrscheinlich war der Faktor, der sie auf diese Weise ins Feld f\u00fchrte, genau die Bewegung der jungen Menschen drei Tage vor dem Sieg der Revolution. Diese jungen Menschen, junge Angeh\u00f6rige der Luftwaffe, vollbrachten diese Tat drei Tage vor dem Sieg der Revolution inmitten gro\u00dfer Gefahr.<\/span><\/p>\n<p><span style=\"font-family: georgia, palatino; font-size: 17px;\">Es gibt manche Eigenschaften, auf die ich in meinen Reden immer wieder zu sprechen komme. Obwohl es viele Eigenschaften gab, die in dieser Bewegung vorhanden waren, war sicher eine davon die Tapferkeit und der Mut dieser Bewegung. Tapferkeit ist sehr wichtig. Dass ein Mensch den Mut und das Herz hat, in ein schwieriges Feld einzutreten, ist sehr bedeutsam. Diese Bewegung war eine mutige Tat. Niemand wusste an jenem Tag und zu diesem Zeitpunkt, dass drei Tage sp\u00e4ter das Regime gest\u00fcrzt werden w\u00fcrde, das Pahlavi-Regime fallen w\u00fcrde. Niemand wusste das. Es h\u00e4tte sein k\u00f6nnen, dass sie alle zum Tode verurteilt worden w\u00e4ren. Sie zeigten Mut.<\/span><\/p>\n<p><span style=\"font-family: georgia, palatino; font-size: 17px;\">Eine weitere Eigenschaft war die Rechtzeitigkeit dieser Bewegung. Manche Bewegungen sind sehr gut, sie sind mutig, aber sie erfolgen nicht zum richtigen Zeitpunkt. Die Bewegung der \u201eBereuenden\u201c [Tauabin] einige Jahre nach dem Martyrium von Sayyid al-Schuhada [Imam Hussein, Friede sei mit ihm] in Kufa war eine gute Bewegung, aber sie war nicht rechtzeitig. An dem Tag, an dem sie h\u00e4tten kommen und Imam Hussein unterst\u00fctzen sollen, kamen sie nicht. Sp\u00e4ter bereuten sie, kamen und handelten, doch sie wurden alle get\u00f6tet. Auch ihr Feld war schwierig, aber was n\u00fctzte es? Man muss zum richtigen Zeitpunkt eintreten, die Bewegung muss rechtzeitig und im entscheidenden Moment erfolgen. Die Bewegung dieser jungen Menschen war rechtzeitig, sie geschah im entscheidenden Moment. Was wir hier sagen, dient nicht nur dazu, einfach eine Gruppe zu loben. Es geht darum, dass wir auch heute genau diese Eigenschaften ben\u00f6tigen.<\/span><\/p>\n<p><span style=\"font-family: georgia, palatino; font-size: 17px;\">Eine weitere Eigenschaft, die in dieser Bewegung vorhanden war und von gro\u00dfem Wert ist, war ihre berechnete, durchdachte und rationale Natur. Sie war durchdacht, sie hatten sich hingesetzt, nachgedacht und gehandelt. An der Art der Bewegung war erkennbar, dass es sich nicht um eine spontane, in einem Moment beschlossene Aktion handelte. Es wurde dar\u00fcber nachgedacht, gearbeitet und studiert. Das war offensichtlich. Wir, die Zeugen des Geschehens waren, konnten erkennen, dass sie sich zuvor hingesetzt haben m\u00fcssen und diese Aktion berechnet und durchdacht hatten. Eine revolution\u00e4re Bewegung ben\u00f6tigt genau das. Manche denken, revolution\u00e4re Bewegungen seien un\u00fcberlegt, das Gegenteil von Rationalit\u00e4t \u2013 das ist ein falscher Gedanke. Eine revolution\u00e4re Bewegung ben\u00f6tigt mehr als jede andere Bewegung Berechnung und Rationalit\u00e4t. Auch das ist eine Eigenschaft.<\/span><\/p>\n<p><span style=\"font-family: georgia, palatino; font-size: 17px;\">Eine weitere Eigenschaft war, dass sie die Unachtsamkeit des Feindes ausnutzten. Das bedeutet, wenn die Spione und die hochrangigen Kommandeure der k\u00f6niglichen Armee an jenem Tag versucht h\u00e4tten zu erraten, dass eine Bewegung innerhalb der Armee zugunsten der Revolution stattfinden k\u00f6nnte, w\u00e4re der letzte Ort, der ihnen in den Sinn gekommen w\u00e4re, die Luftwaffe gewesen. Wenn sie an die Luftwaffe dachten, kam ihnen nicht in den Sinn, dass sie handeln w\u00fcrden.<\/span><\/p>\n<p style=\"text-align: right;\"><span style=\"font-family: georgia, palatino; font-size: 17px;\">\u0641\u064e\u0623\u064e\u062a\u064e\u0627\u0647\u064f\u0645\u064f \u0627\u0644\u0644\u0651\u064e\u0647\u064f \u0645\u0650\u0646\u0652 \u062d\u064e\u064a\u0652\u062b\u064f \u0644\u064e\u0645\u0652 \u064a\u064e\u062d\u0652\u062a\u064e\u0633\u0650\u0628\u064f\u0648\u0627<\/span><\/p>\n<p><span style=\"font-family: georgia, palatino; font-size: 17px;\"><i>\u201eSo ist zu ihnen gekommen Allah von wo sie nicht rechnen\u201c<\/i> [Heiliger Quran, 59:2]. Sie wurden von einer Seite getroffen, mit der sie nicht gerechnet hatten. Diese unsere Br\u00fcder, diese jungen Menschen von damals, nutzten die Unachtsamkeit des Feindes und f\u00fchrten diese Bewegung durch.<\/span><\/p>\n<p><span style=\"font-family: georgia, palatino; font-size: 17px;\">Nun, dieser Schritt verlieh der iranischen Armee nach meiner festen \u00dcberzeugung ihre Identit\u00e4t. Unter dem damaligen Regime [Pahlavi] bestand der allgemeine Plan darin, die iranische Armee unter dem milit\u00e4rischen Apparat der USA einzuordnen: Es gab keine Unabh\u00e4ngigkeit. Die Organisation war amerikanisch, die Waffen waren amerikanisch, und der Zugang zu diesen Waffen war von der Erlaubnis der USA abh\u00e4ngig. Zum Beispiel haben sie die F-14 bereitgestellt, aber die Entscheidung dar\u00fcber, wo diese eingesetzt werden durfte, musste von den USA genehmigt werden. Selbst Dinge wie die Wartung fortschrittlicher Flugzeuge oder der Austausch von Ersatzteilen \u2013 all das lag nicht in den H\u00e4nden der iranischen technischen Kr\u00e4fte, sondern in den H\u00e4nden der Amerikaner.<\/span><\/p>\n<p><span style=\"font-family: georgia, palatino; font-size: 17px;\">Ich habe in diesem Kreis schon oft gesagt, dass defekte Teile hier in ein Flugzeug geladen und in die USA geflogen wurden, um sie dort auszutauschen und dann wieder in den Iran zur\u00fcckzubringen. Es war nicht erlaubt, diese Teile hier zu reparieren. Das bedeutete, dass die Armee tats\u00e4chlich unter der Kontrolle und im Rahmen des amerikanischen Milit\u00e4rs definiert wurde. Wichtige Ernennungen wurden von Amerikanern vorgenommen, die Waffen kamen aus den USA, die Ausbildung war amerikanisch, die Einsatzgebiete dieser Armee wurden von den Amerikanern bestimmt. Sie holten sich nicht einmal die Erlaubnis von den Verantwortlichen des Landes. Ich habe irgendwo gelesen, dass Mohammad Reza [Schah] gesagt haben soll: \u201eDie Amerikaner kamen, nahmen die Armee und setzten sie ein, ohne mich \u00fcberhaupt zu informieren.\u201c Sie hatten nicht nur keine Erlaubnis vom Schah eingeholt, sondern sie haben ihn nicht einmal dar\u00fcber in Kenntnis gesetzt, nicht einmal informiert, dass sie einen Teil der Armee eingesetzt hatten. So war die Armee damals.<\/span><\/p>\n<p><span style=\"font-family: georgia, palatino; font-size: 17px;\">Einer der Proteste von Imam [Chomeini] in einer Rede, die er im Jahr 1964 hielt, bezog sich eben auf diese Kapitulation und die damit verbundene Beleidigung der Armee. Tats\u00e4chlich war es wirklich ein Zustand der Kapitulation. Wenn ein Staat mit einem anderen Land ein Kapitulationsabkommen unterzeichnet, bedeutet dies, dass ein Milit\u00e4rangeh\u00f6riger oder ein Offizieller [des anderen Landes], wenn er in diesem Land ein Verbrechen begeht, nicht dort vor Gericht gestellt wird. Dies haben die Amerikaner dem damaligen K\u00f6nigreich aufgezwungen! Diese schwachen Elemente unserer Regierung, vom K\u00f6nig bis zum Mitglied des Senats, bis zum Mitglied des Nationalrats von damals, bis hin zu prominenten Regierungspers\u00f6nlichkeiten wie Alam und Hoveida und anderen, alle haben unterzeichnet, dass eine amerikanische Person \u2013 wer auch immer es sein mag \u2013, wenn sie im Iran ein Verbrechen begeht, nicht vor Gericht gestellt werden darf. Dies bedeutete, dass wenn ein amerikanischer Sergeant einem hochrangigen iranischen Offizier, zum Beispiel einem Oberst, eine Ohrfeige gab, dieser Oberst nicht das Recht hatte, Gleiches mit Gleichem zu vergelten \u2013 das sowieso nicht \u2013, aber dieser Sergeant durfte auch hier nicht einmal vor Gericht gestellt werden. Man sollte ihn nach Amerika bringen, damit dort ein Gericht entscheidet, ob er etwas Schlechtes oder etwas Gutes getan hat! Gibt es eine gr\u00f6\u00dfere Dem\u00fctigung als diese? Dagegen hat der Imam protestiert.<\/span><\/p>\n<p><span style=\"font-family: georgia, palatino; font-size: 17px;\">Der Imam protestierte in jener Rede gegen diese dem\u00fctigende Vorherrschaft der USA \u00fcber die iranische Armee, \u00fcber die iranische Regierung und \u00fcber das Land Iran als Ganzes. Die Revolution kam und verlieh der Armee eine Identit\u00e4t. Die Armee zeigte ihre W\u00fcrdigkeit und wurde zu einer stolzen und unabh\u00e4ngigen Armee. Dann kam die Heilige Verteidigung [Angriff von Saddam Hussain auf Iran 1980], und die Armee stand an vorderster Front der Heiligen Verteidigung. Sie gab M\u00e4rtyrer, k\u00e4mpfte und war aktiv, wor\u00fcber ich in meinen Reden oft viele Erinnerungen erz\u00e4hlt habe. Heute leuchten Tausende von strahlenden Sternen wie Sayyad, Babai, Sattari und \u00e4hnliche in der Geschichte unseres Landes. Es sind herausragende Pers\u00f6nlichkeiten.<\/span><\/p>\n<p><span style=\"font-family: georgia, palatino; font-size: 17px;\">Was sollte die Armee heute tun? Ich stelle diese Frage: Was ist heute die wichtigste Aufgabe der Armee? Die Antwort lautet, dass die wichtigste Aufgabe der Armee heute die St\u00e4rkung ihrer selbst ist; die St\u00e4rkung ihrer selbst, das ist die wichtigste Aufgabe der Armee. Die Armee muss sich sowohl in Bezug auf das Personal, als auch auf die Ausr\u00fcstung, die Ausbildung, die Bereitschaft und die Verteidigungsbereitschaft st\u00e4rken. An Tagen, an denen es keine Konflikte gibt, ist die wichtigste Aufgabe der milit\u00e4rischen Organisationen, zu pr\u00fcfen und Schwachstellen, L\u00fccken und Verwundbarkeiten, die m\u00f6glicherweise in der Organisation bestehen, zu identifizieren, daran zu arbeiten und sich zu st\u00e4rken. Die Armee muss sich Tag f\u00fcr Tag st\u00e4rken. Diese Bewegung der Innovation, der innovativen Entwicklung, die vor einigen Jahren begonnen hat \u2013 sowohl im Verteidigungsministerium, als auch in der Armee und den Revolutionsgarden \u2013 muss fortgesetzt werden. Gl\u00fccklicherweise haben unsere milit\u00e4rischen Organisationen sowie unsere milit\u00e4rische Industrie ihre Kompetenz bewiesen und gezeigt, dass sie gro\u00dfe Leistungen erbringen k\u00f6nnen. Von den gro\u00dfen Leistungen, die ihr bisher erbracht habt, k\u00f6nnt ihr noch gr\u00f6\u00dfere vollbringen. Die Verteidigung des Landes muss an erster Stelle eurer Ziele stehen, und dies ist nur durch die St\u00e4rkung der milit\u00e4rischen Organisationen m\u00f6glich. Mit demselben Geist, derselben Tapferkeit, derselben K\u00fchnheit, derselben Initiative und der richtigen Berechnung, die uns der 19. Bahman gelehrt hat, m\u00fcsst ihr auf dem Feld der St\u00e4rkung der Armee der Islamischen Republik, so Gott will, voranschreiten und die Arbeit fortsetzen.<\/span><\/p>\n<p><span style=\"font-family: georgia, palatino; font-size: 17px;\">Was nun die Diskussion \u00fcber Verhandlungen betrifft: Seit einiger Zeit h\u00f6rt man in den Zeitungen, in den sozialen Medien, in den Reden von diesem und jenem, dass \u00fcber Verhandlungen der Regierung gesprochen wird. Nun, wor\u00fcber diese Diskutierenden \u2013 sowohl im Inland als auch im Ausland \u2013 sprechen, sind Verhandlungen mit den USA. Sie erw\u00e4hnen den Begriff von Verhandlungen und sagen: \u201eMein Herr! Verhandlungen sind eine gute Sache\u201c, als ob jemand gegen die G\u00fcte von Verhandlungen w\u00e4re! Heute ist das Au\u00dfenministerium der Islamischen Republik Iran eines der aktivsten Au\u00dfenministerien. Seine Aufgabe ist genau das: sie verhandeln mit L\u00e4ndern der Welt \u2013 \u00f6stliche, westliche, alle Arten \u2013, sie reisen hin und her, sprechen, schlie\u00dfen Vertr\u00e4ge. Die Ausnahme sind aber die USA. Nat\u00fcrlich erw\u00e4hne ich dabei das zionistische Regime nicht, weil es ohnehin keine Regierung ist. Das zionistische Regime ist eine kriminelle Bande, die ein Land besetzt hat und Verbrechen begeht. Das ist nicht Gegenstand der Diskussion. Die Ausnahme sind die USA.<\/span><\/p>\n<p><span style=\"font-family: georgia, palatino; font-size: 17px;\">Warum ist es eine Ausnahme? Was ist der Grund? Erstens haben Verhandlungen mit den USA keinerlei Einfluss auf die L\u00f6sung der Probleme des Landes: Das m\u00fcssen wir richtig verstehen. Was sie sagen, sollte f\u00fcr uns nicht den Anschein erwecken, dass wenn wir uns an den Verhandlungstisch mit dieser Regierung setzen, dieses oder jenes Problem gel\u00f6st wird. Nein, durch Verhandlungen mit den USA wird kein Problem gel\u00f6st. Der Grund: Erfahrung.<\/span><\/p>\n<p><span style=\"font-family: georgia, palatino; font-size: 17px;\">In den 1390er [2010er] Jahren haben wir uns etwa zwei Jahre lang mit den USA an den Verhandlungstisch gesetzt \u2013 nat\u00fcrlich waren die USA nicht allein. Es gab noch einige andere L\u00e4nder, aber der Kern waren die USA. Unsere damalige Regierung beteiligte sich an Verhandlungen mit den USA. Sie setzte sich hin, verhandelte, ging hin und her, setzte sich hin, stand auf, verhandelte, sprach, lachte, sch\u00fcttelte H\u00e4nde, freundete sich an, tat alles, und ein Abkommen [JCPOA] wurde geschlossen. In diesem Abkommen zeigte die iranische Seite sogar viel Gro\u00dfz\u00fcgigkeit, gew\u00e4hrte der Gegenseite viele Zugest\u00e4ndnisse. Die Amerikaner hielten sich nicht an dieses Abkommen. Genau die Person, die jetzt an der Macht ist [Donald Trump], zeri\u00df dieses Abkommen. Er sagte, sie w\u00fcrden es zerrei\u00dfen und er tat es. Sie hielten sich nicht daran. Aber selbst bevor er kam, hielten sich auch diejenigen, mit denen dieses Abkommen geschlossen wurde, nicht daran. Dieses Abkommen sollte die amerikanischen Sanktionen aufheben, aber die amerikanischen Sanktionen wurden nicht aufgehoben. In Bezug auf die Vereinten Nationen legten sie einen Knochen in die Wunde, der wie eine st\u00e4ndige Bedrohung \u00fcber dem Kopf des Iran schwebte [Verweis auf den \u201eStreitbeilegungsmechanismus\u201c oder \u201eSnapback-Mechanismus\u201c, wonach im Falle einer Beschwerde einer der Parteien des JCPOA-Abkommens bei den Vereinten Nationen \u00fcber die Nichterf\u00fcllung von Verpflichtungen als Folge alle Sanktionen des Sicherheitsrates gegen die Islamische Republik Iran wieder automatisch in Kraft treten und f\u00fcr die Mitgliedstaaten der Vereinten Nationen verbindlich werden].<\/span><\/p>\n<p><span style=\"font-family: georgia, palatino; font-size: 17px;\">Dieses Abkommen ist das Ergebnis von Verhandlungen, die meiner Erinnerung nach zwei Jahre \u2013 oder mehr oder weniger \u2013 gedauert haben. Nun, das ist Erfahrung. Lasst uns aus dieser Erfahrung lernen. Wir haben verhandelt, Zugest\u00e4ndnisse gemacht, nachgegeben, aber das Ergebnis, das wir anstrebten, haben wir nicht erzielt. Selbst dieses Abkommen mit all seinen M\u00e4ngeln wurde von der Gegenseite wieder gebrochen, zerst\u00f6rt, verletzt, zerrissen. Mit einer solchen Regierung sollte man nicht verhandeln. Verhandlungen zu f\u00fchren ist nicht klug, nicht weise, nicht intelligent, nicht ehrenhaft.<\/span><\/p>\n<p><span style=\"font-family: georgia, palatino; font-size: 17px;\">Nat\u00fcrlich haben wir interne Probleme. Niemand bestreitet die Existenz von Problemen. Es gibt viele Probleme im Lebensunterhalt der Menschen. Fast alle Gesellschaftsschichten haben Schwierigkeiten, sie haben Probleme, aber das, was diese Probleme l\u00f6st, ist ein interner Faktor. Der interne Faktor besteht aus dem Einsatz der verantwortungsbewussten Beamten und dem Zusammenhalt einer vereinten iranischen Nation. Das hei\u00dft, genau das, was Sie, so Gott will, bei den bevorstehenden M\u00e4rschen [zum Revolutionsjahrestag] beobachten werden: die Einheit des Volkes. Der Marsch am 22. Bahman ist jedes Jahr ein Symbol der nationalen Einheit in unserem Land. Eine aufmerksame Nation und unerm\u00fcdliche Verantwortungstr\u00e4ger, dies ist es, was unsere Probleme l\u00f6st. Die Verantwortlichen sind bem\u00fcht, sie arbeiten, Gott sei Dank, und ich bin sehr zuversichtlich, dass diese respektierte Regierung in der Lage sein wird, die Lebensprobleme der Menschen zumindest zu verringern und die H\u00e4rten zu beseitigen.<\/span><\/p>\n<p><span style=\"font-family: georgia, palatino; font-size: 17px;\">Die Amerikaner sitzen da und ver\u00e4ndern die Weltkarte auf dem Papier! Nat\u00fcrlich ist das aber nur auf dem Papier so und hat keinen Bezug zur Realit\u00e4t. Sie \u00e4u\u00dfern sich auch \u00fcber uns, reden, geben ihre Meinung ab, drohen. Wenn sie uns bedrohen, bedrohen wir sie. Wenn sie ihre Drohung in die Tat umsetzen, setzen wir unsere Drohung auch in die Tat um. Wenn sie die Sicherheit unseres Volkes gef\u00e4hrden, werden wir auch zweifellos ihre Sicherheit gef\u00e4hrden. Dies ist das Verhalten, das wir aus dem Quran und den Anweisungen des Islams gelernt haben, und es ist unsere Pflicht. Wir hoffen, dass uns der Allm\u00e4chtige Gott bei der Erf\u00fcllung unserer Pflichten Erfolg gew\u00e4hrt.<\/span><\/p>\n<p><span style=\"font-family: georgia, palatino; font-size: 17px;\">Der Friede, die Gnade Allahs und sein Segen seien mit Euch.<\/span><\/p>","protected":false},"excerpt":{"rendered":"<p>\u00a0 Am Jahrestag des historischen Treuegel\u00f6bnisses der Befehlshaber der Luftwaffe zu Imam Chomeini (bekannt als Homafaran-Treuegel\u00f6bnis) am 8. Februar 1979<\/p>\n","protected":false},"author":1,"featured_media":2300,"comment_status":"closed","ping_status":"open","sticky":false,"template":"","format":"standard","meta":{"colormag_page_container_layout":"default_layout","colormag_page_sidebar_layout":"default_layout","footnotes":""},"categories":[30,39,48,33],"tags":[],"class_list":["post-2284","post","type-post","status-publish","format-standard","has-post-thumbnail","hentry","category-iran","category-reden","category-revolution","category-weltpolitik"],"_links":{"self":[{"href":"http:\/\/www.ahl-ul-bait.de\/imam-chamenei\/wp-json\/wp\/v2\/posts\/2284","targetHints":{"allow":["GET"]}}],"collection":[{"href":"http:\/\/www.ahl-ul-bait.de\/imam-chamenei\/wp-json\/wp\/v2\/posts"}],"about":[{"href":"http:\/\/www.ahl-ul-bait.de\/imam-chamenei\/wp-json\/wp\/v2\/types\/post"}],"author":[{"embeddable":true,"href":"http:\/\/www.ahl-ul-bait.de\/imam-chamenei\/wp-json\/wp\/v2\/users\/1"}],"replies":[{"embeddable":true,"href":"http:\/\/www.ahl-ul-bait.de\/imam-chamenei\/wp-json\/wp\/v2\/comments?post=2284"}],"version-history":[{"count":4,"href":"http:\/\/www.ahl-ul-bait.de\/imam-chamenei\/wp-json\/wp\/v2\/posts\/2284\/revisions"}],"predecessor-version":[{"id":2301,"href":"http:\/\/www.ahl-ul-bait.de\/imam-chamenei\/wp-json\/wp\/v2\/posts\/2284\/revisions\/2301"}],"wp:featuredmedia":[{"embeddable":true,"href":"http:\/\/www.ahl-ul-bait.de\/imam-chamenei\/wp-json\/wp\/v2\/media\/2300"}],"wp:attachment":[{"href":"http:\/\/www.ahl-ul-bait.de\/imam-chamenei\/wp-json\/wp\/v2\/media?parent=2284"}],"wp:term":[{"taxonomy":"category","embeddable":true,"href":"http:\/\/www.ahl-ul-bait.de\/imam-chamenei\/wp-json\/wp\/v2\/categories?post=2284"},{"taxonomy":"post_tag","embeddable":true,"href":"http:\/\/www.ahl-ul-bait.de\/imam-chamenei\/wp-json\/wp\/v2\/tags?post=2284"}],"curies":[{"name":"wp","href":"https:\/\/api.w.org\/{rel}","templated":true}]}}