{"id":2302,"date":"2025-02-12T13:38:10","date_gmt":"2025-02-12T12:38:10","guid":{"rendered":"http:\/\/khamenei.de\/wordpress\/?p=2302"},"modified":"2025-03-07T10:33:02","modified_gmt":"2025-03-07T09:33:02","slug":"der-weg-des-fortschritts-basiert-auf-innovation-und-kreativitaet","status":"publish","type":"post","link":"http:\/\/www.ahl-ul-bait.de\/imam-chamenei\/2025\/02\/12\/der-weg-des-fortschritts-basiert-auf-innovation-und-kreativitaet\/","title":{"rendered":"Der Weg des Fortschritts basiert auf Innovation und Kreativit\u00e4t"},"content":{"rendered":"\n<figure class=\"wp-block-gallery has-nested-images columns-default is-cropped wp-block-gallery-1 is-layout-flex wp-block-gallery-is-layout-flex\">\n<figure class=\"wp-block-image size-large\"><img loading=\"lazy\" decoding=\"async\" width=\"682\" height=\"1024\" data-id=\"2312\" src=\"http:\/\/ahl-ul-bait.de\/imam-chamenei\/wp-content\/uploads\/2025\/02\/2-5-682x1024.jpg\" alt=\"\" class=\"wp-image-2312\" srcset=\"http:\/\/www.ahl-ul-bait.de\/imam-chamenei\/wp-content\/uploads\/2025\/02\/2-5-682x1024.jpg 682w, http:\/\/www.ahl-ul-bait.de\/imam-chamenei\/wp-content\/uploads\/2025\/02\/2-5-200x300.jpg 200w, http:\/\/www.ahl-ul-bait.de\/imam-chamenei\/wp-content\/uploads\/2025\/02\/2-5-768x1152.jpg 768w, http:\/\/www.ahl-ul-bait.de\/imam-chamenei\/wp-content\/uploads\/2025\/02\/2-5-1024x1536.jpg 1024w, http:\/\/www.ahl-ul-bait.de\/imam-chamenei\/wp-content\/uploads\/2025\/02\/2-5-1365x2048.jpg 1365w, http:\/\/www.ahl-ul-bait.de\/imam-chamenei\/wp-content\/uploads\/2025\/02\/2-5.jpg 1620w\" sizes=\"auto, (max-width: 682px) 100vw, 682px\" \/><\/figure>\n\n\n\n<figure class=\"wp-block-image size-large\"><img loading=\"lazy\" decoding=\"async\" width=\"1024\" height=\"683\" data-id=\"2314\" src=\"http:\/\/ahl-ul-bait.de\/imam-chamenei\/wp-content\/uploads\/2025\/02\/5-5-1024x683.jpg\" alt=\"\" class=\"wp-image-2314\" srcset=\"http:\/\/www.ahl-ul-bait.de\/imam-chamenei\/wp-content\/uploads\/2025\/02\/5-5-1024x683.jpg 1024w, http:\/\/www.ahl-ul-bait.de\/imam-chamenei\/wp-content\/uploads\/2025\/02\/5-5-300x200.jpg 300w, http:\/\/www.ahl-ul-bait.de\/imam-chamenei\/wp-content\/uploads\/2025\/02\/5-5-768x512.jpg 768w, http:\/\/www.ahl-ul-bait.de\/imam-chamenei\/wp-content\/uploads\/2025\/02\/5-5-1536x1024.jpg 1536w, http:\/\/www.ahl-ul-bait.de\/imam-chamenei\/wp-content\/uploads\/2025\/02\/5-5-2048x1365.jpg 2048w\" sizes=\"auto, (max-width: 1024px) 100vw, 1024px\" \/><\/figure>\n\n\n\n<figure class=\"wp-block-image size-large\"><img loading=\"lazy\" decoding=\"async\" width=\"683\" height=\"1024\" data-id=\"2313\" src=\"http:\/\/ahl-ul-bait.de\/imam-chamenei\/wp-content\/uploads\/2025\/02\/44-4-683x1024.jpg\" alt=\"\" class=\"wp-image-2313\" srcset=\"http:\/\/www.ahl-ul-bait.de\/imam-chamenei\/wp-content\/uploads\/2025\/02\/44-4-683x1024.jpg 683w, http:\/\/www.ahl-ul-bait.de\/imam-chamenei\/wp-content\/uploads\/2025\/02\/44-4-200x300.jpg 200w, http:\/\/www.ahl-ul-bait.de\/imam-chamenei\/wp-content\/uploads\/2025\/02\/44-4-768x1151.jpg 768w, http:\/\/www.ahl-ul-bait.de\/imam-chamenei\/wp-content\/uploads\/2025\/02\/44-4-1025x1536.jpg 1025w, http:\/\/www.ahl-ul-bait.de\/imam-chamenei\/wp-content\/uploads\/2025\/02\/44-4-1366x2048.jpg 1366w, http:\/\/www.ahl-ul-bait.de\/imam-chamenei\/wp-content\/uploads\/2025\/02\/44-4.jpg 1667w\" sizes=\"auto, (max-width: 683px) 100vw, 683px\" \/><\/figure>\n\n\n\n<figure class=\"wp-block-image size-large\"><img loading=\"lazy\" decoding=\"async\" width=\"1024\" height=\"683\" data-id=\"2311\" src=\"http:\/\/ahl-ul-bait.de\/imam-chamenei\/wp-content\/uploads\/2025\/02\/33-3-1024x683.jpg\" alt=\"\" class=\"wp-image-2311\" srcset=\"http:\/\/www.ahl-ul-bait.de\/imam-chamenei\/wp-content\/uploads\/2025\/02\/33-3-1024x683.jpg 1024w, http:\/\/www.ahl-ul-bait.de\/imam-chamenei\/wp-content\/uploads\/2025\/02\/33-3-300x200.jpg 300w, http:\/\/www.ahl-ul-bait.de\/imam-chamenei\/wp-content\/uploads\/2025\/02\/33-3-768x512.jpg 768w, http:\/\/www.ahl-ul-bait.de\/imam-chamenei\/wp-content\/uploads\/2025\/02\/33-3-1536x1024.jpg 1536w, http:\/\/www.ahl-ul-bait.de\/imam-chamenei\/wp-content\/uploads\/2025\/02\/33-3-2048x1366.jpg 2048w\" sizes=\"auto, (max-width: 1024px) 100vw, 1024px\" \/><\/figure>\n\n\n\n<figure class=\"wp-block-image size-large\"><img loading=\"lazy\" decoding=\"async\" width=\"1024\" height=\"683\" data-id=\"2310\" src=\"http:\/\/ahl-ul-bait.de\/imam-chamenei\/wp-content\/uploads\/2025\/02\/6-5-1024x683.jpg\" alt=\"\" class=\"wp-image-2310\" srcset=\"http:\/\/www.ahl-ul-bait.de\/imam-chamenei\/wp-content\/uploads\/2025\/02\/6-5-1024x683.jpg 1024w, http:\/\/www.ahl-ul-bait.de\/imam-chamenei\/wp-content\/uploads\/2025\/02\/6-5-300x200.jpg 300w, http:\/\/www.ahl-ul-bait.de\/imam-chamenei\/wp-content\/uploads\/2025\/02\/6-5-768x512.jpg 768w, http:\/\/www.ahl-ul-bait.de\/imam-chamenei\/wp-content\/uploads\/2025\/02\/6-5-1536x1025.jpg 1536w, http:\/\/www.ahl-ul-bait.de\/imam-chamenei\/wp-content\/uploads\/2025\/02\/6-5-2048x1366.jpg 2048w\" sizes=\"auto, (max-width: 1024px) 100vw, 1024px\" \/><\/figure>\n\n\n\n<figure class=\"wp-block-image size-large\"><img loading=\"lazy\" decoding=\"async\" width=\"1024\" height=\"683\" data-id=\"2309\" src=\"http:\/\/ahl-ul-bait.de\/imam-chamenei\/wp-content\/uploads\/2025\/02\/7-5.jpg\" alt=\"\" class=\"wp-image-2309\" srcset=\"http:\/\/www.ahl-ul-bait.de\/imam-chamenei\/wp-content\/uploads\/2025\/02\/7-5.jpg 1024w, http:\/\/www.ahl-ul-bait.de\/imam-chamenei\/wp-content\/uploads\/2025\/02\/7-5-300x200.jpg 300w, http:\/\/www.ahl-ul-bait.de\/imam-chamenei\/wp-content\/uploads\/2025\/02\/7-5-768x512.jpg 768w\" sizes=\"auto, (max-width: 1024px) 100vw, 1024px\" \/><\/figure>\n<\/figure>\n\n\n<p><span style=\"font-family: georgia, palatino; font-size: 17px;\"><i>\u00a0<\/i><\/span><\/p>\n<p><span style=\"font-family: georgia, palatino; font-size: 17px;\"><i>Am 12. Februar 2025 hielt Imam Chamenei in Anwesenheit einer Reihe von Beamten, Mitarbeitern und Experten des Verteidigungsministerium, der Logistik der Streitkr\u00e4fte, prominenten Pers\u00f6nlichkeiten aus dem Verteidigungssektor, sowie mehreren ehrenwerten Familien der Gefallenen aus der Verteidigungsindustrie des Landes eine Rede. Zuvor besuchte er eine Ausstellung, auf der die neuesten Fortschritte und F\u00e4higkeiten der Wissenschaftler und Experten der Verteidigungsindustrie des Landes vorgestellt wurden. Es folgt die sinngem\u00e4\u00dfe \u00dcbersetzung der Rede aus dem <a href=\"https:\/\/farsi.khamenei.ir\/speech-content?id=59329\" target=\"_blank\" rel=\"noopener\">persischen Original<\/a>. Obwohl es f\u00fcr alle hier ver\u00f6ffentlichten Texte gilt, wird darauf verwiesen, dass die \u00dcbersetzung zu Dokumentationszwecken ohne jegliche Kommentierung erfolgt und die dargestellte Meinung nicht mit der Meinung der Herausgeber \u00fcbereinstimmen muss.<\/i><\/span><\/p>\n<p>\u00a0<\/p>\n<p><span style=\"font-family: georgia, palatino; font-size: 17px;\"><b>Im Namen Allahs, des Gn\u00e4digen, des Begnadenden<\/b><\/span><\/p>\n<p><span style=\"font-family: georgia, palatino; font-size: 17px;\">Aller Dank ist Allahs, des Herrn der Welten, und der Frieden und Segen seien mit unserem Meister und Propheten Abul Qasim al-Mustafa Muhammad und seiner reinen, fehlerlosen und auserw\u00e4hlten Familie und insbesondere mit dem Verbliebenen Allahs auf Erden (Baqiyyatullah, Imam Mahdi).<\/span><\/p>\n<p><span style=\"font-family: georgia, palatino; font-size: 17px;\">Herzlich willkommen, liebe Br\u00fcder und Schwestern. Zun\u00e4chst m\u00f6chte ich euch zur gesegneten Geburtstag des verehrten gro\u00dfartigen Verbliebenen Allahs auf Erden [Baqiyatullah al-Azam, Friede sei mit ihm] gratulieren, das wahrlich ein globales Fest der Menschheit ist. Die frohe Botschaft der Gerechtigkeit, die Hoffnung auf die Etablierung von Gerechtigkeit, war eines der st\u00e4ndigen und lang ersehnten Anliegen und Freuden der Menschheit \u00fcber die Geschichte hinweg. Es gibt keine Epoche in der Geschichte der Menschheit, in der die Menschen nicht auf Gerechtigkeit gewartet und nicht auf einen Retter gehofft h\u00e4tten. Dieser Wunsch wird gem\u00e4\u00df den Lehren der Schia in Erf\u00fcllung gehen ohne Zweifel. Nat\u00fcrlich gibt es unter Schiiten und Nicht-Schiiten keinen Zweifel am Prinzip der Anwesenheit des ehrenwerten Mahdi (Friede sei mit ihm). Alle sind sich in dieser Bedeutung einig. Das Besondere bei der Schia ist, dass sie den ehrenwerten Mahdi mit seinen Eigenschaften, als Person, mit Namen, dem Namen des Vaters und der Mutter kennt. Das ist eine unserer Besonderheiten. Wir hoffen, dass unsere Augen durch die Gnade Gottes erleuchtet werden durch die Audienz bei diesem Ehrw\u00fcrdigen.<\/span><\/p>\n<p><span style=\"font-family: georgia, palatino; font-size: 17px;\">Ich gratuliere au\u00dferdem zum 22. Bahman [11. Februar, Revolutionstag]. Der 22. Bahman ist tats\u00e4chlich f\u00fcr unser Volk und f\u00fcr unsere Geschichte ein gro\u00dfer Festtag. Jeder, der sich der Situation des Iran in der Zeit vor der Revolution, w\u00e4hrend der Monarchie, bewusst ist, wird mit voller \u00dcberzeugung best\u00e4tigen, dass die Revolution ein gro\u00dfes und historisches Fest f\u00fcr die iranische Nation war und unser Volk ehrt dieses Fest \u2013 das gibt es nirgendwo sonst auf der Welt.<\/span><\/p>\n<p><span style=\"font-family: georgia, palatino; font-size: 17px;\">Gro\u00dfe Revolutionen haben in der Welt stattgefunden, aber dass eine Revolution geschieht und jedes Jahr bis 46 Jahre sp\u00e4ter an diesem Tag die allgemeine Bev\u00f6lkerung \u2013 nicht die Streitkr\u00e4fte, nicht die Regierungsorgane, sondern die gesamte Gesellschaft \u2013 auf die Stra\u00dfen kommt, ihre Pr\u00e4senz zeigt, ihre Verbundenheit und Freude ausdr\u00fcckt und diesen Tag ehrt, das gibt es nirgendwo auf der Welt. Das ist einzigartig f\u00fcr dieses Land.<\/span><\/p>\n<p><span style=\"font-family: georgia, palatino; font-size: 17px;\">Wir kennen andere Revolutionen, wir wissen um ihre Vorgeschichte, ihre Folgen, ihre Auswirkungen und Ergebnisse. Wir wissen auch genau, wie ihre V\u00f6lker und Nationen mit diesen Revolutionen umgegangen sind. Doch die Situation im Iran ist einzigartig: Am 22. Bahman kommen M\u00e4nner, Frauen, verschiedene gesellschaftliche Gruppen, Kinder, Junge und Alte f\u00fcr mehrere Stunden auf die Stra\u00dfen \u2013 bei kaltem Wetter, Schnee, eisigem Wind und schwierigen Bedingungen \u2013, um diesen Feiertag zu w\u00fcrdigen. Das ist eine Besonderheit des islamischen Iran.<\/span><\/p>\n<p><span style=\"font-family: georgia, palatino; font-size: 17px;\">Und dieser letzte 22. Bahman war eines der herausragendsten Feste der Revolution \u2013 einer der wichtigsten \u00fcberhaupt. Das Volk hat an diesem Montag in Wirklichkeit einen Aufstand vollzogen. Dass die Menschen auf die Stra\u00dfen gingen, Parolen riefen, ihre Ansichten \u00e4u\u00dferten und ihre Meinungen in den Medien verbreiteten \u2013 und das im ganzen Land \u2013, das war ein Volksaufstand, eine gro\u00dfe nationale Bewegung. Trotz des st\u00e4ndigen Propaganda-Bombardements und der heimt\u00fcckischen psychologischen Kriegsf\u00fchrung des Feindes \u2013 der unabl\u00e4ssig gegen den 22. Bahman, gegen den St\u00fctzer des 22. Bahman, also das iranische Volk und gegen den Helden des 22. Bahman, der unser gro\u00dfer Imam [Chomeini] ist, hetzt \u2013 kamen die Menschen dennoch auf die Stra\u00dfen und zeigten ihre Entschlossenheit.<\/span><\/p>\n<p><span style=\"font-family: georgia, palatino; font-size: 17px;\">Die Pr\u00e4senz der Jugendlichen, die strahlenden Gesichter, die Teilnahme im gesamten Land \u2013 nicht nur in Teheran, nicht nur in den gro\u00dfen St\u00e4dten, sondern sogar in den D\u00f6rfern \u2013 all das machte diese Bewegung so bedeutsam. In manchen St\u00e4dten war das Wetter kalt, sehr ung\u00fcnstig, und doch nahmen die Menschen teil. Es war eine klare Botschaft der Einheit der iranischen Nation. Wahrlich, die iranische Nation hat eine gro\u00dfe Tat vollbracht. Angesichts der st\u00e4ndigen t\u00f6richten Drohungen, die unaufh\u00f6rlich gegen das iranische Volk gerichtet werden, hat das iranische Volk seine Identit\u00e4t, seinen Charakter, seine St\u00e4rke und seine Standhaftigkeit der ganzen Welt vor Augen gef\u00fchrt.<\/span><\/p>\n<p><span style=\"font-family: georgia, palatino; font-size: 17px;\">Eine wertvolle Vervollst\u00e4ndigung dieser gro\u00dfen Volksbewegung waren auch die klaren und richtungsweisenden Worte des gesch\u00e4tzten Pr\u00e4sidenten, der mit der Sprache des Volkes und der Sprache ihres Herzens sprach und das sagte, was gesagt werden musste. Ich wiederhole immer wieder \u2013 insbesondere gegen\u00fcber meinen Zuh\u00f6rern, meinen geliebten jungen Menschen, denen ich von Herzen zugetan bin: Man muss zur richtigen Zeit handeln. Und die iranische Nation hat an diesem Montag genau das getan \u2013 zur richtigen Zeit, am richtigen Ort. Sie hat sich genau dann gezeigt, als es notwendig war. M\u00f6ge Gottes Gnade mit dieser Nation sein! Und wir hoffen, so Gott will, dass Tag f\u00fcr Tag eine immer bessere Zukunft auf diese mutige, kluge und wachsame Nation wartet.<\/span><\/p>\n<p><span style=\"font-family: georgia, palatino; font-size: 17px;\">Die Ausstellung, die wir heute f\u00fcr eine Stunde aus der N\u00e4he betrachtet haben, war vielleicht eine der besten und herausragendsten Ausstellungen, die ich gesehen habe. Wahrlich, die Stunde, die ich in dieser Ausstellung verbracht habe, war f\u00fcr mich eine \u00e4u\u00dferst s\u00fc\u00dfe und erfreuliche Stunde. Diese Ausstellung zeigte einen Teil der gro\u00dfen Anstrengungen, die im Bereich der Landesverteidigung unternommen werden. Jeder Einzelne von euch sowie all jene, die in den verteidigungsrelevanten Organisationen \u2013 sei es in der Verteidigungsindustrie oder anderen Einrichtungen \u2013 t\u00e4tig sind, haben Anteil an den Errungenschaften dieser Ausstellung. Wir danken jedem Einzelnen von euch von Herzen, und auch die iranische Nation sollte jedem Einzelnen von euch dankbar sein. Die Verteidigung des Volkes und der Schutz der Sicherheit sind keine kleinen Angelegenheiten.<\/span><\/p>\n<p><span style=\"font-family: georgia, palatino; font-size: 17px;\">Heute ist die St\u00e4rke der Verteidigungskraft unseres Landes bekannt. Die Verteidigungskraft Irans ist heute ber\u00fchmt. Irans Freunde sind stolz auf diese Verteidigungsst\u00e4rke, w\u00e4hrend Irans Feinde sich davor f\u00fcrchten. Das ist f\u00fcr eine Nation, f\u00fcr ein Land, von gro\u00dfer Bedeutung. Wichtig ist auch, dass es eine Zeit gab, in der die Machthaber dieser Welt \u2013 die Tyrannen von damals, die auch heute noch existieren \u2013 uns den Zugang zu Verteidigungstechnologie verweigerten. Selbst wenn wir bereit waren, den doppelten oder mehrfachen Preis zu zahlen, sagten sie offen: \u201eWir verkaufen nicht!\u201c Und sie verhinderten sogar, dass andere L\u00e4nder, die bereit waren zu verkaufen, dies tun konnten. Sie sagten: \u201eWir verkaufen nicht an den Iran.\u201c<\/span><\/p>\n<p><span style=\"font-family: georgia, palatino; font-size: 17px;\">Heute sind es dieselben Machthaber, die dem Iran sagen: \u201eVerkauft nicht!\u201c. Der Weg von \u201eWir verkaufen nicht\u201c zu \u201eIhr d\u00fcrft nicht verkaufen\u201c ist ein weiter \u2013 und es waren unsere Wissenschaftler, unsere Fachkr\u00e4fte, unsere Arbeiter, unsere geschickten H\u00e4nde und die brillanten K\u00f6pfe unserer jungen Menschen und Menschen, die diese Distanz vollbracht haben. Heute befinden wir uns in einer guten Position, was die Verteidigung angeht, und diese Ausstellung hat uns sogar noch mehr gezeigt, als wir zuvor wussten \u2013 beziehungsweise das, wovon wir nur geh\u00f6rt hatten, vor unseren Augen sichtbar gemacht.<\/span><\/p>\n<p><span style=\"font-family: georgia, palatino; font-size: 17px;\">Besonders bemerkenswert ist, dass all diese Fortschritte innerhalb der Sanktionen erzielt wurden. Diese Errungenschaften entstanden genau in der Zeit, in der wir unter Embargos standen \u2013 in der \u00c4ra des \u201eWir verkaufen nicht\u201c, in einer Zeit, in der sie uns nichts geben wollten. Selbst jetzt mahnen sie sich gegenseitig: \u201eLasst ja nicht zu, dass bestimmte Komponenten und Teile in Irans H\u00e4nde fallen!\u201c Doch unsere eigenen jungen Talente stellen hier sogar noch bessere Komponenten her. Die Lage ist gut, Gott sei Dank \u2013 es war beeindruckend. Ich danke jedem Einzelnen von euch aufrichtig \u2013 euren Managern, euren herausragenden Pers\u00f6nlichkeiten, euren verehrten Lehrern und exzellenten Wissenschaftlern.<\/span><\/p>\n<p><span style=\"font-family: georgia, palatino; font-size: 17px;\">Ich m\u00f6chte nun ein paar Punkte ansprechen. Der erste Punkt ist, dass die Fortschritte, die wir heute gemacht haben, unsere Verteidigungsst\u00e4rke erh\u00f6ht haben. Doch das bedeutet nicht, dass wir denken sollten: \u201eAlle Dankpreisung geb\u00fchrt Allah, die Sache ist nun erledigt.\u201c Nein. Da wir von null angefangen haben, haben wir zwar insgesamt viel erreicht und uns dabei auch sehr angestrengt, aber dennoch sind wir in vielen Bereichen noch nicht an der vordersten Front angelangt. Wir m\u00fcssen diese Frontlinie erreichen.<\/span><\/p>\n<p><span style=\"font-family: georgia, palatino; font-size: 17px;\">Warum? Weil diejenigen, die uns Schlechtes w\u00fcnschen, in manchen Bereichen an der vordersten Front stehen. Deshalb m\u00fcssen wir uns in die Lage bringen, uns gegen sie zu verteidigen \u2013 und das geht nur, wenn wir ebenfalls an die vorderste Front gelangen. Der Quran gibt uns in dieser Hinsicht eine notwendige Lehre:<\/span><\/p>\n<p style=\"text-align: right;\"><span style=\"font-family: georgia, palatino; font-size: 17px;\">\u0648\u064e\u0623\u064e\u0639\u0650\u062f\u0651\u064f\u0648\u0627 \u0644\u064e\u0647\u064f\u0645 \u0645\u0651\u064e\u0627 \u0627\u0633\u0652\u062a\u064e\u0637\u064e\u0639\u0652\u062a\u064f\u0645 \u0645\u0651\u0650\u0646 \u0642\u064f\u0648\u0651\u064e\u0629\u064d<\/span><\/p>\n<p><span style=\"font-family: georgia, palatino; font-size: 17px;\"><i>\u201eUnd beziffert f\u00fcr sie, was ihr imstande gewesen seid an Kraft\u201c<\/i> [Heiliger Quran, 8:60]. Das Wort <i>\u201ewas ihr imstande gewesen seid\u201c<\/i> ist sehr wichtig \u2013 es bedeutet: Alles, was ihr k\u00f6nnt! Bereitet mit allem vor, was ihr k\u00f6nnt!<\/span><\/p>\n<p><span style=\"font-family: georgia, palatino; font-size: 17px;\">Die Bedeutung dieser Lehre ist, dass wir den Weg, den wir vor einigen Jahren begonnen haben \u2013 dessen Fr\u00fcchte wir in verschiedenen Situationen gesehen haben, einige davon wurden vom ehrenwerten Minister erw\u00e4hnt, andere haben wir in der Ausstellung gesehen und geh\u00f6rt \u2013 weiter ausbauen m\u00fcssen. Dieser Prozess muss fortgesetzt werden. Deshalb darf der Fortschritt nicht stagnieren, und wir d\u00fcrfen uns nicht zufriedengeben. Nehmen wir zum Beispiel die Pr\u00e4zision von Raketen: Wir haben uns einmal eine bestimmte Mindestgrenze gesetzt, doch jetzt erkennen wir, dass diese nicht ausreicht. Sie reicht nicht aus! Wir m\u00fcssen voranschreiten. Wir m\u00fcssen voranschreiten! Das ist der erste Punkt: Der Fortschritt muss weitergehen.<\/span><\/p>\n<p><span style=\"font-family: georgia, palatino; font-size: 17px;\">Der zweite Punkt: Wenn ihr wollt, dass der Fortschritt weitergeht, dann m\u00fcsst ihr Innovation zu eurem Ziel machen. Konzentriert euch auf Innovation! Ihr solltet euch nicht darauf beschr\u00e4nken, nur die \u00fcblichen Methoden zu nutzen. Kreativit\u00e4t und Innovation haben keine Grenzen \u2013 sie sind notwendig. Es reicht nicht aus, wenn wir nur in der Lage sind, ein Ger\u00e4t nachzubauen, das andere bereits entwickelt haben, es zu verbessern oder ein wenig weiterzuentwickeln. Das gen\u00fcgt nicht! Ihr m\u00fcsst euch mit Dingen besch\u00e4ftigen, die andere noch nicht gemacht haben, die sie noch nicht umgesetzt haben.<\/span><\/p>\n<p><span style=\"font-family: georgia, palatino; font-size: 17px;\">In der Natur gibt es unz\u00e4hlige M\u00f6glichkeiten und Potenziale, die wir noch nicht kennen. Es gab eine Zeit, in der die Menschen nichts von Elektrizit\u00e4t wussten \u2013 sie existierte von Anfang an in der Natur, doch der Mensch entdeckte sie erst sp\u00e4ter. Milliarden von Kapazit\u00e4ten und M\u00f6glichkeiten dieser Art existieren in der Natur. Schaut euch die wissenschaftlichen Fortschritte an \u2013 sie geschehen t\u00e4glich. Fr\u00fcher gab es kein Internet, dann wurde es entwickelt und immer weiter ausgebaut. K\u00fcnstliche Intelligenz gab es einst nicht, dann wurde sie entwickelt.<\/span><\/p>\n<p><span style=\"font-family: georgia, palatino; font-size: 17px;\">Das sind Realit\u00e4ten: Manche Menschen konzentrieren sich auf eine bestimmte Sache, ein Geistesblitz erhellt ihren Verstand, sie verfolgen ihn weiter und gelangen zu bahnbrechenden Ergebnissen. Genau das ist Innovation! Innovation bedeutet, \u00fcber das blo\u00dfe Verbessern bestehender Arbeiten hinauszugehen. Wenn ihr echten Fortschritt erreichen wollt, m\u00fcsst ihr innovativ sein. Das ist der zweite Punkt.<\/span><\/p>\n<p><span style=\"font-family: georgia, palatino; font-size: 17px;\">Nat\u00fcrlich m\u00fcssen in diesem Bereich junge, \u00fcberzeugte, revolution\u00e4re, talentierte und wissenschaftlich versierte Kr\u00e4fte eingesetzt werden. Junge Menschen, weil sie die n\u00f6tige Energie und geistige F\u00e4higkeit besitzen. Wir sagen \u00fcberzeugt, weil die \u00dcberzeugung einem Menschen Kraft gibt, ihn st\u00e4rkt und auf dem richtigen Weg h\u00e4lt. Wir sagen revolution\u00e4r, weil er von diesem gewaltigen Wandel \u00fcberzeugt sein muss \u2013 an die politische und gesellschaftliche Transformation, die durch die Segnungen der Revolution im Land entstanden ist. Diese Menschen sind es, die Innovation vorantreiben k\u00f6nnen.<\/span><\/p>\n<p><span style=\"font-family: georgia, palatino; font-size: 17px;\">Der dritte Punkt: In den wissenschaftlichen Forschungen der Streitkr\u00e4fte sollte die Deckung der Verteidigungsbed\u00fcrfnisse des Landes im Mittelpunkt stehen. Das Ziel muss es sein, diese Bed\u00fcrfnisse zu erf\u00fcllen und bestehende L\u00fccken zu schlie\u00dfen.<\/span><\/p>\n<p><span style=\"font-family: georgia, palatino; font-size: 17px;\">Warum betone ich das? Weil in einigen Universit\u00e4ten des Landes Professoren und Wissenschaftler haupts\u00e4chlich darauf fokussiert sind, Artikel zu schreiben und zu ver\u00f6ffentlichen, ohne zu hinterfragen, welche der nationalen Defizite diese Artikel tats\u00e4chlich beheben. Manchmal werden solche Artikel verfasst, doch es sind andere, die mehr davon profitieren als wir selbst \u2013 als w\u00e4ren sie f\u00fcr die Bed\u00fcrfnisse anderer geschrieben worden.<\/span><\/p>\n<p><span style=\"font-family: georgia, palatino; font-size: 17px;\">In den Forschungseinrichtungen der Streitkr\u00e4fte muss darauf geachtet werden, dass diese Fehlentwicklung nicht aufkommt. Es sollte ausschlie\u00dflich darauf geschaut werden, wo unsere eigenen Bed\u00fcrfnisse liegen, insbesondere im Bereich der Verteidigung. Genau in diese Richtung sollte gearbeitet, sich fokussiert und intensiv geforscht werden.<\/span><\/p>\n<p><span style=\"font-family: georgia, palatino; font-size: 17px;\">Was ihr heute besitzt \u2013 diesen guten Verstand, die F\u00e4higkeit zur Forschung, zur Herstellung, zur Kreativit\u00e4t und Innovation \u2013 ist eine g\u00f6ttliche Gabe. Dankt f\u00fcr diese Gaben und erkennt sie als Gaben des Erhabenen Gottes an:<\/span><\/p>\n<p style=\"text-align: right;\"><span style=\"font-family: georgia, palatino; font-size: 17px;\">\u0645\u0627 \u0628\u0650\u0646\u0627 \u0645\u0650\u0646 \u0646\u0650\u0639\u0645\u064e\u0629\u064d \u0641\u064e\u0645\u0650\u0646\u06a9\u064e \u0644\u0627 \u0627\u0650\u0644\u0670\u0647\u064e \u0627\u0650\u0644\u0651\u0627 \u0627\u064e\u0646\u062a\u200c<\/span><\/p>\n<p><span style=\"font-family: georgia, palatino; font-size: 17px;\"><i>\u201eWas auch immer wir an Gaben haben, so ist es von Dir. Es gibt keinen Gott au\u00dfer Dir.\u201c<\/i> [Bittgebet]. Alle Gaben kommen von Gott, dem Erhabenen. Dankbarkeit daf\u00fcr bedeutet nicht nur, Ihm nur im Herzen und mit Worten zu danken, sondern auch, diese F\u00e4higkeiten, die Er euch gegeben hat, aktiv zu nutzen und in die Tat umzusetzen.<\/span><\/p>\n<p><span style=\"font-family: georgia, palatino; font-size: 17px;\">Und der Friede, die Gnade Allahs und sein Segen seien mit Euch.<\/span><\/p>","protected":false},"excerpt":{"rendered":"<p>\u00a0 Am 12. Februar 2025 hielt Imam Chamenei in Anwesenheit einer Reihe von Beamten, Mitarbeitern und Experten des Verteidigungsministerium, der<\/p>\n","protected":false},"author":1,"featured_media":2317,"comment_status":"closed","ping_status":"open","sticky":false,"template":"","format":"standard","meta":{"colormag_page_container_layout":"default_layout","colormag_page_sidebar_layout":"default_layout","footnotes":""},"categories":[30,47,39,48,33,42],"tags":[],"class_list":["post-2302","post","type-post","status-publish","format-standard","has-post-thumbnail","hentry","category-iran","category-jugend","category-reden","category-revolution","category-weltpolitik","category-wissenschaft"],"_links":{"self":[{"href":"http:\/\/www.ahl-ul-bait.de\/imam-chamenei\/wp-json\/wp\/v2\/posts\/2302","targetHints":{"allow":["GET"]}}],"collection":[{"href":"http:\/\/www.ahl-ul-bait.de\/imam-chamenei\/wp-json\/wp\/v2\/posts"}],"about":[{"href":"http:\/\/www.ahl-ul-bait.de\/imam-chamenei\/wp-json\/wp\/v2\/types\/post"}],"author":[{"embeddable":true,"href":"http:\/\/www.ahl-ul-bait.de\/imam-chamenei\/wp-json\/wp\/v2\/users\/1"}],"replies":[{"embeddable":true,"href":"http:\/\/www.ahl-ul-bait.de\/imam-chamenei\/wp-json\/wp\/v2\/comments?post=2302"}],"version-history":[{"count":2,"href":"http:\/\/www.ahl-ul-bait.de\/imam-chamenei\/wp-json\/wp\/v2\/posts\/2302\/revisions"}],"predecessor-version":[{"id":2316,"href":"http:\/\/www.ahl-ul-bait.de\/imam-chamenei\/wp-json\/wp\/v2\/posts\/2302\/revisions\/2316"}],"wp:featuredmedia":[{"embeddable":true,"href":"http:\/\/www.ahl-ul-bait.de\/imam-chamenei\/wp-json\/wp\/v2\/media\/2317"}],"wp:attachment":[{"href":"http:\/\/www.ahl-ul-bait.de\/imam-chamenei\/wp-json\/wp\/v2\/media?parent=2302"}],"wp:term":[{"taxonomy":"category","embeddable":true,"href":"http:\/\/www.ahl-ul-bait.de\/imam-chamenei\/wp-json\/wp\/v2\/categories?post=2302"},{"taxonomy":"post_tag","embeddable":true,"href":"http:\/\/www.ahl-ul-bait.de\/imam-chamenei\/wp-json\/wp\/v2\/tags?post=2302"}],"curies":[{"name":"wp","href":"https:\/\/api.w.org\/{rel}","templated":true}]}}