{"id":2342,"date":"2025-03-05T10:29:28","date_gmt":"2025-03-05T09:29:28","guid":{"rendered":"http:\/\/khamenei.de\/wordpress\/?p=2342"},"modified":"2025-03-12T21:46:39","modified_gmt":"2025-03-12T20:46:39","slug":"imam-chamenei-das-pflanzen-von-baeumen-ist-eine-investition-in-die-zukunft","status":"publish","type":"post","link":"http:\/\/www.ahl-ul-bait.de\/imam-chamenei\/2025\/03\/05\/imam-chamenei-das-pflanzen-von-baeumen-ist-eine-investition-in-die-zukunft\/","title":{"rendered":"Imam Chamenei: Das Pflanzen von B\u00e4umen ist eine Investition in die Zukunft"},"content":{"rendered":"\n<figure class=\"wp-block-gallery has-nested-images columns-default is-cropped wp-block-gallery-1 is-layout-flex wp-block-gallery-is-layout-flex\">\n<figure class=\"wp-block-image size-large\"><img loading=\"lazy\" decoding=\"async\" width=\"1024\" height=\"683\" data-id=\"2343\" src=\"http:\/\/ahl-ul-bait.de\/imam-chamenei\/wp-content\/uploads\/2025\/03\/2-1-1024x683.jpg\" alt=\"\" class=\"wp-image-2343\" srcset=\"http:\/\/www.ahl-ul-bait.de\/imam-chamenei\/wp-content\/uploads\/2025\/03\/2-1-1024x683.jpg 1024w, http:\/\/www.ahl-ul-bait.de\/imam-chamenei\/wp-content\/uploads\/2025\/03\/2-1-300x200.jpg 300w, http:\/\/www.ahl-ul-bait.de\/imam-chamenei\/wp-content\/uploads\/2025\/03\/2-1-768x512.jpg 768w, http:\/\/www.ahl-ul-bait.de\/imam-chamenei\/wp-content\/uploads\/2025\/03\/2-1-1536x1024.jpg 1536w, http:\/\/www.ahl-ul-bait.de\/imam-chamenei\/wp-content\/uploads\/2025\/03\/2-1-2048x1365.jpg 2048w\" sizes=\"auto, (max-width: 1024px) 100vw, 1024px\" \/><\/figure>\n\n\n\n<figure class=\"wp-block-image size-large\"><img loading=\"lazy\" decoding=\"async\" width=\"1024\" height=\"683\" data-id=\"2345\" src=\"http:\/\/ahl-ul-bait.de\/imam-chamenei\/wp-content\/uploads\/2025\/03\/3-2-1024x683.jpg\" alt=\"\" class=\"wp-image-2345\" srcset=\"http:\/\/www.ahl-ul-bait.de\/imam-chamenei\/wp-content\/uploads\/2025\/03\/3-2-1024x683.jpg 1024w, http:\/\/www.ahl-ul-bait.de\/imam-chamenei\/wp-content\/uploads\/2025\/03\/3-2-300x200.jpg 300w, http:\/\/www.ahl-ul-bait.de\/imam-chamenei\/wp-content\/uploads\/2025\/03\/3-2-768x512.jpg 768w, http:\/\/www.ahl-ul-bait.de\/imam-chamenei\/wp-content\/uploads\/2025\/03\/3-2-1536x1024.jpg 1536w, http:\/\/www.ahl-ul-bait.de\/imam-chamenei\/wp-content\/uploads\/2025\/03\/3-2-2048x1365.jpg 2048w\" sizes=\"auto, (max-width: 1024px) 100vw, 1024px\" \/><\/figure>\n\n\n\n<figure class=\"wp-block-image size-large\"><img loading=\"lazy\" decoding=\"async\" width=\"1024\" height=\"683\" data-id=\"2344\" src=\"http:\/\/ahl-ul-bait.de\/imam-chamenei\/wp-content\/uploads\/2025\/03\/4-2-1024x683.jpg\" alt=\"\" class=\"wp-image-2344\" srcset=\"http:\/\/www.ahl-ul-bait.de\/imam-chamenei\/wp-content\/uploads\/2025\/03\/4-2-1024x683.jpg 1024w, http:\/\/www.ahl-ul-bait.de\/imam-chamenei\/wp-content\/uploads\/2025\/03\/4-2-300x200.jpg 300w, http:\/\/www.ahl-ul-bait.de\/imam-chamenei\/wp-content\/uploads\/2025\/03\/4-2-768x512.jpg 768w, http:\/\/www.ahl-ul-bait.de\/imam-chamenei\/wp-content\/uploads\/2025\/03\/4-2-1536x1024.jpg 1536w, http:\/\/www.ahl-ul-bait.de\/imam-chamenei\/wp-content\/uploads\/2025\/03\/4-2-2048x1365.jpg 2048w\" sizes=\"auto, (max-width: 1024px) 100vw, 1024px\" \/><\/figure>\n<\/figure>\n\n\n<p>\u00a0<\/p>\n<p><span style=\"font-family: georgia, palatino; font-size: 17px;\"><i>Am 5. M\u00e4rz 2025 pflanzte Imam Chamenei anl\u00e4sslich des iranischen Nationalen Tages des Baumes Setzlinge an seinem B\u00fcrogeb\u00e4ude und hielt anschlie\u00dfend eine kleine Ansprache. Es folgt die sinngem\u00e4\u00dfe \u00dcbersetzung der Ansprache aus dem <a href=\"https:\/\/farsi.khamenei.ir\/speech-content?id=59600\" target=\"_blank\" rel=\"noopener\">persischen Original<\/a>. Obwohl es f\u00fcr alle hier ver\u00f6ffentlichten Texte gilt, wird darauf verwiesen, dass die \u00dcbersetzung zu Dokumentationszwecken ohne jegliche Kommentierung erfolgt und die dargestellte Meinung nicht mit der Meinung der Herausgeber \u00fcbereinstimmen muss.<\/i><\/span><\/p>\n<hr \/>\n<p><span style=\"font-family: georgia, palatino; font-size: 17px;\"><b>Im Namen Allahs, des Gn\u00e4digen, des Begnadenden<\/b><\/span><\/p>\n<p><span style=\"font-family: georgia, palatino; font-size: 17px;\">Auch in diesem Jahr hatten wir \u2013 wie jedes Jahr \u2013 mit Gottes Gnade die M\u00f6glichkeit, einige Setzlinge \u2013 zwei oder drei \u2013 zu pflanzen. Dies soll nicht nur die jungen Menschen ermutigen, sondern auch Menschen in unserem Alter dazu bewegen, sich dieser wichtigen, gro\u00dfen, notwendigen und sch\u00f6nen Aufgabe zu widmen, sodass alle mit Begeisterung daran arbeiten, B\u00e4ume zu pflanzen und das Gr\u00fcn in unserem Land zu vermehren.<\/span><\/p>\n<p><span style=\"font-family: georgia, palatino; font-size: 17px;\">Das Pflanzen von B\u00e4umen ist eine Investition, es ist vorausschauendes Handeln und die Schaffung von Wohlstand. Dieser Setzling wird in einiger Zeit zu einem Baum heranwachsen. Wenn es ein Obstbaum ist, stellt er eine Art von Reichtum dar. Wenn es ein Holzbaum ist, ist das ebenfalls eine Form von Reichtum. Durch das Pflanzen eines Setzlings gewinnt man nur und erleidet keinen Verlust \u2013 das ist ein Aspekt der Baumpflanzung.<\/span><\/p>\n<p><span style=\"font-family: georgia, palatino; font-size: 17px;\">Ein weiterer Aspekt ist, dass das Pflanzen von B\u00e4umen zur Reinhaltung der Luft beitr\u00e4gt. B\u00e4ume, Felder und das Gr\u00fcn, das der Gott der Erhabene aus der Erde wachsen l\u00e4sst, haben eine positive Wirkung auf die Lebensumgebung und die Luftqualit\u00e4t. Daher profitiert auch die Umwelt von der Pflanzung von Setzlingen und B\u00e4umen \u2013 und die Umwelt ist etwas \u00e4u\u00dferst Wichtiges, denn sie ist der Lebensraum des Menschen. Menschen sind zwingend auf eine gesunde Umwelt angewiesen. Das ist ein bedeutender Aspekt.<\/span><\/p>\n<p><span style=\"font-family: georgia, palatino; font-size: 17px;\">Ein weiterer Aspekt ist, dass B\u00e4ume und Gr\u00fcnfl\u00e4chen zur Frische und Sch\u00f6nheit der Lebensumgebung beitragen. Abgesehen von den gesundheitlichen Vorteilen und dem materiellen Nutzen erfreuen sie das Auge und das Herz. Wenn die Umgebung gr\u00fcn ist und mit den segensreichen Pflanzen w\u00e4chst, die Gott erschaffen hat, wirkt sich das nat\u00fcrlich positiv auf das seelische Wohlbefinden der Menschen aus.<\/span><\/p>\n<p><span style=\"font-family: georgia, palatino; font-size: 17px;\">Das sind verschiedene Aspekte der Baumpflanzung. Tats\u00e4chlich bringt das Pflanzen von B\u00e4umen sowohl materiellen als auch \u00f6kologischen Nutzen und f\u00f6rdert zudem die seelische Frische. Es ist in jeder Hinsicht ein reiner Gewinn \u2013 es gibt absolut keinen Nachteil daran.<\/span><\/p>\n<p><span style=\"font-family: georgia, palatino; font-size: 17px;\">Was ich empfehlen m\u00f6chte, ist, diese nationale Aufforstungsbewegung, die im vergangenen Jahr angek\u00fcndigt wurde und \u2013 wie ich geh\u00f6rt habe \u2013 erfreulicherweise gut vorangekommen ist, ernst zu nehmen und weiterzuverfolgen. Dass in der Regierung des M\u00e4rtyrers Raisi das Ziel gesetzt wurde, innerhalb von vier Jahren eine Milliarde B\u00e4ume zu pflanzen, hat sich als machbar erwiesen und kann umgesetzt werden \u2013 vorausgesetzt, alle setzen sich daf\u00fcr ein und die zust\u00e4ndigen staatlichen Stellen unterst\u00fctzen die Menschen dabei, dieses Vorhaben zu verwirklichen. Dies kann durch Aufkl\u00e4rung, praktische Hilfe, administrative Unterst\u00fctzung und \u00e4hnliche Ma\u00dfnahmen geschehen.<\/span><\/p>\n<p><span style=\"font-family: georgia, palatino; font-size: 17px;\">Ein weiterer wichtiger Punkt ist, dass wir nicht auf der einen Seite Setzlinge pflanzen wollen, w\u00e4hrend auf der anderen Seite gro\u00dfe, n\u00fctzliche B\u00e4ume zerst\u00f6rt und gef\u00e4llt werden. Nat\u00fcrlich gibt es Situationen \u2013 sowohl in W\u00e4ldern als auch au\u00dferhalb \u2013, in denen das F\u00e4llen von B\u00e4umen notwendig oder aus technischen Gr\u00fcnden erforderlich ist, aber das ist ein separates Thema. Grunds\u00e4tzlich m\u00fcssen wir jedoch darauf achten, dass das F\u00e4llen von B\u00e4umen einen Schaden und eine Gefahr darstellen. Die Zerst\u00f6rung von W\u00e4ldern muss verhindert werden, ebenso wie die Umwandlung von landwirtschaftlichen Fl\u00e4chen in andere Nutzfl\u00e4chen. Auch das ist ein wichtiges Anliegen.<\/span><\/p>\n<p><span style=\"font-family: georgia, palatino; font-size: 17px;\">Ich habe geh\u00f6rt, dass in Teheran und einigen anderen St\u00e4dten bereits gute Ma\u00dfnahmen in diesem Bereich ergriffen wurden \u2013 und diese sollten unbedingt fortgef\u00fchrt werden. Meine Empfehlung ist, dass unsere gesch\u00e4tzten Mitb\u00fcrger das Pflanzen von Setzlingen als eine gute Tat betrachten, als eine wohlt\u00e4tige Handlung, und sich f\u00fcr die Vermehrung von B\u00e4umen und Gr\u00fcnfl\u00e4chen einsetzen. Durch dieses Engagement k\u00f6nnen sie ihre Umgebung versch\u00f6nern und gleichzeitig sowohl materiellen als auch seelischen und spirituellen Nutzen schaffen. Ich bitte den allm\u00e4chtigen Gott um Erfolg f\u00fcr alle.<\/span><\/p>\n<p><span style=\"font-family: georgia, palatino; font-size: 17px;\">Der Friede, die Gnade Allahs und sein Segen seien mit Euch.<\/span><\/p>","protected":false},"excerpt":{"rendered":"<p>\u00a0 Am 5. M\u00e4rz 2025 pflanzte Imam Chamenei anl\u00e4sslich des iranischen Nationalen Tages des Baumes Setzlinge an seinem B\u00fcrogeb\u00e4ude und<\/p>\n","protected":false},"author":1,"featured_media":2349,"comment_status":"closed","ping_status":"open","sticky":false,"template":"","format":"standard","meta":{"colormag_page_container_layout":"default_layout","colormag_page_sidebar_layout":"default_layout","footnotes":""},"categories":[39],"tags":[],"class_list":["post-2342","post","type-post","status-publish","format-standard","has-post-thumbnail","hentry","category-reden"],"_links":{"self":[{"href":"http:\/\/www.ahl-ul-bait.de\/imam-chamenei\/wp-json\/wp\/v2\/posts\/2342","targetHints":{"allow":["GET"]}}],"collection":[{"href":"http:\/\/www.ahl-ul-bait.de\/imam-chamenei\/wp-json\/wp\/v2\/posts"}],"about":[{"href":"http:\/\/www.ahl-ul-bait.de\/imam-chamenei\/wp-json\/wp\/v2\/types\/post"}],"author":[{"embeddable":true,"href":"http:\/\/www.ahl-ul-bait.de\/imam-chamenei\/wp-json\/wp\/v2\/users\/1"}],"replies":[{"embeddable":true,"href":"http:\/\/www.ahl-ul-bait.de\/imam-chamenei\/wp-json\/wp\/v2\/comments?post=2342"}],"version-history":[{"count":1,"href":"http:\/\/www.ahl-ul-bait.de\/imam-chamenei\/wp-json\/wp\/v2\/posts\/2342\/revisions"}],"predecessor-version":[{"id":2350,"href":"http:\/\/www.ahl-ul-bait.de\/imam-chamenei\/wp-json\/wp\/v2\/posts\/2342\/revisions\/2350"}],"wp:featuredmedia":[{"embeddable":true,"href":"http:\/\/www.ahl-ul-bait.de\/imam-chamenei\/wp-json\/wp\/v2\/media\/2349"}],"wp:attachment":[{"href":"http:\/\/www.ahl-ul-bait.de\/imam-chamenei\/wp-json\/wp\/v2\/media?parent=2342"}],"wp:term":[{"taxonomy":"category","embeddable":true,"href":"http:\/\/www.ahl-ul-bait.de\/imam-chamenei\/wp-json\/wp\/v2\/categories?post=2342"},{"taxonomy":"post_tag","embeddable":true,"href":"http:\/\/www.ahl-ul-bait.de\/imam-chamenei\/wp-json\/wp\/v2\/tags?post=2342"}],"curies":[{"name":"wp","href":"https:\/\/api.w.org\/{rel}","templated":true}]}}