{"id":2411,"date":"2025-03-29T13:32:04","date_gmt":"2025-03-29T12:32:04","guid":{"rendered":"http:\/\/khamenei.de\/wordpress\/?p=2411"},"modified":"2025-06-16T16:31:59","modified_gmt":"2025-06-16T14:31:59","slug":"imam-chameneis-fernsehansprache-fuer-den-al-quds-tag","status":"publish","type":"post","link":"http:\/\/www.ahl-ul-bait.de\/imam-chamenei\/2025\/03\/29\/imam-chameneis-fernsehansprache-fuer-den-al-quds-tag\/","title":{"rendered":"Imam Chameneis Fernsehansprache f\u00fcr den Al-Quds-Tag"},"content":{"rendered":"<p><span style=\"font-family: georgia, palatino; font-size: 17px;\"><i>In der Nacht auf letzten Freitag im Monat Ramadan, wurde von Imam Chamenei eine Fernsehansprache anl\u00e4sslich des Al-Quds Tages ver\u00f6ffentlicht. Es folgt die sinngem\u00e4\u00dfe \u00dcbersetzung der Ansprache aus dem <a href=\"https:\/\/farsi.khamenei.ir\/message-content?id=59867\" target=\"_blank\" rel=\"noopener\">persischen Original<\/a>. Obwohl es f\u00fcr alle hier ver\u00f6ffentlichten Texte gilt, wird explizit darauf verwiesen, dass die \u00dcbersetzung zu Dokumentationszwecken ohne jegliche Kommentierung erfolgt und die dargestellte Meinung nicht mit der Meinung der Herausgeber \u00fcbereinstimmen muss.<\/i><\/span><\/p>\n<hr \/>\n<p><span style=\"font-family: georgia, palatino; font-size: 17px;\"><b>Im Namen Allahs, des Gn\u00e4digen, des Begnadenden<\/b><\/span><\/p>\n<p><span style=\"font-family: georgia, palatino; font-size: 17px;\">Der Al-Quds-Marsch ist immer ein Zeichen f\u00fcr die Einheit und die St\u00e4rke der iranischen Nation. Er ist ebenso ein Zeichen daf\u00fcr, dass die iranische Nation in Bezug auf seine wichtigen, politischen und grundlegenden Ziele standhaft und standfest bleibt. Es ist nicht so, dass man einmal Parolen der Unterst\u00fctzung f\u00fcr Pal\u00e4stina ruft und dann nach ein, zwei Jahren die Sache aufgibt. Seit \u00fcber vierzig Jahren nimmt das iranische Volk am Al-Quds-Tag am Marsch teil: Bei kaltem Wetter, bei hei\u00dfem Wetter, beim Fasten \u2013 und das im ganzen Land \u2013 nicht nur in den St\u00e4dten, sondern auch in gro\u00dfen und kleinen St\u00e4dten sowie in D\u00f6rfern. Deshalb ist der Al-Quds-Marsch eine Quelle der Ehre f\u00fcr die iranische Nation.<\/span><\/p>\n<p><span style=\"font-family: georgia, palatino; font-size: 17px;\">Dieses Jahr hat der Marsch meiner Ansicht nach eine noch gr\u00f6\u00dfere Wichtigkeit. Die Nationen der Welt stehen auf unserer Seite. Diejenigen, die uns kennen, stehen auf der Seite der iranischen Nation. Jedoch gibt es L\u00e4nder und politische Plattformen, die gegen uns sind, die Propaganda gegen das iranische Volk betreiben. Sie propagieren angebliche Uneinigkeit, sie propagieren angebliche Schw\u00e4che. Euer Marsch am Quds-Tag wird all ihre List und haltlosen Behauptungen zunichtemachen.<\/span><\/p>\n<p><span style=\"font-family: georgia, palatino; font-size: 17px;\">Ich hoffe, so Gott will, dass Gott euch hilft und dass der diesj\u00e4hrige Al-Quds-Marsch einer der besten, glorreichen und w\u00fcrdigsten Demonstrationen der letzten Jahre sein wird.<\/span><\/p>\n<p><span style=\"font-family: georgia, palatino; font-size: 17px;\">Und der Friede, die Gnade Allahs und sein Segen seien mit Euch.<\/span><\/p>\n","protected":false},"excerpt":{"rendered":"<p>In der Nacht auf letzten Freitag im Monat Ramadan, wurde von Imam Chamenei eine Fernsehansprache anl\u00e4sslich des Al-Quds Tages ver\u00f6ffentlicht.<\/p>\n","protected":false},"author":1,"featured_media":2413,"comment_status":"closed","ping_status":"open","sticky":false,"template":"","format":"standard","meta":{"colormag_page_container_layout":"default_layout","colormag_page_sidebar_layout":"default_layout","footnotes":""},"categories":[36,61,27,50,39],"tags":[],"class_list":["post-2411","post","type-post","status-publish","format-standard","has-post-thumbnail","hentry","category-botschaft","category-islamische-ummah","category-palaestina","category-ramadan","category-reden"],"_links":{"self":[{"href":"http:\/\/www.ahl-ul-bait.de\/imam-chamenei\/wp-json\/wp\/v2\/posts\/2411","targetHints":{"allow":["GET"]}}],"collection":[{"href":"http:\/\/www.ahl-ul-bait.de\/imam-chamenei\/wp-json\/wp\/v2\/posts"}],"about":[{"href":"http:\/\/www.ahl-ul-bait.de\/imam-chamenei\/wp-json\/wp\/v2\/types\/post"}],"author":[{"embeddable":true,"href":"http:\/\/www.ahl-ul-bait.de\/imam-chamenei\/wp-json\/wp\/v2\/users\/1"}],"replies":[{"embeddable":true,"href":"http:\/\/www.ahl-ul-bait.de\/imam-chamenei\/wp-json\/wp\/v2\/comments?post=2411"}],"version-history":[{"count":1,"href":"http:\/\/www.ahl-ul-bait.de\/imam-chamenei\/wp-json\/wp\/v2\/posts\/2411\/revisions"}],"predecessor-version":[{"id":2412,"href":"http:\/\/www.ahl-ul-bait.de\/imam-chamenei\/wp-json\/wp\/v2\/posts\/2411\/revisions\/2412"}],"wp:featuredmedia":[{"embeddable":true,"href":"http:\/\/www.ahl-ul-bait.de\/imam-chamenei\/wp-json\/wp\/v2\/media\/2413"}],"wp:attachment":[{"href":"http:\/\/www.ahl-ul-bait.de\/imam-chamenei\/wp-json\/wp\/v2\/media?parent=2411"}],"wp:term":[{"taxonomy":"category","embeddable":true,"href":"http:\/\/www.ahl-ul-bait.de\/imam-chamenei\/wp-json\/wp\/v2\/categories?post=2411"},{"taxonomy":"post_tag","embeddable":true,"href":"http:\/\/www.ahl-ul-bait.de\/imam-chamenei\/wp-json\/wp\/v2\/tags?post=2411"}],"curies":[{"name":"wp","href":"https:\/\/api.w.org\/{rel}","templated":true}]}}