{"id":2415,"date":"2025-03-31T19:01:41","date_gmt":"2025-03-31T17:01:41","guid":{"rendered":"http:\/\/khamenei.de\/wordpress\/?p=2415"},"modified":"2025-06-16T16:31:37","modified_gmt":"2025-06-16T14:31:37","slug":"ansprachen-imam-chameneis-beim-fitr-festgebet","status":"publish","type":"post","link":"http:\/\/www.ahl-ul-bait.de\/imam-chamenei\/2025\/03\/31\/ansprachen-imam-chameneis-beim-fitr-festgebet\/","title":{"rendered":"Ansprachen Imam Chameneis beim Fitr-Festgebet"},"content":{"rendered":"\n<figure class=\"wp-block-gallery has-nested-images columns-default is-cropped wp-block-gallery-1 is-layout-flex wp-block-gallery-is-layout-flex\">\n<figure class=\"wp-block-image size-large\"><img loading=\"lazy\" decoding=\"async\" width=\"1024\" height=\"682\" data-id=\"2416\" src=\"http:\/\/ahl-ul-bait.de\/imam-chamenei\/wp-content\/uploads\/2025\/03\/photo_2025-03-31_08-54-01-1024x682.jpg\" alt=\"\" class=\"wp-image-2416\" srcset=\"http:\/\/www.ahl-ul-bait.de\/imam-chamenei\/wp-content\/uploads\/2025\/03\/photo_2025-03-31_08-54-01-1024x682.jpg 1024w, http:\/\/www.ahl-ul-bait.de\/imam-chamenei\/wp-content\/uploads\/2025\/03\/photo_2025-03-31_08-54-01-300x200.jpg 300w, http:\/\/www.ahl-ul-bait.de\/imam-chamenei\/wp-content\/uploads\/2025\/03\/photo_2025-03-31_08-54-01-768x512.jpg 768w, http:\/\/www.ahl-ul-bait.de\/imam-chamenei\/wp-content\/uploads\/2025\/03\/photo_2025-03-31_08-54-01.jpg 1280w\" sizes=\"auto, (max-width: 1024px) 100vw, 1024px\" \/><\/figure>\n\n\n\n<figure class=\"wp-block-image size-large\"><img loading=\"lazy\" decoding=\"async\" width=\"1024\" height=\"682\" data-id=\"2417\" src=\"http:\/\/ahl-ul-bait.de\/imam-chamenei\/wp-content\/uploads\/2025\/03\/photo_2025-03-31_08-54-00-1024x682.jpg\" alt=\"\" class=\"wp-image-2417\" srcset=\"http:\/\/www.ahl-ul-bait.de\/imam-chamenei\/wp-content\/uploads\/2025\/03\/photo_2025-03-31_08-54-00-1024x682.jpg 1024w, http:\/\/www.ahl-ul-bait.de\/imam-chamenei\/wp-content\/uploads\/2025\/03\/photo_2025-03-31_08-54-00-300x200.jpg 300w, http:\/\/www.ahl-ul-bait.de\/imam-chamenei\/wp-content\/uploads\/2025\/03\/photo_2025-03-31_08-54-00-768x512.jpg 768w, http:\/\/www.ahl-ul-bait.de\/imam-chamenei\/wp-content\/uploads\/2025\/03\/photo_2025-03-31_08-54-00.jpg 1280w\" sizes=\"auto, (max-width: 1024px) 100vw, 1024px\" \/><\/figure>\n\n\n\n<figure class=\"wp-block-image size-large\"><img loading=\"lazy\" decoding=\"async\" width=\"1024\" height=\"683\" data-id=\"2419\" src=\"http:\/\/ahl-ul-bait.de\/imam-chamenei\/wp-content\/uploads\/2025\/03\/14040110_12459896-1024x683.jpg\" alt=\"\" class=\"wp-image-2419\" srcset=\"http:\/\/www.ahl-ul-bait.de\/imam-chamenei\/wp-content\/uploads\/2025\/03\/14040110_12459896-1024x683.jpg 1024w, http:\/\/www.ahl-ul-bait.de\/imam-chamenei\/wp-content\/uploads\/2025\/03\/14040110_12459896-300x200.jpg 300w, http:\/\/www.ahl-ul-bait.de\/imam-chamenei\/wp-content\/uploads\/2025\/03\/14040110_12459896-768x512.jpg 768w, http:\/\/www.ahl-ul-bait.de\/imam-chamenei\/wp-content\/uploads\/2025\/03\/14040110_12459896-1536x1024.jpg 1536w, http:\/\/www.ahl-ul-bait.de\/imam-chamenei\/wp-content\/uploads\/2025\/03\/14040110_12459896-2048x1365.jpg 2048w\" sizes=\"auto, (max-width: 1024px) 100vw, 1024px\" \/><\/figure>\n\n\n\n<figure class=\"wp-block-image size-large\"><img loading=\"lazy\" decoding=\"async\" width=\"1024\" height=\"683\" data-id=\"2421\" src=\"http:\/\/ahl-ul-bait.de\/imam-chamenei\/wp-content\/uploads\/2025\/03\/14040110_1259896-1024x683.jpg\" alt=\"\" class=\"wp-image-2421\" srcset=\"http:\/\/www.ahl-ul-bait.de\/imam-chamenei\/wp-content\/uploads\/2025\/03\/14040110_1259896-1024x683.jpg 1024w, http:\/\/www.ahl-ul-bait.de\/imam-chamenei\/wp-content\/uploads\/2025\/03\/14040110_1259896-300x200.jpg 300w, http:\/\/www.ahl-ul-bait.de\/imam-chamenei\/wp-content\/uploads\/2025\/03\/14040110_1259896-768x512.jpg 768w, http:\/\/www.ahl-ul-bait.de\/imam-chamenei\/wp-content\/uploads\/2025\/03\/14040110_1259896-1536x1024.jpg 1536w, http:\/\/www.ahl-ul-bait.de\/imam-chamenei\/wp-content\/uploads\/2025\/03\/14040110_1259896-2048x1366.jpg 2048w\" sizes=\"auto, (max-width: 1024px) 100vw, 1024px\" \/><\/figure>\n\n\n\n<figure class=\"wp-block-image size-large\"><img loading=\"lazy\" decoding=\"async\" width=\"1024\" height=\"683\" data-id=\"2418\" src=\"http:\/\/ahl-ul-bait.de\/imam-chamenei\/wp-content\/uploads\/2025\/03\/14040110_5259896-1024x683.jpg\" alt=\"\" class=\"wp-image-2418\" srcset=\"http:\/\/www.ahl-ul-bait.de\/imam-chamenei\/wp-content\/uploads\/2025\/03\/14040110_5259896-1024x683.jpg 1024w, http:\/\/www.ahl-ul-bait.de\/imam-chamenei\/wp-content\/uploads\/2025\/03\/14040110_5259896-300x200.jpg 300w, http:\/\/www.ahl-ul-bait.de\/imam-chamenei\/wp-content\/uploads\/2025\/03\/14040110_5259896-768x512.jpg 768w, http:\/\/www.ahl-ul-bait.de\/imam-chamenei\/wp-content\/uploads\/2025\/03\/14040110_5259896-1536x1024.jpg 1536w, http:\/\/www.ahl-ul-bait.de\/imam-chamenei\/wp-content\/uploads\/2025\/03\/14040110_5259896-2048x1365.jpg 2048w\" sizes=\"auto, (max-width: 1024px) 100vw, 1024px\" \/><\/figure>\n\n\n\n<figure class=\"wp-block-image size-large\"><img loading=\"lazy\" decoding=\"async\" width=\"1024\" height=\"683\" data-id=\"2420\" src=\"http:\/\/ahl-ul-bait.de\/imam-chamenei\/wp-content\/uploads\/2025\/03\/14040110_2559896-1024x683.jpg\" alt=\"\" class=\"wp-image-2420\" srcset=\"http:\/\/www.ahl-ul-bait.de\/imam-chamenei\/wp-content\/uploads\/2025\/03\/14040110_2559896-1024x683.jpg 1024w, http:\/\/www.ahl-ul-bait.de\/imam-chamenei\/wp-content\/uploads\/2025\/03\/14040110_2559896-300x200.jpg 300w, http:\/\/www.ahl-ul-bait.de\/imam-chamenei\/wp-content\/uploads\/2025\/03\/14040110_2559896-768x512.jpg 768w, http:\/\/www.ahl-ul-bait.de\/imam-chamenei\/wp-content\/uploads\/2025\/03\/14040110_2559896-1536x1024.jpg 1536w, http:\/\/www.ahl-ul-bait.de\/imam-chamenei\/wp-content\/uploads\/2025\/03\/14040110_2559896-2048x1366.jpg 2048w\" sizes=\"auto, (max-width: 1024px) 100vw, 1024px\" \/><\/figure>\n<\/figure>\n\n\n<p>\u00a0<\/p>\n<p><span style=\"font-family: georgia, palatino; font-size: 17px;\"><i>Am Morgen des 31. M\u00e4rz 2025 leitete Imam Chamenei das Fitr-Fest-Gebet in Teheran. Dieses Gebet besteht aus zwei Gebetsabschnitten und zwei Ansprachen [chutba]. Es folgt die sinngem\u00e4\u00dfe \u00dcbersetzung der Ansprachen aus dem <a href=\"https:\/\/farsi.khamenei.ir\/speech-content?id=59903\" target=\"_blank\" rel=\"noopener\">persischen Original<\/a>. Obwohl es f\u00fcr alle hier ver\u00f6ffentlichten Texte gilt, wird darauf verwiesen, dass die \u00dcbersetzung zu Dokumentationszwecken ohne jegliche Kommentierung erfolgt und die dargestellte Meinung nicht mit der Meinung der Herausgeber \u00fcbereinstimmen muss.<\/i><\/span><\/p>\n<hr \/>\n<p><span style=\"font-family: georgia, palatino; font-size: 17px;\"><b>1. Predigt<\/b><\/span><\/p>\n<p><span style=\"font-family: georgia, palatino; font-size: 17px;\">Im Namen Allahs, des Gn\u00e4digen, des Begnadenden<\/span><\/p>\n<p><span style=\"font-family: georgia, palatino; font-size: 17px;\">Alle Dankpreisung ist Allahs, des Herr der Welten. Alle Dankpreisung ist Allahs, der die Himmel und die Erde erschaffen und die Finsternis und das Licht errichtet hat, dann aber stellen diejenigen, die abgestritten haben, ihrem Herrn andere bei. Ich dankpreise Ihn, ich bitte Ihn um Hilfe, ich suche bei Ihm Unterst\u00fctzung, ich erbitte von Ihm Erfolg, ich bitte Ihn um Vergebung und kehre zu ihm reum\u00fctig zur\u00fcck. Und der Frieden und Segen seien mit Seinem Geliebten und Erw\u00e4hlten, dem Meister Seiner Sch\u00f6pfung, mit unserem Meister und unserem Propheten Abul Qasim al-Mustafa Muhammad und seiner reinen, fehlerlosen und auserw\u00e4hlten Familie und insbesondere mit dem Verbliebenen Allahs auf Erden (Baqiyyatullah, Imam Mahdi).<\/span><\/p>\n<p><span style=\"font-family: georgia, palatino; font-size: 17px;\">Ich gratuliere herzlich zum gesegneten Fitr-Fest [Fest zum Ende des Monats Ramadan] allen ehrenwerten Anwesenden bei diesem Gebet, der gesamten iranischen Nation und der gesamten islamischen Ummah. Ebenso gratuliere ich zum Nowruz [iranisches Neujahr], zum neuen Jahr, sowie zum (morgigen) 12. Farvardin, dem Tag der Islamischen Republik Iran, der ein gro\u00dfes Fest f\u00fcr das iranische Volk ist.<\/span><\/p>\n<p><span style=\"font-family: georgia, palatino; font-size: 17px;\">Auch in diesem Jahr ist der Monat Ramadan vergangen, und unser geehrtes Volk hat \u2013 alle Dankpreisung geb\u00fchrt Allah \u2013 diese wertvolle g\u00f6ttliche Erfahrung auf gute Weise durchlebt. Der Monat Ramadan ist ein Ph\u00e4nomen der (g\u00f6ttlichen) Einheit [Tauhid]. Das hei\u00dft, er bringt die Herzen und die Menschen Gott dem Erhabenen n\u00e4her. Der Monat Ramadan ist eine Arena der Gottesann\u00e4herung, ein Ort, der Erneuerung des spirituellen Lebens. Gott, der Erhabene, hat mit dem Gebot des Fastens im Monat Ramadan mir und Ihnen eine Gelegenheit gegeben, dass wir einmal im Jahr f\u00fcr einen ganzen Monat die M\u00f6glichkeit haben, unsere Herzen zu reinigen, uns selbst zu l\u00e4utern, und \u2013 wenn wir es schaffen \u2013 uns von Befleckungen zu befreien und Einheitsann\u00e4herer [Tauhidi] zu werden. Das Fasten im Monat Ramadan, die Vertrautheit mit dem Quran im Monat Ramadan, die Nacht der Bestimmung [Qadr] des Monats Ramadan, die F\u00fcrsprache-Ersuchungen, dem\u00fctige Bitten und Bittgebete im Monat Ramadan \u2013 all das formt den Menschen. Der Monat Ramadan ist wahrlich und ohne Zweifel eine der gr\u00f6\u00dften g\u00f6ttlichen Gaben.\u00a0<\/span><\/p>\n<p><span style=\"font-family: georgia, palatino; font-size: 17px;\">Jeder, der in welchem Ma\u00df auch immer die Verhaltensweisen und Taten des Monats Ramadan beachtet und praktiziert, wird in demselben Ma\u00df in seinem Herzen, seiner Seele und seinem Inneren geformt werden. Er wird Einheitsann\u00e4herer [Tauhidi]. Gott sagt:\u00a0<\/span><\/p>\n<p style=\"text-align: right;\"><span style=\"font-family: georgia, palatino; font-size: 17px;\">\u00a0\u0644\u064e\u0639\u064e\u0644\u0651\u064e\u0643\u064f\u0645\u0652 \u062a\u064e\u062a\u0651\u064e\u0642\u064f\u0648\u0646\u064e<\/span><\/p>\n<p><span style=\"font-family: georgia, palatino; font-size: 17px;\"><i>\u201eauf dass ihr ehrf\u00fcrchtig seid.\u201c<\/i> [Heiliger Quran, 2:183]<\/span><\/p>\n<p><span style=\"font-family: georgia, palatino; font-size: 17px;\">Dieser Monat Ramadan ist f\u00fcr Ehrfurcht; f\u00fcr die Ehrf\u00fcrchtigkeit des Herzens und der Seele des Menschen.<\/span><\/p>\n<p><span style=\"font-family: georgia, palatino; font-size: 17px;\">Gott sei Dank hatten wir dieses Jahr einen an Spiritualit\u00e4t reichen und \u00fcberflie\u00dfenden Monat Ramadan.\u00a0<\/span><\/p>\n<p><span style=\"font-family: georgia, palatino; font-size: 17px;\">In diesem Monat Ramadan war die Verbreitung des Qurans deutlich sp\u00fcrbar. Das Rezitieren des Qurans, das Lesen der Abschnitte [Dschuz], das Nachdenken \u00fcber die Verse des Qurans; die Verbreitung von Spenden und Iftar-Tischen in Moscheen, in Schreinen, auf Stra\u00dfen, in \u00f6ffentlichen Einrichtungen, die Teilnahme an Bittgebetsversammlungen, die lebhafte Teilnahme, die dichte Anwesenheit \u2013 besonders von Jugendlichen \u2013 in Versammlungen des Bittgebets, der Anrufung, des dem\u00fctigen Flehens, der F\u00fcrsprachersuchungen \u2013 das war dieses Jahr \u2013 alle Dankpreisung geb\u00fchrt Allah \u2013 in diesem Monat Ramadan deutlich zu sp\u00fcren. Alle Schichten mit all ihren Facetten nahmen an diesen Zeremonien teil, sie zogen Nutzen, sie beteten, sprachen mit Gott dem Allm\u00e4chtigen, baten Gott, vertrauten auf Gott den Allm\u00e4chtigen und zogen gro\u00dfen Nutzen daraus:<\/span><\/p>\n<p style=\"text-align: right;\"><span style=\"font-family: georgia, palatino; font-size: 17px;\">\u0647\u0646\u06cc\u0626\u0627\u064b \u0644\u0627\u0631\u0628\u0627\u0628 \u0627\u0644\u0646\u0651\u0639\u06cc\u0645 \u0646\u0639\u06cc\u0645\u0647\u0645<\/span><\/p>\n<p><span style=\"font-family: georgia, palatino; font-size: 17px;\"><i>\u201eDiese Gl\u00fcckseligkeit m\u00f6ge den Besitzern der Gl\u00fcckseligkeit wohlbek\u00f6mmlich sein.\u201c <\/i>(aus einem ber\u00fchmten arabischen Gedicht von Al-Sayyid al-Humairi)<\/span><\/p>\n<p><span style=\"font-family: georgia, palatino; font-size: 17px;\">Jene, die Nutzen zogen, m\u00f6gen, so Gott will, diesen Segen des Monats Ramadan das ganze Jahr \u00fcber bewahren, ihr Herz rein halten und diese Spiritualit\u00e4t bis zum n\u00e4chsten Monat Ramadan bewahren. So Gott will, wird der n\u00e4chste Monat Ramadan dann eine Stufe h\u00f6her und weiter fortgeschritten sein.<\/span><\/p>\n<p><span style=\"font-family: georgia, palatino; font-size: 17px;\">Auch das Ende des Monats Ramadans vollzog sich in dieser energiereichen und bedeutungsvollen Demonstration. Das Volk \u2013 die Nation Irans \u2013 hat am letzten Freitag des Monats Ramadans eine gewaltige Bewegung vollbracht, und viele Botschaften dieser gewaltigen Versammlung des Volkes wurden an die Welt ausgestrahlt. Jene, die es verstehen m\u00fcssen, jene, die die iranische Nation kennenlernen sollten, haben viele Botschaften aus dieser gewaltigen Versammlung von euch, lieben Menschen in Teheran und in den verschiedenen St\u00e4dten \u2013 gro\u00dfen und kleinen \u2013 empfangen. Das Volk konnte diese Botschaft \u00fcberbringen und es wurde eine sehr wichtige Tat vollbracht. Herzensentwicklung verbunden mit politischem Bem\u00fchen und gl\u00e4ubigem Eifer, war die Errungenschaft dieses Ramadan Monats. Lasst uns dies bewahren. Heute ist der Tag des Festes: Bittet Gott den Allm\u00e4chtigen an diesem gesegneten Tag, dass Er euch helfen m\u00f6ge, damit ihr, so Gott will, diese wertvollen Errungenschaften f\u00fcr euch selbst, f\u00fcr euer Land und f\u00fcr eure Zukunft bewahren k\u00f6nnt.<\/span><\/p>\n<p><span style=\"font-family: georgia, palatino; font-size: 17px;\"><i>\u201eIm Namen Allahs, des Gn\u00e4digen, des Begnadenden. Sag: Er ist Allah, Einer, Allah, der Absolute, nicht zeugte er und nicht w\u00e4re er gezeugt. Und nicht w\u00e4re ihm ebenb\u00fcrtig Einer.\u201c <\/i>[Heiliger Quran, 112. Sura]<\/span><\/p>\n<p>\u00a0<\/p>\n<p><span style=\"font-family: georgia, palatino; font-size: 17px;\"><b>2.Predigt<\/b><\/span><\/p>\n<p><span style=\"font-family: georgia, palatino; font-size: 17px;\">Im Namen Allahs, des Gn\u00e4digen, des Begnadenden<\/span><\/p>\n<p><span style=\"font-family: georgia, palatino; font-size: 17px;\">Aller Dank ist Allahs, des Herrn der Welten, und der Frieden und Segen seien mit unserem Meister und Propheten Abul Qasim al-Mustafa Muhammad und seiner reinen, fehlerlosen und auserw\u00e4hlten Familie und insbesondere mit dem Befehlshaber der Gl\u00e4ubigen und der Wahrhaftigen Reinen und Hassan und Hussain, Herren der Jugend des Paradieses, und Ali Sohn von Hussain, Zierde der Gottesdiener, und Muhammad Sohn von Ali, der Aufspalter des Wissens der Ersten und der Letzten, und Dschafar Sohn von Muhammad, der Wahrhaftige, und Musa Sohn von Dschafar, der [den Zorn] Unterdr\u00fcckende, und Ali Sohn von Musa, der Zufriedene, und Muhammad Sohn von Ali, der Gro\u00dfz\u00fcgige, und Ali Sohn von Muhammad, der Rechtleitende, und Hassan Sohn von Ali, der Reine der Soldat, und der Beweis, der Erhebende, der Rechtgeleitete (Imam Mahdi) [das Publikum steht auf, um ihn zu ehren] \u2013 Gottes Segen sei auf ihnen allen. Und der Friede sei auf den Imamen der Gl\u00e4ubigen und den Rechtleitern der Unterdr\u00fcckten.<\/span><\/p>\n<p><span style=\"font-family: georgia, palatino; font-size: 17px;\">In dieser zweiten Predigt werde ich eine andere Seite dieses vergangenen Ramadan-Monats darlegen. Die S\u00fc\u00dfigkeiten des Monats Ramadan haben die iranische Nation und andere Nationen geschmeckt, jedoch hat eine Bitterkeit dieses Monats Ramadan den Mund aller Fastenden in der islamischen Welt verbittert, und das waren die blutigen Ereignisse in Gaza, Libanon und Pal\u00e4stina. Wieder einmal V\u00f6lkermord, wieder einmal Kindermord, wieder einmal die Unterst\u00fctzung Amerikas f\u00fcr die Schandtaten des besetzenden, verdorbenen zionistischen Regimes [Unterbrechung durch das Publikum, es ruft die Parole: \u201eNieder mit Amerika\u201c]. Wieder einmal die Hilfe f\u00fcr die Schandtaten dieser M\u00f6rder-Gruppe und dieser Terroristen, die heute Pal\u00e4stina besetzt haben und \u00fcber Pal\u00e4stina und das pal\u00e4stinensische Volk herrschen. Sie haben ihnen geholfen und sie haben sie unterst\u00fctzt.<\/span><\/p>\n<p><span style=\"font-family: georgia, palatino; font-size: 17px;\">In den politischen \u00c4u\u00dferungen, die die Westler machen, h\u00f6rt man h\u00e4ufig, dass sie von Stellvertreterkr\u00e4ften [Proxys] sprechen. Sie beschuldigen die mutigen Nationen der Region, die tapferen Jugendlichen der Region, Stellvertreter zu sein. Ich m\u00f6chte sagen, dass es in dieser Region nur eine Stellvertreterkraft gibt und das ist das besetzende, verdorbene zionistische Regime [Publikum ruft die Parole: \u201eNieder mit Israel\u201c]. Das zionistische Regime legt im Auftrag der Kolonialisten Br\u00e4nde, begeht V\u00f6lkermord, begeht Verbrechen. Wenn es in ihre M\u00f6glichkeiten f\u00e4llt, greift es andere L\u00e4nder an, so wie es heute Syrien angreift. Es dringt in syrisches Territorium ein und ist sogar bis auf wenige Kilometer an Damaskus herangekommen. Dies tut es im Auftrag der Kolonialisten, dieselben, die nach dem Weltkrieg ihre Hand auf diese Region legten und diese Region in diesen Zustand brachten. Nun f\u00fchrt das zionistische Regime in ihrem Auftrag ihre Arbeit fort und vollendet sie.<\/span><\/p>\n<p><span style=\"font-family: georgia, palatino; font-size: 17px;\">In den \u00c4u\u00dferungen der Kolonialisten \u2013 genau jenen, die mit ihrem Geld und ihren Medien \u00fcber die Welt und die L\u00e4nder herrschen \u2013 wird Terrorismus als Verbrechen betrachtet und Terrorismus als Verbrechen bezeichnet. Doch der Terror dieses b\u00f6sartigen, verbrecherischen Regimes gilt als erlaubt und legitim! Wenn andere ihr Recht verteidigen, ihr Land verteidigen, nennt man sie Terroristen. Doch das b\u00f6sartige zionistische Regime begeht ganz offen V\u00f6lkermord, Kindermord, ermordet eine gro\u00dfe Anzahl Menschen, f\u00fchrt gezielte Attentate durch und sagt sogar \u2013 \u201eIch habe ein Attentat gemacht!\u201c \u2013 doch die Augen der westlichen Kolonialisten sind davor verschlossen, sie l\u00e4cheln es sogar an, helfen ihm und unterst\u00fctzen es.<\/span><\/p>\n<p><span style=\"font-family: georgia, palatino; font-size: 17px;\">Seit vielen Jahren, zus\u00e4tzlich zu den Massakern in den St\u00e4dten und D\u00f6rfern Pal\u00e4stinas, mit denen das zionistische Regime von Anfang an begonnen hat und die bis heute andauern, ist eines ihrer \u00fcblichen Werke das Attentat auf Pers\u00f6nlichkeiten, das Attentat auf Menschen. Abu Dschihad ermorden sie in Tunesien, Fathi Schaqaqi ermorden sie in Zypern, Ahmed Yassin ermorden sie in Gaza, Imad Mughniyeh ermorden sie in Syrien, eine gro\u00dfe Anzahl irakischer Wissenschaftler ermorden sie in Bagdad \u2013 nachdem Amerika vor zwanzig Jahren in den Irak einmarschiert ist \u2013 die Nuklearwissenschaftler-M\u00e4rtyrer ermorden sie in Teheran. Ihr Werk, ihre Bewegung, ist eine klare terroristische Bewegung und Amerika unterst\u00fctzt sie, eine Anzahl westlicher Regierungen unterst\u00fctzen sie. Der Rest schaut nur zu und sieht tatenlos zu. In dieser j\u00fcngsten Zeitspanne, in weniger als zwei Jahren, hat das zionistische Regime etwa zwanzigtausend Kinder zu M\u00e4rtyrern gemacht und ihre V\u00e4ter und M\u00fctter in Trauer gest\u00fcrzt, doch jene, die Menschenrechte proklamieren, schauen blo\u00df zu und unternehmen keinerlei Ma\u00dfnahmen gegen sie. Die V\u00f6lker der Welt sind w\u00fctend, sie sind emp\u00f6rt, soweit sie informiert sind. Die V\u00f6lker der Welt haben keine Kenntnis von vielen der Geschehnisse und Verbrechen. Dass ihr in den Stra\u00dfen Europas und sogar Amerikas gegen das zionistische Regime (nur) Proteste seht, liegt an ihren begrenzten Information. Wenn sie umfassender informiert w\u00e4ren, w\u00fcrden sie noch weitaus mehr tun.<\/span><\/p>\n<p><span style=\"font-family: georgia, palatino; font-size: 17px;\">Die Schlussfolgerung dieser Worte, die ich vorbringe, ist, dass diese Gruppe von \u00dcbelt\u00e4tern aus Pal\u00e4stina entwurzelt werden muss [Publikum ruft Parole beginnend mit \u201eAllahu Akbar\u201c]. Mit Gottes Kraft und Macht wird sie auch entwurzelt werden. Hier ist das Bem\u00fchen f\u00fcr diese Sache und auf diesem Weg eine Aufgabe. Sowohl eine religi\u00f6se Aufgabe als auch eine moralische und menschliche Aufgabe. Alle haben die Aufgabe, auf diesem Weg zu arbeiten, sich zu bem\u00fchen, um dieses b\u00f6sartige Wesen, dieses verbrecherische Wesen aus dieser Region zu entfernen.<\/span><\/p>\n<p><span style=\"font-family: georgia, palatino; font-size: 17px;\">Alle sollen wissen! Unsere Positionen sind dieselben, die sie waren. Die Feindschaft Amerikas und des zionistischen Regimes ist ebenfalls dieselbe, die sie war. Sie drohen, dass sie \u00dcbeltaten begehen werden. Nat\u00fcrlich geben wir nicht viel Vertrauen darauf und geben dem auch keine gro\u00dfe Wahrscheinlichkeit, dass von au\u00dfen \u00dcbeltaten begangen werden, aber wenn \u00dcbeltaten begangen werden, werden sie ganz gewiss einen starken Gegenschlag erhalten [Publikum ruft Parole beginnend mit \u201eAllahu Akbar\u201c]. Und wenn sie daran denken, im Inneren des Landes Zwietracht [Fitna] zu entfachen, wie sie es in einigen vergangenen Jahren entfacht haben, wird ihnen das iranische Volk selbst antworten, so wie es auch in der Vergangenheit geantwortet hat [Publikum ruft Parole: \u201eO Oberhaupt der Freien, wir sind bereit, wir sind bereit\u201c]. M\u00f6ge Gott euch Erfolg und Beistand gew\u00e4hren.<\/span><\/p>\n<p><em><span style=\"font-size: 17px; font-family: georgia, palatino;\">\u201eIm Namen Allahs, des Gn\u00e4digen, des Begnadenden. Bei dem Zeitalter. Wahrlich der Mensch ist gewiss im Verlust, au\u00dfer denjenigen, die \u00fcberzeugt gewesen sind und die Rechtschaffenen (Taten) gehandelt haben und die Wahrheit verf\u00fcgt haben und die Standhaftigkeit verf\u00fcgt haben.\u201c\u00a0<\/span><\/em><span style=\"font-size: 17px; font-family: georgia, palatino;\">[Heiliger Quran, 103. Sure]<\/span><\/p>\n<p><span style=\"font-family: georgia, palatino; font-size: 17px;\">Und der Friede, die Gnade Allahs und sein Segen seien mit Euch.<\/span><\/p>","protected":false},"excerpt":{"rendered":"<p>\u00a0 Am Morgen des 31. M\u00e4rz 2025 leitete Imam Chamenei das Fitr-Fest-Gebet in Teheran. Dieses Gebet besteht aus zwei Gebetsabschnitten<\/p>\n","protected":false},"author":1,"featured_media":2424,"comment_status":"closed","ping_status":"open","sticky":false,"template":"","format":"standard","meta":{"colormag_page_container_layout":"default_layout","colormag_page_sidebar_layout":"default_layout","footnotes":""},"categories":[27,50,39],"tags":[],"class_list":["post-2415","post","type-post","status-publish","format-standard","has-post-thumbnail","hentry","category-palaestina","category-ramadan","category-reden"],"_links":{"self":[{"href":"http:\/\/www.ahl-ul-bait.de\/imam-chamenei\/wp-json\/wp\/v2\/posts\/2415","targetHints":{"allow":["GET"]}}],"collection":[{"href":"http:\/\/www.ahl-ul-bait.de\/imam-chamenei\/wp-json\/wp\/v2\/posts"}],"about":[{"href":"http:\/\/www.ahl-ul-bait.de\/imam-chamenei\/wp-json\/wp\/v2\/types\/post"}],"author":[{"embeddable":true,"href":"http:\/\/www.ahl-ul-bait.de\/imam-chamenei\/wp-json\/wp\/v2\/users\/1"}],"replies":[{"embeddable":true,"href":"http:\/\/www.ahl-ul-bait.de\/imam-chamenei\/wp-json\/wp\/v2\/comments?post=2415"}],"version-history":[{"count":2,"href":"http:\/\/www.ahl-ul-bait.de\/imam-chamenei\/wp-json\/wp\/v2\/posts\/2415\/revisions"}],"predecessor-version":[{"id":2423,"href":"http:\/\/www.ahl-ul-bait.de\/imam-chamenei\/wp-json\/wp\/v2\/posts\/2415\/revisions\/2423"}],"wp:featuredmedia":[{"embeddable":true,"href":"http:\/\/www.ahl-ul-bait.de\/imam-chamenei\/wp-json\/wp\/v2\/media\/2424"}],"wp:attachment":[{"href":"http:\/\/www.ahl-ul-bait.de\/imam-chamenei\/wp-json\/wp\/v2\/media?parent=2415"}],"wp:term":[{"taxonomy":"category","embeddable":true,"href":"http:\/\/www.ahl-ul-bait.de\/imam-chamenei\/wp-json\/wp\/v2\/categories?post=2415"},{"taxonomy":"post_tag","embeddable":true,"href":"http:\/\/www.ahl-ul-bait.de\/imam-chamenei\/wp-json\/wp\/v2\/tags?post=2415"}],"curies":[{"name":"wp","href":"https:\/\/api.w.org\/{rel}","templated":true}]}}