{"id":2425,"date":"2025-03-31T08:34:07","date_gmt":"2025-03-31T06:34:07","guid":{"rendered":"http:\/\/khamenei.de\/wordpress\/?p=2425"},"modified":"2025-06-16T16:32:04","modified_gmt":"2025-06-16T14:32:04","slug":"imam-chamenei-spricht-zu-vertretern-islamischer-laender-am-fitr-festtag","status":"publish","type":"post","link":"http:\/\/www.ahl-ul-bait.de\/imam-chamenei\/2025\/03\/31\/imam-chamenei-spricht-zu-vertretern-islamischer-laender-am-fitr-festtag\/","title":{"rendered":"Imam Chamenei spricht zu Vertretern islamischer L\u00e4nder am Fitr-Festtag"},"content":{"rendered":"\n<figure class=\"wp-block-gallery has-nested-images columns-default is-cropped wp-block-gallery-1 is-layout-flex wp-block-gallery-is-layout-flex\">\n<figure class=\"wp-block-image size-large\"><img loading=\"lazy\" decoding=\"async\" width=\"683\" height=\"1024\" data-id=\"2426\" src=\"http:\/\/ahl-ul-bait.de\/imam-chamenei\/wp-content\/uploads\/2025\/04\/2-683x1024.jpg\" alt=\"\" class=\"wp-image-2426\" srcset=\"http:\/\/www.ahl-ul-bait.de\/imam-chamenei\/wp-content\/uploads\/2025\/04\/2-683x1024.jpg 683w, http:\/\/www.ahl-ul-bait.de\/imam-chamenei\/wp-content\/uploads\/2025\/04\/2-200x300.jpg 200w, http:\/\/www.ahl-ul-bait.de\/imam-chamenei\/wp-content\/uploads\/2025\/04\/2-768x1152.jpg 768w, http:\/\/www.ahl-ul-bait.de\/imam-chamenei\/wp-content\/uploads\/2025\/04\/2-1024x1536.jpg 1024w, http:\/\/www.ahl-ul-bait.de\/imam-chamenei\/wp-content\/uploads\/2025\/04\/2-1366x2048.jpg 1366w, http:\/\/www.ahl-ul-bait.de\/imam-chamenei\/wp-content\/uploads\/2025\/04\/2.jpg 1667w\" sizes=\"auto, (max-width: 683px) 100vw, 683px\" \/><\/figure>\n\n\n\n<figure class=\"wp-block-image size-large\"><img loading=\"lazy\" decoding=\"async\" width=\"2500\" height=\"1667\" data-id=\"2429\" src=\"http:\/\/ahl-ul-bait.de\/imam-chamenei\/wp-content\/uploads\/2025\/04\/3-1024x683.jpg\" alt=\"\" class=\"wp-image-2429\" srcset=\"http:\/\/www.ahl-ul-bait.de\/imam-chamenei\/wp-content\/uploads\/2025\/04\/3-1024x683.jpg 1024w, http:\/\/www.ahl-ul-bait.de\/imam-chamenei\/wp-content\/uploads\/2025\/04\/3-300x200.jpg 300w, http:\/\/www.ahl-ul-bait.de\/imam-chamenei\/wp-content\/uploads\/2025\/04\/3-768x512.jpg 768w, http:\/\/www.ahl-ul-bait.de\/imam-chamenei\/wp-content\/uploads\/2025\/04\/3-1536x1024.jpg 1536w, http:\/\/www.ahl-ul-bait.de\/imam-chamenei\/wp-content\/uploads\/2025\/04\/3-2048x1366.jpg 2048w\" sizes=\"auto, (max-width: 2500px) 100vw, 2500px\" \/><\/figure>\n\n\n\n<figure class=\"wp-block-image size-large\"><img loading=\"lazy\" decoding=\"async\" width=\"1666\" height=\"2500\" data-id=\"2427\" src=\"http:\/\/ahl-ul-bait.de\/imam-chamenei\/wp-content\/uploads\/2025\/04\/4-682x1024.jpg\" alt=\"\" class=\"wp-image-2427\" srcset=\"http:\/\/www.ahl-ul-bait.de\/imam-chamenei\/wp-content\/uploads\/2025\/04\/4-682x1024.jpg 682w, http:\/\/www.ahl-ul-bait.de\/imam-chamenei\/wp-content\/uploads\/2025\/04\/4-200x300.jpg 200w, http:\/\/www.ahl-ul-bait.de\/imam-chamenei\/wp-content\/uploads\/2025\/04\/4-768x1152.jpg 768w, http:\/\/www.ahl-ul-bait.de\/imam-chamenei\/wp-content\/uploads\/2025\/04\/4-1024x1536.jpg 1024w, http:\/\/www.ahl-ul-bait.de\/imam-chamenei\/wp-content\/uploads\/2025\/04\/4-1365x2048.jpg 1365w, http:\/\/www.ahl-ul-bait.de\/imam-chamenei\/wp-content\/uploads\/2025\/04\/4.jpg 1666w\" sizes=\"auto, (max-width: 1666px) 100vw, 1666px\" \/><\/figure>\n\n\n\n<figure class=\"wp-block-image size-large\"><img loading=\"lazy\" decoding=\"async\" width=\"1024\" height=\"683\" data-id=\"2430\" src=\"http:\/\/ahl-ul-bait.de\/imam-chamenei\/wp-content\/uploads\/2025\/04\/5-1024x683.jpg\" alt=\"\" class=\"wp-image-2430\" srcset=\"http:\/\/www.ahl-ul-bait.de\/imam-chamenei\/wp-content\/uploads\/2025\/04\/5-1024x683.jpg 1024w, http:\/\/www.ahl-ul-bait.de\/imam-chamenei\/wp-content\/uploads\/2025\/04\/5-300x200.jpg 300w, http:\/\/www.ahl-ul-bait.de\/imam-chamenei\/wp-content\/uploads\/2025\/04\/5-768x512.jpg 768w, http:\/\/www.ahl-ul-bait.de\/imam-chamenei\/wp-content\/uploads\/2025\/04\/5-1536x1024.jpg 1536w, http:\/\/www.ahl-ul-bait.de\/imam-chamenei\/wp-content\/uploads\/2025\/04\/5-2048x1366.jpg 2048w\" sizes=\"auto, (max-width: 1024px) 100vw, 1024px\" \/><\/figure>\n\n\n\n<figure class=\"wp-block-image size-large\"><img loading=\"lazy\" decoding=\"async\" width=\"1024\" height=\"683\" data-id=\"2431\" src=\"http:\/\/ahl-ul-bait.de\/imam-chamenei\/wp-content\/uploads\/2025\/04\/6-1024x683.jpg\" alt=\"\" class=\"wp-image-2431\" srcset=\"http:\/\/www.ahl-ul-bait.de\/imam-chamenei\/wp-content\/uploads\/2025\/04\/6-1024x683.jpg 1024w, http:\/\/www.ahl-ul-bait.de\/imam-chamenei\/wp-content\/uploads\/2025\/04\/6-300x200.jpg 300w, http:\/\/www.ahl-ul-bait.de\/imam-chamenei\/wp-content\/uploads\/2025\/04\/6-768x512.jpg 768w, http:\/\/www.ahl-ul-bait.de\/imam-chamenei\/wp-content\/uploads\/2025\/04\/6-1536x1024.jpg 1536w, http:\/\/www.ahl-ul-bait.de\/imam-chamenei\/wp-content\/uploads\/2025\/04\/6-2048x1366.jpg 2048w\" sizes=\"auto, (max-width: 1024px) 100vw, 1024px\" \/><\/figure>\n\n\n\n<figure class=\"wp-block-image size-large\"><img loading=\"lazy\" decoding=\"async\" width=\"1024\" height=\"683\" data-id=\"2428\" src=\"http:\/\/ahl-ul-bait.de\/imam-chamenei\/wp-content\/uploads\/2025\/04\/7-1024x683.jpg\" alt=\"\" class=\"wp-image-2428\" srcset=\"http:\/\/www.ahl-ul-bait.de\/imam-chamenei\/wp-content\/uploads\/2025\/04\/7-1024x683.jpg 1024w, http:\/\/www.ahl-ul-bait.de\/imam-chamenei\/wp-content\/uploads\/2025\/04\/7-300x200.jpg 300w, http:\/\/www.ahl-ul-bait.de\/imam-chamenei\/wp-content\/uploads\/2025\/04\/7-768x512.jpg 768w, http:\/\/www.ahl-ul-bait.de\/imam-chamenei\/wp-content\/uploads\/2025\/04\/7-1536x1024.jpg 1536w, http:\/\/www.ahl-ul-bait.de\/imam-chamenei\/wp-content\/uploads\/2025\/04\/7-2048x1366.jpg 2048w\" sizes=\"auto, (max-width: 1024px) 100vw, 1024px\" \/><\/figure>\n<\/figure>\n\n\n<p>\u00a0<\/p>\n<p><span style=\"font-family: georgia, palatino; font-size: 17px;\"><i>Am Tag des Fastenbrechen-Festes, dem 31. M\u00e4rz 2025 fand nach dem Festgebet eine Sitzung mit Verantwortlichen des Landes und Botschaftern und Vertretern islamischer L\u00e4nder in Anwesenheit Imam Chameneis statt. Bei diesem Treffen hielt er eine Rede. Es folgt die sinngem\u00e4\u00dfe \u00dcbersetzung der Rede aus dem <a href=\"https:\/\/farsi.khamenei.ir\/speech-content?id=59908\" target=\"_blank\" rel=\"noopener\">persischen Original<\/a>. Obwohl es f\u00fcr alle hier ver\u00f6ffentlichten Texte gilt, wird darauf verwiesen, dass die \u00dcbersetzung zu Dokumentationszwecken ohne jegliche Kommentierung erfolgt und die dargestellte Meinung nicht mit der Meinung der Herausgeber \u00fcbereinstimmen muss.<\/i><\/span><\/p>\n<hr \/>\n<p><span style=\"font-family: georgia, palatino; font-size: 17px;\"><b>Im Namen Allahs, des Gn\u00e4digen, des Begnadenden<\/b><\/span><\/p>\n<p><span style=\"font-family: georgia, palatino; font-size: 17px;\">Aller Dank ist Allahs, des Herrn der Welten, und der Frieden und Segen seien mit unserem Meister und Propheten Abul Qasim al-Mustafa Muhammad und seiner reinen, fehlerlosen und auserw\u00e4hlten Familie und seinen herausragenden Gef\u00e4hrten und denen, die ihnen in G\u00fcte folgen bis zum Tag des Gerichts.<\/span><\/p>\n<p><span style=\"font-family: georgia, palatino; font-size: 17px;\">Gratuliert sei der islamischen Umma, der iranischen Nation, der anwesenden Versammlung, den G\u00e4ste und muslimischen Br\u00fcdern, den Botschaftern der islamischen L\u00e4nder, zu diesem gesegneten Fest und gesegnetem Fitr [Brechen des Fastens].<\/span><\/p>\n<p><span style=\"font-family: georgia, palatino; font-size: 17px;\">Wahrlich, die islamische Welt heute braucht Punkte, die sie miteinander verbinden, zusammenschlie\u00dfen und aus ihr eine aktive und wirksame Einheit machen. Das Fest des Fastenbrechens [Eid al-Fitr] ist einer davon. In dem Bittgebet, das wir im Qunut des Gebets zum Fastenbrechen-Fest sprechen hei\u00dft es:\u00a0<\/span><\/p>\n<p style=\"text-align: right;\"><span style=\"font-family: georgia, palatino; font-size: 17px;\">\u0648\u064e \u0644\u0650\u0645\u064f\u062d\u064e\u0645\u0651\u064e\u062f\u064d \u0635\u064e\u0644\u0651\u064e\u0649 \u0627\u0644\u0644\u064e\u0647\u064f \u0639\u064e\u0644\u064e\u06cc\u0647\u0650 \u0648\u064e \u0622\u0644\u0650\u0647\u0650 [\u0630\u064f\u062e\u0631\u0627\u064b] \u0648\u064e \u0634\u064e\u0631\u064e\u0641\u0627\u064b \u0648\u064e [\u06a9\u064e\u0631\u0627\u0645\u064e\u062a\u0627\u064b \u0648\u064e] \u0645\u064e\u0632\u06cc\u062f\u0627\u064b<\/span><\/p>\n<p><span style=\"font-family: georgia, palatino; font-size: 17px;\"><i>\u201e\u0090Und f\u00fcr Muhammad, Allahs Segen sei auf ihm und seiner Familie, [als Schatz] und Ehre [und W\u00fcrde] und Mehrung\u201c<\/i><\/span><\/p>\n<p><span style=\"font-family: georgia, palatino; font-size: 17px;\">Dieser Ausdruck \u201e\u0645\u064e\u0632\u06cc\u062f\u201c [Mehrung] ist tiefgr\u00fcndig und bedeutungsvoll. Dieses Fest des Fastenbrechens bewirkt also, dass die Ehre des Islams, die Ehre des verehrten Gesandten Tag f\u00fcr Tag zunimmt. Seine Religion, der Weg und die Lebensweise, die er der Menschheit pr\u00e4sentiert hat sollen sich Tag f\u00fcr Tag ausbreiten und wachsen. Das Fest des Fastenbrechens besitzt genau diese Eigenschaft.<\/span><\/p>\n<p><span style=\"font-family: georgia, palatino; font-size: 17px;\">Wann wird dies geschehen? Jenes Fest des Fastenbrechens, bei dem die Menschen nicht gemeinsam stehen, nicht in Demut flehen, nicht mit Gott sprechen, keine Gemeinschaft bilden \u2013 dieses hat jene Eigenschaft nicht. Wir selbst gestalten das Fest des Fastenbrechens, wir selbst machen es zu Ehre, Mehrung und Segen f\u00fcr den Islam und die Muslime, durch unser Verhalten und die Handlungen, die wir tun. Wenn in der islamischen Umma Einheit existiert, Entschlossenheit existiert, Einsicht existiert, dann wird das Fest zum Fastenbrechen wahrhaftig eine Mehrung [\u0645\u064e\u0632\u06cc\u062f] sein.<\/span><\/p>\n<p><span style=\"font-family: georgia, palatino; font-size: 17px;\">Heute geschehen die verschiedenen Ereignisse in der Welt in einem rasenden Tempo \u2013 sowohl in unserer Region als auch in anderen Teilen der Welt. Diese Geschwindigkeit der Ereignisse erfordert, dass alle, die sich selbst als beteiligt an den globalen Entwicklungen sehen oder sich davon betroffen f\u00fchlen, diese Ereignisse mit Aufmerksamkeit und Genauigkeit verfolgen und ihren eigenen Standpunkt und Platz in diesen Geschehnissen bestimmen m\u00fcssen. Heute liegt diese Verantwortung besonders bei den islamischen Staaten. Die islamischen Staaten m\u00fcssen in Bezug auf ihre eigenen V\u00f6lker, ihre Freunde, ihre Feinde und die Ereignisse, die ihnen bevorstehen oder sie erwarten, mit Sorgfalt und klarem Denken handeln.<\/span><\/p>\n<p><span style=\"font-family: georgia, palatino; font-size: 17px;\">Die islamische Welt ist eine gro\u00dfe Welt. Wir Muslime stellen sowohl eine gro\u00dfe Bev\u00f6lkerungszahl dar, als auch befinden wir uns auf der Weltkarte an einem strategisch wichtigen Ort. Auch in Bezug auf die nat\u00fcrlichen Reicht\u00fcmer geh\u00f6ren unsere L\u00e4nder und unsere Gemeinschaften zu den wohlhabenden Teilen der Welt. Wenn die islamische Welt diese wichtige Position nutzen will, dann braucht sie einen grundlegenden Schritt und dieser ist: Die Einheit \u2013 die Einheit der islamischen Welt.<\/span><\/p>\n<p><span style=\"font-family: georgia, palatino; font-size: 17px;\">Einheit bedeutet nicht, dass die Staaten zu einem einzigen verschmelzen sollen. Es bedeutet auch nicht, dass sie in allen politischen Ausrichtungen gleich denken m\u00fcssen. Die Einheit der islamischen Welt bedeutet vor allem, dass sie ihre gemeinsamen Interessen erkennen und zun\u00e4chst einmal wissen, was ihre gemeinsamen Interessen \u00fcberhaupt sind. Wir d\u00fcrfen unsere Interessen nicht so definieren, dass sie automatisch zu Konflikt, Streit und Spaltung untereinander f\u00fchren. Die Familie der islamischen Welt ist eine Familie, eine Gemeinschaft. Die islamischen Staaten m\u00fcssen in diesem Sinne denken und sich in diese Richtung bewegen. Die Islamische Republik Iran hat ihre Hand allen islamischen Staaten entgegengestreckt, sie betrachtet sich \u2013 wie der geehrte Pr\u00e4sident es gerade gesagt hat \u2013 als Bruder dieser Staaten und sieht sich gemeinsam mit ihnen in einer grundlegenden gemeinsamen Front. Lasst uns zusammenarbeiten, lasst uns gemeinsam nachdenken, lasst uns die Einheit der islamischen Welt bewahren. Dann werden die aggressiven M\u00e4chte, die unterdr\u00fcckerischen M\u00e4chte, die arroganten M\u00e4chte, nicht in der Lage sein, sich der islamischen Welt zu n\u00e4hern, sie zu unterdr\u00fccken oder Zwangszahlungen und Tribute zu fordern. Heute ist es leider \u00fcblich geworden, dass Gro\u00dfm\u00e4chte von anderen L\u00e4ndern Tribut verlangen und sie sprechen dies sogar ganz offen aus. Wir d\u00fcrfen nicht zulassen, dass die islamische Welt dem Tributforderungs-System der USA und ihrer gleichen ausgeliefert wird.<\/span><\/p>\n<p><span style=\"font-family: georgia, palatino; font-size: 17px;\">Lasst uns die Rechte der Unterdr\u00fcckten verteidigen. Heute ist ein Teil der islamischen Welt zutiefst verwundet \u2013 Pal\u00e4stina ist verwundet, Libanon ist verwundet. Die Verbrechen, die in dieser Region geschehen, sind zum Teil beispiellos. Wir k\u00f6nnen uns in der gesamten Geschichte, sei es aus eigener Betrachtung oder aus dem, was wir gelesen haben, nicht erinnern, dass man in weniger als zwei Jahren etwa 20.000 Kinder in einem milit\u00e4rischen Konflikt get\u00f6tet hat! Das ist kein Spa\u00df: Die islamische Welt muss das sehen, erkennen, verstehen, und den Schmerz des pal\u00e4stinensischen Volkes f\u00fchlen und sich verpflichtet f\u00fchlen zu handeln. Wenn die islamische Welt sich zusammentut, dann kann sie etwas bewegen. Es braucht nicht einmal Krieg oder milit\u00e4risches Eingreifen, es reicht, dass Einheit und Zusammenhalt, Herzensverbundenheit und m\u00fcndliche Einigkeit zwischen den islamischen Staaten herrschen. Dann werden die anderen M\u00e4chte schon wissen, woran sie sind.<\/span><\/p>\n<p><span style=\"font-family: georgia, palatino; font-size: 17px;\">Wir hoffen, dass Gott, der Erhabene, dieses Fest des Fastenbrechens f\u00fcr die gesamte islamische Ummah zu einem gesegneten Fest macht und dass Er den Verantwortlichen in den islamischen L\u00e4ndern die Entschlossenheit, die Motivation und die Bewegungskraft verleiht, damit sie die islamische Ummah im wahrsten Sinne des Wortes formen und verwirklichen k\u00f6nnen.<\/span><\/p>\n<p><span style=\"font-family: georgia, palatino; font-size: 17px;\">Und der Friede, die Gnade Allahs und sein Segen seien mit Euch.<\/span><\/p>","protected":false},"excerpt":{"rendered":"<p>\u00a0 Am Tag des Fastenbrechen-Festes, dem 31. M\u00e4rz 2025 fand nach dem Festgebet eine Sitzung mit Verantwortlichen des Landes und<\/p>\n","protected":false},"author":1,"featured_media":2432,"comment_status":"closed","ping_status":"open","sticky":false,"template":"","format":"standard","meta":{"colormag_page_container_layout":"default_layout","colormag_page_sidebar_layout":"default_layout","footnotes":""},"categories":[61,50,39,45],"tags":[],"class_list":["post-2425","post","type-post","status-publish","format-standard","has-post-thumbnail","hentry","category-islamische-ummah","category-ramadan","category-reden","category-spiritualitaet"],"_links":{"self":[{"href":"http:\/\/www.ahl-ul-bait.de\/imam-chamenei\/wp-json\/wp\/v2\/posts\/2425","targetHints":{"allow":["GET"]}}],"collection":[{"href":"http:\/\/www.ahl-ul-bait.de\/imam-chamenei\/wp-json\/wp\/v2\/posts"}],"about":[{"href":"http:\/\/www.ahl-ul-bait.de\/imam-chamenei\/wp-json\/wp\/v2\/types\/post"}],"author":[{"embeddable":true,"href":"http:\/\/www.ahl-ul-bait.de\/imam-chamenei\/wp-json\/wp\/v2\/users\/1"}],"replies":[{"embeddable":true,"href":"http:\/\/www.ahl-ul-bait.de\/imam-chamenei\/wp-json\/wp\/v2\/comments?post=2425"}],"version-history":[{"count":4,"href":"http:\/\/www.ahl-ul-bait.de\/imam-chamenei\/wp-json\/wp\/v2\/posts\/2425\/revisions"}],"predecessor-version":[{"id":2467,"href":"http:\/\/www.ahl-ul-bait.de\/imam-chamenei\/wp-json\/wp\/v2\/posts\/2425\/revisions\/2467"}],"wp:featuredmedia":[{"embeddable":true,"href":"http:\/\/www.ahl-ul-bait.de\/imam-chamenei\/wp-json\/wp\/v2\/media\/2432"}],"wp:attachment":[{"href":"http:\/\/www.ahl-ul-bait.de\/imam-chamenei\/wp-json\/wp\/v2\/media?parent=2425"}],"wp:term":[{"taxonomy":"category","embeddable":true,"href":"http:\/\/www.ahl-ul-bait.de\/imam-chamenei\/wp-json\/wp\/v2\/categories?post=2425"},{"taxonomy":"post_tag","embeddable":true,"href":"http:\/\/www.ahl-ul-bait.de\/imam-chamenei\/wp-json\/wp\/v2\/tags?post=2425"}],"curies":[{"name":"wp","href":"https:\/\/api.w.org\/{rel}","templated":true}]}}