{"id":2438,"date":"2025-04-15T17:04:16","date_gmt":"2025-04-15T15:04:16","guid":{"rendered":"http:\/\/khamenei.de\/wordpress\/?p=2438"},"modified":"2025-06-16T16:31:42","modified_gmt":"2025-06-16T14:31:42","slug":"imam-chameneis-treffen-mit-verantwortungstraegern-zum-neujahr-1404","status":"publish","type":"post","link":"http:\/\/www.ahl-ul-bait.de\/imam-chamenei\/2025\/04\/15\/imam-chameneis-treffen-mit-verantwortungstraegern-zum-neujahr-1404\/","title":{"rendered":"Imam Chameneis Treffen mit Verantwortungstr\u00e4gern zum Neujahr 1404"},"content":{"rendered":"\n<figure class=\"wp-block-gallery has-nested-images columns-default is-cropped wp-block-gallery-1 is-layout-flex wp-block-gallery-is-layout-flex\">\n<figure class=\"wp-block-image size-large\"><img loading=\"lazy\" decoding=\"async\" width=\"1024\" height=\"683\" data-id=\"2441\" src=\"http:\/\/ahl-ul-bait.de\/imam-chamenei\/wp-content\/uploads\/2025\/04\/2-1-1024x683.jpg\" alt=\"\" class=\"wp-image-2441\" srcset=\"http:\/\/www.ahl-ul-bait.de\/imam-chamenei\/wp-content\/uploads\/2025\/04\/2-1-1024x683.jpg 1024w, http:\/\/www.ahl-ul-bait.de\/imam-chamenei\/wp-content\/uploads\/2025\/04\/2-1-300x200.jpg 300w, http:\/\/www.ahl-ul-bait.de\/imam-chamenei\/wp-content\/uploads\/2025\/04\/2-1-768x512.jpg 768w, http:\/\/www.ahl-ul-bait.de\/imam-chamenei\/wp-content\/uploads\/2025\/04\/2-1-1536x1024.jpg 1536w, http:\/\/www.ahl-ul-bait.de\/imam-chamenei\/wp-content\/uploads\/2025\/04\/2-1-2048x1365.jpg 2048w\" sizes=\"auto, (max-width: 1024px) 100vw, 1024px\" \/><\/figure>\n\n\n\n<figure class=\"wp-block-image size-large\"><img loading=\"lazy\" decoding=\"async\" width=\"1024\" height=\"683\" data-id=\"2439\" src=\"http:\/\/ahl-ul-bait.de\/imam-chamenei\/wp-content\/uploads\/2025\/04\/3-1-1024x683.jpg\" alt=\"\" class=\"wp-image-2439\" srcset=\"http:\/\/www.ahl-ul-bait.de\/imam-chamenei\/wp-content\/uploads\/2025\/04\/3-1-1024x683.jpg 1024w, http:\/\/www.ahl-ul-bait.de\/imam-chamenei\/wp-content\/uploads\/2025\/04\/3-1-300x200.jpg 300w, http:\/\/www.ahl-ul-bait.de\/imam-chamenei\/wp-content\/uploads\/2025\/04\/3-1-768x512.jpg 768w, http:\/\/www.ahl-ul-bait.de\/imam-chamenei\/wp-content\/uploads\/2025\/04\/3-1-1536x1024.jpg 1536w, http:\/\/www.ahl-ul-bait.de\/imam-chamenei\/wp-content\/uploads\/2025\/04\/3-1-2048x1365.jpg 2048w\" sizes=\"auto, (max-width: 1024px) 100vw, 1024px\" \/><\/figure>\n\n\n\n<figure class=\"wp-block-image size-large\"><img loading=\"lazy\" decoding=\"async\" width=\"1024\" height=\"683\" data-id=\"2440\" src=\"http:\/\/ahl-ul-bait.de\/imam-chamenei\/wp-content\/uploads\/2025\/04\/4-1-1024x683.jpg\" alt=\"\" class=\"wp-image-2440\" srcset=\"http:\/\/www.ahl-ul-bait.de\/imam-chamenei\/wp-content\/uploads\/2025\/04\/4-1-1024x683.jpg 1024w, http:\/\/www.ahl-ul-bait.de\/imam-chamenei\/wp-content\/uploads\/2025\/04\/4-1-300x200.jpg 300w, http:\/\/www.ahl-ul-bait.de\/imam-chamenei\/wp-content\/uploads\/2025\/04\/4-1-768x512.jpg 768w, http:\/\/www.ahl-ul-bait.de\/imam-chamenei\/wp-content\/uploads\/2025\/04\/4-1-1536x1024.jpg 1536w, http:\/\/www.ahl-ul-bait.de\/imam-chamenei\/wp-content\/uploads\/2025\/04\/4-1-2048x1365.jpg 2048w\" sizes=\"auto, (max-width: 1024px) 100vw, 1024px\" \/><\/figure>\n<\/figure>\n\n\n<p>\u00a0<\/p>\n<p><span style=\"font-family: georgia, palatino; font-size: 17px;\"><i>Am 15. April 2025 traf sich Imam Chamenei mit einer Reihe von Parlamentsabgeordneten, Vertretern des Expertenparlamentes, hohen Justizbeamten und Leitern verschiedener Organisationen. Bei diesem, anl\u00e4sslich des Neujahrsfestes j\u00e4hrlich stattfindenden Treffen, hielt Imam Chamenei eine Rede. Es folgt die sinngem\u00e4\u00dfe \u00dcbersetzung der Rede aus dem <a href=\"https:\/\/farsi.khamenei.ir\/speech-content?id=60000\" target=\"_blank\" rel=\"noopener\">persischen Original<\/a>. Obwohl es f\u00fcr alle hier ver\u00f6ffentlichten Texte gilt, wird darauf verwiesen, dass die \u00dcbersetzung zu Dokumentationszwecken ohne jegliche Kommentierung erfolgt und die dargestellte Meinung nicht mit der Meinung der Herausgeber \u00fcbereinstimmen muss.<\/i><\/span><\/p>\n<hr \/>\n<p><span style=\"font-family: georgia, palatino; font-size: 17px;\"><b>Im Namen Allahs, des Gn\u00e4digen, des Begnadenden<\/b><\/span><\/p>\n<p><span style=\"font-family: georgia, palatino; font-size: 17px;\">Aller Dank ist Allahs, des Herrn der Welten, und der Frieden und Segen seien mit unserem Meister und Propheten Abul Qasim al-Mustafa Muhammad und seiner reinen, fehlerlosen und auserw\u00e4hlten Familie und insbesondere mit dem Verbliebenen Allahs auf Erden (Baqiyyatullah, Imam Mahdi).<\/span><\/p>\n<p><span style=\"font-family: georgia, palatino; font-size: 17px;\">Ein gesegnetes Fest! M\u00f6ge es mit Gottes Willen so sein, dass ihr selbst und eure Familien von diesen guten Absichten auf die beste Weise profitieren k\u00f6nnt. Und m\u00f6ge auch das, was Herr Dr. Aref \u2013 der ein erfahrener Mann ist, wirklich jemand mit Erfahrung \u2013 gesagt und dargelegt hat, zur Umsetzung und Verwirklichung gelangen.<\/span><\/p>\n<p><span style=\"font-family: georgia, palatino; font-size: 17px;\">Ich muss erneut betonen, dass ich vor allem auch euren Familien, euren Ehefrauen, zu diesem Fest gratuliere und mich bei ihnen bedanke. Ich bin mir sicher: Wenn die Ehefrau in eurer Aufgabe als Verantwortlicher \u2013 ob nun Minister, Parlamentsabgeordnete, Stellvertreter, Berater oder Leiter verschiedener Bereiche \u2013 mit euch geht, mit euch denkt und mit euch f\u00fchlt, dann gehen die Dinge besser voran. Ein Teil davon h\u00e4ngt allerdings auch von eurem eigenen Verhalten ab. Manche Verantwortliche, sobald sie die Arena der Aufgaben und Pflichten betreten, sind so voller Begeisterung und Arbeitsleidenschaft, dass sie ganz vergessen, dass sie Kinder haben, dass sie eine Ehefrau haben, dass sie Verantwortungen im Haus haben, dass man Mittag- und Abendessen gemeinsam einnehmen sollte \u2013 sie vergessen es v\u00f6llig. Vergesst dies nicht!<\/span><\/p>\n<p><span style=\"font-family: georgia, palatino; font-size: 17px;\">Bez\u00fcglich der Ausf\u00fchrungen von Herrn Dr. Aref m\u00f6chte ich einen Satz sagen: Das, was ihr beschlossen habt und in euren Arbeitsversammlungen und Treffen verfolgt, das ist sehr gut und das, was eben gesagt wurde, ist ebenfalls sehr gut, aber dennoch haben wir in unserem Land einen Mangel, und der ist bedeutsam. Wir haben keinen Mangel an Gesetzen, keinen Mangel an Regelungen, wir haben keinen Mangel an guten Projekten \u2013 sehr viele gute Pl\u00e4ne wurden eingebracht, diskutiert, verabschiedet: Das was wir nicht haben, ist Nachverfolgung (Monitoring), Dranbleiben, Hinterhergehen \u2013 das ist es, was fehlt. Verfolgt die Angelegenheiten weiter! Manche der Statistiken, die er genannt hat, bringen einen zum Nachdenken. Nehmen wir das Beispiel mit dem Benzinverbrauch, mit dem Wert, den er nannte. Diese Zahl ist vielleicht doppelt so hoch, wie sie eigentlich im Land sein sollte. Nun, das muss gel\u00f6st werden, und es ist auch l\u00f6sbar. Es gab Zeiten, da lag der t\u00e4gliche Benzinverbrauch im Land zum Beispiel bei 80 Millionen, 75 Millionen [Liter] und er ist auch schon mal geringer gewesen. Jetzt hat er 160 und ein bisschen genannt! Nun, das muss weiterverfolgt werden. Auch die Themen rund um die Schulen, die Bildungsgerechtigkeit, die Arbeit f\u00fcr die benachteiligten Schichten und die Schwachen \u2013 das alles muss weiterverfolgt werden. Meine Bitte ist: Bleibt dran. Sitzungen sind gut, Beschl\u00fcsse zu fassen ist gut, die Begeisterung und Motivation der F\u00fchrungskr\u00e4fte ist sehr gut und das ist etwas Notwendiges und Gesegnetes, aber es reicht nicht aus. Ihr, die ihr leitend t\u00e4tig seid, habt Begeisterung, habt Interesse, gebt eine Anweisung an eure Zweiten, die geben sie vielleicht an den N\u00e4chsten weiter, aber in diesem ganzen Prozess wird die Anweisung nach und nach immer schw\u00e4cher und schw\u00e4cher und manchmal kommt es dann am Ende zu gar nichts.<\/span><\/p>\n<p><span style=\"font-family: georgia, palatino; font-size: 17px;\">Eines der Dinge, die sehr notwendig sind, ist das Sparen. Ich habe mir einige Punkte notiert \u00fcber das Jahresmotto und \u00c4hnliches, die ich noch ansprechen werde, aber: Sparen ist wichtig \u2013 beim Stromverbrauch, beim Verbrauch von Energietr\u00e4gern [und so weiter]. Die staatlichen Einrichtungen selbst m\u00fcssen mehr als alle anderen sparen, denn die gr\u00f6\u00dften Verbraucher sind die Regierung und die staatlichen Einrichtungen. Der gr\u00f6\u00dfte Benzinverbrauch ist beim Staat, der meiste Stromverbrauch ist beim Staat und so ist es auch bei den anderen Dingen. Gew\u00f6hnt euch ans Sparen. Wie Saadi sagt:<\/span><\/p>\n<p><span style=\"font-family: georgia, palatino; font-size: 17px;\"><i>\u201eWenn dein Einkommen nicht reicht \u2013<\/i><i><br \/><\/i><i>dann gib langsamer, bed\u00e4chtiger aus.<\/i><\/span><\/p>\n<p><span style=\"font-family: georgia, palatino; font-size: 17px;\"><i>Denn die Seeleute singen ein Lied:<\/i><i><br \/><\/i><i>Wenn es in den Bergen nicht regnet,<\/i><i><br \/><\/i><i>dann wird der Tigris in einem Jahr<\/i><i><br \/><\/i><i>zu einem ausgetrockneten Fluss.\u201c<\/i><\/span><\/p>\n<p><span style=\"font-family: georgia, palatino; font-size: 17px;\">So ist es. Und jetzt \u2013 f\u00fcr einige der Aserbaidschanischsprachigen im Publikum:<\/span><\/p>\n<p><span style=\"font-family: georgia, palatino; font-size: 17px;\"><i>\u201eWenn es keinen Fluss gibt, gibt es auch kein Bagdad.\u201c<\/i><\/span><\/p>\n<p><span style=\"font-family: georgia, palatino; font-size: 17px;\">Das ist ein weiteres St\u00fcck derselben Weisheit. Man muss diese Nachverfolgung ernst nehmen. Das ist die erste Angelegenheit.<\/span><\/p>\n<p><span style=\"font-family: georgia, palatino; font-size: 17px;\">Wir haben ein Problem mit Investitionen. Geld ist in den H\u00e4nden der Menschen \u2013 mehr oder weniger \u2013 vorhanden. Die Kunst besteht nun darin, dass ihr \u2013 ob Zentralbank, Wirtschaftsministerium oder andere Stellen \u2013 versucht dieses Geld in Richtung Investitionen zu lenken und zwar in Investitionen f\u00fcr die Produktion. Verfolgt das weiter! Das ist sehr wichtig. Nat\u00fcrlich ist es auch f\u00fcr die Menschen, also f\u00fcr jemanden, der investieren will, eine Ehre, wenn er Geld besitzt und es f\u00fcr den Fortschritt des Landes und zur Verbesserung der Lage einsetzen kann. Erinnert die Menschen daran, dass das eine Ehre ist, damit sie wissen, dass sie stolz darauf sein sollten. Aber der Hauptteil der Aufgabe liegt in der Hand der Regierung \u2013 in einem allgemeinen Sinn verstanden, also in der Hand der Staatsgewalt. Auch die Justiz spielt eine Rolle, das Parlament spielt eine Rolle, verschiedene Ministerien spielen eine Rolle, damit diese Sache geschieht und umgesetzt wird.<\/span><\/p>\n<p><span style=\"font-family: georgia, palatino; font-size: 17px;\">Sorgt f\u00fcr Investitionssicherheit. Vor einigen Jahren hatten wir hier in der Hussainiyah eine Sitzung, in der ich \u00fcber die Anwerbung ausl\u00e4ndischer Investitionen und \u00c4hnliches gesprochen habe. Einer der erfahrenen und weisen Freunde \u2013 m\u00f6ge Gott sich Ihm begnaden, er ist inzwischen verstorben \u2013 stand auf und sagte: Ausl\u00e4ndische Investitionen sind zweitrangig gegen\u00fcber den inl\u00e4ndischen. Wenn ihr hier im Land die Auslage in Ordnung bringt, also zeigt, dass die einheimischen Investoren bereit, interessiert und motiviert sind zu investieren, dann wird auch der ausl\u00e4ndische Investor sehen, dass Investitionen hier m\u00f6glich sind, und sich ermutigt f\u00fchlen. Beseitigt die Hindernisse f\u00fcr inl\u00e4ndische Investitionen. Das ist einer der besten Wege, um die Wirkung von Sanktionen zu neutralisieren.<\/span><\/p>\n<p><span style=\"font-family: georgia, palatino; font-size: 17px;\">Ich habe mehrfach gesagt, dass es zwei Wege gibt, mit dem Thema Sanktionen umzugehen: Der eine ist die Aufhebung der Sanktionen \u2013 das liegt nicht in unserer Hand, sondern in der Hand der Gegenseite. Der andere ist die Neutralisierung der Sanktionen \u2013 das liegt in unserer Hand. Findet Wege, die Sanktionen zu neutralisieren. Es gibt viele Wege, und tats\u00e4chlich ist es m\u00f6glich, die Sanktionen zu neutralisieren. Ja, wenn wir die inl\u00e4ndischen Kapazit\u00e4ten gut nutzen, kann man sogar so weit gehen, dass das Land gegen\u00fcber Sanktionen unverwundbar wird, das hei\u00dft, selbst wenn Sanktionen verh\u00e4ngt werden, kann das Land sich vollst\u00e4ndig aus seiner schwierigen Lage befreien. Die inneren Kapazit\u00e4ten des Landes haben diese F\u00e4higkeit.<\/span><\/p>\n<p><span style=\"font-family: georgia, palatino; font-size: 17px;\">Die Ausweitung der Handelsbeziehungen, die angesprochen wurde, geh\u00f6rt zu den Punkten, die ich ausdr\u00fccklich betont habe. Die wirtschaftlichen Beziehungen sollen in erster Linie mit den Nachbarl\u00e4ndern und mit den L\u00e4ndern, die wirtschaftliche Pole in Asien sind \u2013 wie China, Russland und Indien \u2013 erleichtert werden. Nat\u00fcrlich ist manches davon sehr schwierig, das wissen wir, aber jede schwierige Aufgabe kann durch gro\u00dfe Anstrengung und gute Planung bew\u00e4ltigt werden. Daher ist die Frage der Verbindung mit den Nachbarl\u00e4ndern wichtig. In diesen Angelegenheiten spielen auch Zwischenh\u00e4ndler eine gro\u00dfe Rolle \u2013 also jene mittleren Manager, die es sich angew\u00f6hnt haben, eine Ware aus einer bestimmten Quelle zu beziehen. Ich habe vor ein paar Tagen jemandem erz\u00e4hlt, dass w\u00e4hrend meiner Pr\u00e4sidentschaft ein afrikanischer Staatschef, den ich damals besuchte \u2013 dort gab es ein sehr gutes Zentrum f\u00fcr Viehzucht und Landwirtschaft, das auch heute noch existiert \u2013 mir sagte: \u201eDas Fleisch, das wir produzieren, ist hochwertiges Fleisch. Die Europ\u00e4er kommen und kaufen es von uns. Ihr aber importiert euer Fleisch aus Europa \u2013 damals in den 1980ern wurde ja alles staatlich importiert, auch das Fleisch \u2013 und Europa verkauft euch dasselbe Fleisch, das es von uns gekauft hat, zum doppelten Preis!\u201c Ich habe das damals hier den Verantwortlichen gesagt und meinte: Geht dem nach! \u2013 aber sie taten es nicht. Es gab eine verbale Zustimmung, aber keine praktische Umsetzung. Der Handel mit Nachbarl\u00e4ndern, mit wirtschaftlichen Zentren, mit verschiedenen L\u00e4ndern, auch mit eben jenem Afrika, das ich erw\u00e4hnt habe, ist sehr gut. Auch die Kontakte, die der geehrte Pr\u00e4sident anl\u00e4sslich des Festes und \u00e4hnlicher Gelegenheiten mit den Staatsoberh\u00e4uptern dieser L\u00e4nder pflegt, sind sehr gut \u2013 das ist hilfreich. Auch die Aktivit\u00e4ten des Au\u00dfenministeriums \u2013 diese Reisen und gegenseitigen Besuche \u2013 sind sehr gute und n\u00fctzliche Aktivit\u00e4ten.<\/span><\/p>\n<p><span style=\"font-family: georgia, palatino; font-size: 17px;\">Ein Wort zu diesen Gespr\u00e4chen in Oman: Ich m\u00f6chte betonen, dass diese Gespr\u00e4che nur eines von vielen Aufgabenfeldern des Au\u00dfenministeriums sind \u2013 das Au\u00dfenministerium hat dutzende Aufgaben, und eines davon sind nun eben diese Gespr\u00e4che in Oman und die Themen, die aktuell zur Sprache gekommen sind. Bem\u00fcht euch, die Angelegenheiten des Landes nicht an diese Gespr\u00e4che zu kn\u00fcpfen. Ich betone dies ausdr\u00fccklich.<\/span><\/p>\n<p><span style=\"font-family: georgia, palatino; font-size: 17px;\">Der Fehler, den wir im Rahmen des Atomabkommens [JCPOA] gemacht haben, darf sich hier nicht wiederholen. Damals haben wir alles von den Fortschritten in den Verhandlungen abh\u00e4ngig gemacht \u2013 wir haben das Land unter Vorbehalt gestellt. Ein Investor, wenn er sieht, dass alles im Land an Verhandlungen h\u00e4ngt, wird nicht investieren \u2013 das ist offensichtlich. Er wird sagen: Mal sehen, wie die Verhandlungen ausgehen. Diese Verhandlungen sind ein Vorgang, ein Thema, eines von vielen Dingen, die das Au\u00dfenministerium verfolgt. Das Land muss jedoch seine Arbeit in den verschiedenen Bereichen eigenst\u00e4ndig weiterf\u00fchren: in der Industrie, in der Landwirtschaft, in den verschiedenen Dienstleistungsbereichen, in der Kultur, im Bereich des Aufbaus, bei spezifischen Themen wie den Entwicklungen im S\u00fcdosten des Landes \u2013 verfolgt all das mit Entschlossenheit. Diese Dinge haben doch \u00fcberhaupt nichts mit den laufenden Gespr\u00e4chen in Oman zu tun. Das ist ein weiterer Punkt.<\/span><\/p>\n<p><span style=\"font-family: georgia, palatino; font-size: 17px;\">\u00dcbrigens: Auch in Bezug auf diese Gespr\u00e4che sollten wir weder \u00fcberm\u00e4\u00dfig optimistisch noch \u00fcberm\u00e4\u00dfig pessimistisch sein. Letztlich ist das eben eine Arbeit, ein Prozess, \u00fcber den entschieden wurde und der jetzt durchgef\u00fchrt wird und die bisherigen Schritte wurden gut umgesetzt und gut durchgef\u00fchrt. Auch die n\u00e4chsten Schritte m\u00fcssen mit voller Sorgfalt verfolgt werden. Die roten Linien sind klar \u2013 sowohl f\u00fcr die Gegenseite als auch f\u00fcr uns. Die Verhandlungen sollen auf ordentliche Weise weitergef\u00fchrt werden. Es ist m\u00f6glich, dass sie zu einem Ergebnis f\u00fchren, es ist aber auch m\u00f6glich, dass sie zu keinem Ergebnis f\u00fchren. Wir sind also weder \u00fcberm\u00e4\u00dfig optimistisch noch \u00fcberm\u00e4\u00dfig pessimistisch. Nat\u00fcrlich sind wir der Gegenseite gegen\u00fcber sehr misstrauisch. Wir vertrauen ihr nicht \u2013 wir kennen die Gegenseite. Aber gegen\u00fcber unseren eigenen F\u00e4higkeiten sind wir zuversichtlich \u2013 wir wissen, dass wir vieles erreichen k\u00f6nnen und beherrschen ebenfalls gute Methoden.<\/span><\/p>\n<p><span style=\"font-family: georgia, palatino; font-size: 17px;\">Das Thema des siebten Entwicklungsplans ist ebenfalls eine wichtige Angelegenheit, die nun, wenn auch mit Verz\u00f6gerung, in diesem Jahr schlie\u00dflich beginnt. Es sollte darauf geachtet werden, dass der Beginn dieses Programms nicht wie beim sechsten Programm verl\u00e4uft. Einige Teile des sechsten Programms sind bereits von Anfang an vom Kurs abgekommen. Bem\u00fcht euch also darum, dass die verschiedenen Abschnitte des siebten Programms nicht vom Kurs abweichen. Es ist ein vom Parlament verabschiedetes Gesetz und eine Ma\u00dfnahme, die f\u00fcr das Land notwendig ist. Es basiert auf den allgemeinen politischen Leitlinien des Systems und ist insgesamt ein gutes Programm. Letzten Endes ist es ein Gesetz und muss somit umgesetzt werden. Es soll jedoch darauf geachtet werden, dass es in \u00dcbereinstimmung mit den festgelegten Kriterien korrekt ausgef\u00fchrt wird und keine Abweichung erf\u00e4hrt.<\/span><\/p>\n<p><span style=\"font-family: georgia, palatino; font-size: 17px;\">Ein Satz zur Angelegenheit Gaza: In den Ereignissen von Gaza hat diese verbrecherische Bande, die \u00fcber Pal\u00e4stina herrscht, mit ihrem Verbrechertum wirklich jedes Ma\u00df \u00fcberschritten \u2013 wirklich jedes Ma\u00df! Ich kann mich an keinen vergleichbaren Vorgang erinnern, ich kenne keine solche Vorgehensweise, bei der gezielt und absichtlich Unterdr\u00fcckte, Kinder, Kranke, Journalisten, Krankenh\u00e4user und Krankenwagen angegriffen werden. Das ist wirklich etwas sehr Merkw\u00fcrdiges. Es erfordert eine au\u00dferordentliche Grausamkeit und diese verbrecherische, abscheuliche Gruppe besitzt diese tats\u00e4chlich!<\/span><\/p>\n<p><span style=\"font-family: georgia, palatino; font-size: 17px;\">Meiner Meinung nach muss die islamische Welt etwas unternehmen, sie muss aktiv werden. Es muss eine gute Koordination stattfinden \u2013 sei es auf wirtschaftlicher, politischer oder, wenn n\u00f6tig, operativer Ebene \u2013 damit die islamische Welt gemeinsam \u00fcber diese Angelegenheit nachdenkt und handelt. Nat\u00fcrlich m\u00fcssen diese [Unterdr\u00fccker] auch mit der Strafe Gottes rechnen, denn eine solche Unterdr\u00fcckung wird mit einer harten g\u00f6ttlichen Antwort beantwortet werden, daran besteht kein Zweifel. Aber diese entbindet die Menschen, uns, die Regierungen nicht von unserer Pflicht. Gott der Erhabene tut Seine Sache, und auch wir m\u00fcssen unsere Pflicht erf\u00fcllen.<\/span><\/p>\n<p><span style=\"font-family: georgia, palatino; font-size: 17px;\">Wir hoffen, so Gott will, dass Gott der Erhabene das Ende aller muslimischen V\u00f6lker, der islamischen Umma, des ehrenwerten iranischen Volkes und von euch Verantwortlichen gut ausgehen l\u00e4sst und die Aufgaben erleichtert und dass Gott mit uns und unserem Tun zufrieden ist, so Gott will. Habt Gott in allen euren Angelegenheiten und Arbeiten stets im Blick.<\/span><\/p>\n<p><span style=\"font-family: georgia, palatino; font-size: 17px;\">Und der Friede, die Gnade Allahs und sein Segen seien mit Euch.<\/span><\/p>","protected":false},"excerpt":{"rendered":"<p>\u00a0 Am 15. April 2025 traf sich Imam Chamenei mit einer Reihe von Parlamentsabgeordneten, Vertretern des Expertenparlamentes, hohen Justizbeamten und<\/p>\n","protected":false},"author":1,"featured_media":2442,"comment_status":"closed","ping_status":"open","sticky":false,"template":"","format":"standard","meta":{"colormag_page_container_layout":"default_layout","colormag_page_sidebar_layout":"default_layout","footnotes":""},"categories":[27,39,33,32],"tags":[],"class_list":["post-2438","post","type-post","status-publish","format-standard","has-post-thumbnail","hentry","category-palaestina","category-reden","category-weltpolitik","category-wirtschaft"],"_links":{"self":[{"href":"http:\/\/www.ahl-ul-bait.de\/imam-chamenei\/wp-json\/wp\/v2\/posts\/2438","targetHints":{"allow":["GET"]}}],"collection":[{"href":"http:\/\/www.ahl-ul-bait.de\/imam-chamenei\/wp-json\/wp\/v2\/posts"}],"about":[{"href":"http:\/\/www.ahl-ul-bait.de\/imam-chamenei\/wp-json\/wp\/v2\/types\/post"}],"author":[{"embeddable":true,"href":"http:\/\/www.ahl-ul-bait.de\/imam-chamenei\/wp-json\/wp\/v2\/users\/1"}],"replies":[{"embeddable":true,"href":"http:\/\/www.ahl-ul-bait.de\/imam-chamenei\/wp-json\/wp\/v2\/comments?post=2438"}],"version-history":[{"count":2,"href":"http:\/\/www.ahl-ul-bait.de\/imam-chamenei\/wp-json\/wp\/v2\/posts\/2438\/revisions"}],"predecessor-version":[{"id":2445,"href":"http:\/\/www.ahl-ul-bait.de\/imam-chamenei\/wp-json\/wp\/v2\/posts\/2438\/revisions\/2445"}],"wp:featuredmedia":[{"embeddable":true,"href":"http:\/\/www.ahl-ul-bait.de\/imam-chamenei\/wp-json\/wp\/v2\/media\/2442"}],"wp:attachment":[{"href":"http:\/\/www.ahl-ul-bait.de\/imam-chamenei\/wp-json\/wp\/v2\/media?parent=2438"}],"wp:term":[{"taxonomy":"category","embeddable":true,"href":"http:\/\/www.ahl-ul-bait.de\/imam-chamenei\/wp-json\/wp\/v2\/categories?post=2438"},{"taxonomy":"post_tag","embeddable":true,"href":"http:\/\/www.ahl-ul-bait.de\/imam-chamenei\/wp-json\/wp\/v2\/tags?post=2438"}],"curies":[{"name":"wp","href":"https:\/\/api.w.org\/{rel}","templated":true}]}}