{"id":2468,"date":"2025-05-10T15:17:02","date_gmt":"2025-05-10T13:17:02","guid":{"rendered":"http:\/\/khamenei.de\/wordpress\/?p=2468"},"modified":"2025-05-20T16:29:12","modified_gmt":"2025-05-20T14:29:12","slug":"rede-imam-chameneis-zur-woche-der-arbeit","status":"publish","type":"post","link":"http:\/\/www.ahl-ul-bait.de\/imam-chamenei\/2025\/05\/10\/rede-imam-chameneis-zur-woche-der-arbeit\/","title":{"rendered":"Rede Imam Chameneis zur Woche der Arbeit"},"content":{"rendered":"\n<figure class=\"wp-block-gallery has-nested-images columns-default is-cropped wp-block-gallery-1 is-layout-flex wp-block-gallery-is-layout-flex\">\n<figure class=\"wp-block-image size-large\"><img loading=\"lazy\" decoding=\"async\" width=\"654\" height=\"1024\" data-id=\"2472\" src=\"http:\/\/ahl-ul-bait.de\/imam-chamenei\/wp-content\/uploads\/2025\/05\/2-1-654x1024.jpg\" alt=\"\" class=\"wp-image-2472\" srcset=\"http:\/\/www.ahl-ul-bait.de\/imam-chamenei\/wp-content\/uploads\/2025\/05\/2-1-654x1024.jpg 654w, http:\/\/www.ahl-ul-bait.de\/imam-chamenei\/wp-content\/uploads\/2025\/05\/2-1-192x300.jpg 192w, http:\/\/www.ahl-ul-bait.de\/imam-chamenei\/wp-content\/uploads\/2025\/05\/2-1-768x1202.jpg 768w, http:\/\/www.ahl-ul-bait.de\/imam-chamenei\/wp-content\/uploads\/2025\/05\/2-1-981x1536.jpg 981w, http:\/\/www.ahl-ul-bait.de\/imam-chamenei\/wp-content\/uploads\/2025\/05\/2-1-1308x2048.jpg 1308w, http:\/\/www.ahl-ul-bait.de\/imam-chamenei\/wp-content\/uploads\/2025\/05\/2-1.jpg 1597w\" sizes=\"auto, (max-width: 654px) 100vw, 654px\" \/><\/figure>\n\n\n\n<figure class=\"wp-block-image size-large\"><img loading=\"lazy\" decoding=\"async\" width=\"1024\" height=\"683\" data-id=\"2474\" src=\"http:\/\/ahl-ul-bait.de\/imam-chamenei\/wp-content\/uploads\/2025\/05\/3-1-1024x683.jpg\" alt=\"\" class=\"wp-image-2474\" srcset=\"http:\/\/www.ahl-ul-bait.de\/imam-chamenei\/wp-content\/uploads\/2025\/05\/3-1-1024x683.jpg 1024w, http:\/\/www.ahl-ul-bait.de\/imam-chamenei\/wp-content\/uploads\/2025\/05\/3-1-300x200.jpg 300w, http:\/\/www.ahl-ul-bait.de\/imam-chamenei\/wp-content\/uploads\/2025\/05\/3-1-768x512.jpg 768w, http:\/\/www.ahl-ul-bait.de\/imam-chamenei\/wp-content\/uploads\/2025\/05\/3-1-1536x1024.jpg 1536w, http:\/\/www.ahl-ul-bait.de\/imam-chamenei\/wp-content\/uploads\/2025\/05\/3-1-2048x1365.jpg 2048w\" sizes=\"auto, (max-width: 1024px) 100vw, 1024px\" \/><\/figure>\n\n\n\n<figure class=\"wp-block-image size-large\"><img loading=\"lazy\" decoding=\"async\" width=\"683\" height=\"1024\" data-id=\"2471\" src=\"http:\/\/ahl-ul-bait.de\/imam-chamenei\/wp-content\/uploads\/2025\/05\/4-1-683x1024.jpg\" alt=\"\" class=\"wp-image-2471\" srcset=\"http:\/\/www.ahl-ul-bait.de\/imam-chamenei\/wp-content\/uploads\/2025\/05\/4-1-683x1024.jpg 683w, http:\/\/www.ahl-ul-bait.de\/imam-chamenei\/wp-content\/uploads\/2025\/05\/4-1-200x300.jpg 200w, http:\/\/www.ahl-ul-bait.de\/imam-chamenei\/wp-content\/uploads\/2025\/05\/4-1-768x1152.jpg 768w, http:\/\/www.ahl-ul-bait.de\/imam-chamenei\/wp-content\/uploads\/2025\/05\/4-1-1024x1536.jpg 1024w, http:\/\/www.ahl-ul-bait.de\/imam-chamenei\/wp-content\/uploads\/2025\/05\/4-1-1365x2048.jpg 1365w, http:\/\/www.ahl-ul-bait.de\/imam-chamenei\/wp-content\/uploads\/2025\/05\/4-1.jpg 1700w\" sizes=\"auto, (max-width: 683px) 100vw, 683px\" \/><\/figure>\n\n\n\n<figure class=\"wp-block-image size-large\"><img loading=\"lazy\" decoding=\"async\" width=\"1024\" height=\"683\" data-id=\"2470\" src=\"http:\/\/ahl-ul-bait.de\/imam-chamenei\/wp-content\/uploads\/2025\/05\/5-1-1024x683.jpg\" alt=\"\" class=\"wp-image-2470\" srcset=\"http:\/\/www.ahl-ul-bait.de\/imam-chamenei\/wp-content\/uploads\/2025\/05\/5-1-1024x683.jpg 1024w, http:\/\/www.ahl-ul-bait.de\/imam-chamenei\/wp-content\/uploads\/2025\/05\/5-1-300x200.jpg 300w, http:\/\/www.ahl-ul-bait.de\/imam-chamenei\/wp-content\/uploads\/2025\/05\/5-1-768x512.jpg 768w, http:\/\/www.ahl-ul-bait.de\/imam-chamenei\/wp-content\/uploads\/2025\/05\/5-1-1536x1024.jpg 1536w, http:\/\/www.ahl-ul-bait.de\/imam-chamenei\/wp-content\/uploads\/2025\/05\/5-1-2048x1365.jpg 2048w\" sizes=\"auto, (max-width: 1024px) 100vw, 1024px\" \/><\/figure>\n\n\n\n<figure class=\"wp-block-image size-large\"><img loading=\"lazy\" decoding=\"async\" width=\"1024\" height=\"683\" data-id=\"2473\" src=\"http:\/\/ahl-ul-bait.de\/imam-chamenei\/wp-content\/uploads\/2025\/05\/6-1-1024x683.jpg\" alt=\"\" class=\"wp-image-2473\" srcset=\"http:\/\/www.ahl-ul-bait.de\/imam-chamenei\/wp-content\/uploads\/2025\/05\/6-1-1024x683.jpg 1024w, http:\/\/www.ahl-ul-bait.de\/imam-chamenei\/wp-content\/uploads\/2025\/05\/6-1-300x200.jpg 300w, http:\/\/www.ahl-ul-bait.de\/imam-chamenei\/wp-content\/uploads\/2025\/05\/6-1-768x512.jpg 768w, http:\/\/www.ahl-ul-bait.de\/imam-chamenei\/wp-content\/uploads\/2025\/05\/6-1-1536x1024.jpg 1536w, http:\/\/www.ahl-ul-bait.de\/imam-chamenei\/wp-content\/uploads\/2025\/05\/6-1-2048x1365.jpg 2048w\" sizes=\"auto, (max-width: 1024px) 100vw, 1024px\" \/><\/figure>\n\n\n\n<figure class=\"wp-block-image size-large\"><img loading=\"lazy\" decoding=\"async\" width=\"1024\" height=\"683\" data-id=\"2469\" src=\"http:\/\/ahl-ul-bait.de\/imam-chamenei\/wp-content\/uploads\/2025\/05\/7-1-1024x683.jpg\" alt=\"\" class=\"wp-image-2469\" srcset=\"http:\/\/www.ahl-ul-bait.de\/imam-chamenei\/wp-content\/uploads\/2025\/05\/7-1-1024x683.jpg 1024w, http:\/\/www.ahl-ul-bait.de\/imam-chamenei\/wp-content\/uploads\/2025\/05\/7-1-300x200.jpg 300w, http:\/\/www.ahl-ul-bait.de\/imam-chamenei\/wp-content\/uploads\/2025\/05\/7-1-768x512.jpg 768w, http:\/\/www.ahl-ul-bait.de\/imam-chamenei\/wp-content\/uploads\/2025\/05\/7-1-1536x1024.jpg 1536w, http:\/\/www.ahl-ul-bait.de\/imam-chamenei\/wp-content\/uploads\/2025\/05\/7-1-2048x1365.jpg 2048w\" sizes=\"auto, (max-width: 1024px) 100vw, 1024px\" \/><\/figure>\n<\/figure>\n\n\n<p>\u00a0<\/p>\n<p><span style=\"font-family: georgia, palatino; font-size: 17px;\"><i>Am 10. Mai 2025 hielt Imam Chamenei, bei dem j\u00e4hrlich anl\u00e4sslich der Woche der Arbeit und der Arbeiter stattfindenden Treffen mit Arbeitskr\u00e4ften des Landes, eine Rede. Es folgt die sinngem\u00e4\u00dfe \u00dcbersetzung der Rede aus dem <a href=\"https:\/\/farsi.khamenei.ir\/speech-content?id=60141\" target=\"_blank\" rel=\"noopener\">persischen Original<\/a>. Obwohl es f\u00fcr alle hier ver\u00f6ffentlichten Texte gilt, wird darauf verwiesen, dass die \u00dcbersetzung zu Dokumentationszwecken ohne jegliche Kommentierung erfolgt und die dargestellte Meinung nicht mit der Meinung der Herausgeber \u00fcbereinstimmen muss.<\/i><\/span><\/p>\n<hr \/>\n<p><span style=\"font-family: georgia, palatino; font-size: 17px;\"><b>Im Namen Allahs, des Gn\u00e4digen, des Begnadenden<\/b><\/span><\/p>\n<p><span style=\"font-family: georgia, palatino; font-size: 17px;\">Aller Dank ist Allahs, des Herrn der Welten, und der Frieden und Segen seien mit unserem Meister und Propheten Abul Qasim al-Mustafa Muhammad und seiner reinen, fehlerlosen und auserw\u00e4hlten Familie und insbesondere mit dem Verbliebenen Allahs auf Erden (Baqiyyatullah, Imam Mahdi).<\/span><\/p>\n<p><span style=\"font-family: georgia, palatino; font-size: 17px;\">Herzlich willkommen, liebe Br\u00fcder, liebe Schwestern. Die j\u00e4hrliche Versammlung der ehrenwerten Arbeiter hier in der Hussainiyah ist f\u00fcr mich immer eine bedeutende Sitzung. Die Themen rund um Arbeit und die Arbeiter selbst stehen im Zusammenhang mit dem Schicksal des Landes.<\/span><\/p>\n<p><span style=\"font-family: georgia, palatino; font-size: 17px;\">Zun\u00e4chst m\u00f6chte ich zur segensreichen Geburt von dem ehrenwerten Abu al-Hassan al-Ridha, Frieden sei auf ihm, gratulieren und es als ein gutes Zeichen sehen, dass dieses Treffen nun gleichzeitig zu diesem gesegneten Geburtstag stattfindet. Ebenso m\u00f6chte ich an unseren ehrenwerten M\u00e4rtyrer, Schahid Raisi, erinnern, der den Anliegen der Bev\u00f6lkerung \u2013 und insbesondere den Angelegenheiten der Arbeiter \u2013 gro\u00dfe Bedeutung beima\u00df und sie konsequent verfolgte.<\/span><\/p>\n<p><span style=\"font-family: georgia, palatino; font-size: 17px;\">Die Punkte, die der Herr Minister hier angesprochen hat, waren allesamt richtig \u2013 das hei\u00dft, die bestehenden L\u00fccken, die vorhandenen Bed\u00fcrfnisse, die notwendigen Aufgaben, die er hier einzeln aufgez\u00e4hlt hat \u2013 all das ist zutreffend. Der einzige Punkt, auf den ich aufmerksam machen m\u00f6chte, ist, dass er selbst, sein Ministerium und einige andere Bereiche der Regierung wissen sollten, dass die Adressaten dieser Worte sie selbst sind. [Publikum bricht in lautstarken Applaus und Segensgr\u00fc\u00dfe auf den Propheten und seine Familie aus] Ich bete von Herzen, dass Gott der Erhabene ihnen hilft und ihnen den Erfolg gew\u00e4hrt, diese Aufgaben umzusetzen. Wenn sie Entschlossenheit zeigen und sich daf\u00fcr entscheiden, k\u00f6nnen sie es schaffen. [Erneuter Applaus des Publikums]<\/span><\/p>\n<p><span style=\"font-family: georgia, palatino; font-size: 17px;\">Was die Angelegenheiten der Arbeiter betrifft, so sind viele notwendige Worte bereits gesagt worden und selbstverst\u00e4ndlich sind auch gute Ma\u00dfnahmen ergriffen worden. Aber auf einige Punkte muss dennoch besonders Nachdruck gelegt werden, auch wenn sie dadurch nun wiederholt werden, m\u00fcssen sie dennoch erneut betont werden. Ich habe einige Punkte notiert, die ich nun vortragen m\u00f6chte.<\/span><\/p>\n<p><span style=\"font-family: georgia, palatino; font-size: 17px;\">Der erste Punkt betrifft die Wertsch\u00e4tzung. Die Adressaten dieses Abschnitts \u2013 die Wertsch\u00e4tzung des Arbeiters und die Wertsch\u00e4tzung der Arbeit \u2013 seid in erster Linie ihr Arbeiter selbst, damit ihr euren eigenen Wert erkennt und wisst, welchen Platz das, was ihr tut, tats\u00e4chlich im gesamten Gef\u00fcge der Sch\u00f6pfung, der Gesellschaft sowie im Gef\u00fcge der spirituellen Bestrebungen und religi\u00f6sen Werte einnimmt.<\/span><\/p>\n<p><span style=\"font-family: georgia, palatino; font-size: 17px;\">Ein Thema ist der Wert des Arbeiters \u2013 nicht im Hinblick auf seine Arbeit, sondern im Hinblick auf ihn als Menschen. Der Arbeiter besitzt zwei wichtige Eigenschaften, von denen jede vor Gott dem Erhabenen eine Tugend darstellt: Erstens, dass er sich bem\u00fcht, den Lebensunterhalt und das erlaubte Brot mit eigener Kraft zu verdienen. Er lebt nicht auf Kosten anderer, er ist kein Schmarotzer, er betreibt keine Ausbeutung, er zieht kein fremdes Gut an sich, sondern er erwirbt sein Brot mit eigener Kraft, durch Arbeitskraft, in ihren unterschiedlichen Formen, je nachdem, welche Art von Arbeiter er ist. Das ist eine Tugend, das ist eine bedeutende Handlung. Der Mensch soll so leben. Das ist ein Vorbild f\u00fcr das Leben eines jeden Menschen: dass er auf sich selbst und auf seine eigene Kraft vertraut und so sein Leben gestaltet. Das ist die erste Eigenschaft.<\/span><\/p>\n<p><span style=\"font-family: georgia, palatino; font-size: 17px;\">Die zweite Eigenschaft, die ebenfalls eine gro\u00dfe Tugend ist, besteht darin, dass der Arbeiter die Bed\u00fcrfnisse anderer erf\u00fcllt. Ihr produziert f\u00fcr die Menschen industrielle, landwirtschaftliche oder dienstleistungsbezogene Erzeugnisse und stellt sie ihnen zur Verf\u00fcgung, das hei\u00dft, ihr helft dem Leben anderer. Aus menschlicher Sicht sind diese beiden Punkte \u00e4u\u00dferst wertvoll, es sind Tugenden. Wenn wir beispielsweise eine Wertung vornehmen wollten: Da ist jemand, der sich dem Gottesdienst widmet und \u00e4hnlichem, aber keinerlei M\u00fche f\u00fcr sein eigenes Leben, seinen Lebensunterhalt und das Wohl seiner Familie aufbringt \u2013 dann ist ein Arbeiter, der sich anstrengt, der arbeitet, \u00fcberlegen. Das ist wahre Wertsch\u00e4tzung und das betrifft den Arbeiter in seiner Rolle als Arbeiter, in seiner menschlichen Dimension.<\/span><\/p>\n<p><span style=\"font-family: georgia, palatino; font-size: 17px;\">Und nun zur Wertsch\u00e4tzung von Arbeit. Das ist sehr wichtig, das ist \u00e4u\u00dferst bedeutsam. Arbeit ist eine der tragenden S\u00e4ulen f\u00fcr das Funktionieren des menschlichen Lebens. Wenn es keine Arbeit gibt, wird das Leben des Menschen gel\u00e4hmt. Kapital hat zweifellos eine Wirkung, Wissen hat zweifellos eine Wirkung \u2013 aber Kapital und Wissen sind ohne den Handelnden, ohne den Arbeiter, zu nichts nutze und bringen keinen Nutzen. Der Arbeiter haucht dem K\u00f6rper des Kapitals Leben ein.<\/span><\/p>\n<p><span style=\"font-family: georgia, palatino; font-size: 17px;\">Wir haben gesagt, das Motto dieses Jahres ist \u201eInvestitionen f\u00fcr Produktion\u201c. Sehr gut, das wichtigste Kapital, der gr\u00f6\u00dfte Reichtum ist der Arbeiter. Sie m\u00f6gen investieren, aber sie sollen wissen, dass diese finanzielle Investition ohne den Willen des Arbeiters, ohne die F\u00e4higkeiten des Arbeiters, ohne den Wunsch des Arbeiters zu keinem Ergebnis f\u00fchren wird. Die Rolle der Arbeit ist diese: Sie ist eine der grundlegenden S\u00e4ulen f\u00fcr den Bestand und das Fortbestehen der Gesellschaft. Deshalb seht ihr auch, dass die Feinde jeder Gesellschaft \u2013 einschlie\u00dflich der Feinde der Islamischen Republik \u2013 von Anfang der Revolution bis heute bestrebt waren, die Arbeiterschaft von der Arbeit im Raum der Islamischen Republik abzubringen, sie unzufrieden zu machen \u2013 vom ersten Tag an. Ich habe Erinnerungen in diesem Zusammenhang, die ich hier nicht erz\u00e4hlen werde. Damals waren es die Kommunisten, die Marxisten, die versucht haben, die Produktionsumfelder unter ihre Kontrolle zu bringen, sich anzueignen, und dann pl\u00f6tzlich einen ganzen Bereich lahmzulegen und auszuschalten. Jeder Bereich, den sie lahmlegten, war gel\u00e4hmt. Auch heute gibt es dieselbe Motivation \u2013 damals waren es die Kommunisten, heute sind es die Agenten von CIA und Mossad, die dies tun. Nat\u00fcrlich haben sowohl damals als auch heute unsere Arbeiter standhaft Position bezogen und den Gegnern mit entschlossener Faust ins Gesicht geschlagen. [Publikum ruft laute Parolen beginnend mit \u201eAllahu Akbar\u201c]<\/span><\/p>\n<p><span style=\"font-family: georgia, palatino; font-size: 17px;\">Nun gut, wir haben gesagt, dass der wichtigste Reichtum, das wichtigste Kapital der Arbeiter selbst ist, das hei\u00dft, der Einfluss des Arbeiters ist gr\u00f6\u00dfer als der von Geld, wissenschaftlicher Forschung oder \u00c4hnlichem. \u201eWas sollen wir mit diesem Kapital tun?\u201c \u2013 hier liegt der Beginn der Verantwortungen, die gegen\u00fcber den Arbeitern bestehen. Ein Teil dieser Verantwortung mag bei mir, dem dem\u00fctigen Diener, liegen, ein Teil beim Minister, ein Teil bei den Kapitalinhabern und Unternehmern, ein Teil bei der allgemeinen Bev\u00f6lkerung, ein Teil bei der Presse. Letztendlich gibt es Pflichten gegen\u00fcber dem Arbeiter.<\/span><\/p>\n<p><span style=\"font-family: georgia, palatino; font-size: 17px;\">Damit ein Arbeiter seine Arbeit richtig verrichten kann \u2013 sowohl, um die Arbeit gut zu leisten und anderen Nutzen zu bringen, als auch, um selbst aufrecht stehen zu k\u00f6nnen \u2013, hat er bestimmte Bed\u00fcrfnisse. Eines dieser Bed\u00fcrfnisse ist berufliche Sicherheit. Ein weiteres ist k\u00f6rperliche Sicherheit. Die Unf\u00e4lle, die zuweilen Arbeitern widerfahren, betr\u00fcben den Menschen zutiefst \u2013 das sind Schl\u00e4ge, das sind Wunden. Sicherheit ist ein Bed\u00fcrfnis. Ein weiteres Bed\u00fcrfnis ist die Beseitigung existenzieller Sorgen. Diese Dinge m\u00fcssen angegangen werden. Nun, ich werde auf einige dieser Punkte kurz hinweisen und dann fortfahren.<\/span><\/p>\n<p><span style=\"font-family: georgia, palatino; font-size: 17px;\">Das erste Thema ist die berufliche Sicherheit. Ein Arbeiter muss wissen, dass er an diesem Arbeitsplatz bleiben wird, damit er planen kann. Es darf nicht so sein, dass er Sorgen hat, wie lange er denn dort noch bleiben kann. Die Fortf\u00fchrung seiner Arbeit darf nicht vom Willen eines anderen abh\u00e4ngig sein. Das bedeutet berufliche Sicherheit. Diese Sicherheit muss gew\u00e4hrleistet werden. In einer Phase vor einigen Jahren wurden unter verschiedenen Vorw\u00e4nden zahlreiche Fabriken geschlossen. Das widerspricht nat\u00fcrlich der beruflichen Sicherheit. Es kamen manchmal Berichte, dass eine bestimmte Fabrik geschlossen worden sei. Wir fragten: Warum? Sie brachten Vorw\u00e4nde: Es g\u00e4be keine Rohstoffe, die Maschinen seien veraltet und \u00c4hnliches. Nat\u00fcrlich gibt es solche Dinge, aber sie sind l\u00f6sbar. Man muss sie beheben. Man darf die Fabrik nicht schlie\u00dfen.<\/span><\/p>\n<p><span style=\"font-family: georgia, palatino; font-size: 17px;\">In manchen F\u00e4llen \u2013 worauf ich bereits auch fr\u00fcher schon hingewiesen habe \u2013 war das Schlie\u00dfen von Fabriken sogar ein verr\u00e4terischer Akt. Der Grund [f\u00fcr die Schlie\u00dfung] war, dass das Grundst\u00fcck einen hohen Wert bekommen hatte. In der Folge wollte man die Maschinen irgendwie verkaufen, die Arbeiter irgendwie mit Abfindungen loswerden, um so das Grundst\u00fcck besser f\u00fcr Geldzwecke zu nutzen! F\u00fcr Geld, f\u00fcr pers\u00f6nliche Gier wurde das getan. Hier m\u00fcssen sowohl die Aufsichtsorgane als auch die Justizbeh\u00f6rden wachsam sein. Das ist eine der grundlegenden und wichtigen Aufgaben. Auch die staatlichen Institutionen haben hier nat\u00fcrlich eine Pflicht \u2013 sei es das Arbeitsministerium oder andere zust\u00e4ndige Beh\u00f6rden. Das muss verhindert werden. Laut den Zahlen, die uns mitgeteilt wurden, hat die Regierung von Schahid Raisi 8.000 Fabriken wieder in Betrieb genommen. Es ist also m\u00f6glich. Es ist m\u00f6glich, stillgelegte Fabriken oder solche, die nur mit einem Drittel oder einem Viertel ihrer Kapazit\u00e4t arbeiten, wieder in Gang zu bringen. Einer der Verdienste jenes ehrenwerten M\u00e4rtyrers war genau das und er hatte es m\u00f6glicherweise wiederholt auch mit mir besprochen. Das Thema der beruflichen Sicherheit ist eine der entscheidenden Fragen.<\/span><\/p>\n<p><span style=\"font-family: georgia, palatino; font-size: 17px;\">Neben der beruflichen Sicherheit f\u00fcr den Arbeiter m\u00f6chte ich euch auch Folgendes sagen: Die berufliche Sicherheit des Arbeiters geht einher mit der beruflichen Sicherheit des Unternehmers. Auch er muss Sicherheit in seiner Arbeit haben. Wir d\u00fcrfen uns nicht so verhalten, dass er das Gef\u00fchl hat, seine Investition und die Bewahrung seines Kapitals w\u00fcrden ihm zum Nachteil gereichen. Auch er muss berufliche Sicherheit haben. Der richtige Weg, die richtige Politik ist es, einen Zustand zu schaffen, in dem sowohl die Sicherheit des Arbeiters gewahrt bleibt als auch die des Unternehmers.<\/span><\/p>\n<p><span style=\"font-family: georgia, palatino; font-size: 17px;\">Das zweite Thema, das f\u00fcr den Arbeitsbereich notwendig ist und das ich mir notiert habe, ist die Frage der F\u00e4higkeitssteigerung. Eines der Dinge, die wir tun m\u00fcssen, ist, uns darum zu bem\u00fchen, dass unsere Arbeiter zu f\u00e4higen, zu qualifizierten Arbeitern werden. Wenn der Arbeiter in seiner Arbeit qualifiziert und fachkundig wird, wird die Arbeit besser, hochwertiger und es wird herausragender produziert. Das ist selbstverst\u00e4ndlich zum Nutzen des Herstellers, zum Nutzen des Arbeiters, zum Nutzen der Gesellschaft \u2013 es n\u00fctzt allen. Das ist eines der wichtigen Themen.<\/span><\/p>\n<p><span style=\"font-family: georgia, palatino; font-size: 17px;\">Nun haben wir f\u00fcr die Frage der Vermittlung von F\u00e4higkeiten und Qualifikationen auch entsprechende Einrichtungen. Der ehrenwerte Minister hat mir auf dem Weg hierher auch etwas dazu gesagt, und ich bin ebenfalls dar\u00fcber informiert: Die Berufs- und Fachschulen stellen ein sehr gutes Potenzial dar. Es gibt junge Menschen \u2013 ja sogar Jugendliche \u2013 unter uns, die dem Weg der Berufsausbildung und der praktischen Qualifikation den Vorzug gegen\u00fcber dem akademischen Bildungsweg geben und in diesem Bereich t\u00e4tig sind. Das sind die besten Arbeitskr\u00e4fte. Um dem Land zu dienen, sich selbst dienen zu k\u00f6nnen, das eigene Lebensniveau zu verbessern und auch das Lebensniveau der Menschen insgesamt anheben zu k\u00f6nnen, daf\u00fcr sind das die besten Menschen. Diese M\u00f6glichkeit haben wir. Nat\u00fcrlich \u2013 neben den Berufs- und Fachschulen, die wichtig sind und auf deren Bedeutung ich mehrfach hingewiesen habe \u2013 k\u00f6nnen auch gro\u00dfe Unternehmen im Rahmen ihrer T\u00e4tigkeit Einrichtungen zur Qualifikationsf\u00f6rderung schaffen. Das ist ebenfalls m\u00f6glich. Das ist eine der Aufgaben, die umgesetzt werden m\u00fcssen. Gro\u00dfe Unternehmen k\u00f6nnen das leisten: Kurse anbieten, zeitlich begrenzte Schulungen abhalten und den Arbeitern die notwendigen F\u00e4higkeiten vermitteln, damit sie ihre Arbeit besser und mit mehr Fachkenntnis ausf\u00fchren k\u00f6nnen.<\/span><\/p>\n<p><span style=\"font-family: georgia, palatino; font-size: 17px;\">Ein weiteres Thema \u2013 wie bereits angesprochen \u2013 ist die Sicherheit der Arbeiter, konkret die k\u00f6rperliche Sicherheit des Arbeiters. In den letzten zwei, drei Jahren haben wir zwar ersch\u00fctternde Nachrichten aus den Bergwerken geh\u00f6rt, aber das betrifft nicht nur dortige Betriebe, auch aus anderen Bereichen wurden mir Berichte vorgelegt. Auch in anderen Fabriken ist die Frage der Sicherheit ein sehr wichtiges Thema. Es muss sorgf\u00e4ltig darauf geachtet werden, und sowohl im Hinblick auf die soziale Absicherung als auch auf die technischen Sicherheitsvorkehrungen muss so gehandelt werden, dass die Sicherheit der Arbeiter gew\u00e4hrleistet ist.<\/span><\/p>\n<p><span style=\"font-family: georgia, palatino; font-size: 17px;\">Ein bedeutender Aspekt der Unterst\u00fctzung f\u00fcr Arbeiter ist der Konsum inl\u00e4ndischer Produkte \u2013 ein Thema, auf das ich seit Jahren beharre und das ich betone. Es wurde auch im sechsten Entwicklungsplan aufgenommen. Nat\u00fcrlich haben manche das nicht richtig umgesetzt, aber soweit es umgesetzt wurde, war es n\u00fctzlich. Wenn das Produkt, das wir kaufen, ein im Inland hergestelltes Produkt ist, dann helfen wir in Wirklichkeit dem einheimischen Arbeiter und dem einheimischen Investor. Wenn dasselbe Produkt im Inland vorhanden ist und wir stattdessen die ausl\u00e4ndische Variante w\u00e4hlen und kaufen, bedeutet das, dass wir dem Arbeiter und dem Investor jenes Landes helfen \u2013 dass wir ihn unserem eigenen Arbeiter vorziehen. Ist das gerecht? Ist das menschlich?<\/span><\/p>\n<p><span style=\"font-family: georgia, palatino; font-size: 17px;\">Nat\u00fcrlich gibt es Ausreden, etwa: \u201eDie Qualit\u00e4t der inl\u00e4ndischen Produkte sei so und so\u201c. Nein, in manchen F\u00e4llen ist die Qualit\u00e4t der inl\u00e4ndischen Produktion sogar sehr gut. Gegenw\u00e4rtig ist es so, dass wir bei bestimmten Produkten und Haushaltsgegenst\u00e4nden und anderen Dingen eine Qualit\u00e4t haben, die \u2013 wenn nicht besser \u2013 so doch zumindest nicht schlechter, als die der ausl\u00e4ndischen Produkte ist. Wir sollten das zu einer Kultur machen, zu einer verbreiteten Gewohnheit. Ein Iraner sollte es als seine Pflicht ansehen, einheimische Produkte zu konsumieren \u2013 au\u00dfer in den F\u00e4llen, in denen es das Produkt im Inland gar nicht gibt. Das, was aber im Inland produziert wird, sollten alle als ihre Pflicht ansehen, auch zu verwenden. Diese Haltung sollten wir zur Kultur machen.<\/span><\/p>\n<p><span style=\"font-family: georgia, palatino; font-size: 17px;\">Ich habe geh\u00f6rt, dass k\u00fcrzlich eine der Beh\u00f6rden bekannt gegeben hat, dass das Einfuhrverbot f\u00fcr Produkte mit inl\u00e4ndischem \u00c4quivalent aufgehoben wurde. Warum sollte es aufgehoben werden? Warum sollte es aufgehoben werden? F\u00f6rdert doch das, was im Inland produziert wird! Und wenn die Qualit\u00e4t nicht gut ist, bem\u00fcht euch darum, die Qualit\u00e4t zu verbessern. Ich habe vor einigen Jahren hier \u00fcber Autos gesprochen \u2013 man sagte damals, der Benzinverbrauch der inl\u00e4ndischen Fahrzeuge sei zu hoch. Ich sagte: Wenn wir unter wirtschaftlicher und wissenschaftlicher Belagerung stehen \u2013 wenn die Inhaber von Wissen in der Welt ihre T\u00fcren f\u00fcr iranische Wissenschaftler und Studenten verschlie\u00dfen \u2013 und trotzdem ein iranischer Wissenschaftler Gro\u00dfes leisten kann, wenn ein iranischer Jugendlicher Raketen, Waffen und Produkte herstellen kann, die den Feind in Erstaunen versetzen, sodass dieser sagt: \u201eAus Respekt vor dieser [ingenieurtechnischen] Leistung ziehe ich den Hut\u201c [Uzi Rubin (ehemaliger Leiter der Raketenabwehrorganisation Israels) im Jahr 2015] \u2013 dann kann er auch ein Auto produzieren, das weniger verbraucht und besser gebaut ist. Lasst uns daran arbeiten und darauf setzen. Einfacher ist zu sagen: \u201eNa gut, \u00f6ffnen wir den Weg, damit aus dem Ausland importiert werden kann.\u201c Das aber ist zum Schaden des Landes, zum Schaden der Arbeiterschaft, zum Schaden der ganzen Nation. Deshalb ist ein entscheidender Punkt in der Unterst\u00fctzung der Arbeiter, dass wir inl\u00e4ndische Produkte konsumieren und das zu einer Kultur machen.<\/span><\/p>\n<p><span style=\"font-family: georgia, palatino; font-size: 17px;\">Eine der wichtigen Ma\u00dfnahmen, die meiner Meinung nach einer umfassenden und vollst\u00e4ndigen Planung durch die Verantwortlichen bedarf und die sowohl zum Nutzen des Arbeiters als auch zum Nutzen des Arbeitgebers ist, besteht darin, dass der Arbeiter am Gewinn des produzierten Erzeugnisses beteiligt wird. [Publikum setzt erst zu einem Segensgru\u00df auf die Prophetenfamilie an, applaudiert dann aber]\u00a0<\/span><\/p>\n<p><span style=\"font-family: georgia, palatino; font-size: 17px;\">[Imam spricht l\u00e4chelnd:] Ja klar, wenn man den Segensgru\u00df [salawat] nicht richtig hinkriegt, f\u00e4ngt man einfach an zu klatschen. [Publikum ruft voller Elan einen lautstarken Segensgru\u00df]<\/span><\/p>\n<p><span style=\"font-family: georgia, palatino; font-size: 17px;\">Wenn der Arbeiter das Gef\u00fchl hat, dass sein Anteil am Gewinn mit dem Gewinn des Produkts steigt, wird er motiviert, die Arbeit besser zu verrichten. Das verleiht dem Arbeiter Antrieb und er f\u00fchrt die Arbeit sorgf\u00e4ltiger, vollst\u00e4ndiger und sauberer aus. Das ist die Umsetzung jener \u00dcberlieferung, die ich schon oft wiederholt erw\u00e4hnt habe:\u00a0<\/span><\/p>\n<p style=\"text-align: right;\"><span style=\"font-family: georgia, palatino; font-size: 17px;\">\u0631\u064e\u062d\u0650\u0645\u064e \u0627\u0644\u0644\u0647\u064f \u0627\u0650\u0645\u0631\u064e\u0627\u064b \u0639\u064e\u0645\u0650\u0644\u064e \u0639\u064e\u0645\u064e\u0644\u0627\u064b \u0641\u064e\u0627\u064e\u062a\u0642\u064e\u0646\u064e\u0647<\/span><\/p>\n<p><span style=\"font-family: georgia, palatino; font-size: 17px;\"><i>\u201eM\u00f6ge Gott sich jenes Menschen erbarmen, der eine Arbeit verrichtet und sie gut verrichtet.\u201c<\/i> Also eine sorgf\u00e4ltige, gute Arbeit.<\/span><\/p>\n<p><span style=\"font-family: georgia, palatino; font-size: 17px;\">Heute gibt es in der Welt manche Fabriken, die auf ihre Produkte das Gr\u00fcndungsjahr der Fabrik schreiben. Sie sind stolz darauf, dass ihre Fabrik vor hundert Jahren gegr\u00fcndet wurde. Wenn ein Produktionsbetrieb \u2013 hier nehmen wir das Beispiel der industriellen Produktion, aber auch andere Produktionsbereiche sind wie die industriellen, und manche Dienstleistungen ebenso \u2013 so arbeiten kann, dass er \u00fcber hundert Jahre Kunden hat und darauf stolz ist, dann ist das die beste Leistung. Das l\u00e4sst sich dadurch erreichen, dass die Arbeiter am Gewinn des Unternehmens beteiligt werden. Das ist eine der wichtigen Aufgaben.<\/span><\/p>\n<p><span style=\"font-family: georgia, palatino; font-size: 17px;\">Ein weiterer herausragender Punkt, auf den auch er [Minister f\u00fcr Arbeit und Soziales] hingewiesen hat, ist die Frage des Arbeiterwohnraums. Wenn gro\u00dfe Betriebe mit Wohnungsbaugenossenschaften f\u00fcr Arbeiter \u2013 sofern es solche Genossenschaften gibt, an den Orten, wo sie bestehen \u2013 zusammenarbeiten, dann ist das eine der gr\u00f6\u00dften m\u00f6glichen Hilfen f\u00fcr Arbeiter. Wenn es keine solche Genossenschaft gibt, kann man eine gr\u00fcnden oder bei der Gr\u00fcndung helfen. Oder man kann Werkswohnungen neben gro\u00dfen Fabriken errichten, sodass das Wohnungsproblem \u2013 eines der wichtigsten Sorgen \u2013 beseitigt wird und die Arbeiter in dieser Hinsicht beruhigt sein k\u00f6nnen. Das geh\u00f6rt zu den bedeutendsten Hilfen, die man den Arbeitern zukommen lassen kann.<\/span><\/p>\n<p><span style=\"font-family: georgia, palatino; font-size: 17px;\">Ein weiteres Thema, das ich mir hier notiert habe und ansprechen m\u00f6chte, ist die Kultur am Arbeitsplatz. Seht: In der Philosophie der Marxisten und Kommunisten ist der Arbeitsplatz ein Ort des Widerspruchs, ein Ort der Feindschaft. Das bedeutet: Der Arbeiter steht dem Fabrikbesitzer feindlich gegen\u00fcber \u2013 das ist ihre Philosophie. Die gesamte gesellschaftliche Bewegung basiert ihrer Auffassung nach auf Gegens\u00e4tzen und Konfrontation. Sie glauben, dass der Grundsatz der Gegens\u00e4tze in der Geschichte, in sozialen Fragen, in Politik und Wirtschaft durchgehend g\u00fcltig ist. \u00dcber viele Jahre hinweg haben sie die Menschen mit dieser falschen Denkweise hingehalten. Sie haben sich selbst ins Ungl\u00fcck gest\u00fcrzt und auch viele andere Menschen in der Welt ins Ungl\u00fcck gef\u00fchrt. Der Islam hingegen sagt genau das Gegenteil.<\/span><\/p>\n<p><span style=\"font-family: georgia, palatino; font-size: 17px;\">Der Islam betrachtet das Lebensumfeld, das Arbeitsumfeld, das geschichtliche Umfeld als einen Raum der Einheit, der Zusammenarbeit und des Miteinanders. Jene, die sich mit der Vertiefung und Forschung im Quran besch\u00e4ftigen, sollen den Ausdruck \u201e\u0632\u0648\u062c\u06cc\u062a\u201c [Paarung], das Wort \u201e\u0632\u0648\u062c\u201c [paaren] und das Konzept der Dualit\u00e4t im Qur&#8217;an verfolgen:<\/span><\/p>\n<p style=\"text-align: right;\"><span style=\"font-family: georgia, palatino; font-size: 17px;\">\u0633\u064f\u0628\u0652\u062d\u064e\u0627\u0646\u064e \u0627\u0644\u0651\u064e\u0630\u0650\u064a \u062e\u064e\u0644\u064e\u0642\u064e \u0627\u0644\u0652\u0623\u064e\u0632\u0652\u0648\u064e\u0627\u062c\u064e \u0643\u064f\u0644\u0651\u064e\u0647\u064e\u0627 \u0645\u0650\u0645\u0651\u064e\u0627 \u062a\u064f\u0646\u0628\u0650\u062a\u064f \u0627\u0644\u0652\u0623\u064e\u0631\u0652\u0636\u064f \u0648\u064e\u0645\u0650\u0646\u0652 \u0623\u064e\u0646\u0641\u064f\u0633\u0650\u0647\u0650\u0645\u0652 \u0648\u064e\u0645\u0650\u0645\u0651\u064e\u0627 \u0644\u064e\u0627 \u064a\u064e\u0639\u0652\u0644\u064e\u0645\u064f\u0648\u0646\u064e<\/span><\/p>\n<p><span style=\"font-family: georgia, palatino; font-size: 17px;\"><i>\u201eLobpreisung ist demjenigen, der die Partner erschaffen hat, jeden von ihnen, von dem, was die Erde wachsen l\u00e4sst, und von ihren Seelen und von dem, was sie nicht wissen.\u201c<\/i> [Heiliger Quran, 36:36].<\/span><\/p>\n<p><span style=\"font-family: georgia, palatino; font-size: 17px;\">Das bedeutet: In allem, was existiert, ist das Prinzip der Paarung, der Harmonie, der Zusammenarbeit und der gegenseitigen Erg\u00e4nzung angelegt. Und das gilt ebenso f\u00fcr das Arbeitsumfeld: Es muss ein Miteinander und eine gegenseitige St\u00e4rkung stattfinden. Von beiden Seiten ist aufrichtige und nicht nur formelhafte Unterst\u00fctzung f\u00fcreinander erforderlich.<\/span><\/p>\n<p><span style=\"font-family: georgia, palatino; font-size: 17px;\">Nun noch ein letzter Punkt: Wenn wir \u00fcber den Arbeiter sprechen, sollte nicht nur der Industriearbeiter gemeint sein. Auch der Bauarbeiter, der Landarbeiter, der Arbeiter auf dem Obst- und Gem\u00fcsemarkt, die arbeitenden Frauen, die zu Hause t\u00e4tig sind und gleichzeitig arbeiten \u2013 und heute, durch die segensreichen modernen Kommunikationsmittel und \u00c4hnliches, arbeiten viele von ihnen zu Hause, profitieren davon und erzielen Einkommen \u2013, auch sie sollen, in Bezug auf soziale Absicherung und in anderen Belangen, ber\u00fccksichtigt werden. Auch sie verdienen Beachtung und Unterst\u00fctzung.<\/span><\/p>\n<p><span style=\"font-family: georgia, palatino; font-size: 17px;\">Ich m\u00f6chte ein Wort sagen zu den b\u00f6swilligen Strategien, die heute in der Welt gegen die V\u00f6lker eingesetzt werden. Es wird versucht, die Angelegenheit Pal\u00e4stinas in Vergessenheit geraten zu lassen. Die muslimischen V\u00f6lker d\u00fcrfen das nicht zulassen. Sie d\u00fcrfen es nicht zulassen. Durch verschiedene Ger\u00fcchte, verschiedene Aussagen, durch das Aufwerfen neuer Themen und bedeutungsloser, zusammenhangloser Aussagen versuchen sie, die Aufmerksamkeit von der Frage Pal\u00e4stinas abzulenken. Die Aufmerksamkeit darf nicht von der Frage Pal\u00e4stinas abgelenkt werden. Die Verbrechen, die das zionistische Regime in Gaza, in Pal\u00e4stina begeht, sind keine Dinge, \u00fcber die man einfach hinwegsehen kann. Die ganze Welt muss sich ihnen entgegenstellen \u2013 [Publikum ruft Parole \u201eNieder mit Israel\u201c] \u2013 sowohl dem zionistischen Regime selbst als auch dessen Unterst\u00fctzern [Publikum ruft Parole \u201eNieder mit Amerika\u201c]. Ja, eure Einsch\u00e4tzung ist richtig: Die Amerikaner unterst\u00fctzen im wahrsten Sinne des Wortes. In der Welt der Politik werden zwar Worte gesagt, Dinge ge\u00e4u\u00dfert, die m\u00f6glicherweise das Gegenteil im Bewusstsein hervorrufen k\u00f6nnten, aber die Realit\u00e4t der Angelegenheit ist nicht so.<\/span><\/p>\n<p><span style=\"font-family: georgia, palatino; font-size: 17px;\">Die Realit\u00e4t ist, dass das unterdr\u00fcckte Volk Pal\u00e4stinas, die unterdr\u00fcckten Menschen in Gaza, heute nicht nur dem zionistischen Regime gegen\u00fcberstehen: sie stehen den USA gegen\u00fcber, sie stehen England gegen\u00fcber. Sie sind es, die diesen Verbrecher auf diese Weise st\u00e4rken, dabei w\u00e4re es ihre Pflicht gewesen, ihn aufzuhalten. Ihr habt ihnen Waffen gegeben, ihr habt ihnen M\u00f6glichkeiten zur Verf\u00fcgung gestellt. Wann immer ihnen etwas fehlt, greifen sie auf euch zur\u00fcck und erhalten von euch Unterst\u00fctzung. Jetzt, wo ihr seht, dass sie Verbrechen begehen \u2013 so viele T\u00f6tungen, so viele Massaker, so viele Gr\u00e4ueltaten \u2013 m\u00fcsste man sich ihnen doch entgegenstellen. Es ist die Pflicht der USA, diese Verbrechen zu stoppen. Doch nicht nur, dass sie es nicht tun, sie leisten auch noch Unterst\u00fctzung. Deshalb muss sich die Welt \u2013 sowohl dem zionistischen Regime als auch seinen Unterst\u00fctzern, darunter insbesondere den USA \u2013 mit voller Entschlossenheit entgegenstellen. Einige Parolen, einige \u00c4u\u00dferungen oder vor\u00fcbergehende Ereignisse d\u00fcrfen nicht dazu f\u00fchren, dass die Frage Pal\u00e4stinas in Vergessenheit ger\u00e4t.<\/span><\/p>\n<p><span style=\"font-family: georgia, palatino; font-size: 17px;\">Nat\u00fcrlich, meine \u00dcberzeugung ist, dass mit g\u00f6ttlicher Hilfe, mit der Ehre und Majest\u00e4t Gottes, Pal\u00e4stina \u00fcber die zionistischen Besatzer siegen wird. Dieses Ereignis wird eintreten. [Publikum ruft Parolen beginnend mit \u201eAllahu Akbar\u201c] Das Falsche hat einen kurzen Auftritt, es zeigt sich f\u00fcr einige Tage, doch es ist verg\u00e4nglich. Es wird mit Sicherheit vergehen. Daran besteht kein Zweifel. Diese \u00e4u\u00dferen Erscheinungen, die wir heute sehen \u2013 Dinge, die sie tun, Fortschritte, die sie in Syrien oder anderswo erzielen \u2013 das ist kein Zeichen von St\u00e4rke, sondern vielmehr ein Zeichen von Schw\u00e4che, und es wird, so Gott will, zu noch gr\u00f6\u00dferer Schw\u00e4che f\u00fchren. Wir hoffen, dass das iranische Volk und die gl\u00e4ubigen V\u00f6lker, diesen Tag \u2013 den Tag des Sieges Pal\u00e4stinas \u00fcber die Angreifer und Besatzer \u2013 so Gott will mit ihren eigenen Augen sehen werden.<\/span><\/p>\n<p><span style=\"font-family: georgia, palatino; font-size: 17px;\">Und der Friede, die Gnade Allahs und sein Segen seien mit Euch.<\/span><\/p>","protected":false},"excerpt":{"rendered":"<p>\u00a0 Am 10. Mai 2025 hielt Imam Chamenei, bei dem j\u00e4hrlich anl\u00e4sslich der Woche der Arbeit und der Arbeiter stattfindenden<\/p>\n","protected":false},"author":1,"featured_media":2475,"comment_status":"closed","ping_status":"open","sticky":false,"template":"","format":"standard","meta":{"colormag_page_container_layout":"default_layout","colormag_page_sidebar_layout":"default_layout","footnotes":""},"categories":[31,30,27,39,32],"tags":[],"class_list":["post-2468","post","type-post","status-publish","format-standard","has-post-thumbnail","hentry","category-gesellschaft","category-iran","category-palaestina","category-reden","category-wirtschaft"],"_links":{"self":[{"href":"http:\/\/www.ahl-ul-bait.de\/imam-chamenei\/wp-json\/wp\/v2\/posts\/2468","targetHints":{"allow":["GET"]}}],"collection":[{"href":"http:\/\/www.ahl-ul-bait.de\/imam-chamenei\/wp-json\/wp\/v2\/posts"}],"about":[{"href":"http:\/\/www.ahl-ul-bait.de\/imam-chamenei\/wp-json\/wp\/v2\/types\/post"}],"author":[{"embeddable":true,"href":"http:\/\/www.ahl-ul-bait.de\/imam-chamenei\/wp-json\/wp\/v2\/users\/1"}],"replies":[{"embeddable":true,"href":"http:\/\/www.ahl-ul-bait.de\/imam-chamenei\/wp-json\/wp\/v2\/comments?post=2468"}],"version-history":[{"count":3,"href":"http:\/\/www.ahl-ul-bait.de\/imam-chamenei\/wp-json\/wp\/v2\/posts\/2468\/revisions"}],"predecessor-version":[{"id":2478,"href":"http:\/\/www.ahl-ul-bait.de\/imam-chamenei\/wp-json\/wp\/v2\/posts\/2468\/revisions\/2478"}],"wp:featuredmedia":[{"embeddable":true,"href":"http:\/\/www.ahl-ul-bait.de\/imam-chamenei\/wp-json\/wp\/v2\/media\/2475"}],"wp:attachment":[{"href":"http:\/\/www.ahl-ul-bait.de\/imam-chamenei\/wp-json\/wp\/v2\/media?parent=2468"}],"wp:term":[{"taxonomy":"category","embeddable":true,"href":"http:\/\/www.ahl-ul-bait.de\/imam-chamenei\/wp-json\/wp\/v2\/categories?post=2468"},{"taxonomy":"post_tag","embeddable":true,"href":"http:\/\/www.ahl-ul-bait.de\/imam-chamenei\/wp-json\/wp\/v2\/tags?post=2468"}],"curies":[{"name":"wp","href":"https:\/\/api.w.org\/{rel}","templated":true}]}}