{"id":2479,"date":"2025-05-12T09:52:22","date_gmt":"2025-05-12T07:52:22","guid":{"rendered":"http:\/\/khamenei.de\/wordpress\/?p=2479"},"modified":"2025-05-21T09:53:04","modified_gmt":"2025-05-21T07:53:04","slug":"imam-chamenei-ueber-die-rolle-von-sanitaetern-im-krieg","status":"publish","type":"post","link":"http:\/\/www.ahl-ul-bait.de\/imam-chamenei\/2025\/05\/12\/imam-chamenei-ueber-die-rolle-von-sanitaetern-im-krieg\/","title":{"rendered":"Imam Chamenei \u00fcber die Rolle von Sanit\u00e4tern im Krieg"},"content":{"rendered":"\n<figure class=\"wp-block-gallery has-nested-images columns-default is-cropped wp-block-gallery-1 is-layout-flex wp-block-gallery-is-layout-flex\">\n<figure class=\"wp-block-image size-large\"><img loading=\"lazy\" decoding=\"async\" width=\"1024\" height=\"683\" data-id=\"2482\" src=\"http:\/\/ahl-ul-bait.de\/imam-chamenei\/wp-content\/uploads\/2025\/05\/2-2-1024x683.jpg\" alt=\"\" class=\"wp-image-2482\" srcset=\"http:\/\/www.ahl-ul-bait.de\/imam-chamenei\/wp-content\/uploads\/2025\/05\/2-2-1024x683.jpg 1024w, http:\/\/www.ahl-ul-bait.de\/imam-chamenei\/wp-content\/uploads\/2025\/05\/2-2-300x200.jpg 300w, http:\/\/www.ahl-ul-bait.de\/imam-chamenei\/wp-content\/uploads\/2025\/05\/2-2-768x512.jpg 768w, http:\/\/www.ahl-ul-bait.de\/imam-chamenei\/wp-content\/uploads\/2025\/05\/2-2-1536x1024.jpg 1536w, http:\/\/www.ahl-ul-bait.de\/imam-chamenei\/wp-content\/uploads\/2025\/05\/2-2-2048x1365.jpg 2048w\" sizes=\"auto, (max-width: 1024px) 100vw, 1024px\" \/><\/figure>\n\n\n\n<figure class=\"wp-block-image size-large\"><img loading=\"lazy\" decoding=\"async\" width=\"1024\" height=\"683\" data-id=\"2480\" src=\"http:\/\/ahl-ul-bait.de\/imam-chamenei\/wp-content\/uploads\/2025\/05\/3-2-1024x683.jpg\" alt=\"\" class=\"wp-image-2480\" srcset=\"http:\/\/www.ahl-ul-bait.de\/imam-chamenei\/wp-content\/uploads\/2025\/05\/3-2-1024x683.jpg 1024w, http:\/\/www.ahl-ul-bait.de\/imam-chamenei\/wp-content\/uploads\/2025\/05\/3-2-300x200.jpg 300w, http:\/\/www.ahl-ul-bait.de\/imam-chamenei\/wp-content\/uploads\/2025\/05\/3-2-768x512.jpg 768w, http:\/\/www.ahl-ul-bait.de\/imam-chamenei\/wp-content\/uploads\/2025\/05\/3-2-1536x1024.jpg 1536w, http:\/\/www.ahl-ul-bait.de\/imam-chamenei\/wp-content\/uploads\/2025\/05\/3-2-2048x1365.jpg 2048w\" sizes=\"auto, (max-width: 1024px) 100vw, 1024px\" \/><\/figure>\n\n\n\n<figure class=\"wp-block-image size-large\"><img loading=\"lazy\" decoding=\"async\" width=\"1024\" height=\"683\" data-id=\"2481\" src=\"http:\/\/ahl-ul-bait.de\/imam-chamenei\/wp-content\/uploads\/2025\/05\/4-2-1024x683.jpg\" alt=\"\" class=\"wp-image-2481\" srcset=\"http:\/\/www.ahl-ul-bait.de\/imam-chamenei\/wp-content\/uploads\/2025\/05\/4-2-1024x683.jpg 1024w, http:\/\/www.ahl-ul-bait.de\/imam-chamenei\/wp-content\/uploads\/2025\/05\/4-2-300x200.jpg 300w, http:\/\/www.ahl-ul-bait.de\/imam-chamenei\/wp-content\/uploads\/2025\/05\/4-2-768x512.jpg 768w, http:\/\/www.ahl-ul-bait.de\/imam-chamenei\/wp-content\/uploads\/2025\/05\/4-2-1536x1024.jpg 1536w, http:\/\/www.ahl-ul-bait.de\/imam-chamenei\/wp-content\/uploads\/2025\/05\/4-2-2048x1365.jpg 2048w\" sizes=\"auto, (max-width: 1024px) 100vw, 1024px\" \/><\/figure>\n<\/figure>\n\n\n<p>\u00a0<\/p>\n<p><span style=\"font-family: georgia, palatino; font-size: 17px;\"><i>Am 12. Mai 2025 hielt Imam Chamenei, bei einem Treffen mit den Organisatoren der \u201eNationalen Gedenkveranstaltung zum Gedenken an die get\u00f6teten Hilfskr\u00e4fte und Sanit\u00e4ter\u201c, eine Rede. Es folgt die sinngem\u00e4\u00dfe \u00dcbersetzung der Rede aus dem <a href=\"https:\/\/farsi.khamenei.ir\/speech-content?id=60168\" target=\"_blank\" rel=\"noopener\">persischen Original<\/a>. Obwohl es f\u00fcr alle hier ver\u00f6ffentlichten Texte gilt, wird darauf verwiesen, dass die \u00dcbersetzung zu Dokumentationszwecken ohne jegliche Kommentierung erfolgt und die dargestellte Meinung nicht mit der Meinung der Herausgeber \u00fcbereinstimmen muss.<\/i><\/span><\/p>\n<hr \/>\n<p><span style=\"font-family: georgia, palatino; font-size: 17px;\"><b>Im Namen Allahs, des Gn\u00e4digen, des Begnadenden<\/b><\/span><\/p>\n<p><span style=\"font-family: georgia, palatino; font-size: 17px;\">Aller Dank ist Allahs, des Herrn der Welten, und der Frieden und Segen seien mit unserem Meister und Propheten Abul Qasim al-Mustafa Muhammad und seiner reinen, fehlerlosen und auserw\u00e4hlten Familie und insbesondere mit dem Verbliebenen Allahs auf Erden (Baqiyyatullah, Imam Mahdi).<\/span><\/p>\n<p><span style=\"font-family: georgia, palatino; font-size: 17px;\">Ich danke euch f\u00fcr diese gro\u00dfe Arbeit, die euer gesamtes Team unternommen hat, n\u00e4mlich die Organisation der Gedenkveranstaltung f\u00fcr die M\u00e4rtyrer der Hilfskr\u00e4fte \u00fcber all die Jahre hinweg, sowohl w\u00e4hrend des Heiligen Verteidigungskrieges als auch danach. Das war eine \u00e4u\u00dferst notwendige und wichtige Arbeit, und wir hoffen, dass sie, so Gott will, die gew\u00fcnschten Wirkungen hinterl\u00e4sst.<\/span><\/p>\n<p><span style=\"font-family: georgia, palatino; font-size: 17px;\">Diese Initiativen, die Herr Kolivand erw\u00e4hnt hat \u2013 in dem sch\u00f6nen Text, den er vorgelesen hat \u2013 und die umgesetzt wurden, m\u00fcssen ein Publikum und Zuh\u00f6rer finden. Es reicht nicht aus, dass ihr eine Initiative ergreift, ein gutes Spiel entwickelt, ein gutes Buch schreibt oder einen guten Film produziert. Diese Dinge, die ihr genannt habt, begeistern den Menschen und sind sehr erfreulich, aber ihr m\u00fcsst daf\u00fcr sorgen, dass es in einem Land mit 80 Millionen Einwohnern 20 Millionen Zuschauer oder Nutzer gibt. Das hei\u00dft: Es muss wirklich verbreitet werden. Das ist entscheidend. Findet den Weg daf\u00fcr; ihr k\u00f6nnt das. Wenn unsere Jugendlichen, in Bereichen, in denen die Infrastruktur bereits vorhanden ist \u2013 ich spreche hier nicht von Dingen, f\u00fcr die es keine Infrastruktur gibt \u2013 sich hinsetzen, sich Zeit nehmen, nachdenken und nach L\u00f6sungswegen und Innovationen suchen, werden sie mit Sicherheit zu sehr guten Ergebnissen gelangen. Das haben wir sowohl in der Industrie erfahren, als auch in der Literatur und Kunst, in der Politik, und auch in der Baut\u00e4tigkeit in verschiedenen Sektoren.<\/span><\/p>\n<p><span style=\"font-family: georgia, palatino; font-size: 17px;\">Wenn die Jugendlichen mit Motivation und Entschlossenheit an eine Aufgabe herangehen, sich bem\u00fchen und dranbleiben, dann gibt es keine unl\u00f6sbare Aufgabe. Selbst in Bereichen, in denen es im Land noch keine Infrastruktur gibt, l\u00e4sst sich diese Infrastruktur nach und nach aufbauen. Die Fortschritte, die ihr heute in verschiedenen Bereichen beobachten k\u00f6nnt, hatten anfangs keinerlei nationale Infrastruktur. Heute haben wir tausende lesenswerte B\u00fccher \u00fcber die M\u00e4rtyrer \u2013 wirklich lesenswert \u2013 und jedes einzelne, das man in die Hand nimmt und liest, ist faszinierend. So ist es wirklich. Dabei hatten wir vor der Revolution kaum Voraussetzungen f\u00fcr k\u00fcnstlerisches Schaffen, insbesondere im Bereich der Erz\u00e4hlkunst. Das war \u00e4u\u00dferst selten und es war auf niedrigem Niveau. Heute ist das Niveau hoch. Diese Infrastruktur haben unsere Jugendlichen und unsere K\u00fcnstler aufgebaut. Deshalb: Ihr k\u00f6nnt voranschreiten und, so Gott will, es umsetzen.<\/span><\/p>\n<p><span style=\"font-family: georgia, palatino; font-size: 17px;\">\u00dcber die Sanit\u00e4ter und ihre gro\u00dfartigen Verdienste ist bisher wenig gesprochen worden. Nun, so Gott will, wird es durch die Gr\u00fcndung eures Teams und eure Arbeit k\u00fcnftig mehr werden. Ich m\u00f6chte dazu zwei, drei S\u00e4tze sagen.<\/span><\/p>\n<p><span style=\"font-family: georgia, palatino; font-size: 17px;\">Ein K\u00e4mpfer braucht Ausbildung und Waffen. Doch derjenige, der ihm diese Ausbildung und diese Waffen gibt, leistet diesen Dienst meist au\u00dferhalb des unmittelbaren Kampfgeschehens. Ein K\u00e4mpfer braucht Erste Hilfe, Verband, Pflaster, Blutstillung, den Transport zur Klinik oder zum Krankenhaus. Und derjenige, der ihm das alles bietet und ihn unterst\u00fctzt, befindet sich mitten im Gefecht. Das ist ein \u00e4u\u00dferst bedeutender Unterschied zwischen diesen beiden Formen der Unterst\u00fctzung. Der Sanit\u00e4ter denkt unter dem Regen von Kugeln und Splittern daran, einen anderen zu retten. Unser K\u00e4mpfer hat zwei Aufgaben: den Feind zur\u00fcckzudr\u00e4ngen und sich selbst zu sch\u00fctzen. Doch unser Sanit\u00e4ter denkt nicht an den Schutz seiner selbst, sondern an den Schutz der anderen und er betritt das Schlachtfeld, um andere zu retten. Was man gelegentlich in den Randbemerkungen der Erinnerungsb\u00fccher der K\u00e4mpfer \u00fcber das, was diese Sanit\u00e4ter geleistet haben, liest, ist wirklich erstaunlich! Diese Aufopferung, diese Leistungen unter diesen schwierigen Bedingungen. Das muss der Bev\u00f6lkerung erkl\u00e4rt werden, damit sie es erkennt und versteht.<\/span><\/p>\n<p><span style=\"font-family: georgia, palatino; font-size: 17px;\">Ein weiterer Punkt ist, dass unsere Sanit\u00e4ter Verk\u00f6rperungen menschlicher Eigenschaften und Mitmenschlichkeit waren. Wir haben F\u00e4lle erlebt, in denen Sanit\u00e4ter sogar einem verwundeten Feind, der gefangen genommen worden war, Hilfe leisteten. Das ist eine sehr gro\u00dfe Tat. Ein Feind ist ja ins Kampfgeschehen gekommen, um dich zu t\u00f6ten. Vergeltung w\u00fcrde verlangen, dass auch du ihn t\u00f6test. Aber wenn du den Sanit\u00e4ter-Rucksack schultern und dich zur vorderen Linie begeben oder dort ein Feldlazarett einrichten und Hilfe leisten willst, dann handelst du genau gegenteilig zu dem, wie sich die unmenschliche Welt drau\u00dfen verh\u00e4lt: Du zeigst Mitmenschlichkeit. Ich selbst habe gesehen, dass ganz nah an der Front \u2013 wie viele Kilometer es genau waren, wei\u00df ich nicht mehr, aber es war sehr wenig \u2013 \u00c4rzte und Pflegekr\u00e4fte in einem Feldlazarett arbeiteten. Dort hatten sie einen Operationsraum eingerichtet. Das war wirklich erstaunlich. Die Reichweite der feindlichen Kugeln und der kurzreichweitigen M\u00f6rsergeschosse reichte bis dorthin, und dennoch hatten sie dort mitten unter Beschuss einen chirurgischen Operationsraum aufgebaut. Das ist sehr bedeutsam. Es gab \u00c4rzte w\u00e4hrend des Verteidigungskrieges, deren Taschen stets gepackt waren. Sobald angek\u00fcndigt wurde, dass eine Operation beginnen w\u00fcrde, bekamen sie eine kurze Nachricht, und sie informierten telefonisch zu Hause: \u201eIch bin weg!\u201c, nahmen ihre Tasche und machten sich auf den Weg. Das sind Dinge, die sich mit Worten kaum beschreiben lassen. Sie k\u00f6nnen nur durch die Mittel der Kunst bewahrt, erkl\u00e4rt und dargestellt werden.<\/span><\/p>\n<p><span style=\"font-family: georgia, palatino; font-size: 17px;\">Heute braucht unser Volk dringend, dass es \u00fcber diese gro\u00dfen Bewegungen und bedeutenden Taten, die aus dem Volk selbst hervorgegangen sind \u2013 von den eigenen Kindern dieses Volkes \u2013, Bescheid wei\u00df. Es besteht ein Bedarf daf\u00fcr. Und in dieser Hinsicht haben wir gewisse Vers\u00e4umnisse. Viele wissen davon nicht. Doch noch gr\u00f6\u00dfer ist unser Vers\u00e4umnis, wenn es darum geht, diese Leistungen in der Welt widerhallen zu lassen. Ihr seht, dass in manchen L\u00e4ndern, wenn sie einen mittelm\u00e4\u00dfigen oder halbfertigen Helden haben, sie ihn gro\u00df darstellen, \u00fcber ihn B\u00fccher und Geschichten schreiben. Manche haben nicht einmal einen Helden, also erfinden sie sich einen. Sie haben keine Geschichte, also konstruieren sie sich eine Geschichte. Aber wir haben sowohl den Helden als auch die Geschichte, wir haben auch eine ruhmreiche Vergangenheit. Diese m\u00fcssen wir weitergeben, wir m\u00fcssen sie sichtbar machen. Das ist eine gro\u00dfe Aufgabe und geh\u00f6rt zu den unumg\u00e4nglichen Pflichten. Das ist der zweite Schritt: dass wir sie erkennen, sie vorstellen und sie in eine allgemeine Kultur verwandeln. Es muss deutlich werden, dass Hilfeleistung und Unterst\u00fctzung eine islamische und menschliche Pflicht ist und dass sie in den Generationen weiterleben und dauerhaft fortgef\u00fchrt werden muss. Diese Aufgaben liegen genau bei euren Initiativen und Gruppen. Wir hoffen, dass dieser Kongress, dieses Gedenken, ein guter Auftakt daf\u00fcr ist, dass diese Arbeiten voranschreiten und umgesetzt werden, so Gott will.<\/span><\/p>\n<p><span style=\"font-family: georgia, palatino; font-size: 17px;\">Und nun vergleicht das mit jenen Raubtieren gleichen Bestien in Menschengestalt, die Krankenwagen bombardieren, Krankenh\u00e4user bombardieren, Patienten bombardieren und t\u00f6ten, die unschuldige, wehrlose Kinder bedenkenlos ausl\u00f6schen! Heute liegt die Welt in den H\u00e4nden solcher Leute. Heute richtet sich die Bewegung der Islamischen Republik, ihre Standhaftigkeit und jene \u201eneue Zivilisation\u201c, von der die Islamische Republik wiederholt spricht, gegen eben diesen Zustand der Welt. Wer kann behaupten und ernsthaft glauben, dass man angesichts dieser Barbarei, dieses Blutdurstes, keine Verantwortung habe? Wer kann so etwas sagen? Wir alle haben eine Verantwortung, wir alle haben eine Pflicht.<\/span><\/p>\n<p><span style=\"font-family: georgia, palatino; font-size: 17px;\">Heute erheben sich diejenigen, die vorgeben, \u00fcber die Welt zu bestimmen oder \u00fcber L\u00e4nder dieser Welt zu herrschen, und ihr Verhalten ist genau dieses: Sie t\u00f6ten Kinder, sie t\u00f6ten Kranke, sie zerst\u00f6ren Krankenh\u00e4user, sie bombardieren bedenkenlos Zivilisten. Gut, wenn ihr Krieg f\u00fchrt, dann soll wenigstens Milit\u00e4r gegen Milit\u00e4r k\u00e4mpfen. Schon das ist oft nicht gerecht, sondern tyrannisch. Die gesamte Bewegung war von Anfang an ungerecht, aber immerhin w\u00e4re das ein Krieg unter Milit\u00e4rs. Warum t\u00f6tet man aber Zivilisten? Warum bombardiert man sie? Warum zerst\u00f6rt man ihre H\u00e4user? Heute ist die Welt in den H\u00e4nden solcher Menschen.<\/span><\/p>\n<p><span style=\"font-family: georgia, palatino; font-size: 17px;\">Das ist jene gro\u00dfe Pflicht, die auf unseren Schultern liegt. Dieses Pflichtbewusstsein ist es, das uns zur Bewegung antreibt. Dieses Pflichtbewusstsein ist es, das nicht zul\u00e4sst, dass das Licht der Hoffnung in unseren Herzen erlischt. Und genau dieses Pflichtbewusstsein ist es, das Feinde wie diese westlichen Wilden \u2013 parf\u00fcmiert, mit Krawatte und gutem Auftreten \u2013 dazu bringt, der Islamischen Republik feindlich gegen\u00fcberzustehen und sich ihr entgegenzustellen. Das ist ihr Problem: Wenn ihr euch \u00fcber diese Barbareien nicht beschwert, wenn ihr euch mit ihnen arrangiert, sie sogar lobt, dann werden sie kein Problem und keine Feindschaft mit euch haben. Das eigentliche Problem ist, dass ihr die Grundlage dieser falschen Zivilisation ablehnt und ihr habt Recht damit. Ihr m\u00fcsst sie auch ablehnen.<\/span><\/p>\n<p><span style=\"font-family: georgia, palatino; font-size: 17px;\">Und so Gott will, wird das Falsche verschwinden. Das Falsche ist nicht von Dauer, das Falsche ist zweifellos verg\u00e4nglich \u2013 zweifellos. Aber man muss handeln. Es ist nicht so, dass wir einfach dasitzen und zuschauen k\u00f6nnen, bis das Falsche von selbst zerflie\u00dft und verschwindet, nein. Dass Gott der Erhabene erkl\u00e4rt, das Falsche sei verg\u00e4nglich, bedeutet: Wenn du dich ihm entgegenstellst, wenn du k\u00e4mpfst, wenn du handelst, dann wird es nicht Bestand haben. Es hat keine Kraft, um standzuhalten.<\/span><\/p>\n<p style=\"text-align: right;\"><span style=\"font-family: georgia, palatino; font-size: 17px;\">\u00a0\u0648\u064e\u0644\u064e\u0648\u0652 \u0642\u064e\u0627\u062a\u064e\u0644\u064e\u0643\u064f\u0645\u064f \u0627\u0644\u0651\u064e\u0630\u0650\u064a\u0646\u064e \u0643\u064e\u0641\u064e\u0631\u064f\u0648\u0627 \u0644\u064e\u0648\u064e\u0644\u0651\u064e\u0648\u064f\u0627 \u0627\u0644\u0652\u0623\u064e\u062f\u0652\u0628\u064e\u0627\u0631\u064e \u062b\u064f\u0645\u0651\u064e \u0644\u064e\u0627 \u064a\u064e\u062c\u0650\u062f\u064f\u0648\u0646\u064e \u0648\u064e\u0644\u0650\u064a\u0651\u064b\u0627 \u0648\u064e\u0644\u064e\u0627 \u0646\u064e\u0635\u0650\u064a\u0631\u064b\u0627<\/span><\/p>\n<p><span style=\"font-family: georgia, palatino; font-size: 17px;\"><i>\u201eUnd h\u00e4tte euch diejenigen bek\u00e4mpft, die abgestritten haben, h\u00e4tten sie gewiss den R\u00fccken abgewandt. Daraufhin finden sie keinen Besch\u00fctzer und keinen Helfer.\u201c<\/i> [Heiliger Quran, 48:22]<\/span><\/p>\n<p><span style=\"font-family: georgia, palatino; font-size: 17px;\">Wenn ihr euch entgegenstellt, wenn ihr standhaltet, dann wird er, ohne Zweifel, den R\u00fccken kehren. Aber wenn ihr euch zur\u00fccklehnt, wenn ihr ihm freundlich begegnet, wenn ihr l\u00e4chelt, wenn ihr flieht oder ihn sogar noch f\u00fcr seine Taten lobt, nein, dann wird er nicht verschwinden, sondern sogar nur noch frecher und \u00fcberheblicher werden.<\/span><\/p>\n<p><span style=\"font-family: georgia, palatino; font-size: 17px;\">Wir hoffen, so Gott will, Gott der Erhabene euch Erfolg gew\u00e4hrt, uns das Bewusstsein \u00fcber unsere Pflichten verleiht und uns die Gnade schenkt, diese Pflichten auch erf\u00fcllen zu k\u00f6nnen.<\/span><\/p>\n<p><span style=\"font-family: georgia, palatino; font-size: 17px;\">Und der Friede, die Gnade Allahs und sein Segen seien mit Euch.<\/span><\/p>","protected":false},"excerpt":{"rendered":"<p>\u00a0 Am 12. Mai 2025 hielt Imam Chamenei, bei einem Treffen mit den Organisatoren der \u201eNationalen Gedenkveranstaltung zum Gedenken an<\/p>\n","protected":false},"author":1,"featured_media":2484,"comment_status":"closed","ping_status":"open","sticky":false,"template":"","format":"standard","meta":{"colormag_page_container_layout":"default_layout","colormag_page_sidebar_layout":"default_layout","footnotes":""},"categories":[43,27,39,48],"tags":[],"class_list":["post-2479","post","type-post","status-publish","format-standard","has-post-thumbnail","hentry","category-maertyrer","category-palaestina","category-reden","category-revolution"],"_links":{"self":[{"href":"http:\/\/www.ahl-ul-bait.de\/imam-chamenei\/wp-json\/wp\/v2\/posts\/2479","targetHints":{"allow":["GET"]}}],"collection":[{"href":"http:\/\/www.ahl-ul-bait.de\/imam-chamenei\/wp-json\/wp\/v2\/posts"}],"about":[{"href":"http:\/\/www.ahl-ul-bait.de\/imam-chamenei\/wp-json\/wp\/v2\/types\/post"}],"author":[{"embeddable":true,"href":"http:\/\/www.ahl-ul-bait.de\/imam-chamenei\/wp-json\/wp\/v2\/users\/1"}],"replies":[{"embeddable":true,"href":"http:\/\/www.ahl-ul-bait.de\/imam-chamenei\/wp-json\/wp\/v2\/comments?post=2479"}],"version-history":[{"count":1,"href":"http:\/\/www.ahl-ul-bait.de\/imam-chamenei\/wp-json\/wp\/v2\/posts\/2479\/revisions"}],"predecessor-version":[{"id":2483,"href":"http:\/\/www.ahl-ul-bait.de\/imam-chamenei\/wp-json\/wp\/v2\/posts\/2479\/revisions\/2483"}],"wp:featuredmedia":[{"embeddable":true,"href":"http:\/\/www.ahl-ul-bait.de\/imam-chamenei\/wp-json\/wp\/v2\/media\/2484"}],"wp:attachment":[{"href":"http:\/\/www.ahl-ul-bait.de\/imam-chamenei\/wp-json\/wp\/v2\/media?parent=2479"}],"wp:term":[{"taxonomy":"category","embeddable":true,"href":"http:\/\/www.ahl-ul-bait.de\/imam-chamenei\/wp-json\/wp\/v2\/categories?post=2479"},{"taxonomy":"post_tag","embeddable":true,"href":"http:\/\/www.ahl-ul-bait.de\/imam-chamenei\/wp-json\/wp\/v2\/tags?post=2479"}],"curies":[{"name":"wp","href":"https:\/\/api.w.org\/{rel}","templated":true}]}}