{"id":2511,"date":"2025-06-13T10:59:41","date_gmt":"2025-06-13T08:59:41","guid":{"rendered":"http:\/\/khamenei.de\/wordpress\/?p=2511"},"modified":"2025-06-26T13:57:33","modified_gmt":"2025-06-26T11:57:33","slug":"imam-chameneis-fernsehbotschaft-an-das-iranische-volk-zum-angriff-israels-auf-den-iran","status":"publish","type":"post","link":"http:\/\/www.ahl-ul-bait.de\/imam-chamenei\/2025\/06\/13\/imam-chameneis-fernsehbotschaft-an-das-iranische-volk-zum-angriff-israels-auf-den-iran\/","title":{"rendered":"Imam Chameneis Fernsehbotschaft an das iranische Volk zum Angriff Israels auf den Iran"},"content":{"rendered":"<p><span style=\"font-family: georgia, palatino; font-size: 17px;\"><i>Am 13. Juni 2025 ver\u00f6ffentliche Imam Chamenei eine Fernsehbotschaft, anl\u00e4sslich des israelischen Angriffes auf den Iran. Es folgt die sinngem\u00e4\u00dfe \u00dcbersetzung der Botschaft aus dem <a href=\"https:\/\/farsi.khamenei.ir\/speech-content?id=60432\" target=\"_blank\" rel=\"noopener\">persischen Original<\/a>. Obwohl es f\u00fcr alle hier ver\u00f6ffentlichten Texte gilt, wird darauf verwiesen, dass die \u00dcbersetzung zu Dokumentationszwecken ohne jegliche Kommentierung erfolgt und die dargestellte Meinung nicht mit der Meinung der Herausgeber \u00fcbereinstimmen muss.<\/i><\/span><\/p>\n<hr \/>\n<p><span style=\"font-family: georgia, palatino; font-size: 17px;\"><b>Im Namen Allahs, des Gn\u00e4digen, des Begnadenden<\/b><\/span><\/p>\n<p><span style=\"font-family: georgia, palatino; font-size: 17px;\">Ich gr\u00fc\u00dfe das liebe und gro\u00dfe Volk unseres Landes.<\/span><\/p>\n<p><span style=\"font-family: georgia, palatino; font-size: 17px;\">Zum M\u00e4rtyrertod der ehrenwerten Kommandeure und Wissenschaftler \u2013 was nat\u00fcrlich f\u00fcr alle schwerwiegend ist \u2013 sowie einiger ziviler B\u00fcrger spreche ich dem iranischen Volk und ihren Familien sowohl meine Gl\u00fcckw\u00fcnsche als auch mein Beileid aus. Wir hoffen, so Gott will, dass Gott der Erhabene ihre Rangstufen erh\u00f6ht und ihre reinen Seelen mit Seiner besonderen Gnade bedenkt.<\/span><\/p>\n<p><span style=\"font-family: georgia, palatino; font-size: 17px;\">Was ich nun gerne mit unserem lieben Volk teilen m\u00f6chte ist, dass das zionistische Regime einen gro\u00dfen Fehler begangen hat, einen schweren Irrtum, eine verbrecherische Tat und die Folgen davon werden es, durch den g\u00f6ttlichen Erfolg, ins Elend st\u00fcrzen.<\/span><\/p>\n<p><span style=\"font-family: georgia, palatino; font-size: 17px;\">Das iranische Volk wird das Blut seiner ehrenwerten M\u00e4rtyrer nicht unges\u00fchnt lassen, noch wird es die Verletzung des Luftraums seines Landes hinnehmen. Unsere Streitkr\u00e4fte sind bereit, und die Verantwortlichen des Landes sowie das gesamte Volk stehen geschlossen hinter den Streitkr\u00e4ften.<\/span><\/p>\n<p><span style=\"font-family: georgia, palatino; font-size: 17px;\">Heute wurden von allen politischen Fraktionen des Landes und zahlreichen Teilen der Bev\u00f6lkerung \u00e4hnliche Botschaften ge\u00e4u\u00dfert. Alle f\u00fchlen, dass der niedertr\u00e4chtigen, gemeinen, terroristischen Identit\u00e4t des zionistischen Regimes mit Kraft entgegentreten werden muss. Man muss mit St\u00e4rke handeln, und so Gott will, wird auch mit St\u00e4rke gehandelt werden und wir werden mit ihnen keine Nachsicht \u00fcben.<\/span><\/p>\n<p><span style=\"font-family: georgia, palatino; font-size: 17px;\">Das Leben wird f\u00fcr sie bitter werden, ohne Zweifel. Sie sollen nicht denken, dass sie zugeschlagen haben und damit sei es erledigt. Nein. Sie haben den Anfang gemacht und den Krieg entfacht. Wir werden ihnen nicht erlauben, sich ungeschoren von diesem gro\u00dfen Verbrechen, das sie begangen haben, zu befreien. Ganz gewiss werden die Streitkr\u00e4fte der Islamischen Republik dem niedertr\u00e4chtigen Feind schwere Schl\u00e4ge versetzen.<\/span><\/p>\n<p><span style=\"font-family: georgia, palatino; font-size: 17px;\">Auch das Volk steht hinter uns, hinter den Streitkr\u00e4ften, und die Islamische Republik wird \u2013 mit der Erlaubnis Gottes \u2013 \u00fcber das zionistische Regime triumphieren.<\/span><\/p>\n<p><span style=\"font-family: georgia, palatino; font-size: 17px;\">Das liebe Volk soll dies wissen, sich sicher sein und beruhigt sein, dass in dieser Angelegenheit keinerlei Nachl\u00e4ssigkeit erfolgen wird.<\/span><\/p>\n<p><span style=\"font-family: georgia, palatino; font-size: 17px;\">Und der Friede, die Gnade Allahs und sein Segen seien mit Euch.<\/span><\/p>\n","protected":false},"excerpt":{"rendered":"<p>Am 13. Juni 2025 ver\u00f6ffentliche Imam Chamenei eine Fernsehbotschaft, anl\u00e4sslich des israelischen Angriffes auf den Iran. Es folgt die sinngem\u00e4\u00dfe<\/p>\n","protected":false},"author":1,"featured_media":2512,"comment_status":"closed","ping_status":"open","sticky":false,"template":"","format":"standard","meta":{"colormag_page_container_layout":"default_layout","colormag_page_sidebar_layout":"default_layout","footnotes":""},"categories":[30,27,39,33],"tags":[],"class_list":["post-2511","post","type-post","status-publish","format-standard","has-post-thumbnail","hentry","category-iran","category-palaestina","category-reden","category-weltpolitik"],"_links":{"self":[{"href":"http:\/\/www.ahl-ul-bait.de\/imam-chamenei\/wp-json\/wp\/v2\/posts\/2511","targetHints":{"allow":["GET"]}}],"collection":[{"href":"http:\/\/www.ahl-ul-bait.de\/imam-chamenei\/wp-json\/wp\/v2\/posts"}],"about":[{"href":"http:\/\/www.ahl-ul-bait.de\/imam-chamenei\/wp-json\/wp\/v2\/types\/post"}],"author":[{"embeddable":true,"href":"http:\/\/www.ahl-ul-bait.de\/imam-chamenei\/wp-json\/wp\/v2\/users\/1"}],"replies":[{"embeddable":true,"href":"http:\/\/www.ahl-ul-bait.de\/imam-chamenei\/wp-json\/wp\/v2\/comments?post=2511"}],"version-history":[{"count":1,"href":"http:\/\/www.ahl-ul-bait.de\/imam-chamenei\/wp-json\/wp\/v2\/posts\/2511\/revisions"}],"predecessor-version":[{"id":2513,"href":"http:\/\/www.ahl-ul-bait.de\/imam-chamenei\/wp-json\/wp\/v2\/posts\/2511\/revisions\/2513"}],"wp:featuredmedia":[{"embeddable":true,"href":"http:\/\/www.ahl-ul-bait.de\/imam-chamenei\/wp-json\/wp\/v2\/media\/2512"}],"wp:attachment":[{"href":"http:\/\/www.ahl-ul-bait.de\/imam-chamenei\/wp-json\/wp\/v2\/media?parent=2511"}],"wp:term":[{"taxonomy":"category","embeddable":true,"href":"http:\/\/www.ahl-ul-bait.de\/imam-chamenei\/wp-json\/wp\/v2\/categories?post=2511"},{"taxonomy":"post_tag","embeddable":true,"href":"http:\/\/www.ahl-ul-bait.de\/imam-chamenei\/wp-json\/wp\/v2\/tags?post=2511"}],"curies":[{"name":"wp","href":"https:\/\/api.w.org\/{rel}","templated":true}]}}