{"id":2514,"date":"2025-06-04T16:25:08","date_gmt":"2025-06-04T14:25:08","guid":{"rendered":"http:\/\/khamenei.de\/wordpress\/?p=2514"},"modified":"2025-06-16T16:32:39","modified_gmt":"2025-06-16T14:32:39","slug":"imam-chomeinis-geistige-erbe-lebt-weiter","status":"publish","type":"post","link":"http:\/\/www.ahl-ul-bait.de\/imam-chamenei\/2025\/06\/04\/imam-chomeinis-geistige-erbe-lebt-weiter\/","title":{"rendered":"Imam Chomeinis geistige Erbe lebt weiter"},"content":{"rendered":"\n<figure class=\"wp-block-gallery has-nested-images columns-default is-cropped wp-block-gallery-1 is-layout-flex wp-block-gallery-is-layout-flex\">\n<figure class=\"wp-block-image size-large\"><img loading=\"lazy\" decoding=\"async\" width=\"683\" height=\"1024\" data-id=\"2516\" src=\"http:\/\/ahl-ul-bait.de\/imam-chamenei\/wp-content\/uploads\/2025\/06\/2-683x1024.jpg\" alt=\"\" class=\"wp-image-2516\" srcset=\"http:\/\/www.ahl-ul-bait.de\/imam-chamenei\/wp-content\/uploads\/2025\/06\/2-683x1024.jpg 683w, http:\/\/www.ahl-ul-bait.de\/imam-chamenei\/wp-content\/uploads\/2025\/06\/2-200x300.jpg 200w, http:\/\/www.ahl-ul-bait.de\/imam-chamenei\/wp-content\/uploads\/2025\/06\/2-768x1152.jpg 768w, http:\/\/www.ahl-ul-bait.de\/imam-chamenei\/wp-content\/uploads\/2025\/06\/2.jpg 1000w\" sizes=\"auto, (max-width: 683px) 100vw, 683px\" \/><\/figure>\n\n\n\n<figure class=\"wp-block-image size-large\"><img loading=\"lazy\" decoding=\"async\" width=\"2550\" height=\"1700\" data-id=\"2517\" src=\"http:\/\/ahl-ul-bait.de\/imam-chamenei\/wp-content\/uploads\/2025\/06\/3-1024x683.jpg\" alt=\"\" class=\"wp-image-2517\" srcset=\"http:\/\/www.ahl-ul-bait.de\/imam-chamenei\/wp-content\/uploads\/2025\/06\/3-1024x683.jpg 1024w, http:\/\/www.ahl-ul-bait.de\/imam-chamenei\/wp-content\/uploads\/2025\/06\/3-300x200.jpg 300w, http:\/\/www.ahl-ul-bait.de\/imam-chamenei\/wp-content\/uploads\/2025\/06\/3-768x512.jpg 768w, http:\/\/www.ahl-ul-bait.de\/imam-chamenei\/wp-content\/uploads\/2025\/06\/3-1536x1024.jpg 1536w, http:\/\/www.ahl-ul-bait.de\/imam-chamenei\/wp-content\/uploads\/2025\/06\/3-2048x1365.jpg 2048w\" sizes=\"auto, (max-width: 2550px) 100vw, 2550px\" \/><\/figure>\n\n\n\n<figure class=\"wp-block-image size-large\"><img loading=\"lazy\" decoding=\"async\" width=\"1700\" height=\"2550\" data-id=\"2518\" src=\"http:\/\/ahl-ul-bait.de\/imam-chamenei\/wp-content\/uploads\/2025\/06\/4-683x1024.jpg\" alt=\"\" class=\"wp-image-2518\" srcset=\"http:\/\/www.ahl-ul-bait.de\/imam-chamenei\/wp-content\/uploads\/2025\/06\/4-683x1024.jpg 683w, http:\/\/www.ahl-ul-bait.de\/imam-chamenei\/wp-content\/uploads\/2025\/06\/4-200x300.jpg 200w, http:\/\/www.ahl-ul-bait.de\/imam-chamenei\/wp-content\/uploads\/2025\/06\/4-768x1152.jpg 768w, http:\/\/www.ahl-ul-bait.de\/imam-chamenei\/wp-content\/uploads\/2025\/06\/4-1024x1536.jpg 1024w, http:\/\/www.ahl-ul-bait.de\/imam-chamenei\/wp-content\/uploads\/2025\/06\/4-1365x2048.jpg 1365w, http:\/\/www.ahl-ul-bait.de\/imam-chamenei\/wp-content\/uploads\/2025\/06\/4.jpg 1700w\" sizes=\"auto, (max-width: 1700px) 100vw, 1700px\" \/><\/figure>\n\n\n\n<figure class=\"wp-block-image size-large\"><img loading=\"lazy\" decoding=\"async\" width=\"1024\" height=\"683\" data-id=\"2519\" src=\"http:\/\/ahl-ul-bait.de\/imam-chamenei\/wp-content\/uploads\/2025\/06\/5-1024x683.jpg\" alt=\"\" class=\"wp-image-2519\" srcset=\"http:\/\/www.ahl-ul-bait.de\/imam-chamenei\/wp-content\/uploads\/2025\/06\/5-1024x683.jpg 1024w, http:\/\/www.ahl-ul-bait.de\/imam-chamenei\/wp-content\/uploads\/2025\/06\/5-300x200.jpg 300w, http:\/\/www.ahl-ul-bait.de\/imam-chamenei\/wp-content\/uploads\/2025\/06\/5-768x512.jpg 768w, http:\/\/www.ahl-ul-bait.de\/imam-chamenei\/wp-content\/uploads\/2025\/06\/5-1536x1024.jpg 1536w, http:\/\/www.ahl-ul-bait.de\/imam-chamenei\/wp-content\/uploads\/2025\/06\/5-2048x1365.jpg 2048w\" sizes=\"auto, (max-width: 1024px) 100vw, 1024px\" \/><\/figure>\n\n\n\n<figure class=\"wp-block-image size-large\"><img loading=\"lazy\" decoding=\"async\" width=\"1024\" height=\"683\" data-id=\"2515\" src=\"http:\/\/ahl-ul-bait.de\/imam-chamenei\/wp-content\/uploads\/2025\/06\/7-1024x683.jpg\" alt=\"\" class=\"wp-image-2515\" srcset=\"http:\/\/www.ahl-ul-bait.de\/imam-chamenei\/wp-content\/uploads\/2025\/06\/7-1024x683.jpg 1024w, http:\/\/www.ahl-ul-bait.de\/imam-chamenei\/wp-content\/uploads\/2025\/06\/7-300x200.jpg 300w, http:\/\/www.ahl-ul-bait.de\/imam-chamenei\/wp-content\/uploads\/2025\/06\/7-768x512.jpg 768w, http:\/\/www.ahl-ul-bait.de\/imam-chamenei\/wp-content\/uploads\/2025\/06\/7-1536x1024.jpg 1536w, http:\/\/www.ahl-ul-bait.de\/imam-chamenei\/wp-content\/uploads\/2025\/06\/7-2048x1365.jpg 2048w\" sizes=\"auto, (max-width: 1024px) 100vw, 1024px\" \/><\/figure>\n\n\n\n<figure class=\"wp-block-image size-large\"><img loading=\"lazy\" decoding=\"async\" width=\"1024\" height=\"683\" data-id=\"2520\" src=\"http:\/\/ahl-ul-bait.de\/imam-chamenei\/wp-content\/uploads\/2025\/06\/6-1024x683.jpg\" alt=\"\" class=\"wp-image-2520\" srcset=\"http:\/\/www.ahl-ul-bait.de\/imam-chamenei\/wp-content\/uploads\/2025\/06\/6-1024x683.jpg 1024w, http:\/\/www.ahl-ul-bait.de\/imam-chamenei\/wp-content\/uploads\/2025\/06\/6-300x200.jpg 300w, http:\/\/www.ahl-ul-bait.de\/imam-chamenei\/wp-content\/uploads\/2025\/06\/6-768x512.jpg 768w, http:\/\/www.ahl-ul-bait.de\/imam-chamenei\/wp-content\/uploads\/2025\/06\/6-1536x1024.jpg 1536w, http:\/\/www.ahl-ul-bait.de\/imam-chamenei\/wp-content\/uploads\/2025\/06\/6-2048x1365.jpg 2048w\" sizes=\"auto, (max-width: 1024px) 100vw, 1024px\" \/><\/figure>\n<\/figure>\n\n\n<p>\u00a0<\/p>\n<p><span style=\"font-family: georgia, palatino; font-size: 17px;\"><i>Am 4. Juni 2025 hielt Imam Chamenei anl\u00e4sslich des 36. Jahrestages des Ablebens von Imam Chomeini eine Rede im Mausoleum von Imam Chomeini in Anwesenheit des Volkes. Es folgt die sinngem\u00e4\u00dfe \u00dcbersetzung der Rede aus dem <a href=\"https:\/\/farsi.khamenei.ir\/speech-content?id=60365\" target=\"_blank\" rel=\"noopener\">persischen Original<\/a>. Obwohl es f\u00fcr alle hier ver\u00f6ffentlichten Texte gilt, wird darauf verwiesen, dass die \u00dcbersetzung zu Dokumentationszwecken ohne jegliche Kommentierung erfolgt und die dargestellte Meinung nicht mit der Meinung der Herausgeber \u00fcbereinstimmen muss.<\/i><\/span><\/p>\n<hr \/>\n<p><span style=\"font-family: georgia, palatino; font-size: 17px;\"><b>Im Namen Allahs, des Gn\u00e4digen, des Begnadenden<\/b><\/span><\/p>\n<p><span style=\"font-family: georgia, palatino; font-size: 17px;\">Aller Dank ist Allahs, des Herrn der Welten, und der Frieden und Segen seien mit unserem Meister und Propheten und dem Geliebten unserer Herzen und dem Heiler unserer Seelen, Abul Qasim al-Mustafa Muhammad und seiner reinen, fehlerlosen und auserw\u00e4hlten Familie und insbesondere mit dem Verbliebenen Allahs auf Erden (Baqiyyatullah, Imam Mahdi).<\/span><\/p>\n<p><span style=\"font-family: georgia, palatino; font-size: 17px;\">Vor allen Worten sende ich meinen Gru\u00df an die reine Seele des gro\u00dfen Imams [Chomeini] und bitte in diesen Tagen des Gottesdienstes, der Achtsamkeit und der Erinnerung Gott den Erhabenen um die Erh\u00f6hung der Rangstufe dieses Ehrw\u00fcrdigen. Morgen ist der Tag von Arafat, der Fr\u00fchling des Bittgebets, der Fr\u00fchling der Demut und der Achtsamkeit und des F\u00fcrspracheersuchens. Wir alle sollten, so Gott will, diese Gelegenheit nutzen. Ich sage es besonders den Jugendlichen: Nutzt den Tag von Arafat bestm\u00f6glich. Betet, sucht Zuflucht, bringt eure Bitten, eure Bed\u00fcrfnisse, eure Ziele vor Gott den Erhabenen und bittet Ihn um Hilfe, um Rechtleitung. Ich empfehle besonders den Jugendlichen, dass sie zus\u00e4tzlich zum Bittgebet Imam Hussains am Tag von Arafat \u2013 das ein sehr gef\u00fchlvolles und leidenschaftliches Bittgebet ist \u2013 auch das Bittgebet von Imam Sadschad (Friede sei mit ihm), das das 47. Bittgebet aus \u201eBl\u00e4tter der Niederwerfung\u201c [Sahifa as-Sadschadiyya] ist, lesen. Es ist nat\u00fcrlich ein langes Bittgebet, aber lest so viel, wie ihr im Zustand des Bittgebets seid und k\u00f6nnt. Es ist nicht notwendig, wenn man keine Zeit oder keinen Zustand oder keine Gelegenheit hat, dass man das ganze Bittgebet liest.<\/span><\/p>\n<p><span style=\"font-family: georgia, palatino; font-size: 17px;\">Das Thema, das ich heute ansprechen m\u00f6chte und vorbereitet habe, ist ein Wort \u00fcber den ehrw\u00fcrdigen verstorbenen Imam, und danach auch ein kurzer Punkt zu einer nationalen Angelegenheit, deren Kenntnis f\u00fcr das Volk, so Gott will, n\u00fctzlich ist.<\/span><\/p>\n<p><span style=\"font-family: georgia, palatino; font-size: 17px;\">Ich m\u00f6chte das Thema von hier aus beginnen: Das politische System unseres Landes \u2013 das Gott sei Dank ein System mit Reife, Stabilit\u00e4t und St\u00e4rke ist \u2013 ist hervorgegangen und geboren aus einer gewaltigen Revolution. Das Oberhaupt dieser Revolution, ihr Begr\u00fcnder und der Architekt des islamischen Systems, das aus dieser Revolution hervorgegangen ist, ist ein gro\u00dfer Mann, dessen Gegenwart \u2013 heute, mehr als 30 Jahre nach seinem Ableben \u2013 in der Welt weiterhin sp\u00fcrbar ist. Der gewaltige Einfluss, den er und seine Revolution ausge\u00fcbt haben, l\u00e4sst sich in der heutigen Welt deutlich erkennen: Die multipolare Weltordnung ist beeinflusst von seiner Revolution; der Niedergang gro\u00dfer M\u00e4chte ist beeinflusst von seiner Revolution; der starke R\u00fcckgang der Stellung und des Einflusses Amerikas in der Welt ist beeinflusst von seiner Revolution; der allgemeine Hass gegen\u00fcber dem Zionismus \u2013 der heute klar in der Welt zu sehen ist \u2013 ist beeinflusst von seiner Revolution; die Offenheit vieler V\u00f6lker, besonders ihrer Jugend, in der Ablehnung westlicher Werte, die heute zu beobachten ist, ist beeinflusst von seiner Revolution. Heute sieht man im Westen, in Europa, sogar in Amerika und in deren abh\u00e4ngigen L\u00e4ndern, eine Bewegung hin zur Abkehr von westlichen Werten. Die Revolution unseres ehrw\u00fcrdigen Imams [Chomeini] und die Revolution des iranischen Volkes hat zweifellos auf all diese genannten Dinge erheblich eingewirkt und Einfluss genommen. Eine solche Revolution hat der ehrw\u00fcrdige Imam mit Hilfe des Volkes hervorgebracht.<\/span><\/p>\n<p><span style=\"font-family: georgia, palatino; font-size: 17px;\">Die Islamische Revolution Irans hat die westliche Welt \u00fcberrascht! Sie waren \u00fcberrascht, sie hatten es nicht erwartet, sie hatten nicht geglaubt, dass ein einzelner Geistlicher, ohne Ausr\u00fcstung und ohne nennenswerte finanzielle Mittel, ein Volk in Bewegung setzen k\u00f6nnte. Im Westen hielt das niemand f\u00fcr m\u00f6glich und niemand hatte es erwartet. Sie hielten es nicht f\u00fcr m\u00f6glich, dass dieses Volk unter der F\u00fchrung dieses religi\u00f6sen Gelehrten mit leeren H\u00e4nden gegen ein bis an die Z\u00e4hne bewaffnetes Regime, das im Iran an der Macht war, siegen k\u00f6nnte \u2013 ein Regime, das von allen Weltm\u00e4chten unterst\u00fctzt wurde, ob \u00f6stlich oder westlich. Sie hielten es nicht f\u00fcr m\u00f6glich, dass dieses Regime gest\u00fcrzt werden k\u00f6nnte. Sie hielten es nicht f\u00fcr m\u00f6glich, dass diese Revolution und dieser Imam die Amerikaner und die Zionisten, die sich \u00fcber Jahre hinweg im Iran festgesetzt hatten und alles unter Kontrolle hatten, hinwegfegen k\u00f6nnten. Sie hielten es nicht f\u00fcr m\u00f6glich, dass sie diese aus dem Land vertreiben k\u00f6nnten und keinerlei Spur von ihnen im Land verbleiben w\u00fcrde.<\/span><\/p>\n<p><span style=\"font-family: georgia, palatino; font-size: 17px;\">Die n\u00e4chste \u00dcberraschung f\u00fcr sie war die Gr\u00fcndung des Systems der Islamischen Republik. Wenn nach der Revolution eine kompromissbereite Regierung an die Macht gekommen w\u00e4re \u2013 wie es zu Beginn auch einige Anzeichen daf\u00fcr gab, dass eine solche mit dem Westen kompromissbereite Regierung an die Macht kommen k\u00f6nnte \u2013 wenn so etwas geschehen w\u00e4re, h\u00e4tten die Westm\u00e4chte Hoffnung gesch\u00f6pft, erneut im Iran Einfluss zu gewinnen und ihre unrechtm\u00e4\u00dfigen Interessen in diesem Land durchzusetzen. Doch der Imam brachte seine klaren und deutlichen Positionen zum Aufbau eines islamischen Landes zum Ausdruck. Das hei\u00dft, der Imam verk\u00fcndete \u2013 sowohl mit Worten als auch mit Taten \u2013, dass das System, das aus dieser Revolution hervorgegangen ist, ein islamisches System, ein religi\u00f6ses System ist. Von da an begannen die Verschw\u00f6rungen. Nachdem die Westm\u00e4chte gesp\u00fcrt hatten, in welche Richtung sich die Revolution bewegt, in welche Richtung das iranische Volk sich bewegt und voranschreitet, begannen die Verschw\u00f6rungen der Feinde, ihre zerst\u00f6rerischen Pl\u00e4ne, ihre vernichtenden Entw\u00fcrfe f\u00fcr unser ehrw\u00fcrdiges Land und unser Volk.<\/span><\/p>\n<p><span style=\"font-family: georgia, palatino; font-size: 17px;\">Ich kenne kein revolution\u00e4res System in der Welt, in der Geschichte der letzten zwei, drei Jahrhunderte der Revolutionen, das in diesem Ma\u00dfe Ziel von Verschw\u00f6rungen, Feindschaften und feindlichen Planungen gewesen w\u00e4re. Schaut euch an, was seit Beginn der Revolution geschehen ist: von der Anstachelung ethnischer Gruppen und Nationalit\u00e4ten, \u00fcber die Bewaffnung linker Gruppen \u2013 es gab in Iran mehr oder weniger linke Gruppen, sie wurden bewaffnet, in Universit\u00e4ten und anderen Orten eingeschleust, um sie f\u00fcr Aktionen gegen das System vorzubereiten \u2013 bis hin zur Anstachelung und Unterst\u00fctzung eines blutr\u00fcnstigen Wolfes wie Saddam Hussein, den sie angestachelt, gezwungen und ermutigt haben, unsere Grenzen anzugreifen; bis hin zu gezielten Attentaten: das Attentat auf den M\u00e4rtyrer Motahhari, das Attentat auf den M\u00e4rtyrer Beheschti, das Attentat auf den M\u00e4rtyrer Mofatteh, das Attentat auf den M\u00e4rtyrer Radschaei, das Attentat auf die M\u00e4rtyrer der Gebetsnische \u2013 und so ging es weiter bis zu den Attentaten auf Atomwissenschaftler, bis zu den Attentaten auf aktive revolution\u00e4re Jugendliche. Seht, all das ist eine Reihe von Planungen, die gegen das aus der Revolution hervorgegangene System im Iran durchgef\u00fchrt wurden. Dann kamen die umfassenden Sanktionen, dann direkte Angriffe wie der Angriff der Amerikaner auf Tabas und jenes bekannte und wundersame Ereignis, oder der Angriff auf das Passagierflugzeug und dessen Abschuss, und \u00e4hnliche Aktionen. Solche Ma\u00dfnahmen gegen das aus der Islamischen Revolution hervorgegangene System begannen von Anfang an und dauern nat\u00fcrlich bis heute an. Die Vielfalt, die Intensit\u00e4t und der niedertr\u00e4chtige Inhalt dieser Pl\u00e4ne und Verschw\u00f6rungen haben meiner Meinung nach in keiner anderen der bekannten Revolutionen der Weltgeschichte ihresgleichen.<\/span><\/p>\n<p><span style=\"font-family: georgia, palatino; font-size: 17px;\">Wer hat diese Verschw\u00f6rungen durchgef\u00fchrt? Es gibt F\u00e4lle, in denen terroristische Gruppen etwas unternehmen, aber im Iran war es nicht so. Diese Verschw\u00f6rungen, diese Planungen, diese Niedertr\u00e4chtigkeiten wurden von den arroganten Staaten \u2013 haupts\u00e4chlich den USA und dem Zionismus \u2013 und durch die bekannten Geheimdienste der Welt wie der CIA, die zu Amerika geh\u00f6rt, den MI6, der zu Gro\u00dfbritannien geh\u00f6rt, und dem Mossad, der zum zionistischen Regime geh\u00f6rt, durchgef\u00fchrt. [Publikum ruft \u201eNieder mit Amerika\u201c]<\/span><\/p>\n<p><span style=\"font-family: georgia, palatino; font-size: 17px;\">Das islamische System, die Islamische Republik, hat all diesen Verschw\u00f6rungen, Planungen und Feindseligkeiten standgehalten und diese Verschw\u00f6rungen zunichtegemacht. Wenn man es z\u00e4hlen w\u00fcrde, wurden vielleicht \u00fcber tausend Verschw\u00f6rungen von der Islamischen Republik vereitelt, und einige wurden auch beantwortet. Das Wichtige ist, dass diese Verschw\u00f6rungen unternommen wurden, um die Islamische Republik zu schw\u00e4chen, doch die Islamische Republik wurde nicht nur nicht geschw\u00e4cht, sondern ihre F\u00e4higkeiten und ihre St\u00e4rke nahmen Tag f\u00fcr Tag zu. Nicht nur im Inland, sondern sogar im Ausland haben sich die unterschiedlichen F\u00e4higkeiten der Islamischen Republik vermehrt. Und an dieser Stelle sage ich dem iranischen Volk und allen, die sich f\u00fcr die Angelegenheiten Irans interessieren, dass wir \u2013 mit Gottes Beistand \u2013 auch in Zukunft, soweit es uns m\u00f6glich ist, unsere umfassende nationale St\u00e4rke weiter ausbauen werden. [Publikum ruft Parolen beginnend mit \u201eAllahu Akbar\u201c]<\/span><\/p>\n<p><span style=\"font-family: georgia, palatino; font-size: 17px;\">An dieser Stelle m\u00f6chte ich einen notwendigen Punkt ansprechen, und nach diesem Punkt werde ich auf mein eigentliches Thema zu sprechen kommen. Der Punkt ist folgender: Soziale Aufst\u00e4nde entstehen \u00fcberall auf der Welt in der Regel mit Hilfe von Emotionen. Emotionen tragen dazu bei, dass soziale Aufst\u00e4nde entstehen und erfolgreich werden. Wenn hinter diesen Emotionen auch ein Gedanke und eine Rationalit\u00e4t steht, dann geht diese rationale Grundlage meistens zwischen den aus den Emotionen hervorgegangenen Meinungen und Einsch\u00e4tzungen verloren oder wird abgeschw\u00e4cht. Die Emotionen \u00fcberlagern sehr oft die rationalen Ziele der Aufst\u00e4nde. Was ist das Ergebnis? Das Ergebnis ist, dass, wenn die Emotionen abklingen, der Weg, f\u00fcr den die Revolution ins Leben gerufen wurde, sich \u00e4ndert. Weil die Rationalit\u00e4t, die hinter dem Aufstand stand, verloren gegangen oder schw\u00e4cher geworden ist, ver\u00e4ndert sich also der Weg. Es gibt viele Beispiele daf\u00fcr in der Geschichte. Zum Beispiel: Die Franz\u00f6sische Revolution im 18. Jahrhundert entstand, um gegen die Monarchie einer bestimmten Dynastie \u2013 der Bourbonen \u2013 zu k\u00e4mpfen. Nachdem die Revolution gesiegt hatte und sogar den K\u00f6nig und seine Frau t\u00f6tete, ergriffen verschiedene Emotionen unter dem Volk so sehr das gesamte Umfeld, dass die Menschen verga\u00dfen, wof\u00fcr sie aufgestanden waren, wof\u00fcr sie gek\u00e4mpft und das Feld betreten hatten. Nach etwa 15 Jahren entstand die Monarchie Napoleons \u00fcber Frankreich, und nach seinem Weggang kam dieselbe Dynastie, gegen die sich die Revolution gerichtet hatte, wieder an die Macht, und f\u00fcr etwa 70 oder 80 Jahre lebte Frankreich, das gegen die Monarchie gek\u00e4mpft hatte, erneut mit der Monarchie. Das hei\u00dft, die rationale Grundlage, die hinter diesem Aufstand und dieser Revolution stand, ging v\u00f6llig verloren und verschwand. Das sehen wir in fast allen Revolutionen oder in den meisten Revolutionen der Welt.<\/span><\/p>\n<p><span style=\"font-family: georgia, palatino; font-size: 17px;\">Meine Hauptaussage ist, dass der Imam die Islamische Revolution vor dieser zerst\u00f6rerischen Gefahr bewahrt und ihr Immunit\u00e4t verliehen hat. Der ehrenwerte Imam hat mit g\u00f6ttlicher Weitsicht und einer aus der \u00dcberzeugung von Gott und der \u00dcberzeugung vom Verborgenen hervorgegangenen Rationalit\u00e4t etwas vollbracht, wodurch diese Gefahr die Islamische Revolution nicht erfasste. Das hei\u00dft, er sorgte daf\u00fcr, dass die Emotionen \u2013 und nat\u00fcrlich gab es in unserer Revolution viele Emotionen \u2013 nicht in der Lage waren, den urspr\u00fcnglichen, richtigen Weg der Revolution und die Bewegung des Volkes vom Pfad abzubringen und das Volk von diesem Weg zu entfernen.<\/span><\/p>\n<p><span style=\"font-family: georgia, palatino; font-size: 17px;\">Was hat der Imam getan? Der Ausdruck der Rationalit\u00e4t des Imams, jener Rationalit\u00e4t, die es ihm erm\u00f6glichte, dies zu vollbringen, bestand aus zwei grundlegenden S\u00e4ulen: eine S\u00e4ule war die \u201eStatthalterschaft des Rechtsgelehrten\u201c [Wilayat ul-Faqih] und die andere die \u201enationale Unabh\u00e4ngigkeit\u201c. Das, was im edlen Geist des Imams verankert war und sich immer wieder in seinen Worten wiederholte, beschreibe ich unter dem Begriff \u201enationale Unabh\u00e4ngigkeit\u201c. Wenn ich dar\u00fcber nachdenke, sehe ich, dass es keinen passenderen Ausdruck als nationale Unabh\u00e4ngigkeit gibt.<\/span><\/p>\n<p><span style=\"font-family: georgia, palatino; font-size: 17px;\">\u00dcber die \u201eStatthalterschaft des Rechtsgelehrten\u201c [Wilayat ul-Faqih] wurden viele Erkl\u00e4rungen gegeben, ich m\u00f6chte nun nicht darauf eingehen. Die \u201eStatthalterschaft des Rechtsgelehrten\u201c bewahrte den religi\u00f6sen Aspekt dieser Revolution. Wenn es die \u201eStatthalterschaft des Rechtsgelehrten\u201c nicht gegeben h\u00e4tte, w\u00e4re diese Revolution, die aus religi\u00f6sem Antrieb und aus einem durch die \u00dcberzeugung von Gott entstandenen Opfergeist hervorgegangen war, vom Pfad der Religion abgewichen. Daher war die erste S\u00e4ule die \u201eStatthalterschaft des Rechtsgelehrten\u201c. Das ist die Rationalit\u00e4t des ehrenwerten Imams. Eine Rationalit\u00e4t, die hinter dieser allgemeinen Bewegung des Volkes steht, sie vorantreibt und lenkt. \u00dcber die \u201eStatthalterschaft des Rechtsgelehrten\u201c werde ich nun nicht weiter sprechen.<\/span><\/p>\n<p><span style=\"font-family: georgia, palatino; font-size: 17px;\">Die zweite S\u00e4ule ist die nationale Unabh\u00e4ngigkeit. Viele der \u00dcberschriften der Themen, die sich in den Aussagen des Imams wiederholen und auf die er immer wieder Nachdruck legte, fallen unter den Begriff der nationalen Unabh\u00e4ngigkeit. Nat\u00fcrlich bedeutet Unabh\u00e4ngigkeit nicht, dass man die Beziehung zur Umgebung und zur Welt abbricht. Manche sollen nicht t\u00e4uschen und behaupten, wir h\u00e4tten uns selbst isoliert \u2013 nein, Unabh\u00e4ngigkeit bedeutet nicht, dass man keine Beziehungen zu jemandem hat. Die Bedeutung von Unabh\u00e4ngigkeit ist, dass das Land Iran, das Volk des Iran, auf eigenen F\u00fc\u00dfen steht, sich nicht auf diesen oder jenen verl\u00e4sst, selbst erkennt, selbst entscheidet, selbst handelt. Das ist die Bedeutung von nationaler Unabh\u00e4ngigkeit. Unabh\u00e4ngigkeit bedeutet, nicht auf ein gr\u00fcnes Licht von Amerika und \u00e4hnlichen L\u00e4ndern zu warten, sich nicht um ein rotes Licht von Amerika und \u00e4hnlichen L\u00e4ndern zu sorgen. Die Erkenntnis liegt beim iranischen Volk selbst, die Entscheidungen liegen beim iranischen Volk selbst, und das Handeln, wo immer es n\u00f6tig ist, liegt beim iranischen Volk selbst, ob nun andere, die M\u00e4chte, Amerika oder sonst wer, einverstanden sind oder dagegen, ist nicht von Bedeutung. Das ist die Bedeutung von Unabh\u00e4ngigkeit. Nun, wir sagten, dass sich viele wiederholte Themen aus den Aussagen des Imams unter diesem Begriff der nationalen Unabh\u00e4ngigkeit einordnen lassen. Ich werde einige dieser Themen nun nennen.<\/span><\/p>\n<p><span style=\"font-family: georgia, palatino; font-size: 17px;\">Ein zentrales Thema ist das Prinzip \u201eWir k\u00f6nnen es\u201c. Der Imam lehrte uns, dass wir sagen und daran glauben sollen, dass wir es k\u00f6nnen. Im vorherigen Regime hatte man gesagt und es das Volk glauben lassen, dass wir es nicht k\u00f6nnen, dass wir zu nichts imstande sind, dass andere f\u00fcr uns handeln m\u00fcssen. Der Imam jedoch hat das genaue Gegenteil \u2013 um 180 Grad \u2013 in die nationale Identit\u00e4t des iranischen Volkes eingebracht: \u201eWir k\u00f6nnen es\u201c. Das hei\u00dft, er hat das Selbstvertrauen im Volk und in der Jugend wiederbelebt.<\/span><\/p>\n<p><span style=\"font-family: georgia, palatino; font-size: 17px;\">Ich merke an dieser Stelle an, dass dieses \u201eWir k\u00f6nnen es\u201c so wichtig ist, dass sogar gezielt Pl\u00e4ne entworfen werden, um es zu negieren. Gerade jetzt, in der j\u00fcngsten Atomfrage und den Gespr\u00e4chen \u00fcber das Atomprogramm, die unter der Vermittlung Omans stattfinden, ist der Vorschlag, den die Amerikaner vorgelegt haben, zu hundert Prozent gegen das \u201eWir k\u00f6nnen es\u201c gerichtet. Der Imam hat das Selbstvertrauen in unserer Jugend und in unseren Politikern gest\u00e4rkt. Er sagte, wir k\u00f6nnen und wir haben es auch ausprobiert und gesehen: ja, wir k\u00f6nnen. Diese wissenschaftlichen Fortschritte, diese technologischen Fortschritte, diese Verteidigungsf\u00e4higkeiten, diese gro\u00dfen Arbeiten, die die Regierungen im Laufe der Jahre beim Aufbau dieses Landes geleistet haben \u2013 wir h\u00e4tten es nicht f\u00fcr m\u00f6glich gehalten. Man sagte auch, es sei nicht m\u00f6glich, wir haben es aber ausprobiert und gesehen: nein, das iranische Volk kann, und wir k\u00f6nnen. Das ist eines der wichtigen Themen und ein Grundprinzip der \u201enationalen Unabh\u00e4ngigkeit\u201c, das sich in den Aussagen des Imams immer wieder findet.<\/span><\/p>\n<p><span style=\"font-family: georgia, palatino; font-size: 17px;\">Das n\u00e4chste Prinzip ist das Prinzip des Widerstandes. Widerstand bedeutet, sich nicht dem Willen der Gro\u00dfm\u00e4chte zu beugen. Wenn man von etwas \u00fcberzeugt ist, etwas f\u00fcr notwendig h\u00e4lt oder etwas f\u00fcr verboten erachtet, dann soll man entsprechend seiner \u00dcberzeugung handeln und sich nicht dem Willen des Feindes, dem Zwang des Feindes, der Tyrannei des Feindes beugen. Das ist die Bedeutung von Widerstand. Einer der Bestandteile der nationalen Unabh\u00e4ngigkeit ist auch der Widerstand.<\/span><\/p>\n<p><span style=\"font-family: georgia, palatino; font-size: 17px;\">Ein weiteres Prinzip ist die \u201eSt\u00e4rkung der Verteidigungskraft des Landes\u201c, beziehungsweise die Erh\u00f6hung der Verteidigungskraft. Am Anfang der Revolution hatten wir keine Verteidigungsf\u00e4higkeiten, und unsere Verteidigungsproduktion war so gering, dass sie beinahe null entsprach. Das Wenige, was wir produzierten, konnte als Null angesehen werden. Der Imam lehrte uns, dass wir unsere Verteidigungskraft steigern m\u00fcssen. Ich ging zum Imam, um ihm mitzuteilen, dass unsere Jugendlichen gerade eine Panzerabwehrrakete mit bestimmten Eigenschaften herstellen und sie hatten sogar einen Zeitpunkt genannt, bis wann sie das Projekt umsetzen w\u00fcrden. Als ich dem Imam sagte, dass sie angek\u00fcndigt haben, bis zu diesem Zeitpunkt diese Arbeit zu vollenden, war er so sehr erfreut, dass ich selten solche Freude in seinem Gesicht gesehen habe! Er ermutigte dazu, die Verteidigungskraft zu steigern. Was ist das Ergebnis? Das Ergebnis ist, dass heute Gutachter der weltweiten Verteidigungskr\u00e4fte urteilen, dass Iran in dieser Region, in bestimmten Bereichen, den ersten Rang einnimmt oder sie \u00e4u\u00dfern Erstaunen dar\u00fcber, dass Iran \u2013 trotz Sanktionen \u2013 beispielsweise Satelliten ins All schicken kann und \u00c4hnliches. Das ist das Ergebnis dieser Verteidigungsf\u00e4higkeiten, und auch das ist eines der wichtigen Themen in den Aussagen des Imams.<\/span><\/p>\n<p><span style=\"font-family: georgia, palatino; font-size: 17px;\">Ein weiteres zentrales Thema ist das Prinzip der \u201eAufkl\u00e4rung\u201c [Tabin]. Der Imam war \u00fcberzeugt von der Aufkl\u00e4rung und Klarstellung. \u201eTabin\u201c bedeutet, das Volk \u00fcber die Dinge, die es wissen muss, in angemessener Sprache in Kenntnis zu setzen. Der Imam selbst sprach vom Beginn der Bewegung an \u2013 ab dem Jahr 1341 [1962] \u2013 mit dem Volk, er legte den Menschen die Sachverhalte dar, und zwar bis zum letzten Lebensjahr, in dem die Schriften des ehrw\u00fcrdigen Imams zu den bedeutendsten seiner Werke z\u00e4hlen; gerichtet an das Volk, an die religi\u00f6sen Hochschulen, die Studenten und Gelehrten, an die Akademiker und andere.<\/span><\/p>\n<p><span style=\"font-family: georgia, palatino; font-size: 17px;\">Es ist gut, wenn ich an dieser Stelle betone: Wenn der Imam aufkl\u00e4rte, war seine Aufkl\u00e4rung nicht nur das Anfachen von Emotionen. Er leitete die Gef\u00fchle, aber er argumentierte auch und \u00fcberzeugte den Verstand. Er \u00fcberzeugte den Verstand. Er sprach sowohl zum Herzen als auch zum Verstand. Er konnte auf diese Weise aufkl\u00e4ren. Auch diese Aufkl\u00e4rung geh\u00f6rt zu den Elementen, die im Gesamtkomplex der nationalen Unabh\u00e4ngigkeit unseres Landes \u2013 der Haupts\u00e4ule des Wirkens des Imams \u2013 eingeordnet werden.<\/span><\/p>\n<p><span style=\"font-family: georgia, palatino; font-size: 17px;\">Ein weiteres Prinzip ist das Prinzip der \u201eStandhaftigkeit\u201c [Istiqamat]. Standhaftigkeit ist etwas anderes als der Widerstand, von der wir gesprochen haben. Standhaftigkeit bedeutet, den Weg weiterzugehen, den geraden Pfad nicht zu verlassen, dranzubleiben, fortzusetzen. Das ist die Bedeutung von Standhaftigkeit. Die nationale Unabh\u00e4ngigkeit ist ein Gef\u00fcge aus diesen Prinzipien und einigen weiteren. Diese Prinzipien hat der Imam in die Identit\u00e4t des iranischen Volkes eingebracht und die Menschen, die Herzen, die Gedanken, die Jugend mit diesen Prinzipien vertraut gemacht. Heute ist unsere Jugend mit dem Thema \u201eSelbstvertrauen\u201c, mit dem Thema \u201eWir k\u00f6nnen\u201c, mit dem Thema \u201eWiderstand\u201c, mit dem Thema \u201eden Weg fortsetzen\u201c vertraut. Die Gedanken und Herzen sind damit vertraut \u2013 das hat der ehrw\u00fcrdige Imam bewirkt. Deshalb wurde die Identit\u00e4t der Revolution bewahrt. Das ist jene Rationalit\u00e4t, durch die der Imam imstande war, die Islamische Revolution und das aus ihr hervorgegangene System auf dem Weg zu bewahren, f\u00fcr den sie geschaffen worden war und der von Anfang an vorgezeichnet war.<\/span><\/p>\n<p><span style=\"font-family: georgia, palatino; font-size: 17px;\">Heute sehen wir manchmal, dass in manchen \u00c4u\u00dferungen von \u201eRationalit\u00e4t\u201c gesprochen wird \u2013 sie nennen das Wort \u201eRationalit\u00e4t\u201c \u2013, was sie aber unter Rationalit\u00e4t verstehen, ist, dass wir uns vor Amerika beugen sollen. Sie sagen, das sei Rationalit\u00e4t! Gemeint ist, dass wir uns der herrschenden Macht beugen sollen. Das halten sie f\u00fcr Rationalit\u00e4t! Das ist keine Rationalit\u00e4t. Rationalit\u00e4t ist die Rationalit\u00e4t des Imams. Es ist genau das, was dieses Volk vorangebracht hat, dieses Volk stark gemacht hat, m\u00e4chtig gemacht hat, ihm Ehre in der Welt verschafft hat, Ansehen gegeben hat und eine leuchtende Zukunft vor dieses Volk gestellt hat. So Gott will, kann das Land mit jener Rationalit\u00e4t, die der Imam begr\u00fcndet hat, Fortschritt erreichen, dauerhafte Sicherheit erlangen, allgemeinen Wohlstand erreichen und auch auf internationaler Ebene \u00fcber das hinaus, was es ist, weiter aufsteigen. Das war der Punkt, der den Imam betrifft.<\/span><\/p>\n<p><span style=\"font-family: georgia, palatino; font-size: 17px;\">Nun zur Darlegung einer nationalen Angelegenheit: das Thema Atomenergie. Ich muss in Bezug auf das Atomthema ein paar S\u00e4tze zur Aufkl\u00e4rung des iranischen Volkes sagen.<\/span><\/p>\n<p><span style=\"font-family: georgia, palatino; font-size: 17px;\">Meine Lieben! Der Iran hat \u2013 dank der Intelligenz seiner Jugend, dem Einsatz seiner Wissenschaftler und gro\u00dfer Anstrengung \u2013 es geschafft, \u00fcber den vollst\u00e4ndigen Kreislauf der nuklearen Brennstoffproduktion zu verf\u00fcgen. Das hei\u00dft, wir sind heute in der Lage, nuklearen Brennstoff vom Abbau im Bergwerk bis hin zum Einsatz im Kraftwerk selbst herzustellen und weiterzuentwickeln. Das haben unsere Jugendlichen, unsere Wissenschaftler vollbracht. In der Welt gibt es vielleicht weniger als zehn L\u00e4nder, die \u00fcber diese F\u00e4higkeit verf\u00fcgen. Das iranische Volk hat es erreicht.<\/span><\/p>\n<p><span style=\"font-family: georgia, palatino; font-size: 17px;\">Ich m\u00f6chte zun\u00e4chst einen Punkt ansprechen. Die Atomindustrie ist nicht nur f\u00fcr Energie da. Manche denken, die Atomindustrie sei lediglich f\u00fcr saubere und g\u00fcnstige Energie \u2013 was sie nat\u00fcrlich auch ist \u2013 und das ist ein Nutzen der Atomindustrie, aber es ist nicht nur das. Das ist nur ein Teil der Vorteile der Atomindustrie. Die Atomindustrie ist eine Schl\u00fcsselindustrie, eine Mutterindustrie \u2013 Fachleute, Wissenschaftler und Menschen, deren Beruf dies ist, haben es uns erkl\u00e4rt, und ich hoffe, sie erkl\u00e4ren es dem Volk noch ausf\u00fchrlicher. Zahlreiche wissenschaftliche Bereiche sind von der Atomindustrie beeinflusst, zahlreiche wissenschaftliche Felder \u2013 darunter hochpr\u00e4zise und empfindliche Technologien wie medizinische Ger\u00e4te, Luft- und Raumfahrt, pr\u00e4zise Sensoren, Elektronik \u2013 diese h\u00e4ngen mit der Atomindustrie zusammen und sind von ihr beeinflusst. Ebenso die Grundlagenwissenschaften und das Ingenieurwesen, wie Kernphysik, Energieingenieurwesen, Werkstofftechnik und ebenso Anwendungen in Medizin und Pharmazie, sowohl in der Diagnose als auch in der Behandlung \u2013 diese sind von der Atomindustrie beeinflusst. Die Atomindustrie spielt bei der Behandlung mancher schwerer Krankheiten eine f\u00fchrende Rolle \u2013 sowohl in der Diagnose als auch in der Therapie. Oder aber auch Bereiche in der Landwirtschaft und der Umwelttechnik \u2013 es gibt zahlreiche solcher Bereiche, die von der Atomindustrie abh\u00e4ngig oder von ihr beeinflusst sind. Die Atomindustrie ist eine Schl\u00fcsselindustrie. Sie ist eine grundlegende Industrie.<\/span><\/p>\n<p><span style=\"font-family: georgia, palatino; font-size: 17px;\">Nun, in der Atomindustrie gibt es einen Punkt, der den Schl\u00fcssel darstellt, und das ist die Urananreicherung. Unsere Feinde haben sich genau auf diese Urananreicherung konzentriert, sie haben ihren Finger genau darauf gelegt. Eine Atomindustrie von solcher Gr\u00f6\u00dfe ist ohne die F\u00e4higkeit zur Anreicherung wertlos, denn wir m\u00fcssten sonst f\u00fcr den Brennstoff unserer Kraftwerke die Hand zu anderen ausstrecken. Das ist so, als ob man in seinem eigenen Land \u00d6l h\u00e4tte, aber kein Recht, eine Raffinerie zu bauen und Benzin herzustellen! Man hat \u00d6l, aber Benzin muss man von anderen kaufen und wenn dieses Land will, verkauft es euch Benzin, zu welchem Preis es will, und wenn es nicht will, verkauft es nicht. Es bringt einen Vorwand und verkauft nicht: Mach dieses oder jenes, sonst bekommst du kein Benzin. Das ist ihr Ziel. Wenn wir hundert Atomkraftwerke h\u00e4tten, aber keine Anreicherung, n\u00fctzt es uns nichts, weil ein Atomkraftwerk Brennstoff braucht, und wenn wir diesen Brennstoff im eigenen Land nicht produzieren k\u00f6nnen, m\u00fcssen wir die Hand in Richtung Amerika ausstrecken, und sie k\u00f6nnten Dutzende Bedingungen stellen, damit Brennstoff geliefert wird \u2013 wir haben das bereits erlebt.<\/span><\/p>\n<p><span style=\"font-family: georgia, palatino; font-size: 17px;\">In den 2000er-Jahren, beim Thema 20-Prozent-Brennstoff, hat der amerikanische Pr\u00e4sident selbst zwei Pr\u00e4sidenten befreundeter L\u00e4nder als Vermittler eingeschaltet, um Iran zu sagen: \u201eGebt uns einen Teil eures auf 3,5 Prozent angereicherten Urans, wir geben euch im Gegenzug das 20-Prozentige, das ihr braucht.\u201c Wir brauchten 20 Prozent, die Verantwortlichen stimmten zu, es wurde vereinbart, dass ein Austausch stattfinden sollte. Ich sagte, dieser Austausch muss so sein, dass sie das 20-Prozentige nach Bandar Abbas bringen, wir testen es, um zu sehen, ob es korrekt ist, dann nehmen wir es an, und wir geben ihnen das 3,5-Prozentige. Als sie sahen, dass wir auf den Empfang der 20 Prozent bestehen und genau darauf achten, brachen sie ihr Versprechen und gaben es nicht! Und nat\u00fcrlich \u2013 in genau der selben Zeit, w\u00e4hrend unsere Verantwortlichen mit diesen politischen Auseinandersetzungen besch\u00e4ftigt waren \u2013 produzierten unsere eigenen Wissenschaftler das 20-Prozentige im eigenen Land.<\/span><\/p>\n<p><span style=\"font-family: georgia, palatino; font-size: 17px;\">Die erste Forderung der Amerikaner ist, dass ihr \u00fcberhaupt keine Atomindustrie haben sollt, dass Iran keine Atomindustrie haben soll, dass ihr im Bereich radiopharmazeutischer Mittel auf sie angewiesen seid, im Energiebereich auf sie angewiesen seid, bei Meerwasserentsalzungsanlagen auf sie angewiesen seid, in Dutzenden weiterer wichtiger Bereiche von ihnen abh\u00e4ngig seid \u2013 schlicht dass ihr \u00fcberhaupt keine Atomindustrie habt. Tausende Wissenschaftler und Forscher, die im Iran ausgebildet wurden \u2013 wir haben heute tausende junge Wissenschaftler im Bereich der Kerntechnik und in kerntechnisch verwandten Bereichen im Land, die in nur wenigen Jahren ausgebildet wurden \u2013 all diese sollen wir entmutigen, arbeitslos machen, ihnen die Hoffnung auf die Zukunft ihres eigenen Landes nehmen. Das ist es, was die Amerikaner wollen, das ist es, was sie fordern, das ist es, was sie von uns verlangen. Die unh\u00f6flichen und \u00fcberheblichen Machthaber Amerikas wiederholen diese Forderung in verschiedensten Worten. Sie sind gegen den Fortschritt Irans, sie sind gegen die Unabh\u00e4ngigkeit des iranischen Volkes.<\/span><\/p>\n<p><span style=\"font-family: georgia, palatino; font-size: 17px;\">Ich habe all dies gesagt, damit unser liebes Volk in gewissem Ma\u00dfe \u00fcber das Thema informiert ist. Nat\u00fcrlich muss noch viel mehr erkl\u00e4rt werden. Unsere Antwort auf das Geschw\u00e4tz der lauten und unklugen US-Regierung ist klar. Es ist klar, welche Antwort wir geben. Einmal \u2013 vor einigen Jahren \u2013 sagte einer der US-Pr\u00e4sidenten: \u201eWenn ich k\u00f6nnte, w\u00fcrde ich die Schrauben und Muttern der iranischen Atomindustrie auseinandernehmen und zerst\u00f6ren!\u201c Nat\u00fcrlich musste er eingestehen, dass er es nicht konnte und seitdem sind die Schrauben und Muttern unserer Atomindustrie sogar noch viel fester geworden. Er hat zugegeben, dass er es nicht kann. Er sagte: \u201eWenn ich k\u00f6nnte, w\u00fcrde ich es tun.\u201c Auch diejenigen, die heute an der Macht sind \u2013 Zionisten und Amerikaner \u2013 sollen wissen: In dieser Angelegenheit k\u00f6nnen sie \u00fcberhaupt nichts ausrichten.<\/span><\/p>\n<p><span style=\"font-family: georgia, palatino; font-size: 17px;\">Nat\u00fcrlich ist vor all diesen Erkl\u00e4rungen und Worten die erste Sache, die wir den amerikanischen und anderen Gespr\u00e4chspartnern in der Atomfrage sagen, diese: Wer seid ihr \u00fcberhaupt? Warum mischt ihr euch ein und sagt, Iran d\u00fcrfe oder d\u00fcrfe nicht Uran anreichern? Was geht euch das an? Ihr selbst verf\u00fcgt \u00fcber atomare M\u00f6glichkeiten, \u00fcber Atombomben, ihr habt die gr\u00f6\u00dfte Zerst\u00f6rungskraft der Welt in euren H\u00e4nden \u2013 was geht es euch an, ob das iranische Volk Uran anreichert oder nicht, ob es eine Atomindustrie hat oder nicht? [Das iranische Volk] ist ein Volk, das \u00fcber sich selbst bestimmt. Es geht euch nichts an. Wer seid ihr \u00fcberhaupt? Aus welcher rechtlichen Position heraus sprecht ihr solche Worte? Das ist unser Standpunkt. Das war auch zum Thema Atomenergie.<\/span><\/p>\n<p><span style=\"font-family: georgia, palatino; font-size: 17px;\">Mein letztes Wort betrifft die ersch\u00fctternden Verbrechen des zionistischen Regimes in Gaza \u2013 sie sind wirklich ersch\u00fctternd! Man konnte es kaum glauben, dass sie solche verbrecherischen Pl\u00e4ne haben k\u00f6nnten. Seht, fr\u00fcher warf man eine Bombe und zerst\u00f6rte damit ein oder zwei H\u00e4user, und zum Beispiel zehn oder f\u00fcnfzehn Menschen wurden zu M\u00e4rtyrern. Dann aber sahen sie: Nein, das ist zu wenig. Was tun sie jetzt? Jetzt errichten sie ein Zentrum unter dem Vorwand der Essensverteilung \u2013 denn es gelangen ja keine Lebensmittel nach Gaza \u2013 und die Menschen str\u00f6men dorthin, um Essen zu bekommen, und dann t\u00f6ten sie mit einem Maschinengewehr das Zehnfache dessen, was sie vorher mit einer Bombe get\u00f6tet h\u00e4tten! Das T\u00f6ten von Menschen wurde f\u00fcr sie zu teuer, sie haben es billiger gemacht. Fr\u00fcher mussten sie Bomben verbrauchen, jetzt verbrauchen sie Kugeln. Es ist ersch\u00fctternd. Wirklich, dieses Verbrechen macht einen fassungslos \u2013 wie niedertr\u00e4chtig, wie boshaft, wie herzlos, wie b\u00f6sartig kann ein Mensch sein, dass er zu so etwas f\u00e4hig ist! Nat\u00fcrlich ist auch Amerika an diesem Verbrechen beteiligt, auch Amerikas Hand ist in dieses Verbrechen verstrickt. Deshalb haben wir gesagt, wir haben es wiederholt und bestehen darauf: Amerika muss aus dieser Region abziehen.<\/span><\/p>\n<p><span style=\"font-family: georgia, palatino; font-size: 17px;\">Ein Satz, den ich auch an die islamischen Regierungen richten m\u00f6chte. Die islamischen Regierungen haben heute eine gro\u00dfe Verantwortung. Ich m\u00f6chte den Regierungen ganz offen sagen: Heute ist nicht die Zeit f\u00fcr Besch\u00f6nigung, R\u00fccksichtnahme oder Neutralit\u00e4t \u2013 heute ist nicht der Tag des Schweigens. Wenn irgendeine Regierung unter den islamischen Staaten in irgendeiner Weise und aus irgendeinem Vorwand heraus das zionistische Regime unterst\u00fctzt \u2013 sei es durch Normalisierung der Beziehungen, durch das Blockieren von Hilfswegen nach Pal\u00e4stina oder durch das Rechtfertigen der Verbrechen der Zionisten \u2013, dann soll sie sich gewiss sein, dass ein ewiger Makel auf ihrer Stirn bleiben wird. Nat\u00fcrlich gibt es auch die jenseitige Abrechnung, es gibt den Tag des Gerichts, es gibt die g\u00f6ttliche Strafe und diese ist sehr hart, sehr schwer, und sie k\u00f6nnen vor Gott keine Antwort geben. Aber es geht nicht nur um die Strafe im Jenseits. Auch in dieser Welt werden die V\u00f6lker diesen Verrat nicht vergessen. Und die Regierungen sollen wissen: Durch das Anlehnen an das zionistische Regime wird f\u00fcr keine Regierung Sicherheit entstehen. Sicherheit kann man nicht durch Abst\u00fctzen auf das zionistische Regime erlangen, denn das zionistische Regime ist nach dem festen Urteil Gottes dem Zusammenbruch geweiht, und so Gott will, wird es nicht mehr lange dauern.<\/span><\/p>\n<p><span style=\"font-family: georgia, palatino; font-size: 17px;\">O Herr! Lasse Deine Gnaden \u00fcber das iranische Volk von Tag zu Tag wachsen. Vernichte und zerschlage die Feinde des iranischen Volkes.\u00a0<\/span><\/p>\n<p><span style=\"font-family: georgia, palatino; font-size: 17px;\">O Herr! Verwirkliche die hohen Ziele und Ideale des ehrw\u00fcrdigen Imams unter dem iranischen Volk. Verbinde das heilige Herz des Imam Mahdi \u2013 m\u00f6ge unsere Seele ihm geopfert sein \u2013 mit uns, mit dem iranischen Volk, mit all jenen, die ihm dienen, zufrieden und erfreut und stelle die reine Seele des ehrw\u00fcrdigen Imams in die h\u00f6chsten R\u00e4nge der Seligen und in Dein Wohlgefallen.<\/span><\/p>\n<p><span style=\"font-family: georgia, palatino; font-size: 17px;\">Und der Friede, die Gnade Allahs und sein Segen seien mit Euch.<\/span><\/p>","protected":false},"excerpt":{"rendered":"<p>\u00a0 Am 4. Juni 2025 hielt Imam Chamenei anl\u00e4sslich des 36. Jahrestages des Ablebens von Imam Chomeini eine Rede im<\/p>\n","protected":false},"author":1,"featured_media":2522,"comment_status":"closed","ping_status":"open","sticky":false,"template":"","format":"standard","meta":{"colormag_page_container_layout":"default_layout","colormag_page_sidebar_layout":"default_layout","footnotes":""},"categories":[27,39,48,33],"tags":[],"class_list":["post-2514","post","type-post","status-publish","format-standard","has-post-thumbnail","hentry","category-palaestina","category-reden","category-revolution","category-weltpolitik"],"_links":{"self":[{"href":"http:\/\/www.ahl-ul-bait.de\/imam-chamenei\/wp-json\/wp\/v2\/posts\/2514","targetHints":{"allow":["GET"]}}],"collection":[{"href":"http:\/\/www.ahl-ul-bait.de\/imam-chamenei\/wp-json\/wp\/v2\/posts"}],"about":[{"href":"http:\/\/www.ahl-ul-bait.de\/imam-chamenei\/wp-json\/wp\/v2\/types\/post"}],"author":[{"embeddable":true,"href":"http:\/\/www.ahl-ul-bait.de\/imam-chamenei\/wp-json\/wp\/v2\/users\/1"}],"replies":[{"embeddable":true,"href":"http:\/\/www.ahl-ul-bait.de\/imam-chamenei\/wp-json\/wp\/v2\/comments?post=2514"}],"version-history":[{"count":1,"href":"http:\/\/www.ahl-ul-bait.de\/imam-chamenei\/wp-json\/wp\/v2\/posts\/2514\/revisions"}],"predecessor-version":[{"id":2521,"href":"http:\/\/www.ahl-ul-bait.de\/imam-chamenei\/wp-json\/wp\/v2\/posts\/2514\/revisions\/2521"}],"wp:featuredmedia":[{"embeddable":true,"href":"http:\/\/www.ahl-ul-bait.de\/imam-chamenei\/wp-json\/wp\/v2\/media\/2522"}],"wp:attachment":[{"href":"http:\/\/www.ahl-ul-bait.de\/imam-chamenei\/wp-json\/wp\/v2\/media?parent=2514"}],"wp:term":[{"taxonomy":"category","embeddable":true,"href":"http:\/\/www.ahl-ul-bait.de\/imam-chamenei\/wp-json\/wp\/v2\/categories?post=2514"},{"taxonomy":"post_tag","embeddable":true,"href":"http:\/\/www.ahl-ul-bait.de\/imam-chamenei\/wp-json\/wp\/v2\/tags?post=2514"}],"curies":[{"name":"wp","href":"https:\/\/api.w.org\/{rel}","templated":true}]}}