{"id":2533,"date":"2025-06-03T16:45:05","date_gmt":"2025-06-03T14:45:05","guid":{"rendered":"http:\/\/khamenei.de\/wordpress\/?p=2533"},"modified":"2025-06-19T16:45:26","modified_gmt":"2025-06-19T14:45:26","slug":"von-den-wahrhaftigen-imamen-lernen","status":"publish","type":"post","link":"http:\/\/www.ahl-ul-bait.de\/imam-chamenei\/2025\/06\/03\/von-den-wahrhaftigen-imamen-lernen\/","title":{"rendered":"Von den wahrhaftigen Imamen lernen"},"content":{"rendered":"<p><span style=\"font-family: georgia, palatino; font-size: 17px;\"><i>Am 3. Juni 2025 nahm Imam Chamenei an einer Trauerveranstaltung zum Gedenken an das Martyrium Imam Muhammad Baqirs (Friede sei mit ihm) teil und hielt zu diesem Anlass eine Rede. Es folgt die sinngem\u00e4\u00dfe \u00dcbersetzung des ver\u00f6ffentlichten Ausschnitts aus dem <a href=\"https:\/\/farsi.khamenei.ir\/speech-content?id=60345\" target=\"_blank\" rel=\"noopener\">persischen Original<\/a>. Obwohl es f\u00fcr alle hier ver\u00f6ffentlichten Texte gilt, wird darauf verwiesen, dass die \u00dcbersetzung zu Dokumentationszwecken ohne jegliche Kommentierung erfolgt und die dargestellte Meinung nicht mit der Meinung der Herausgeber \u00fcbereinstimmen muss.<\/i><\/span><\/p>\n<hr \/>\n<p><span style=\"font-family: georgia, palatino; font-size: 17px;\">Dass \u00fcber die Gef\u00e4hrten Imam Sadiqs (Friede sei mit ihm) gesagt wird, es seien 4.000 Personen gewesen \u2013 woher kamen sie? Wer hat sie hervorgebracht? Wie man zu sagen pflegt: Wer hat aus 400, 4.000 gemacht? Ich habe diese \u00dcberlieferung von Imam Sadiq (Friede sei mit ihm) schon mehrfach in diesen Sitzungen vorgelesen: <i>\u201eDie Menschen kehrten nach Husain ab, bis auf drei.\u201c<\/i> In manchen \u00dcberlieferungen hei\u00dft es <i>\u201ebis auf drei\u201c<\/i>, in einer anderen <i>\u201ebis auf f\u00fcnf\u201c<\/i>.<\/span><\/p>\n<p><span style=\"font-family: georgia, palatino; font-size: 17px;\">Das hei\u00dft, das Geschehen von Aschura hatte eine derart ersch\u00fctternde Wirkung auf die Herzen aller im islamischen Raum, dass sie sahen: Diese Regierung ist so brutal, so r\u00fccksichtslos, dass sie selbst vor dem Sohn des Propheten nicht Halt macht und auf diese Weise mit ihm und der Familie des Propheten umgeht! Die Herzen wurden derart eingesch\u00fcchtert, dass um Imam Sadschad, Friede sei mit ihm, nur noch diese drei, vier oder f\u00fcnf Personen blieben. Und auch diese waren nicht alle in Medina. Ein oder zwei von ihnen waren beispielsweise in Kufa. Diese vier oder f\u00fcnf Personen sammelte der Imam im Laufe von etwa 35 Jahren und bereitete nach und nach die Voraussetzungen vor. Dann, als die Reihe zu Imam Baqir kam, vergr\u00f6\u00dferte sich diese Gemeinschaft. In derselben \u00dcberlieferung hei\u00dft es: <i>\u201eDann kamen die Menschen hinzu und sie wurden zahlreich.\u201c<\/i> Nach und nach schlossen sie sich an, kamen und verbanden sich. Wer brachte sie dazu, sich anzuschlie\u00dfen? Imam Baqir.<\/span><\/p>\n<p><span style=\"font-family: georgia, palatino; font-size: 17px;\">Damit die Angst aus den Herzen verschwindet, reicht es nicht aus, nur religi\u00f6se Themen, Rechtsregeln und \u00c4hnliches zu behandeln. Es braucht noch andere Dinge. Ihr seht selbst: In der heutigen Welt muss man sich auf andere Weise bewegen, auf andere Weise sprechen, damit man diese wenigen drei, vier Personen in Hunderte und sp\u00e4ter in Tausende verwandeln kann. Genau das hat Imam Baqir getan.<\/span><\/p>\n<p><span style=\"font-family: georgia, palatino; font-size: 17px;\">Auch die Aussage, dass Imam Sadiq und Imam Baqir die Gelegenheit des Streits zwischen den Umayyaden und den Abbasiden genutzt h\u00e4tten, trifft auf die Zeit von Imam Baqir nicht zu. Zu jener Zeit gab es \u00fcberhaupt keinen Streit. Der Imam lebte von 95 bis 114 nach der Auswanderung, also 19 Jahre unter harter Bedr\u00e4ngnis. Das hei\u00dft, er war Zeitgenosse von Hischam und vor Hischam noch einiger anderer dieser niedertr\u00e4chtigen, unterdr\u00fcckerischen, ehrlosen Bani Umayyah und Bani Marwan. Der Imam stand ihnen gegen\u00fcber und trotz ihrer Herrschaft hat er dennoch diese Arbeit geleistet. Das hei\u00dft, diese F\u00e4higkeit zur Einflussnahme, zur Verbreitung des Denkens und zur Vermehrung der Menschen, die in diesem Feld standen, war das Werk von Imam Baqir, Friede und Segen seien mit ihm.<\/span><\/p>\n<p><span style=\"font-family: georgia, palatino; font-size: 17px;\">Bei keinem der anderen Imame haben wir eine solche Situation. Nat\u00fcrlich \u2013 bei den sp\u00e4teren Imamen wie Imam Hadi, Imam Jawad und Imam Askari \u2013 gab es eine andere Art von Situation, aber nicht in der Form, wie sie bei Imam Baqir war. Seine Lage war so, dass er verbannt wurde. Das hei\u00dft, er wurde nach Scham beordert. Ihr wisst: Imam Baqir, Friede sei mit ihm, ist der einzige Imam, der zweimal nach Scham in Gefangenschaft gebracht wurde: einmal im Alter von vier Jahren zur Zeit von Yazid, und ein weiteres Mal zur Zeit von Hischam, als er zusammen mit Imam Sadiq, Friede sei mit ihm, dorthin gebracht wurde. In dieser Reise ereigneten sich Geschehnisse, die sehr bedeutend sind \u2013 das hei\u00dft, diese Dinge m\u00fcssen im Leben von Imam Baqir, Friede sei mit ihm, beachtet werden.<\/span><\/p>\n<p><span style=\"font-family: georgia, palatino; font-size: 17px;\">Doch dabei belassen sie es nicht. Dieser gef\u00fchrte Kampf soll weitergef\u00fchrt werden, deshalb gibt der Imam die Anweisung, dass in Mina zehn Tage lang um ihn getrauert werden soll! Der Imam ist nicht auf Trauer angewiesen, aber er will das \u2013 aus einem bestimmten Grund. In Mina sind die Menschen frei von ihren Verpflichtungen, sie sind aus allen Teilen der Welt gekommen, und dann sehen sie auf einmal eine Trauerversammlung. F\u00fcr wen ist das? Warum trauert ihr? Warum hier? Was ist geschehen? Auf diese Weise gelangt die Botschaft von Imam Baqir in alle Teile der islamischen Welt. Allein das ist ein \u00e4u\u00dferst bedeutender politischer Schachzug.<\/span><\/p>\n","protected":false},"excerpt":{"rendered":"<p>Am 3. Juni 2025 nahm Imam Chamenei an einer Trauerveranstaltung zum Gedenken an das Martyrium Imam Muhammad Baqirs (Friede sei<\/p>\n","protected":false},"author":1,"featured_media":2534,"comment_status":"closed","ping_status":"open","sticky":false,"template":"","format":"standard","meta":{"colormag_page_container_layout":"default_layout","colormag_page_sidebar_layout":"default_layout","footnotes":""},"categories":[59,39],"tags":[],"class_list":["post-2533","post","type-post","status-publish","format-standard","has-post-thumbnail","hentry","category-ahlulbayt","category-reden"],"_links":{"self":[{"href":"http:\/\/www.ahl-ul-bait.de\/imam-chamenei\/wp-json\/wp\/v2\/posts\/2533","targetHints":{"allow":["GET"]}}],"collection":[{"href":"http:\/\/www.ahl-ul-bait.de\/imam-chamenei\/wp-json\/wp\/v2\/posts"}],"about":[{"href":"http:\/\/www.ahl-ul-bait.de\/imam-chamenei\/wp-json\/wp\/v2\/types\/post"}],"author":[{"embeddable":true,"href":"http:\/\/www.ahl-ul-bait.de\/imam-chamenei\/wp-json\/wp\/v2\/users\/1"}],"replies":[{"embeddable":true,"href":"http:\/\/www.ahl-ul-bait.de\/imam-chamenei\/wp-json\/wp\/v2\/comments?post=2533"}],"version-history":[{"count":1,"href":"http:\/\/www.ahl-ul-bait.de\/imam-chamenei\/wp-json\/wp\/v2\/posts\/2533\/revisions"}],"predecessor-version":[{"id":2535,"href":"http:\/\/www.ahl-ul-bait.de\/imam-chamenei\/wp-json\/wp\/v2\/posts\/2533\/revisions\/2535"}],"wp:featuredmedia":[{"embeddable":true,"href":"http:\/\/www.ahl-ul-bait.de\/imam-chamenei\/wp-json\/wp\/v2\/media\/2534"}],"wp:attachment":[{"href":"http:\/\/www.ahl-ul-bait.de\/imam-chamenei\/wp-json\/wp\/v2\/media?parent=2533"}],"wp:term":[{"taxonomy":"category","embeddable":true,"href":"http:\/\/www.ahl-ul-bait.de\/imam-chamenei\/wp-json\/wp\/v2\/categories?post=2533"},{"taxonomy":"post_tag","embeddable":true,"href":"http:\/\/www.ahl-ul-bait.de\/imam-chamenei\/wp-json\/wp\/v2\/tags?post=2533"}],"curies":[{"name":"wp","href":"https:\/\/api.w.org\/{rel}","templated":true}]}}