{"id":2570,"date":"2025-07-29T14:55:27","date_gmt":"2025-07-29T12:55:27","guid":{"rendered":"https:\/\/khamenei.de\/wordpress\/?p=2570"},"modified":"2025-08-25T13:38:38","modified_gmt":"2025-08-25T11:38:38","slug":"islamische-religion-und-wissen-veraergern-die-arroganten-maechte","status":"publish","type":"post","link":"http:\/\/www.ahl-ul-bait.de\/imam-chamenei\/2025\/07\/29\/islamische-religion-und-wissen-veraergern-die-arroganten-maechte\/","title":{"rendered":"Islamische Religion und Wissen ver\u00e4rgern die arroganten M\u00e4chte"},"content":{"rendered":"\n<figure class=\"wp-block-gallery has-nested-images columns-default is-cropped wp-block-gallery-1 is-layout-flex wp-block-gallery-is-layout-flex\">\n<figure class=\"wp-block-image size-large\"><img loading=\"lazy\" decoding=\"async\" width=\"683\" height=\"1024\" data-id=\"2571\" src=\"http:\/\/www.ahl-ul-bait.de\/imam-chamenei\/\/wp-content\/uploads\/2025\/07\/2-2-683x1024.jpg\" alt=\"\" class=\"wp-image-2571\" srcset=\"http:\/\/www.ahl-ul-bait.de\/imam-chamenei\/wp-content\/uploads\/2025\/07\/2-2-683x1024.jpg 683w, http:\/\/www.ahl-ul-bait.de\/imam-chamenei\/wp-content\/uploads\/2025\/07\/2-2-200x300.jpg 200w, http:\/\/www.ahl-ul-bait.de\/imam-chamenei\/wp-content\/uploads\/2025\/07\/2-2-768x1152.jpg 768w, http:\/\/www.ahl-ul-bait.de\/imam-chamenei\/wp-content\/uploads\/2025\/07\/2-2-1024x1536.jpg 1024w, http:\/\/www.ahl-ul-bait.de\/imam-chamenei\/wp-content\/uploads\/2025\/07\/2-2-1365x2048.jpg 1365w, http:\/\/www.ahl-ul-bait.de\/imam-chamenei\/wp-content\/uploads\/2025\/07\/2-2.jpg 1700w\" sizes=\"auto, (max-width: 683px) 100vw, 683px\" \/><\/figure>\n\n\n\n<figure class=\"wp-block-image size-large\"><img loading=\"lazy\" decoding=\"async\" width=\"683\" height=\"1024\" data-id=\"2574\" src=\"http:\/\/www.ahl-ul-bait.de\/imam-chamenei\/\/wp-content\/uploads\/2025\/07\/3-2-683x1024.jpg\" alt=\"\" class=\"wp-image-2574\" srcset=\"http:\/\/www.ahl-ul-bait.de\/imam-chamenei\/wp-content\/uploads\/2025\/07\/3-2-683x1024.jpg 683w, http:\/\/www.ahl-ul-bait.de\/imam-chamenei\/wp-content\/uploads\/2025\/07\/3-2-200x300.jpg 200w, http:\/\/www.ahl-ul-bait.de\/imam-chamenei\/wp-content\/uploads\/2025\/07\/3-2-768x1152.jpg 768w, http:\/\/www.ahl-ul-bait.de\/imam-chamenei\/wp-content\/uploads\/2025\/07\/3-2-1024x1536.jpg 1024w, http:\/\/www.ahl-ul-bait.de\/imam-chamenei\/wp-content\/uploads\/2025\/07\/3-2-1365x2048.jpg 1365w, http:\/\/www.ahl-ul-bait.de\/imam-chamenei\/wp-content\/uploads\/2025\/07\/3-2.jpg 1700w\" sizes=\"auto, (max-width: 683px) 100vw, 683px\" \/><\/figure>\n\n\n\n<figure class=\"wp-block-image size-large\"><img loading=\"lazy\" decoding=\"async\" width=\"683\" height=\"1024\" data-id=\"2573\" src=\"http:\/\/www.ahl-ul-bait.de\/imam-chamenei\/\/wp-content\/uploads\/2025\/07\/4-2-683x1024.jpg\" alt=\"\" class=\"wp-image-2573\" srcset=\"http:\/\/www.ahl-ul-bait.de\/imam-chamenei\/wp-content\/uploads\/2025\/07\/4-2-683x1024.jpg 683w, http:\/\/www.ahl-ul-bait.de\/imam-chamenei\/wp-content\/uploads\/2025\/07\/4-2-200x300.jpg 200w, http:\/\/www.ahl-ul-bait.de\/imam-chamenei\/wp-content\/uploads\/2025\/07\/4-2-768x1152.jpg 768w, http:\/\/www.ahl-ul-bait.de\/imam-chamenei\/wp-content\/uploads\/2025\/07\/4-2-1024x1536.jpg 1024w, http:\/\/www.ahl-ul-bait.de\/imam-chamenei\/wp-content\/uploads\/2025\/07\/4-2-1365x2048.jpg 1365w, http:\/\/www.ahl-ul-bait.de\/imam-chamenei\/wp-content\/uploads\/2025\/07\/4-2.jpg 1700w\" sizes=\"auto, (max-width: 683px) 100vw, 683px\" \/><\/figure>\n<\/figure>\n\n\n<p>\u00a0<\/p>\n<p><span style=\"font-family: georgia, palatino; font-size: 17px;\"><i>Am 29. Juli 2025 besuchte Imam Chamenei die Trauerveranstaltung zum Gedenken an den 40. Todestag (Arbain) der Opfer des israelischen Angriffes auf den Iran und hielt bei diesem Anlass eine kurze Rede. Es folgt die sinngem\u00e4\u00dfe \u00dcbersetzung der Rede aus dem <a href=\"https:\/\/farsi.khamenei.ir\/speech-content?id=60785\" target=\"_blank\" rel=\"noopener\">persischen Original<\/a>. Obwohl es f\u00fcr alle hier ver\u00f6ffentlichten Texte gilt, wird darauf verwiesen, dass die \u00dcbersetzung zu Dokumentationszwecken ohne jegliche Kommentierung erfolgt und die dargestellte Meinung nicht mit der Meinung der Herausgeber \u00fcbereinstimmen muss.<\/i><\/span><\/p>\n<hr \/>\n<p><span style=\"font-family: georgia, palatino; font-size: 17px;\"><b>Im Namen Allahs, des Gn\u00e4digen, des Begnadenden<\/b><\/span><\/p>\n<p><span style=\"font-family: georgia, palatino; font-size: 17px;\">Diese Sitzung wurde abgehalten, um die ehrenwerten Familien der M\u00e4rtyrer zu w\u00fcrdigen und um allen Trauernden \u00fcber diese Ereignisse, die sich im j\u00fcngsten aufgezwungenen Krieg ereignet haben, Beileid auszusprechen. Ich hielt es f\u00fcr notwendig, allen Hinterbliebenen der wertvollen Geliebten \u2013 den milit\u00e4rischen Kommandanten, den ehrenwerten Wissenschaftlern, unseren geliebten Leuten \u2013, die in diesem Vorfall den M\u00e4rtyrertod fanden, mein Beileid auszusprechen. Ich spreche allen Hinterbliebenen mein Beileid aus. Insbesondere den V\u00e4tern, M\u00fcttern, Ehefrauen, Kindern: Ihre Belohnung ist bei Gott, dem Erhabenen und ihre Ehre geh\u00f6rt zu den h\u00f6chsten menschlichen, g\u00f6ttlichen und islamischen Ehren.<\/span><\/p>\n<p><span style=\"font-family: georgia, palatino; font-size: 17px;\">Was sich in diesen zw\u00f6lf Tagen f\u00fcr die Islamische Republik ereignet hat, zus\u00e4tzlich zu den gro\u00dfen Ehren, die das iranische Volk errungen hat \u2013 was heute auch von den Menschen in der Welt anerkannt wird \u2013 war, dass die Islamische Republik und das geehrte iranische Volk ihre St\u00e4rke, ihren Entschluss und Willen, ihre Standhaftigkeit und ihre starke Hand der Welt gezeigt haben. Wenn andere zuvor etwas aus der Ferne geh\u00f6rt hatten, so haben sie nun aus der N\u00e4he die St\u00e4rke der Islamischen Republik gesp\u00fcrt. Dar\u00fcber hinaus ist es wichtig, dass die Islamische Republik der Welt die beispiellose Festigkeit der Grundlagen ihres Systems und ihres Landes gezeigt hat.<\/span><\/p>\n<p><span style=\"font-family: georgia, palatino; font-size: 17px;\">Diese Ereignisse waren f\u00fcr die Islamische Republik nicht beispiellos: Seit Beginn der Revolution sind solche Vorf\u00e4lle wiederholt im Land aufgetreten. Zus\u00e4tzlich zum achtj\u00e4hrigen aufgezwungenen Krieg gab es Aufwiegelungen, das Aufbringen labiler Personen gegen das Volk, verschiedene milit\u00e4rische, politische, sicherheitsbezogene und andere Zwietrachtstreiberei, Putschversuche und \u00c4hnliches. Die Islamische Republik hat all dies bew\u00e4ltigt. Die Islamische Republik konnte im Verlauf dieser 45 Jahre alle feindlichen Verschw\u00f6rungen trotz deren H\u00e4rten vereiteln und konnte in diesen Bereichen \u00fcber alle Feinde siegen. [Publikum ruft Parolen beginnend mit \u201eAllahu Akbar\u201c]<\/span><\/p>\n<p><span style=\"font-family: georgia, palatino; font-size: 17px;\">Was wichtig ist, ist, dass wir uns bewusst machen, dass der islamische Iran auf der Grundlage von Religion und Wissenschaft errichtet und ins Leben gerufen wurde. Beim Aufbau der Islamischen Republik sind die beiden Elemente Religion und Wissenschaft die wesentlichen konstituierenden Bestandteile gewesen. Aus diesem Grund haben auch der Glaube des Volkes und das Wissen unserer Jugend in zahlreichen verschiedenen Bereichen den Feind zum R\u00fcckzug zwingen k\u00f6nnen. So wird es auch in Zukunft sein.<\/span><\/p>\n<p><span style=\"font-family: georgia, palatino; font-size: 17px;\">Wogegen die globale Arroganz \u2013 an ihrer Spitze das verbrecherische Amerika \u2013 sind eben genau gegen eure Religion und euer Wissen. Sie sind gegen eure Religion, sie sind gegen diesen tief verwurzelten Glauben des Volkes, sie sind gegen diese Einheit unter dem Schatten des Islams und des Qurans und sie sind gegen euer Wissen. Dass sich nach dem Sieg der Revolution bis heute die Bev\u00f6lkerung Irans verdoppelt hat, die Zahl der Studierenden aber vielleicht um das Zehnfache oder mehr gestiegen ist, das ver\u00e4rgert sie. Dass die Islamische Republik in verschiedenen Bereichen von Wissenschaft und Wissen \u2013 ob in den Geisteswissenschaften, den technischen Wissenschaften oder den religi\u00f6sen Wissenschaften \u2013 neue Gedanken hervorbringen kann, das beunruhigt sie. Sie sind dagegen. Was sie unter dem Vorwand von Themen wie dem Atomprogramm, der Anreicherung oder den Menschenrechten und \u00e4hnlichem sagen, ist nur ein Vorwand. Das eigentliche Thema ist dies.<\/span><\/p>\n<p><span style=\"font-family: georgia, palatino; font-size: 17px;\">Und das iranische Volk wird mit g\u00f6ttlichem Beistand weder seine Religion noch sein Wissen aufgeben. Wir werden auf dem Weg zur St\u00e4rkung unseres religi\u00f6sen Glaubens und zur Erweiterung und Vertiefung unserer vielf\u00e4ltigen und unterschiedlichen Wissenschaften gro\u00dfe Schritte unternehmen. Und zum \u00c4rger des Feindes werden wir, mit der g\u00f6ttlichen Gunst, in der Lage sein, Iran zur h\u00f6chsten Stufe des Fortschritts und des Stolzes zu f\u00fchren. Das iranische Volk besitzt diese F\u00e4higkeit, und so Gott will, wird es mit g\u00f6ttlichem Beistand diese F\u00e4higkeit zur Anwendung bringen und zum Ergebnis f\u00fchren.<\/span><\/p>\n<p><span style=\"font-family: georgia, palatino; font-size: 17px;\">Und der Friede, die Gnade Allahs und sein Segen seien mit Euch.<\/span><\/p>","protected":false},"excerpt":{"rendered":"<p>\u00a0 Am 29. Juli 2025 besuchte Imam Chamenei die Trauerveranstaltung zum Gedenken an den 40. Todestag (Arbain) der Opfer des<\/p>\n","protected":false},"author":1,"featured_media":2575,"comment_status":"closed","ping_status":"open","sticky":false,"template":"","format":"standard","meta":{"colormag_page_container_layout":"default_layout","colormag_page_sidebar_layout":"default_layout","footnotes":""},"categories":[30,39,48,33],"tags":[],"class_list":["post-2570","post","type-post","status-publish","format-standard","has-post-thumbnail","hentry","category-iran","category-reden","category-revolution","category-weltpolitik"],"_links":{"self":[{"href":"http:\/\/www.ahl-ul-bait.de\/imam-chamenei\/wp-json\/wp\/v2\/posts\/2570","targetHints":{"allow":["GET"]}}],"collection":[{"href":"http:\/\/www.ahl-ul-bait.de\/imam-chamenei\/wp-json\/wp\/v2\/posts"}],"about":[{"href":"http:\/\/www.ahl-ul-bait.de\/imam-chamenei\/wp-json\/wp\/v2\/types\/post"}],"author":[{"embeddable":true,"href":"http:\/\/www.ahl-ul-bait.de\/imam-chamenei\/wp-json\/wp\/v2\/users\/1"}],"replies":[{"embeddable":true,"href":"http:\/\/www.ahl-ul-bait.de\/imam-chamenei\/wp-json\/wp\/v2\/comments?post=2570"}],"version-history":[{"count":2,"href":"http:\/\/www.ahl-ul-bait.de\/imam-chamenei\/wp-json\/wp\/v2\/posts\/2570\/revisions"}],"predecessor-version":[{"id":2577,"href":"http:\/\/www.ahl-ul-bait.de\/imam-chamenei\/wp-json\/wp\/v2\/posts\/2570\/revisions\/2577"}],"wp:featuredmedia":[{"embeddable":true,"href":"http:\/\/www.ahl-ul-bait.de\/imam-chamenei\/wp-json\/wp\/v2\/media\/2575"}],"wp:attachment":[{"href":"http:\/\/www.ahl-ul-bait.de\/imam-chamenei\/wp-json\/wp\/v2\/media?parent=2570"}],"wp:term":[{"taxonomy":"category","embeddable":true,"href":"http:\/\/www.ahl-ul-bait.de\/imam-chamenei\/wp-json\/wp\/v2\/categories?post=2570"},{"taxonomy":"post_tag","embeddable":true,"href":"http:\/\/www.ahl-ul-bait.de\/imam-chamenei\/wp-json\/wp\/v2\/tags?post=2570"}],"curies":[{"name":"wp","href":"https:\/\/api.w.org\/{rel}","templated":true}]}}