{"id":2579,"date":"2025-08-25T13:44:10","date_gmt":"2025-08-25T11:44:10","guid":{"rendered":"https:\/\/khamenei.de\/wordpress\/?p=2579"},"modified":"2025-11-26T12:36:35","modified_gmt":"2025-11-26T11:36:35","slug":"imam-chameneis-rede-bei-der-trauerzeremonie-fuer-imam-ridha","status":"publish","type":"post","link":"http:\/\/www.ahl-ul-bait.de\/imam-chamenei\/2025\/08\/25\/imam-chameneis-rede-bei-der-trauerzeremonie-fuer-imam-ridha\/","title":{"rendered":"Imam Chameneis Rede bei der Trauerzeremonie f\u00fcr Imam Ridha"},"content":{"rendered":"\n<figure class=\"wp-block-gallery has-nested-images columns-default is-cropped wp-block-gallery-1 is-layout-flex wp-block-gallery-is-layout-flex\">\n<figure class=\"wp-block-image size-large\"><img loading=\"lazy\" decoding=\"async\" width=\"1024\" height=\"683\" data-id=\"2583\" src=\"http:\/\/www.ahl-ul-bait.de\/imam-chamenei\/\/wp-content\/uploads\/2025\/08\/2-1024x683.jpg\" alt=\"\" class=\"wp-image-2583\" srcset=\"http:\/\/www.ahl-ul-bait.de\/imam-chamenei\/wp-content\/uploads\/2025\/08\/2-1024x683.jpg 1024w, http:\/\/www.ahl-ul-bait.de\/imam-chamenei\/wp-content\/uploads\/2025\/08\/2-300x200.jpg 300w, http:\/\/www.ahl-ul-bait.de\/imam-chamenei\/wp-content\/uploads\/2025\/08\/2-768x512.jpg 768w, http:\/\/www.ahl-ul-bait.de\/imam-chamenei\/wp-content\/uploads\/2025\/08\/2-1536x1024.jpg 1536w, http:\/\/www.ahl-ul-bait.de\/imam-chamenei\/wp-content\/uploads\/2025\/08\/2-2048x1365.jpg 2048w\" sizes=\"auto, (max-width: 1024px) 100vw, 1024px\" \/><\/figure>\n\n\n\n<figure class=\"wp-block-image size-large\"><img loading=\"lazy\" decoding=\"async\" width=\"683\" height=\"1024\" data-id=\"2584\" src=\"http:\/\/www.ahl-ul-bait.de\/imam-chamenei\/\/wp-content\/uploads\/2025\/08\/3-683x1024.jpg\" alt=\"\" class=\"wp-image-2584\" srcset=\"http:\/\/www.ahl-ul-bait.de\/imam-chamenei\/wp-content\/uploads\/2025\/08\/3-683x1024.jpg 683w, http:\/\/www.ahl-ul-bait.de\/imam-chamenei\/wp-content\/uploads\/2025\/08\/3-200x300.jpg 200w, http:\/\/www.ahl-ul-bait.de\/imam-chamenei\/wp-content\/uploads\/2025\/08\/3-768x1152.jpg 768w, http:\/\/www.ahl-ul-bait.de\/imam-chamenei\/wp-content\/uploads\/2025\/08\/3-1024x1536.jpg 1024w, http:\/\/www.ahl-ul-bait.de\/imam-chamenei\/wp-content\/uploads\/2025\/08\/3-1365x2048.jpg 1365w, http:\/\/www.ahl-ul-bait.de\/imam-chamenei\/wp-content\/uploads\/2025\/08\/3.jpg 1700w\" sizes=\"auto, (max-width: 683px) 100vw, 683px\" \/><\/figure>\n\n\n\n<figure class=\"wp-block-image size-large\"><img loading=\"lazy\" decoding=\"async\" width=\"1024\" height=\"683\" data-id=\"2585\" src=\"http:\/\/www.ahl-ul-bait.de\/imam-chamenei\/\/wp-content\/uploads\/2025\/08\/14040602_16560992-1024x683.jpg\" alt=\"\" class=\"wp-image-2585\" srcset=\"http:\/\/www.ahl-ul-bait.de\/imam-chamenei\/wp-content\/uploads\/2025\/08\/14040602_16560992-1024x683.jpg 1024w, http:\/\/www.ahl-ul-bait.de\/imam-chamenei\/wp-content\/uploads\/2025\/08\/14040602_16560992-300x200.jpg 300w, http:\/\/www.ahl-ul-bait.de\/imam-chamenei\/wp-content\/uploads\/2025\/08\/14040602_16560992-768x512.jpg 768w, http:\/\/www.ahl-ul-bait.de\/imam-chamenei\/wp-content\/uploads\/2025\/08\/14040602_16560992-1536x1024.jpg 1536w, http:\/\/www.ahl-ul-bait.de\/imam-chamenei\/wp-content\/uploads\/2025\/08\/14040602_16560992-2048x1365.jpg 2048w\" sizes=\"auto, (max-width: 1024px) 100vw, 1024px\" \/><\/figure>\n<\/figure>\n\n\n<p>\u00a0<\/p>\n<p><span style=\"font-size: 17px; font-family: georgia, palatino;\"><i>Am 24. August 2025 nahm Imam Chamenei an der Trauerzeremonie anl\u00e4sslich des M\u00e4rtyrertodes von Imam Ridha (Friede sei mit ihm) teil und hielt auch eine Rede. Es folgt die sinngem\u00e4\u00dfe \u00dcbersetzung der Rede aus dem <a href=\"https:\/\/farsi.khamenei.ir\/speech-content?id=60996\" target=\"_blank\" rel=\"noopener\">persischen Original<\/a>. Obwohl es f\u00fcr alle hier ver\u00f6ffentlichten Texte gilt, wird darauf verwiesen, dass die \u00dcbersetzung zu Dokumentationszwecken ohne jegliche Kommentierung erfolgt und die dargestellte Meinung nicht mit der Meinung der Herausgeber \u00fcbereinstimmen muss.<\/i><\/span><\/p>\n<hr \/>\n<p><span style=\"font-size: 17px; font-family: georgia, palatino;\"><b>Im Namen Allahs, des Gn\u00e4digen, des Begnadenden<\/b><\/span><\/p>\n<p><span style=\"font-size: 17px; font-family: georgia, palatino;\">Aller Dank ist Allahs, des Herrn der Welten, und der Frieden und Segen seien mit unserem Meister und Propheten Abul Qasim al-Mustafa Muhammad und seiner reinen, fehlerlosen, rechtleitenden, Familie und insbesondere mit dem Verbliebenen Allahs auf Erden (Baqiyyatullah, Imam Mahdi).<\/span><\/p>\n<p><span style=\"font-size: 17px; font-family: georgia, palatino;\">Mein Beileid zum Martyrium des Wohlt\u00e4ters der ganzen Existenz, besonders von uns Iranern, des g\u00fctigen Imams, Ali ibn Musa al-Ridha, Friede und Segen seien auf ihm. Auch diese Versammlung war die Gnade dieses Gro\u00dfen, der uns den Erfolg verlieh, dass wir diese Sitzung, dieses Treffen, dieses warme und leidenschaftliche Beisammensein abhalten konnten. Einige S\u00e4tze \u00fcber den g\u00fctigen Imam, Abu Hassan al-Ridha, Friede und Segen seien auf ihm, werde ich darlegen, und einige S\u00e4tze auch \u00fcber die aktuellen Angelegenheiten.<\/span><\/p>\n<p><span style=\"font-size: 17px; font-family: georgia, palatino;\">Im Leben von Ali ibn Musa al-Ridha, Friede sei auf ihm, haben sich gro\u00dfe Ereignisse wiederholt zugetragen, von denen eines sein Kommen von Medina nach Tus und nach Marw, nach Chorasan, war. Es gibt auch andere verschiedene Geschehnisse im Leben dieses Gro\u00dfen. Das, was die Frucht dieser Reise nach Chorasan ist, ist eine Ansammlung von Vorteilen und Nutzen f\u00fcr die Schule der Ahl ul-Bayt. Das hei\u00dft, dieser Reise, auch wenn sie eine erzwungene Reise war, auch wenn jener Gro\u00dfe nicht aus eigenem Willen nach Chorasan aufbrach, hat Gott, der Erhabene, Segen verliehen, und die Ereignisse, die geschehen sind \u2013 sowohl w\u00e4hrend der Reise als auch nach dem Martyrium jenes Gro\u00dfen \u2013 waren bedeutende Geschehnisse. Ich will auf zwei Punkte hinweisen.<\/span><\/p>\n<p><span style=\"font-size: 17px; font-family: georgia, palatino;\">Ein Punkt ist die au\u00dfergew\u00f6hnliche Verbreitung der Schule der Ahl-ul-Bayt. Die Schule der Ahl-ul-Bayt war isoliert, war unterdr\u00fcckt. Nach dem Martyrium von Imam Husain, Friede sei auf ihm, litten die Schiiten in jeder Region der damaligen islamischen Welt unter zahlreichen Schwierigkeiten im Leben: k\u00f6rperliche Probleme, Lebensunterhaltsprobleme, seelische Probleme. Allm\u00e4hlich \u2013 zur Zeit von Imam Baqir ein wenig, zur Zeit von Imam Sadiq mehr, zur Zeit von Musa ibn Dschafar noch mehr \u2013 nahm dieser Zustand der Isolation ab, doch in der Epoche von Ali ibn Musa al-Ridha, Friede und Segen seien auf ihm, verbreitete sich die Schule des Schiitentums in der islamischen Welt. Was der Mensch aus den historischen Geschehnissen wahrnimmt, ist, dass die Schia und die Anh\u00e4nger der Schule der Ahl ul-Bayt durch diese Reise und dieses Ereignis einen solchen Geist und eine solche St\u00e4rke erhielten, dass dieser Geist das Schiitentum bewahren konnte. Heute sind etwa 1.200 Jahre seit jener Zeit vergangen: Tag f\u00fcr Tag wurden die Anh\u00e4nger der Schule der Ahl-ul-Bayt mehr \u2013 seien es Schiiten oder Nicht-Schiiten, die an die Lehren der Ahl-ul-Bayt glauben, und wir haben viele von dieser Art, die zwar nicht offiziell Schiiten sind, aber an die Lehren der Ahl-ul-Bayt und an die Grunds\u00e4tze des Denkens der Ahl-ul-Bayt, Friede sei auf ihnen, glauben \u2013 dies ist von den Segnungen der Reise von Ali ibn Musa al-Ridha. Dies ist ein Punkt, das hei\u00dft, ein Nutzen und eine Wirkung aus den segensreichen Schritten von Imam Ridha, Friede sei auf ihm, von Medina nach Chorasan war dies. Die Anwesenheit jenes Gro\u00dfen, die Geschehnisse, die eingetreten sind, die Gespr\u00e4che, die gef\u00fchrt wurden, die Debatten, die stattfanden, das Verhalten, das dieser Gro\u00dfe mit Mamun, mit den Menschen, mit den Verantwortlichen des damaligen Landes zeigte \u2013 all dies hatte jeweils eine Wirkung, die die Schiiten in den Augen der Menschen gro\u00df machte und die Schule der Ahl-ul-Bayt emporhob.<\/span><\/p>\n<p><span style=\"font-size: 17px; font-family: georgia, palatino;\">Der zweite Effekt, auf den ich Nachdruck legen m\u00f6chte, ist, dass Ali ibn Musa al-Ridha die Angelegenheit von Aschura, die Angelegenheit von Imam Husain, in der gesamten islamischen Welt verbreitet hat. Das hei\u00dft, das Ereignis von Aschura selbst hat unter den Menschen dazu gef\u00fchrt, dass die Anh\u00e4ngern der Schule der Ahl-ul-Bayt, die Schia im Lauf der Geschichte als Bannertr\u00e4ger des Kampfes gegen Unterdr\u00fcckung bekannt wurde. Das Ereignis von Karbala war ein Ereignis, das in den Herzen der Menschen Platz finden musste. Derjenige, der es vermochte, diese Bewegung mit einem Sprung in Gang zu setzen, war Ali ibn Musa al-Ridha, Friede und Segen seien auf ihm. Diese bekannte \u00dcberlieferung von Ibn Schabib \u2013 Rayyan ibn Schabib \u2013, in der er [der Imam] sagte: <i>\u201eWenn du um etwas weinen willst, dann weine um Husain, Friede sei mit ihm\u201c<\/i>. In der \u00dcberlieferung ist das der Anfang und die \u00dcberlieferung ist ausf\u00fchrlich. Das ist eine sehr wichtige Aussage. Wor\u00fcber du auch immer weinen willst und Tr\u00e4nen vergie\u00dfen m\u00f6chtest, weine \u00fcber Husain. Dies hat die Bedeutung der Angelegenheit von Karbala aufgezeigt. Dann auch noch die gro\u00dfen Versprechungen f\u00fcr diejenigen, die zum Besuch zu Imam Husain gehen oder Trauer f\u00fcr Imam Husain abhalten oder Tr\u00e4nen vergie\u00dfen: \u201eAm J\u00fcngsten Tag werdet ihr mit uns auferweckt werden, ihr seid an unserer Seite\u201d und \u00c4hnliches. All das steht in dieser \u00dcberlieferung.<\/span><\/p>\n<p><span style=\"font-size: 17px; font-family: georgia, palatino;\">Nun, als die Angelegenheit von Karbala zur Sprache kam, das Ereignis des Martyriums von Husain ibn Ali, Gottes Friede sei auf ihnen beiden, kam ganz nat\u00fcrlich diese Frage auf: Warum wurde dieser Gro\u00dfe zum M\u00e4rtyrer? Diese Frage ist der Schl\u00fcssel zu vielen gesellschaftlichen Erkenntnissen des Islams: \u201eWarum wurde er zum M\u00e4rtyrer?\u201c Was war das f\u00fcr ein Ereignis, das dazu f\u00fchrte, dass etwa f\u00fcnfzig Jahre nach dem Dahinscheiden des Propheten eine so gro\u00dfe Katastrophe entstand und das Martyrium dieses Kindes [Enkelkind] des Propheten geschah. Was war das f\u00fcr ein Ereignis? Diese Frage ist eine grundlegende Frage. Sie kann das Verh\u00e4ltnis der Herzen zu den Geschehnissen der gesamten Menschheitsgeschichte \u00f6ffnen und die Pflichten der Muslime offenlegen.<\/span><\/p>\n<p><span style=\"font-size: 17px; font-family: georgia, palatino;\">Imam Husain k\u00e4mpfte gegen Unterdr\u00fcckung, Imam Husain lie\u00df Ungerechtigkeit nicht zu, Imam Husain akzeptierte nicht die Vorherrschaft der Lasterhaften und Verderbten \u00fcber die islamische Gesellschaft, er beugte sich nicht darunter. Dies sind sehr wichtige Angelegenheiten, die, wenn die Angelegenheit von Karbala zur Sprache kommt, ebenfalls ganz nat\u00fcrlich zur Sprache kommen werden. Dies in Bezug auf den verehrten Ali ibn Musa al-Ridha, Gottes Friede sei auf ihnen, dass die Schilderung des Ereignisses von Karbala und Aschura durch den Segen der Worte von Imam Ridha, Friede sei auf ihm, zustande kam, und das ist eine \u00e4u\u00dferst wichtige Angelegenheit.<\/span><\/p>\n<p><span style=\"font-size: 17px; font-family: georgia, palatino;\">In Bezug auf die aktuellen Angelegenheiten des Landes: Nun, es sind Auseinandersetzungen geschehen und bedeutende Ereignisse wurden dem iranischen Volk auferlegt, ein Krieg wurde auferlegt und das Volk hat auch mit voller St\u00e4rke, mit voller Kraft standgehalten und die Welt auf sich aufmerksam gemacht. Durch diese Ereignisse hat Iran in den Augen der Menschen der Welt eine besondere Gr\u00f6\u00dfe, eine neue W\u00fcrde erlangt. Das ist nun das, was das Ereignis betrifft.<\/span><\/p>\n<p><span style=\"font-size: 17px; font-family: georgia, palatino;\">An dieser Stelle ergibt sich eine Frage: Warum besteht die Feindschaft Amerikas gegen\u00fcber Iran? Diese Frage scheint eine einfache Frage zu sein, jedoch ist es eine komplizierte Frage. Die Antwort auf diese Frage ist eine wichtige Antwort, eine komplizierte Antwort. Diese Feindschaft ist auch nicht erst von heute. Seit 45 Jahren haben die amerikanischen Regierungen \u2013 von den unterschiedlichsten Personen und Parteien Amerikas, die an die Macht gekommen sind \u2013 dieselbe Feindschaft, dieselben Sanktionen, dieselben Drohungen gegen\u00fcber der Islamischen Republik und dem geliebten Volk Irans gehabt. Was ist der Grund? In der Vergangenheit haben sie diesen Grund verschwiegen, und haben es unter verschiedenen Vorw\u00e4nden wie Terrorismus, wie Menschenrechte, wie das Thema der Frauen, wie Demokratie, unter solcher Art von Titeln getan. Oder selbst wenn sie es auch sagten, sagten sie es auf eine ehrenvolle Weise: \u201eWir wollen, dass sich das Verhalten Irans \u00e4ndert.\u201d Fr\u00fcher redeten sie so. Dieser Herr, der heute nun in Amerika an der Macht ist, hat die Sache aufgedeckt, er hat das wahre Ziel klar offengelegt. Er sagte, unsere Konfrontation mit dem Iran, mit dem iranischen Volk ist deswegen, weil Iran gehorsam gegen\u00fcber Amerika sein soll! Wir, das iranische Volk, m\u00fcssen das richtig verstehen: Dies ist eine wichtige Angelegenheit. Nat\u00fcrlich kann sein Ausdruck ein wenig von dem abweichen, was ich gesagt habe, zum Beispiel: \u201eIran soll folgsam sein\u201c. Er hat es vielleicht mit diesem Ausdruck gesagt. Das bedeutet, es ist eine Regierung, eine Macht in der Welt aufgetreten, die gegen\u00fcber Iran, dem Iran mit dieser Geschichte, dem Iran mit dieser W\u00fcrde, dem Iran mit diesem Volk, diese Erwartung hat, dass dieses Land, diese Geschichte, dieses gro\u00dfe Volk mit all seinen Ehren und seinem Stolz, gehorsam gegen\u00fcber ihm sei! Das ist der Grund, die Feindschaften sind deswegen.<\/span><\/p>\n<p><span style=\"font-size: 17px; font-family: georgia, palatino;\">Diejenigen, die sagen: \u201eHerr! Ruft keine Parolen gegen Amerika, sie werden w\u00fctend, sie werden euch feindlich gesinnt\u201c, diese sind oberfl\u00e4chlich. Diejenigen, die analysieren und sagen: \u201eWarum verhandelt ihr nicht direkt mit Amerika und l\u00f6st eure Probleme nicht?\u201c, die sind meiner Meinung nach oberfl\u00e4chlich. Das Innere der Angelegenheit ist nicht dieser Art. Dieses Problem ist unl\u00f6sbar. Er will, dass Iran gehorsam gegen\u00fcber Amerika ist. Das iranische Volk wird von einer so gro\u00dfen Beleidigung zutiefst verletzt und wird sich mit aller Kraft jenen und demjenigen entgegenstellen, der eine solche falsche Erwartung vom iranischen Volk hat [Publikum ruft Parolen beginnend mit \u201eAllahu Akbar\u201c]. Auch der letzte Krieg war deshalb. Sie schickten das zionistische Regime vor, sie provozierten, sie zeigten Zustimmung, sie halfen, damit es den Iran angreife und ihrer Vorstellung nach die Angelegenheit Irans beende, die Angelegenheit der Islamischen Republik beende! Sie konnten sich nicht vorstellen, dass Iran ihrer Bewegung eine solche Faust entgegensetzen w\u00fcrde, dass es sie bereuen lassen w\u00fcrde. Diese Vorstellung hatten sie nicht.<\/span><\/p>\n<p><span style=\"font-size: 17px; font-family: georgia, palatino;\">Sie hatten die Vorstellung, mit diesem Angriff sei die Angelegenheit Irans beendet. Seht: Am 23. Chordad wurde der Iran angegriffen, einen Tag sp\u00e4ter \u2013 also am 24. Chordad \u2013 setzten sich einige von Amerikas Handlangern in einer europ\u00e4ischen Hauptstadt zusammen und begannen, \u00fcber einen Ersatz f\u00fcr die Islamische Republik zu diskutieren! Ich h\u00f6rte, dass dies auch vor zwei, drei Tagen im Fernsehen gesagt wurde, [aber] uns wurde dies schon damals mitgeteilt. Das hei\u00dft, sie waren sich sicher, dass dieser Angriff das Fundament der Islamischen Republik im Inland ersch\u00fcttern w\u00fcrde, sie waren sich sicher, dass er das Volk gegen die Islamische Republik stellen w\u00fcrde. Sie waren so sehr davon \u00fcberzeugt, dass sie sich einen Tag nach Beginn des Angriffs zusammensetzten und diskutierten, wer, welche Regierung und welche Art von Regierung nun nach der Islamischen Republik \u00fcber Iran herrschen solle! Sie haben sogar einen Schah [K\u00f6nig] bestimmt. F\u00fcr Iran bestimmten sie sogar einen Schah, dass ein bestimmter Jemand Schah von Iran sein solle! So dachten sie \u00fcber Iran. Sie stellten sich vor, dass durch diesen Angriff eine Kluft zwischen dem System und dem Volk entstehen w\u00fcrde, dass das System geschw\u00e4cht w\u00fcrde und sie ihr niedertr\u00e4chtiges, boshaftes Ziel erreichen und verwirklichen k\u00f6nnten. Jedoch das iranische Volk \u2013 darauf bestehe ich, wir haben es schon oft gesagt, und ich bestehe darauf, es zu wiederholen \u2013 das iranische Volk hat durch sein Stehen an der Seite der Streitkr\u00e4fte, an der Seite der Regierung, an der Seite des Systems allen diesen eine kr\u00e4ftige Faust ins Gesicht geschlagen.<\/span><\/p>\n<p><span style=\"font-size: 17px; font-family: georgia, palatino;\">Unter diesen Dummen, die sich zusammensetzten, um einen Ersatz f\u00fcr die Islamische Republik im Iran zu finden, war auch ein Iraner. Staub \u00fcber den Kopf dieses Iraners [Publikum bricht in lachen aus], der auf Kosten seines eigenen Landes, zugunsten der Juden, zugunsten des Zionismus, zugunsten Amerikas sich hinsetzt und t\u00e4tig wird! Nat\u00fcrlich war dies, bevor unsere Streitkr\u00e4fte ihre volle St\u00e4rke gezeigt hatten. Es war am ersten und zweiten Tag. Danach konnten die Streitkr\u00e4fte \u2013 Gott sei Dank \u2013 gro\u00dfe Taten vollbringen, sodass es angebracht ist, dass das gesamte iranische Volk den Streitkr\u00e4ften dankt, und wir danken ihnen, und auch in Zukunft wird \u2013 so Gott will \u2013 Tag f\u00fcr Tag die St\u00e4rke und F\u00e4higkeit des iranischen Volkes in den Streitkr\u00e4ften zunehmen.<\/span><\/p>\n<p><span style=\"font-size: 17px; font-family: georgia, palatino;\">Nun, es gibt hier noch einen weiteren Punkt, den ich ebenfalls darlegen m\u00f6chte. Das Ergebnis, zu dem die Feinde in diesen Ereignissen gelangt sind, ist, dass man den Iran mit Krieg, mit milit\u00e4rischem Angriff nicht in die Knie zwingen kann. Die Islamische Republik l\u00e4sst sich mit diesen harten Mitteln und Werkzeugen nicht zur\u00fcckdr\u00e4ngen. Nun, seit 45 Jahren tun sie diese Dinge: Tag f\u00fcr Tag ist die Islamische Republik st\u00e4rker geworden. Sie sahen, dass der Weg darin besteht, im Inneren Zwietracht zu stiften, im Inneren Spaltung zu schaffen. Nat\u00fcrlich haben sie auch im Inneren ihre Elemente: Elemente des Zionismus, Elemente Amerikas. Hier und da im Land, mittels dieser oder aber auch mittels derjenigen, die unachtsam sind in Bezug auf das, was sie sagen und was sie schreiben, schaffen sie Spaltungen unter den Menschen und erzeugen Mehrstimmigkeit im Land. Heute ist \u2013 Gott sei Dank \u2013 das Land geeint. Heute ist das Volk geeint. Es gibt Meinungsverschiedenheiten, politische, gesellschaftliche Meinungsverschiedenheiten bestehen, aber in der Verteidigung des Systems, in der Verteidigung des Landes, im Widerstand gegen den Feind ist das Volk heute geeint. Diese Einheit ist zu ihrem Schaden, diese Einheit verhindert ihre Aggression und ihren \u00dcbergriff. Dies wollen sie beseitigen. Seid darauf bedacht.<\/span><\/p>\n<p><span style=\"font-size: 17px; font-family: georgia, palatino;\">Die Leute des Wortes, die Leute der Feder, jene, die reden, jene, die schreiben, jene, die forschen, jene, die twittern, sollen verstehen, was sie tun: Diese heilige Einheit, diese gro\u00dfartige Gemeinschaft, dieser st\u00e4hlerne Schild aus den Herzen der Menschen und den Willen der Menschen darf nicht besch\u00e4digt werden. Heute, Gott sei Dank, gibt es Einheit. Diese Einheit soll vom Volk bewahrt werden. Die Verantwortlichen des Landes, insbesondere die Verantwortlichen der drei Gewalten, die Gott sei Dank heute auch in voller Einheit und Eintracht miteinander arbeiten, sollen dies bewahren. Die Diener des Landes sollen vom Volk unterst\u00fctzt werden. Der Pr\u00e4sident soll unterst\u00fctzt werden. Der Pr\u00e4sident arbeitet viel, ist flei\u00dfig und beharrlich. Solche Personen, die viel arbeiten, flei\u00dfig und beharrlich sind, diese muss man wertsch\u00e4tzen. Die Einheit zwischen Volk und Staat, zwischen den verschiedenen Verantwortlichen des Systems, zwischen den Streitkr\u00e4ften und dem Volk, zwischen allen Teilen des Volkes ist etwas, das mit ganzer Existenz bewahrt werden muss. Dies ist meine endg\u00fcltige Empfehlung.<\/span><\/p>\n<p><span style=\"font-size: 17px; font-family: georgia, palatino;\">Aus Anzeichen und Indizien habe ich das Gef\u00fchl, dass sich heute die gr\u00f6\u00dfte Anstrengung des Feindes darauf richtet, diese einheitliche Stimme, diese Einstimmigkeit, dieses Einvernehmen, diese Zusammenarbeit zu besch\u00e4digen. Heute tut der Feind dies mit verschiedenen Methoden. Das Volk soll achtgeben. Nat\u00fcrlich k\u00f6nnen manche in verschiedenen Angelegenheiten unterschiedliche Meinungen haben. Das ist \u00fcberhaupt kein Problem. Die Denker sollen darauf achten, dass das Vorbringen eines neuen Gedankens, der eine Erg\u00e4nzung zum bereits Vorhandenen im iranischen Volk, etwas anderes ist als zu zerst\u00f6ren, zu beleidigen. Die Grundlagen der Islamischen Republik sollen nicht zerst\u00f6rt werden. Gerade diese Grundlagen sind es, die dieses Volk auf diese Weise haben wachsen lassen, die dieses Land auf diese Weise emporgehoben haben, die dieser Nation diese St\u00e4rke verliehen haben. Gerade diese Grundlagen sind es. Wenn man diese Grundlagen vervollst\u00e4ndigen, erweitern, verbessern will, ist das kein Problem, aber zerst\u00f6ren darf man nicht. Zerst\u00f6rung ist der Wunsch des Feindes. Diese Zusammenarbeit der drei Gewalten, die Zusammenarbeit des Parlaments und der Regierung und der Justiz und der Streitkr\u00e4fte und anderer, muss fortgesetzt werden.<\/span><\/p>\n<p><span style=\"font-size: 17px; font-family: georgia, palatino;\">Unser Feind heute, der Feind, der uns gegen\u00fcbersteht, n\u00e4mlich das zionistische Regime, ist das verhassteste Regime der Welt, die verhassteste Regierung der Welt. Die V\u00f6lker sind von der zionistischen Regierung abgesto\u00dfen, sie hassen sie. Auch die Regierungen verurteilen diese Regierung, die zionistische Regierung. Seht, die Staatschefs der westlichen L\u00e4nder, die immer Unterst\u00fctzer des zionistischen Regimes waren, verurteilen sie heute. Nat\u00fcrlich ist das nur eine Verurteilung mit Worten. Das ist wenig, eine Verurteilung mit Worten n\u00fctzt nichts. Das Verbrechen, das heute die F\u00fchrer der zionistischen Regierung begehen, ist meiner Meinung nach in der Geschichte beispiellos. Kinder durch Hunger und Durst zu t\u00f6ten, Kinder durch Durst und Hunger zu ermorden, Kinder, die gekommen waren, um Nahrung zu holen, mit Kugeln zu durchl\u00f6chern. Das ist in der Welt, soweit ich aus der Geschichte wei\u00df, etwas Beispielloses. Diese [Verbrechen] haben die V\u00f6lker abgesto\u00dfen. Man muss dem entgegentreten. Widerstand ist auch nicht allein mit Worten, dass Regierungen sagen, wir sind dagegen, wir verurteilen \u2013 sogar die franz\u00f6sische Regierung, die englische Regierung und andere haben verurteilt \u2013 das n\u00fctzt nichts. Der Weg der Hilfeleistung an das zionistische Regime muss versperrt werden. Der Weg der Hilfe f\u00fcr sie muss abgeschnitten werden. Das, was heute das mutige Volk Jemens tut, ist der richtige Weg. Der richtige Weg ist das. Angesichts des Verbrechens, das die F\u00fchrer des zionistischen Regimes begehen, gibt es keinen anderen Weg, au\u00dfer dass die Wege der Hilfe f\u00fcr sie von allen Seiten vollst\u00e4ndig blockiert werden.<\/span><\/p>\n<p><span style=\"font-size: 17px; font-family: georgia, palatino;\">Wir sind nat\u00fcrlich zu jeder Arbeit, die f\u00fcr die Islamische Republik m\u00f6glich ist, zu jeder Arbeit, die machbar ist, vollkommen bereit, und wir hoffen, so Gott will, dass Gott der Erhabene, der Bewegung des iranischen Volkes und der Bewegung der Gerechtigkeitssuchenden der Welt Segen gibt und die Wurzel dieses tiefen t\u00f6dlichen Krebses aus diesem Verderben herausrei\u00dft und, so Gott will, die muslimischen V\u00f6lker erweckt und sie miteinander eint.<\/span><\/p>\n<p><span style=\"font-size: 17px; font-family: georgia, palatino;\">Und der Friede, die Gnade Allahs und sein Segen seien mit Euch.<\/span><\/p>","protected":false},"excerpt":{"rendered":"<p>\u00a0 Am 24. August 2025 nahm Imam Chamenei an der Trauerzeremonie anl\u00e4sslich des M\u00e4rtyrertodes von Imam Ridha (Friede sei mit<\/p>\n","protected":false},"author":1,"featured_media":2582,"comment_status":"closed","ping_status":"open","sticky":false,"template":"","format":"standard","meta":{"colormag_page_container_layout":"default_layout","colormag_page_sidebar_layout":"default_layout","footnotes":""},"categories":[59,30,27,39,48,33],"tags":[],"class_list":["post-2579","post","type-post","status-publish","format-standard","has-post-thumbnail","hentry","category-ahlulbayt","category-iran","category-palaestina","category-reden","category-revolution","category-weltpolitik"],"_links":{"self":[{"href":"http:\/\/www.ahl-ul-bait.de\/imam-chamenei\/wp-json\/wp\/v2\/posts\/2579","targetHints":{"allow":["GET"]}}],"collection":[{"href":"http:\/\/www.ahl-ul-bait.de\/imam-chamenei\/wp-json\/wp\/v2\/posts"}],"about":[{"href":"http:\/\/www.ahl-ul-bait.de\/imam-chamenei\/wp-json\/wp\/v2\/types\/post"}],"author":[{"embeddable":true,"href":"http:\/\/www.ahl-ul-bait.de\/imam-chamenei\/wp-json\/wp\/v2\/users\/1"}],"replies":[{"embeddable":true,"href":"http:\/\/www.ahl-ul-bait.de\/imam-chamenei\/wp-json\/wp\/v2\/comments?post=2579"}],"version-history":[{"count":3,"href":"http:\/\/www.ahl-ul-bait.de\/imam-chamenei\/wp-json\/wp\/v2\/posts\/2579\/revisions"}],"predecessor-version":[{"id":2586,"href":"http:\/\/www.ahl-ul-bait.de\/imam-chamenei\/wp-json\/wp\/v2\/posts\/2579\/revisions\/2586"}],"wp:featuredmedia":[{"embeddable":true,"href":"http:\/\/www.ahl-ul-bait.de\/imam-chamenei\/wp-json\/wp\/v2\/media\/2582"}],"wp:attachment":[{"href":"http:\/\/www.ahl-ul-bait.de\/imam-chamenei\/wp-json\/wp\/v2\/media?parent=2579"}],"wp:term":[{"taxonomy":"category","embeddable":true,"href":"http:\/\/www.ahl-ul-bait.de\/imam-chamenei\/wp-json\/wp\/v2\/categories?post=2579"},{"taxonomy":"post_tag","embeddable":true,"href":"http:\/\/www.ahl-ul-bait.de\/imam-chamenei\/wp-json\/wp\/v2\/tags?post=2579"}],"curies":[{"name":"wp","href":"https:\/\/api.w.org\/{rel}","templated":true}]}}