{"id":2673,"date":"2025-12-15T13:13:27","date_gmt":"2025-12-15T12:13:27","guid":{"rendered":"https:\/\/khamenei.de\/wordpress\/?p=2673"},"modified":"2026-01-13T18:40:07","modified_gmt":"2026-01-13T17:40:07","slug":"imam-chameneis-rede-ueber-maertyrer-aus-alborz","status":"publish","type":"post","link":"http:\/\/www.ahl-ul-bait.de\/imam-chamenei\/2025\/12\/15\/imam-chameneis-rede-ueber-maertyrer-aus-alborz\/","title":{"rendered":"Imam Chameneis Rede \u00fcber M\u00e4rtyrer aus Alborz"},"content":{"rendered":"<p><span style=\"font-family: georgia, palatino; font-size: 17px;\"><i>Am 15. Dezember 2025 hielt Imam Chamenei, bei einem Treffen mit dem Nationalen Kongress zur W\u00fcrdigung der M\u00e4rtyrer der Provinz Alborz, eine Rede. Es folgt die sinngem\u00e4\u00dfe \u00dcbersetzung der Rede aus dem <a href=\"https:\/\/farsi.khamenei.ir\/speech-content?id=62097\" target=\"_blank\" rel=\"noopener\">persischen Original<\/a>. Obwohl es f\u00fcr alle hier ver\u00f6ffentlichten Texte gilt, wird darauf verwiesen, dass die \u00dcbersetzung zu Dokumentationszwecken ohne jegliche Kommentierung erfolgt und die dargestellte Meinung nicht mit der Meinung der Herausgeber \u00fcbereinstimmen muss.<\/i><\/span><\/p>\n<hr \/>\n<p><span style=\"font-family: georgia, palatino; font-size: 17px;\"><b>Im Namen Allahs, des Gn\u00e4digen, des Begnadenden<\/b><\/span><\/p>\n<p><span style=\"font-family: georgia, palatino; font-size: 17px;\">Aller Dank ist Allahs, des Herrn der Welten, und der Frieden und Segen seien mit unserem Meister und Propheten Abul Qasim al-Mustafa Muhammad und seiner guten, reinen und auserw\u00e4hlten Familie.<\/span><\/p>\n<p><span style=\"font-family: georgia, palatino; font-size: 17px;\">Herzlich willkommen, liebe Br\u00fcder, liebe Schwestern! Und vielen Dank daf\u00fcr, dass ihr euch eingesetzt habt, diesen n\u00fctzlichen und in gewisser Hinsicht lebenswichtigen Strom \u2013 n\u00e4mlich den Strom zur Wiederbelebung der Namen der M\u00e4rtyrer und des Gedenkens an die M\u00e4rtyrer, in der Stadt Karadsch und in der Provinz Alborz \u2013 ins Leben zu rufen.<\/span><\/p>\n<p><span style=\"font-family: georgia, palatino; font-size: 17px;\">Die Provinz Alborz hat eine Besonderheit, auf die die Herren hingewiesen haben. Sie besteht aus einer Gesamtheit von Menschen, die aus verschiedenen Teilen des Landes stammen und seit einigen Jahrzehnten in diese Stadt eingewandert sind. Daher besteht die M\u00f6glichkeit, dass jede gute Arbeit, die in dieser Stadt geleistet wird, sich auf das ganze Land \u00fcbertr\u00e4gt und dort ebenfalls Wirkung entfaltet. Daher ist eure Arbeit eine \u00e4u\u00dferst gute Arbeit, und die Ma\u00dfnahme ist eine gottgef\u00e4llige und n\u00fctzliche Ma\u00dfnahme. Ich danke den Verantwortlichen und Beteiligten dieser Arbeit.<\/span><\/p>\n<p><span style=\"font-family: georgia, palatino; font-size: 17px;\">Ein Punkt ist folgender: In der Erl\u00e4uterung der Programme dieser W\u00fcrdigungsveranstaltungen habt ihr gute Inhalte vorgetragen \u2013 beide Herren haben wichtige Punkte dargelegt und die erwarteten Wirkungen dieser Arbeit beschrieben \u2013, allerdings sind dies eure W\u00fcnsche. Diese m\u00fcssen verwirklicht werden. Dar\u00fcber m\u00fcsst ihr nachdenken. Das hei\u00dft, jenes Buch muss Leser haben, jener Film muss Zuschauer haben, und dies erfordert eine zweite Anstrengung. Das bedeutet, wenn ihr die Arbeit nicht k\u00fcnstlerisch ausf\u00fchrt oder sie nicht weiterverfolgt oder die verschiedenen Aspekte der Arbeit nicht ber\u00fccksichtigt, wird diese Anstrengung, die gut und zur rechten Zeit unternommen wurde, ihre Ergebnisse nicht erreichen. Man muss etwas tun, dass diese Anstrengung zu ihren Ergebnissen gelangt, und dies selbst erfordert eine zweite Anstrengung. Ich m\u00f6chte sagen: Die Idee einer guten Arbeit und die Planung f\u00fcr eine gute Arbeit sind die eine H\u00e4lfte dieser Arbeit. Die zweite H\u00e4lfte, die wichtiger ist, besteht im Nachverfolgen, Dranbleiben und im Umsetzen dieser Arbeit, und das m\u00fcsst ihr tun.<\/span><\/p>\n<p><span style=\"font-family: georgia, palatino; font-size: 17px;\">Der Punkt, der hier besteht, ist die Frage \u00fcber diese W\u00fcrdigungsveranstaltungen: Wof\u00fcr f\u00fchren wir diese W\u00fcrdigungsveranstaltungen durch? Wenn wir die M\u00e4rtyrer des auferlegten Krieges [Angriff Iraks auf Iran 1980] betrachten, die M\u00e4rtyrer dieses j\u00fcngsten Krieges [Angriff Israels auf Iran 2025], wenn wir im Allgemeinen die M\u00e4rtyrer dieser Kriege betrachten, sehen wir, dass in ihnen Beweggr\u00fcnde existierten, die sie in das Feld der Gefahr gezogen und mitunter ihr Leben genommen haben. Es gab auch viele andere, die dieselben Beweggr\u00fcnde hatten und, dankgepriesen sei Gott, gesund und unversehrt zur\u00fcckgekehrt sind. Was sind diese Beweggr\u00fcnde? Warum verzichtet ein junger Mensch auf ein bequemes Leben, auf das Zusammensein mit Vater und Mutter, auf Studium und Diskussion und Arbeit und W\u00fcnsche und Beruf und alles andere und begibt sich in die H\u00e4rten des Krieges, in die Schwierigkeiten des Krieges \u2013 jene, die auf diesem Feld waren, wissen, welche Schwierigkeiten es hat \u2013 und verwickelt sich selbst darin?<\/span><\/p>\n<p><span style=\"font-family: georgia, palatino; font-size: 17px;\">Wenn wir diese gro\u00dfe Tat, diese gewaltige Bewegung, lediglich auf ein Gef\u00fchl reduzieren, haben wir Unrecht getan. Wenn wir sagen, es wurden Reden gehalten, die Gef\u00fchle dieser jungen Leute wurden angeregt und sie machten sich auf den Weg und gingen, ist das wirklich ungerecht gegen\u00fcber diesem Ereignis, ungerecht gegen\u00fcber diesen Personen. So ist es nicht. Es gibt andere Dinge. Z\u00e4hlt diese Dinge auf, findet diese Dinge heraus.<\/span><\/p>\n<p><span style=\"font-family: georgia, palatino; font-size: 17px;\">Eines dieser (Dinge) ist die <i>Sehnsucht nach der Begegnung mit Gott<\/i>. Unter diesen jungen Menschen kennen wir, finden wir Menschen, die im wahrsten Sinne des Wortes sehns\u00fcchtig nach Gott waren. Das ist genau das, worauf der Imam [Chomeini] diese Gro\u00dfen der Erkenntnis und des geistigen Weges und dergleichen hingewiesen hat, als er sagte: Ihr habt nun ein Leben lang Gottesdienst verrichtet, m\u00f6ge es angenommen werden, aber lest auch das Testament dieses jungen Menschen \u2013 dieser Jugendliche hat den Weg von 70 oder 80 Jahren manchmal in wenigen Monaten oder wenigen Tagen zur\u00fcckgelegt und ist dort angekommen. Diese Frage der Sehnsucht, der Sehnsucht nach Gott, muss bei den jungen Menschen hervorgebracht werden. Die Frage des <i>Gef\u00fchls religi\u00f6ser Pflicht<\/i>, dass dies eine Pflicht ist, was ihm gesagt wurde, und dass er sie erf\u00fcllen muss, wie das Gebet. Dies muss geschehen, muss ausgef\u00fchrt werden. Die Frage des <i>Gef\u00fchls des Entgegenstellens gegen den Feind<\/i>. Dies ist ein wichtiges Gef\u00fchl. Wenn der junge Mensch zu Verst\u00e4ndnis und Bewusstsein seiner Jugend gelangt \u2013 in dem Ma\u00df, dass er aus der Phase der Jugendlichkeit und der Kindheit heraustritt \u2013, f\u00fchlt er, dass er gegen\u00fcber seinem Land eine Pflicht hat, die er erf\u00fcllen muss, und dass es Menschen gibt, die darauf lauern, ihm sein Zuhause, sein Land und seine kulturellen und zivilisatorischen Besitzt\u00fcmer und sein bleibendes Erbe zu nehmen. Ihnen gegen\u00fcber will er standhalten. Dies ist ein Gef\u00fchl im Menschen. Und dergleichen, vielleicht kann man zehn wichtige Beweggr\u00fcnde nacheinander f\u00fcr diese Bewegung dieser jungen Menschen aufz\u00e4hlen, was nun die Herren tun und ausf\u00fchren. Wir m\u00fcssen diese an die n\u00e4chste Generation weitergeben. Mein Punkt ist das.<\/span><\/p>\n<p><span style=\"font-family: georgia, palatino; font-size: 17px;\">Ich sage, ihr d\u00fcrft nicht zulassen, dass diese Beweggr\u00fcnde erl\u00f6schen. Diese Beweggr\u00fcnde m\u00fcssen an die n\u00e4chste Generation weitergegeben werden. Das Verhalten, das man von einigen kulturellen Institutionen und einigen verantwortlichen Einrichtungen und von denen sieht, die sich um diese Dinge k\u00fcmmern sollten, zeigt dies [aber] nicht. Das hei\u00dft, wirklich, dass wir diese erhabenen Konzepte, diese Werte an die junge Generation weitergeben, sehen wir nicht, und in vielen F\u00e4llen beobachten wir es nicht.<\/span><\/p>\n<p><span style=\"font-family: georgia, palatino; font-size: 17px;\">Unsere Jugendlichen sind gute Jugendliche. Diese Mittel, die es heute gibt und die vorhanden sind, gab es in der Zeit des auferlegten Krieges zu Beginn der Revolution nicht. Diese sehr fortgeschrittenen Ger\u00e4te, die heute daf\u00fcr eingesetzt werden, Inhalte zu vermitteln, Bedeutungen zu \u00fcbertragen, Inhalte in die K\u00f6pfe der anderen Seite zu bringen und sie zu beeinflussen, gab es damals nicht. Heute leistet unsere Jugend diesen gegen\u00fcber Widerstand. Derjenige, der betet, derjenige, der das Nachtgebet verrichtet, derjenige, der zus\u00e4tzliche Gebete verrichtet, derjenige, der die Moschee besucht, derjenige, der an religi\u00f6sen Versammlungen und Trauerzeremonien teilnimmt, bewahrt in Wirklichkeit angesichts einer solchen gewaltigen Welle seine religi\u00f6se Identit\u00e4t, sch\u00fctzt sie und st\u00e4rkt sie. Das ist sehr wertvoll. Wir m\u00fcssen das zu sch\u00e4tzen wissen. Unsere heutigen Jugendlichen sind meiner Ansicht nach sehr gute Jugendliche und sie sind bereit. Unser Programm muss dies sein, dass wir diese Werte, die diese M\u00e4rtyrer hervorbrachten, diese Gr\u00f6\u00dfe, diese Opferbereitschaft im iranischen Volk geschaffen haben, erkl\u00e4ren und an die n\u00e4chste Generation weitergeben k\u00f6nnen, damit sie, so Gott will, das Land und die Gesellschaft voranbringen k\u00f6nnen.<\/span><\/p>\n<p><span style=\"font-family: georgia, palatino; font-size: 17px;\">Erfreulicherweise haben wir trotz all der H\u00e4rten, der Knappheit und der bestehenden Probleme viele positive Punkte im Land, und man sieht im Land zahlreiche Bereitschaften f\u00fcr eine Bewegung in Richtung der Revolution, eine Bewegung in Richtung des Islams. Man sieht und beobachtet dies. Wir hoffen, dass diese, so Gott will, gest\u00e4rkt werden und dass eure Arbeit auf diesem Weg eine au\u00dferordentliche Arbeit leisten kann und ihr, so Gott will, diese Arbeit in eurer Region verrichten k\u00f6nnt. Wie ich gesagt habe, beschr\u00e4nkt euch nicht nur auf die Gesamtheit eurer eigenen Provinz. Das hei\u00dft, es sollte so gehandelt und so vorgegangen werden, dass diejenigen, die mit anderen Landkreisen, anderen St\u00e4dten und anderen Regionen des Landes verbunden sind, dieses Mitbringsel von hier f\u00fcr sie mitnehmen und sie vorbereiten und die Gedanken, die Ausrichtung und die Bereitschaften \u00fcbertragen, und diese Werte so Gott will auch in andere Regionen des Landes weitergegeben werden.<\/span><\/p>\n<p><span style=\"font-family: georgia, palatino; font-size: 17px;\">M\u00f6ge Gott euch, so Gott will, Erfolg gew\u00e4hren, euch unterst\u00fctzen und euch helfen, damit ihr, so Gott will, das Ziel erreicht, um dessentwillen ihr diese Arbeit getan habt, und m\u00f6ge Gott es von euch und von allen Br\u00fcdern annehmen. Und wir \u00fcbermitteln auch den lieben Menschen von Karadsch, insbesondere den Familien der lieben M\u00e4rtyrer, unsere Gr\u00fc\u00dfe.<\/span><\/p>\n<p><span style=\"font-family: georgia, palatino; font-size: 17px;\">Und der Friede, die Gnade Allahs und sein Segen seien mit Euch.<\/span><\/p>\n\n\n<p><\/p>\n","protected":false},"excerpt":{"rendered":"<p>Am 15. Dezember 2025 hielt Imam Chamenei, bei einem Treffen mit dem Nationalen Kongress zur W\u00fcrdigung der M\u00e4rtyrer der Provinz<\/p>\n","protected":false},"author":1,"featured_media":2674,"comment_status":"closed","ping_status":"open","sticky":false,"template":"","format":"standard","meta":{"colormag_page_container_layout":"default_layout","colormag_page_sidebar_layout":"default_layout","footnotes":""},"categories":[47,43,39,45],"tags":[],"class_list":["post-2673","post","type-post","status-publish","format-standard","has-post-thumbnail","hentry","category-jugend","category-maertyrer","category-reden","category-spiritualitaet"],"_links":{"self":[{"href":"http:\/\/www.ahl-ul-bait.de\/imam-chamenei\/wp-json\/wp\/v2\/posts\/2673","targetHints":{"allow":["GET"]}}],"collection":[{"href":"http:\/\/www.ahl-ul-bait.de\/imam-chamenei\/wp-json\/wp\/v2\/posts"}],"about":[{"href":"http:\/\/www.ahl-ul-bait.de\/imam-chamenei\/wp-json\/wp\/v2\/types\/post"}],"author":[{"embeddable":true,"href":"http:\/\/www.ahl-ul-bait.de\/imam-chamenei\/wp-json\/wp\/v2\/users\/1"}],"replies":[{"embeddable":true,"href":"http:\/\/www.ahl-ul-bait.de\/imam-chamenei\/wp-json\/wp\/v2\/comments?post=2673"}],"version-history":[{"count":1,"href":"http:\/\/www.ahl-ul-bait.de\/imam-chamenei\/wp-json\/wp\/v2\/posts\/2673\/revisions"}],"predecessor-version":[{"id":2675,"href":"http:\/\/www.ahl-ul-bait.de\/imam-chamenei\/wp-json\/wp\/v2\/posts\/2673\/revisions\/2675"}],"wp:featuredmedia":[{"embeddable":true,"href":"http:\/\/www.ahl-ul-bait.de\/imam-chamenei\/wp-json\/wp\/v2\/media\/2674"}],"wp:attachment":[{"href":"http:\/\/www.ahl-ul-bait.de\/imam-chamenei\/wp-json\/wp\/v2\/media?parent=2673"}],"wp:term":[{"taxonomy":"category","embeddable":true,"href":"http:\/\/www.ahl-ul-bait.de\/imam-chamenei\/wp-json\/wp\/v2\/categories?post=2673"},{"taxonomy":"post_tag","embeddable":true,"href":"http:\/\/www.ahl-ul-bait.de\/imam-chamenei\/wp-json\/wp\/v2\/tags?post=2673"}],"curies":[{"name":"wp","href":"https:\/\/api.w.org\/{rel}","templated":true}]}}