{"id":2687,"date":"2026-01-12T18:23:25","date_gmt":"2026-01-12T17:23:25","guid":{"rendered":"https:\/\/khamenei.de\/wordpress\/?p=2687"},"modified":"2026-01-29T00:03:53","modified_gmt":"2026-01-28T23:03:53","slug":"kurzbotschaft-imam-chameneis-zur-gratulation-an-das-iranische-volk","status":"publish","type":"post","link":"http:\/\/www.ahl-ul-bait.de\/imam-chamenei\/2026\/01\/12\/kurzbotschaft-imam-chameneis-zur-gratulation-an-das-iranische-volk\/","title":{"rendered":"Kurzbotschaft Imam Chameneis zur Gratulation an das iranische Volk"},"content":{"rendered":"<p><span style=\"font-family: georgia, palatino; font-size: 17px;\"><i>Am 12. Januar 2026 ver\u00f6ffentliche das B\u00fcro Imam Chameneis eine Botschaft seinerseits anl\u00e4sslich der Millionen-M\u00e4rsche in den St\u00e4dten Tehrans, f\u00fcr die Islamische Republik, gegen die Randalierenden der vergangen Woche und zu den Bestattungen der get\u00f6teten Polizisten und Zivilisten. Es folgt die sinngem\u00e4\u00dfe \u00dcbersetzung des Briefes aus dem persischen Original. Obwohl es f\u00fcr alle hier ver\u00f6ffentlichten Texte gilt, wird darauf verwiesen, dass die \u00dcbersetzung zu Dokumentationszwecken ohne jegliche Kommentierung erfolgt und die dargestellte Meinung nicht mit der Meinung der Herausgeber \u00fcbereinstimmen muss.<\/i><\/span><\/p>\n<hr \/>\n<p><span style=\"font-family: georgia, palatino; font-size: 17px;\"><b>Im Namen Allahs, des Gn\u00e4digen, des Begnadenden<\/b><\/span><\/p>\n<p><span style=\"font-family: georgia, palatino; font-size: 17px;\">Hochw\u00fcrdige Nation Irans!<\/span><\/p>\n<p><span style=\"font-family: georgia, palatino; font-size: 17px;\">Heute habt ihr eine gro\u00dfe Tat vollbracht und einen historischen Tag geschaffen. Diese gewaltigen Versammlungen, erf\u00fcllt von festem Entschluss, haben den Plan der ausl\u00e4ndischen Feinde zunichtegemacht, der vorgesehen war durch innere Handlanger umgesetzt zu werden.<\/span><\/p>\n<p><span style=\"font-family: georgia, palatino; font-size: 17px;\">Die gro\u00dfe Nation Irans hat sich selbst sowie ihren Einsatzwillen und ihre Identit\u00e4t den Feinden vor Augen gef\u00fchrt. Dies war eine Warnung an die Politiker Amerikas, ihre T\u00e4uschung zu beenden und sich nicht auf verr\u00e4terische Handlanger zu st\u00fctzen.<\/span><\/p>\n<p><span style=\"font-family: georgia, palatino; font-size: 17px;\">Die iranische Nation ist stark und m\u00e4chtig, sie ist wachsam und kennt ihre Feinde, und sie ist in jedem Zustand auf dem Feld [des Geschehens] pr\u00e4sent.<\/span><\/p>\n<p><span style=\"font-family: georgia, palatino; font-size: 17px;\">M\u00f6ge Gott die Gnade Gottes auf euch alle herabsenden.<\/span><\/p>\n<p><em><span style=\"font-family: georgia, palatino; font-size: 17px;\">Sayyid Ali Chamenei<\/span><\/em><\/p>\n<p><em><span style=\"font-family: georgia, palatino; font-size: 17px;\">22. Dey 1404 [12. Januar 2026]<\/span><\/em><\/p>\n","protected":false},"excerpt":{"rendered":"<p>Am 12. Januar 2026 ver\u00f6ffentliche das B\u00fcro Imam Chameneis eine Botschaft seinerseits anl\u00e4sslich der Millionen-M\u00e4rsche in den St\u00e4dten Tehrans, f\u00fcr<\/p>\n","protected":false},"author":1,"featured_media":2688,"comment_status":"closed","ping_status":"open","sticky":false,"template":"","format":"standard","meta":{"colormag_page_container_layout":"default_layout","colormag_page_sidebar_layout":"default_layout","footnotes":""},"categories":[36,38,30,48,33],"tags":[],"class_list":["post-2687","post","type-post","status-publish","format-standard","has-post-thumbnail","hentry","category-botschaft","category-brief","category-iran","category-revolution","category-weltpolitik"],"_links":{"self":[{"href":"http:\/\/www.ahl-ul-bait.de\/imam-chamenei\/wp-json\/wp\/v2\/posts\/2687","targetHints":{"allow":["GET"]}}],"collection":[{"href":"http:\/\/www.ahl-ul-bait.de\/imam-chamenei\/wp-json\/wp\/v2\/posts"}],"about":[{"href":"http:\/\/www.ahl-ul-bait.de\/imam-chamenei\/wp-json\/wp\/v2\/types\/post"}],"author":[{"embeddable":true,"href":"http:\/\/www.ahl-ul-bait.de\/imam-chamenei\/wp-json\/wp\/v2\/users\/1"}],"replies":[{"embeddable":true,"href":"http:\/\/www.ahl-ul-bait.de\/imam-chamenei\/wp-json\/wp\/v2\/comments?post=2687"}],"version-history":[{"count":6,"href":"http:\/\/www.ahl-ul-bait.de\/imam-chamenei\/wp-json\/wp\/v2\/posts\/2687\/revisions"}],"predecessor-version":[{"id":2694,"href":"http:\/\/www.ahl-ul-bait.de\/imam-chamenei\/wp-json\/wp\/v2\/posts\/2687\/revisions\/2694"}],"wp:featuredmedia":[{"embeddable":true,"href":"http:\/\/www.ahl-ul-bait.de\/imam-chamenei\/wp-json\/wp\/v2\/media\/2688"}],"wp:attachment":[{"href":"http:\/\/www.ahl-ul-bait.de\/imam-chamenei\/wp-json\/wp\/v2\/media?parent=2687"}],"wp:term":[{"taxonomy":"category","embeddable":true,"href":"http:\/\/www.ahl-ul-bait.de\/imam-chamenei\/wp-json\/wp\/v2\/categories?post=2687"},{"taxonomy":"post_tag","embeddable":true,"href":"http:\/\/www.ahl-ul-bait.de\/imam-chamenei\/wp-json\/wp\/v2\/tags?post=2687"}],"curies":[{"name":"wp","href":"https:\/\/api.w.org\/{rel}","templated":true}]}}