{"id":2707,"date":"2026-02-09T11:58:08","date_gmt":"2026-02-09T10:58:08","guid":{"rendered":"https:\/\/khamenei.de\/wordpress\/?p=2707"},"modified":"2026-02-21T22:03:25","modified_gmt":"2026-02-21T21:03:25","slug":"imam-chameneis-fernsehansprache-zum-revolutionstag","status":"publish","type":"post","link":"http:\/\/www.ahl-ul-bait.de\/imam-chamenei\/2026\/02\/09\/imam-chameneis-fernsehansprache-zum-revolutionstag\/","title":{"rendered":"Imam Chameneis Fernsehansprache zum Revolutionstag"},"content":{"rendered":"<p><span style=\"font-family: georgia, palatino; font-size: 17px;\"><i>Am 9. Februar 2026 richtete sich Imam Chamenei, anl\u00e4sslich des bevorstehenden Revolutionstages, dem 22. Bahman (11. Februar), \u00fcber Fernsehansprache an die iranische Nation. Es folgt die sinngem\u00e4\u00dfe \u00dcbersetzung der Rede aus dem persischen Original. Obwohl es f\u00fcr alle hier ver\u00f6ffentlichten Texte gilt, wird darauf verwiesen, dass die \u00dcbersetzung zu Dokumentationszwecken ohne jegliche Kommentierung erfolgt und die dargestellte Meinung nicht mit der Meinung der Herausgeber \u00fcbereinstimmen muss.<\/i><\/span><\/p>\n<hr \/>\n<p><span style=\"font-family: georgia, palatino; font-size: 17px;\"><b>Im Namen Allahs, des Gn\u00e4digen, des Begnadenden<\/b><\/span><\/p>\n<p><span style=\"font-family: georgia, palatino; font-size: 17px;\">Der 22. Bahman (im iranischen Kalender) ist jedes Jahr eine Pr\u00e4sentation der Macht und W\u00fcrde der iranischen Nation; einer Nation, die Gott sei Dank mit Motivation, mit Willen, festen Schrittes, dankbar und sich der eigenen Interessen und Schw\u00e4chen bewusst ist. An dem Tag, an dem der 22. Bahman erstmals geschah, errang die iranische Nation einen gro\u00dfen Sieg [fath]. Sie konnte sich selbst und ihr Land von der Einmischung Fremder befreien. Diese Fremden haben im Laufe dieser Jahre immer gewollt, den fr\u00fcheren Zustand wiederherzustellen, (doch) die iranische Nation ist standhaft. Die Verk\u00f6rperung dieser Standhaftigkeit ist der 22. Bahman.<\/span><\/p>\n<p><span style=\"font-family: georgia, palatino; font-size: 17px;\">Zu diesem Marsch gibt es in der Welt nichts Vergleichbares. Nirgendwo auf der Welt kennen wir einen Fall, in dem nach so vielen Jahren der Unabh\u00e4ngigkeitstag und der Nationaltag eines Landes jedes Jahr auf diese Weise mit gro\u00dfartigen Menschenmengen im ganzen Land begangen wird und die Menschen sich selbst zeigen k\u00f6nnen. Heute zeigt sich die iranische Nation durch M\u00e4rsche auf den Stra\u00dfen und sie zwingt diejenigen, die Begierde nach dem islamischen Iran, der Islamischen Republik und den Interessen dieses Volkes haben, zum R\u00fcckzug.<\/span><\/p>\n<p><span style=\"font-family: georgia, palatino; font-size: 17px;\">Die Macht der Nation h\u00e4ngt, mehr als von Raketen und Flugzeugen, vom Willen der Nationen und von der Standhaftigkeit der Nationen ab. In verschiedenen Angelegenheiten habt ihr, Gott sei Dank, Standhaftigkeit gezeigt und ihr habt euren Willen gezeigt. Zeigt ihn auch wieder und macht den Feind hoffnungslos. Solange der Feind nicht hoffnungslos wird, ist eine Nation Bel\u00e4stigungen und Sch\u00e4den ausgesetzt. Man muss den Feind hoffnungslos machen. Die Hoffnungslosigkeit des Feindes liegt in eurer Einheit, in der Kraft eures Denkens und Willens, in eurer Motivation und in der Standhaftigkeit gegen\u00fcber den Einfl\u00fcsterungen [waswasa] des Feindes. Diese Dinge bilden die nationale Macht.<\/span><\/p>\n<p><span style=\"font-family: georgia, palatino; font-size: 17px;\">So Gott will, m\u00f6gen unsere Jugendlichen in verschiedenen Feldern [maydan] \u2013 im Feld der Wissenschaft, im Feld des Handelns, im Feld der Gottesehrfurcht und Moral, im Feld des materiellen und geistigen Fortschritts \u2013 immer weiter voranschreiten, aktiv handeln und f\u00fcr das Land Ehre schaffen. Der 22. Bahman ist die Verk\u00f6rperung all dessen. Alle erscheinen auf den Stra\u00dfen, skandieren Parolen, bringen die Wahrheiten zum Ausdruck und bekunden ihre Zusammengeh\u00f6rigkeit. Die iranische Nation bekundet ihre Loyalit\u00e4t zur Islamischen Republik.\u00a0<\/span><\/p>\n<p><span style=\"font-family: georgia, palatino; font-size: 17px;\">Wir hoffen, so Gott will, dass auch dieser 22. Bahman, wie alle 22. Bahmans der vergangenen Jahre, die Gr\u00f6\u00dfe der iranischen Nation vervielfacht, erh\u00f6ht und andere Nationen, Regierungen, M\u00e4chte und andere gegen\u00fcber der iranischen Nation zur Aufgabe (der feindlichen Absichten) und Demut zwingt, was so Gott will auch genau so geschehen wird.<\/span><\/p>\n<p><span style=\"font-family: georgia, palatino; font-size: 17px;\">Und der Frieden sei mit euch, und die Gnade Allah und sein Segen.<\/span><\/p>\n\n\n<p><\/p>\n","protected":false},"excerpt":{"rendered":"<p>Am 9. Februar 2026 richtete sich Imam Chamenei, anl\u00e4sslich des bevorstehenden Revolutionstages, dem 22. Bahman (11. Februar), \u00fcber Fernsehansprache an<\/p>\n","protected":false},"author":1,"featured_media":2709,"comment_status":"closed","ping_status":"open","sticky":false,"template":"","format":"standard","meta":{"colormag_page_container_layout":"default_layout","colormag_page_sidebar_layout":"default_layout","footnotes":""},"categories":[30,39,48],"tags":[],"class_list":["post-2707","post","type-post","status-publish","format-standard","has-post-thumbnail","hentry","category-iran","category-reden","category-revolution"],"_links":{"self":[{"href":"http:\/\/www.ahl-ul-bait.de\/imam-chamenei\/wp-json\/wp\/v2\/posts\/2707","targetHints":{"allow":["GET"]}}],"collection":[{"href":"http:\/\/www.ahl-ul-bait.de\/imam-chamenei\/wp-json\/wp\/v2\/posts"}],"about":[{"href":"http:\/\/www.ahl-ul-bait.de\/imam-chamenei\/wp-json\/wp\/v2\/types\/post"}],"author":[{"embeddable":true,"href":"http:\/\/www.ahl-ul-bait.de\/imam-chamenei\/wp-json\/wp\/v2\/users\/1"}],"replies":[{"embeddable":true,"href":"http:\/\/www.ahl-ul-bait.de\/imam-chamenei\/wp-json\/wp\/v2\/comments?post=2707"}],"version-history":[{"count":2,"href":"http:\/\/www.ahl-ul-bait.de\/imam-chamenei\/wp-json\/wp\/v2\/posts\/2707\/revisions"}],"predecessor-version":[{"id":2710,"href":"http:\/\/www.ahl-ul-bait.de\/imam-chamenei\/wp-json\/wp\/v2\/posts\/2707\/revisions\/2710"}],"wp:featuredmedia":[{"embeddable":true,"href":"http:\/\/www.ahl-ul-bait.de\/imam-chamenei\/wp-json\/wp\/v2\/media\/2709"}],"wp:attachment":[{"href":"http:\/\/www.ahl-ul-bait.de\/imam-chamenei\/wp-json\/wp\/v2\/media?parent=2707"}],"wp:term":[{"taxonomy":"category","embeddable":true,"href":"http:\/\/www.ahl-ul-bait.de\/imam-chamenei\/wp-json\/wp\/v2\/categories?post=2707"},{"taxonomy":"post_tag","embeddable":true,"href":"http:\/\/www.ahl-ul-bait.de\/imam-chamenei\/wp-json\/wp\/v2\/tags?post=2707"}],"curies":[{"name":"wp","href":"https:\/\/api.w.org\/{rel}","templated":true}]}}