{"id":792,"date":"2022-06-15T18:53:28","date_gmt":"2022-06-15T16:53:28","guid":{"rendered":"http:\/\/khamenei.de\/wordpress\/?p=792"},"modified":"2022-11-05T10:32:57","modified_gmt":"2022-11-05T09:32:57","slug":"1-brief-imam-chameneis-an-die-jugend-in-europa-und-nordamerika","status":"publish","type":"post","link":"http:\/\/www.ahl-ul-bait.de\/imam-chamenei\/2022\/06\/15\/1-brief-imam-chameneis-an-die-jugend-in-europa-und-nordamerika\/","title":{"rendered":"1. Brief Imam Chameneis an die Jugend in Europa und Nordamerika"},"content":{"rendered":"<p style=\"text-align: center;\"><strong><span style=\"font-size: 14pt; font-family: georgia, palatino;\">\u2013 Im Namen Gottes, des Gn\u00e4digen, des Begnadenden \u2013<\/span><\/strong><\/p>\n<p><span style=\"font-size: 14pt; font-family: georgia, palatino;\">Die j\u00fcngsten Ereignisse in Frankreich [gemeint sind die t\u00f6dlichen Angriffe auf Mitarbeiter des Magazins \u201eCharlie Hebdo\u201c am 7. Januar 2015 und weitere Anschl\u00e4ge] und \u00e4hnliche Vorf\u00e4lle in einigen anderen westlichen L\u00e4ndern haben mich davon \u00fcberzeugt, dass ich Euch direkt diesbez\u00fcglich ansprechen sollte. Ich wende mich an Euch junge Menschen, nicht um Eure Eltern au\u00dfer Acht zu lassen, sondern deshalb, weil ich die Zukunft Eures Volkes und Eurer Heimat in Euren H\u00e4nden liegen und in Euren Herzen ein vitaleres und sensibleres Verlangen nach der Wahrheit sehe. Mit diesen Zeilen wende ich mich auch nicht an Eure Politiker und Regierungsverantwortlichen, denn ich bin mir sicher, dass sie bewusst den Weg der Politik von dem Weg der Aufrichtigkeit und Rechtschaffenheit getrennt haben.<\/span><\/p>\n<p><span style=\"font-size: 14pt; font-family: georgia, palatino;\">Ich spreche zu Euch \u00fcber den Islam und insbesondere \u00fcber das Bild, das sie Euch vom Islam vorlegen. Seit zwei Jahrzehnten, d.h. ungef\u00e4hr nach dem Zerfall der Sowjetunion, hat es zahlreiche Bestrebungen gegeben, diese gro\u00dfe Religion als einen be\u00e4ngstigenden Feind darzustellen. Die Heraufbeschw\u00f6rung von Angst und Ablehnung und deren Missbrauch blicken bedauerlicherweise auf eine lange Vergangenheit in der politischen Geschichte des Westens zur\u00fcck. Ich m\u00f6chte hier nicht auf die verschiedenen \u00c4ngste, die bislang den westlichen V\u00f6lkern eingefl\u00f6\u00dft worden sind, eingehen. Ihr selbst k\u00f6nnt mit einem kurzen Blick auf die j\u00fcngsten kritischen Geschichtsstudien erkennen, dass in der neuen Geschichtsbeschreibung das unaufrichtige und betr\u00fcgerische Verhalten westlicher Staaten gegen\u00fcber anderen V\u00f6lkern und Kulturen auf der Welt ger\u00fcgt worden ist. Die Geschichte Europas und Amerikas sch\u00e4mt sich wegen des Sklaventums. Sie schaut verlegen zu Boden wegen der Kolonialzeit und wegen des Unrechts an Farbigen und Nicht-Christen. Eure Forscher und Historiker erkl\u00e4ren aufrichtig, dass sie sich wegen des Blutvergie\u00dfens sch\u00e4men, welches im Namen der Religion zwischen Katholiken und Protestanten oder im Namen der Nationalit\u00e4t und der Volkszugeh\u00f6rigkeit im Ersten und Zweiten Weltkrieg erfolgt ist.<\/span><\/p>\n<p><span style=\"font-size: 14pt; font-family: georgia, palatino;\">Dieses Gest\u00e4ndnis verdient selbstverst\u00e4ndlich Anerkennung. Ich will auch gar nicht die Geschichte tadeln, wenn ich einen Ausschnitt aus dieser langen Liste nenne, sondern ich m\u00f6chte, dass Ihr Eure Intellektuellen fragt, warum das kollektive Gewissen im Westen immer erst mit einer Verz\u00f6gerung von mehreren Jahrzehnten und manchmal mehreren Jahrhunderten aufwacht. Warum ist die Korrektur des kollektiven Gewissens immer auf die weit zur\u00fcckliegende Vergangenheit gerichtet und nicht auf die aktuellen Probleme? Warum wird in wichtigen Dingen, wie der Begegnung mit der islamischen Kultur und Denkweise, eine allgemeine Informiertheit verhindert?<\/span><\/p>\n<p><span style=\"font-size: 14pt; font-family: georgia, palatino;\">Ihr wisst ja, dass Herabsetzung und Hervorrufung von Hass und fiktiver Angst gegen\u00fcber \u201eAnderem\u201c die Grundlage f\u00fcr alle ungerechten Bestrebungen nach Profit und Vorteilen ist. Nun m\u00f6chte ich, dass Ihr Euch selbst fragt, warum diesmal die alte Politik der Angstmache und Verbreitung von Hass in einem derartig beispiellosen Ausma\u00df den Islam und die Muslime ins Visier genommen hat?<\/span><\/p>\n<p><span style=\"font-size: 14pt; font-family: georgia, palatino;\">Warum ist das heutige internationale Machtsystem bestrebt, das islamische Denken an den Rand und in die Passivit\u00e4t zu dr\u00e4ngen? Welche Sinngebungen und Werte gibt es denn im Islam, die dem Konzept der Gro\u00dfm\u00e4chte in die Quere kommen, und welche Interessen werden durch die falsche Darstellung des Islams denn gedeckt? Meine erste Bitte lautet daher, dass Ihr nach den Motiven dieser gro\u00df angelegten Schwarzmalerei \u00fcber den Islam forscht.<\/span><\/p>\n<p><span style=\"font-size: 14pt; font-family: georgia, palatino;\">Meine zweite Bitte ist die, dass Ihr gegen\u00fcber der Flut von Vorurteilen und Hetzpropaganda, versucht, Euch direkt und unmittelbar mit dieser Religion vertraut zu machen. Der gesunde Verstand befiehlt, dass Ihr zumindest wisst, wovor Ihr flieht und Euch f\u00fcrchtet und von welcher Beschaffenheit es ist. Ich bestehe nicht darauf, dass Ihr meine oder irgendeine andere Deutung des Islams akzeptiert. Ich sage nur: Lasst nicht zu, dass Euch, ausgehend von b\u00f6swilligen und schmutzigen Motiven, diese lebendige und die heutige Welt beeinflussende Wahrheit (falsch) pr\u00e4sentiert wird. Gestattet nicht, dass sie Euch heuchlerisch die Terroristen, die sie selber angeheuert haben, als Repr\u00e4sentanten des Islams vorstellen. Lernt den Islam \u00fcber die echten Quellen und die Quellen aus erster Hand kennen. Werdet mit dem Islam durch den Koran und die Biografie ihres gro\u00dfen Propheten vertraut.<\/span><\/p>\n<p><span style=\"font-size: 14pt; font-family: georgia, palatino;\">Ich m\u00f6chte Euch an dieser Stelle gerne fragen, ob Ihr Euch bislang schon direkt an den Koran der Muslime gewandt habt? Habt Ihr die Verhaltensweise des Propheten des Islams und seine menschlichen und moralischen Lehren studiert? Habt Ihr bislang au\u00dfer \u00fcber die Medien auch aus anderen Quellen \u00fcber die Botschaft des Islams erfahren? Habt Ihr Euch jemals gefragt, wie und aufgrund welcher Werte dieser Islam mehrere Jahrhunderte hintereinander die gr\u00f6\u00dfte wissenschaftliche und geistige Zivilisation der Welt hervorbrachte und die besten Gelehrten und Denker gro\u00dfzog?<\/span><\/p>\n<p><span style=\"font-size: 14pt; font-family: georgia, palatino;\">Ich bitte Euch, nicht zuzulassen, dass sie durch abwertende und einf\u00e4ltige Maskenbilder zwischen Euch und der Wahrheit eine gef\u00fchlsgeladene Trennmauer errichten und Euch die M\u00f6glichkeit rauben, sich unvoreingenommen ein Urteil zu bilden. In unserer Zeit, in welcher die Kommunikationsmittel die geografischen Grenzen \u00fcberwunden haben, solltet Ihr nicht zulassen, dass man Euch in k\u00fcnstliche geistige Grenzen einsperrt. Auch wenn kein Einzelner die entstandenen Kl\u00fcfte ausf\u00fcllen kann, so kann doch jeder von Euch f\u00fcr die eigene Erkenntnis und die Aufkl\u00e4rung seiner Umgebung eine Br\u00fccke des Denkens und der Gerechtigkeit \u00fcber diesen Kl\u00fcften errichten.<\/span><\/p>\n<p><span style=\"font-size: 14pt; font-family: georgia, palatino;\">Dieser bewusst vorausgeplante Konflikt zwischen dem Islam und Euch jungen Menschen ist nicht angenehm, aber er kann Eurem wissbegierigen und suchenden Geist neue Denkaufgaben geben. Durch Bem\u00fchung um eine Antwort auf diese Fragen tut sich vor Euch eine wertvolle Gelegenheit zur Entdeckung neuer Wahrheiten auf. Deshalb lasst diese Gelegenheit f\u00fcr das richtige und vorurteilsfreie Islamverst\u00e4ndnis nicht aus der Hand gleiten. Vielleicht werden dann dank Eures Verantwortungsbewusstseins gegen\u00fcber der Wahrheit die kommenden Generationen weniger besch\u00e4mt und mit einem ruhigeren Gewissen \u00fcber diesen Abschnitt der Geschichte der Beziehungen des Westens zum Islam schreiben k\u00f6nnen.<\/span><\/p>\n<p><em><span style=\"font-size: 14pt; font-family: georgia, palatino;\">Sayyid Ali Chamenei<\/span><\/em><\/p>\n<p><span style=\"font-family: georgia, palatino; font-size: 14pt;\">21. Januar 2015<\/span><\/p>\n","protected":false},"excerpt":{"rendered":"<p>Imam Chamenei wendet sich erstmals mit einem Brief an die Jugend im Westen.<\/p>\n","protected":false},"author":1,"featured_media":797,"comment_status":"closed","ping_status":"open","sticky":false,"template":"","format":"standard","meta":{"colormag_page_container_layout":"default_layout","colormag_page_sidebar_layout":"default_layout","footnotes":""},"categories":[38],"tags":[],"class_list":["post-792","post","type-post","status-publish","format-standard","has-post-thumbnail","hentry","category-brief"],"_links":{"self":[{"href":"http:\/\/www.ahl-ul-bait.de\/imam-chamenei\/wp-json\/wp\/v2\/posts\/792","targetHints":{"allow":["GET"]}}],"collection":[{"href":"http:\/\/www.ahl-ul-bait.de\/imam-chamenei\/wp-json\/wp\/v2\/posts"}],"about":[{"href":"http:\/\/www.ahl-ul-bait.de\/imam-chamenei\/wp-json\/wp\/v2\/types\/post"}],"author":[{"embeddable":true,"href":"http:\/\/www.ahl-ul-bait.de\/imam-chamenei\/wp-json\/wp\/v2\/users\/1"}],"replies":[{"embeddable":true,"href":"http:\/\/www.ahl-ul-bait.de\/imam-chamenei\/wp-json\/wp\/v2\/comments?post=792"}],"version-history":[{"count":2,"href":"http:\/\/www.ahl-ul-bait.de\/imam-chamenei\/wp-json\/wp\/v2\/posts\/792\/revisions"}],"predecessor-version":[{"id":805,"href":"http:\/\/www.ahl-ul-bait.de\/imam-chamenei\/wp-json\/wp\/v2\/posts\/792\/revisions\/805"}],"wp:featuredmedia":[{"embeddable":true,"href":"http:\/\/www.ahl-ul-bait.de\/imam-chamenei\/wp-json\/wp\/v2\/media\/797"}],"wp:attachment":[{"href":"http:\/\/www.ahl-ul-bait.de\/imam-chamenei\/wp-json\/wp\/v2\/media?parent=792"}],"wp:term":[{"taxonomy":"category","embeddable":true,"href":"http:\/\/www.ahl-ul-bait.de\/imam-chamenei\/wp-json\/wp\/v2\/categories?post=792"},{"taxonomy":"post_tag","embeddable":true,"href":"http:\/\/www.ahl-ul-bait.de\/imam-chamenei\/wp-json\/wp\/v2\/tags?post=792"}],"curies":[{"name":"wp","href":"https:\/\/api.w.org\/{rel}","templated":true}]}}