{"id":800,"date":"2022-06-15T19:04:13","date_gmt":"2022-06-15T17:04:13","guid":{"rendered":"http:\/\/khamenei.de\/wordpress\/?p=800"},"modified":"2022-11-05T10:33:07","modified_gmt":"2022-11-05T09:33:07","slug":"2-brief-imam-chameneis-an-die-jugend-im-westen","status":"publish","type":"post","link":"http:\/\/www.ahl-ul-bait.de\/imam-chamenei\/2022\/06\/15\/2-brief-imam-chameneis-an-die-jugend-im-westen\/","title":{"rendered":"2. Brief Imam Chameneis an die Jugend im Westen"},"content":{"rendered":"<p style=\"text-align: center;\"><span style=\"font-family: georgia, palatino; font-size: 14pt;\"><strong>\u2013 Im Namen Gottes, des Gn\u00e4digen, des Begnadenden \u2013<\/strong><\/span><\/p>\n<p><span style=\"font-family: georgia, palatino; font-size: 14pt;\">An alle jungen Menschen in den westlichen Staaten!<\/span><\/p>\n<p><span style=\"font-family: georgia, palatino; font-size: 14pt;\">Die bitteren Vorf\u00e4lle, die in Frankreich durch blinden Terrorismus ausgel\u00f6st wurden, haben mich erneut dazu bewogen mit Euch jungen Menschen in den Dialog zu treten. Ich bedauere es, dass solche Ereignisse der Anlass dazu sein m\u00fcssen. Aber der Schaden wird noch viel gr\u00f6\u00dfer sein, falls schmerzhafte Ereignisse nicht zur Suche nach Auswegen und zum Gedankenaustausch f\u00fchren.<\/span><\/p>\n<p><span style=\"font-family: georgia, palatino; font-size: 14pt;\">Das Leid jedes einzelnen Menschen, wo immer auf der Welt, stimmt von Natur aus die Mitmenschen traurig. Ein Kind, das vor den Augen seiner Lieben stirbt, eine Mutter, deren famili\u00e4res Gl\u00fcck sich pl\u00f6tzlich in Trauer wandelt, ein Mann, der den leblosen K\u00f6rper seiner Frau rennend in eine Richtung wegtr\u00e4gt oder ein Zuschauer, der nicht wei\u00df, dass er in einigen Augenblicken die letzte Szene seines eigenen Lebens sehen wird \u2013 alles Szenarien, die die Gef\u00fchle und Emotionen eines Menschen aufw\u00fchlen. Wer auch nur einen Hauch Liebe und Menschlichkeit besitzt, den lassen solche Szenen nicht unber\u00fchrt und erf\u00fcllen ihn mit Schmerz, ob sie sich nun in Frankreich abspielen oder in Pal\u00e4stina, Irak, Libanon oder Syrien.<\/span><\/p>\n<p><span style=\"font-family: georgia, palatino; font-size: 14pt;\">Eineinhalb Milliarden Muslime hegen mit Gewissheit dasselbe Gef\u00fchl und verabscheuen die Urheber dieser Trag\u00f6dien. Aber das Leid von heute muss zum Aufbau eines besseren und sichereren morgen f\u00fchren. Ansonsten wird es nur eine bittere und nutzlose Erinnerung bleiben. Ich bin davon \u00fcberzeugt, dass nur Ihr jungen Leute imstande sein werdet, aus den Wirren von heute neue L\u00f6sungen f\u00fcr die Gestaltung der Zukunft zu finden und Irrwege zu blockieren, die den Westen in die jetzige Lage versetzt haben.<\/span><\/p>\n<p><span style=\"font-family: georgia, palatino; font-size: 14pt;\">Es ist richtig, dass der Terrorismus heute der gemeinsame Schmerz von uns und euch ist. Doch solltet Ihr wissen, dass die Unsicherheit und Aufregung, die Ihr bei den j\u00fcngsten Ereignissen erlebt habt, in zweierlei Hinsicht einen gro\u00dfen Unterschied zu dem Leid aufweist, welche die Menschen im Irak, Jemen, Syrien und Afghanistan seit Jahren ertragen: Erstens ist die Islamische Welt in grundlegend weitreichenderen Dimensionen, gr\u00f6\u00dferem Umfang und seit sehr viel l\u00e4ngerer Zeit Opfer von Schrecken, Furcht und Gewalt. Zweitens wurden diese Aggressionen leider kontinuierlich seitens einiger gro\u00dfer M\u00e4chte auf verschiedene Art und Weise effektiv unterst\u00fctzt.<\/span><\/p>\n<p><span style=\"font-family: georgia, palatino; font-size: 14pt;\">Es gibt heutzutage kaum jemanden, der nicht von der Rolle der USA bei der Bildung oder St\u00e4rkung und Bewaffnung der Al-Qaida, Taliban und deren \u00fcblen Nachfolger w\u00fcsste. Neben diesen direkten Hilfen befinden sich die offenen und bekannten Unterst\u00fctzer des takfiristischen[1] Terrorismus, trotz ihrer r\u00fcckst\u00e4ndigsten politischen Systeme, stets in der Reihe der Verb\u00fcndeten des Westens. Hingegen werden die fortschrittlichsten und offenkundigsten Ideologien in der Region, die dem lebendigen Volkswillen entspringen, erbarmungslos unterdr\u00fcckt. Der doppelz\u00fcngige Umgang des Westens mit der Erwachungsbewegung in der Islamischen Welt liefert ein anschauliches Beispiel f\u00fcr die Widerspr\u00fcchlichkeit der westlichen Politik.<\/span><\/p>\n<p><span style=\"font-family: georgia, palatino; font-size: 14pt;\">Diese Widerspr\u00fcchlichkeit zeigt sich auch in der Unterst\u00fctzung f\u00fcr den Staatsterrorismus Israels. Das unterdr\u00fcckte pal\u00e4stinensische Volk erlebt seit mehr als 60 Jahren die schlimmste Art von Terrorismus. Die B\u00fcrger in Europa suchen nun f\u00fcr einige Tage in ihren H\u00e4usern Schutz und meiden Versammlungen und \u00fcberf\u00fcllte Pl\u00e4tze, wohingegen eine pal\u00e4stinensische Familie seit Jahrzehnten nicht einmal im eigenen Haus vor der T\u00f6tungs- und Zerst\u00f6rungsmaschinerie des zionistischen Regimes sicher ist. Gibt es heute eine Gewalttat, die sich hinsichtlich ihrer Kaltbl\u00fctigkeit mit dem Siedlungsbau des zionistischen Regimes vergleichen lie\u00dfe?<\/span><\/p>\n<p><span style=\"font-family: georgia, palatino; font-size: 14pt;\">Dieses Regime zerst\u00f6rt tagt\u00e4glich die H\u00e4user der Pal\u00e4stinenser, ihre Plantagen und \u00c4cker, und gibt ihnen noch nicht einmal die Gelegenheit dazu, ihr Hab und Gut in Sicherheit zu bringen oder ihre Ernte zu sammeln. Es wird daf\u00fcr niemals ernsthaft und wirksam von seinen einflussreichen Verb\u00fcndeten oder zumindest von den scheinbar unabh\u00e4ngigen internationalen Organisationen ger\u00fcgt. Und all dies spielt sich f\u00fcr gew\u00f6hnlich vor den entsetzten Blicken und tr\u00e4nenerf\u00fcllten Augen der Frauen und Kinder ab, welche erleben, wie Mitglieder ihrer Familie verpr\u00fcgelt und verletzt oder in einigen F\u00e4llen zu den schrecklichen Folterst\u00e4tten abtransportiert werden. Kennt Ihr in der heutigen Welt noch ein anderes Beispiel f\u00fcr eine solche Herzlosigkeit, die derart lange fortbesteht?<\/span><\/p>\n<p><span style=\"font-family: georgia, palatino; font-size: 14pt;\">Ist es kein Terrorismus, wenn eine Frau mitten auf der Stra\u00dfe von einem bis zu den Z\u00e4hnen bewaffneten Soldaten erschossen wird, nur weil sie protestiert? Wenn es kein Terrorismus ist, was ist es dann? Ist diese Barbarei etwa nicht als Extremismus zu bezeichnen, nur weil sie von milit\u00e4rischen Kr\u00e4ften eines Besatzerregimes begangen wird? Oder sollen wir beim Anblick dieser Bilder etwa kein schlechtes Gewissen mehr bekommen, nur weil sie \u00fcber 60 Jahre lang fortlaufend auf den Fernsehbildschirmen zu sehen waren?<\/span><\/p>\n<p><span style=\"font-family: georgia, palatino; font-size: 14pt;\">Die Feldz\u00fcge der letzten Jahre gegen die Islamische Welt, denen zahllose Menschen zum Opfer fielen, sind ein weiteres Beispiel f\u00fcr die widerspr\u00fcchliche Logik des Westens. Die angegriffenen L\u00e4nder haben, abgesehen von den menschlichen Verlusten, auch ihre wirtschaftlichen und industriellen Infrastrukturen verloren. Ihre Bewegung in Richtung Wachstum und Entwicklung wurde gestoppt oder verlangsamt und in einigen F\u00e4llen um Jahrzehnte zur\u00fcckgeworfen. Dennoch verlangt man von ihnen auf dreiste Weise, dass sie sich nicht als unterdr\u00fcckt ansehen sollen. Wie kann man ein Land in eine Ruine verwandeln und seine St\u00e4dte und D\u00f6rfer dem Erdboden gleichmachen und dann sagen: Bitte betrachtet euch nicht als jemand, dem Unrecht widerfahren ist! W\u00e4re eine ehrliche Entschuldigung nicht besser als die Einladung, so zu tun, als ob nichts geschehen w\u00e4re und die Trag\u00f6dien zu vergessen? Das Leid, das die Islamische Welt in diesen Jahren aufgrund der Heuchelei und der \u00e4u\u00dferen Aufmachung der Aggressoren ertragen hat, wiegt nicht geringer als der materielle Verlust.<\/span><\/p>\n<p><span style=\"font-family: georgia, palatino; font-size: 14pt;\">Liebe junge Menschen! Ich hoffe, dass Ihr heute oder in der Zukunft diese von List und Heimt\u00fccke verunreinigte Denkart \u00e4ndert, deren Kunst darin besteht, langfristige Ziele zu verheimlichen und hinterh\u00e4ltige Absichten zu besch\u00f6nigen. In meinen Augen besteht die erste Phase zur Herstellung von Sicherheit und Ruhe darin, diese Gewalt hervorrufende Ideologie zu korrigieren. Solange doppelz\u00fcngige Kriterien in der westlichen Politik vorherrschen und solange sich der Terrorismus in den Augen seiner m\u00e4chtigen Unterst\u00fctzer in einen guten und einen schlechten aufteilen l\u00e4sst und solange die Interessen von Regierungen gegen\u00fcber den menschlichen und ethischen Werten den Vorzug genie\u00dfen, sollte man nicht woanders nach den Wurzeln f\u00fcr die Gewalt suchen.<\/span><\/p>\n<p><span style=\"font-family: georgia, palatino; font-size: 14pt;\">Leider sind diese Wurzeln \u00fcber die Jahre immer tiefer in die kulturelle Politik des Westens eingedrungen und haben eine sanfte und verdeckte Invasion in Gang gesetzt. Viele L\u00e4nder sind stolz auf ihre einheimische nationale Kultur. Es sind Kulturen, die nicht nur gro\u00df und fruchtbar sind, sondern Jahrhunderte lang die menschlichen Gesellschaften bestens gen\u00e4hrt haben. Die Islamische Welt bildet dabei keine Ausnahme. Doch in der heutigen Zeit versucht die westliche Welt unter Nutzung moderner Hilfsmittel beharrlich, f\u00fcr eine internationale kulturelle Gleichschaltung zu sorgen. Ich bewerte das Aufzwingen der westlichen Kultur gegen\u00fcber den anderen V\u00f6lkern und die Abwertung unabh\u00e4ngiger Kulturen als verdeckte Gewalt und halte es f\u00fcr \u00e4u\u00dferst sch\u00e4dlich.<\/span><\/p>\n<p><span style=\"font-family: georgia, palatino; font-size: 14pt;\">Die Schm\u00e4hung reicher Kulturen und Entw\u00fcrdigung ihrer ehrenwertesten Elemente erfolgen in einer Zeit, in der die Kultur, die sie ersetzen soll, in keiner Weise als Ersatz geeignet ist. Beispielsweise haben die beiden Faktoren \u201eAggressivit\u00e4t\u201c und \u201emoralische Z\u00fcgellosigkeit\u201c, welche leider zu den Hauptmerkmalen der westlichen Kultur geworden sind, sogar in ihrem eigenen Ursprungsgebiet zur Abnahme der Popularit\u00e4t und Bedeutung der westlichen Kultur gef\u00fchrt.<\/span><\/p>\n<p><span style=\"font-family: georgia, palatino; font-size: 14pt;\">Nun stellt sich folgende Frage: Begehen wir denn eine S\u00fcnde, wenn wir keine streits\u00fcchtige, primitive und sinnentleerte Kultur wollen? Machen wir uns etwa schuldig, wenn wir uns gegen eine verheerende Flut stellen, die in Form von verschiedenen scheinbar k\u00fcnstlerischen Produkten in Richtung unserer jungen Menschen str\u00f6mt? Ich streite nicht die Wichtigkeit und den Wert von kulturellen Beziehungen ab. Immer wenn diese Beziehungen unter nat\u00fcrlichen Bedingungen und unter Achtung der Gesellschaft, die sie empfangen sollen, vonstattengingen, haben sie Wachstum, Ehre und Reichtum mit sich gebracht. Im Gegensatz dazu sind ungleiche, diktierte Beziehungen ohne Erfolg geblieben und haben Sch\u00e4den verursacht.<\/span><\/p>\n<p><span style=\"font-family: georgia, palatino; font-size: 14pt;\">Zu meinem gr\u00f6\u00dften Bedauern muss ich feststellen, dass niedertr\u00e4chtige Gruppen wie die IS-Terrormiliz die Ausgeburt solcher erfolglosen Verbindungen mit importierten Kulturen sind. H\u00e4tte das Problem wirklich etwas mit der (religi\u00f6sen) \u00dcberzeugung zu tun, dann h\u00e4tten wir bereits vor der Kolonialisierung solche Ph\u00e4nomene in der Islamischen Welt beobachtet. Aber die Geschichte bezeugt das Gegenteil. Zuverl\u00e4ssige historische Belege zeugen eindeutig davon, dass die Kreuzung der Kolonialisierung mit einer radikalen, verworfenen Denkweise \u2013 obendrein eines Beduinenstamms \u2013 die Saat des Extremismus in diese Region gestreut hat. Wie sonst ist es m\u00f6glich, dass aus einer der moralischsten und humansten religi\u00f6sen Rechtsschulen der Welt, die in ihrem zugrunde liegenden Buch die T\u00f6tung eines einzigen Menschen mit der T\u00f6tung der gesamten Menschheit gleichstellt, ein Abschaum wie der IS hervorgeht?<\/span><\/p>\n<p><span style=\"font-family: georgia, palatino; font-size: 14pt;\">Andererseits muss man fragen, wieso sich jemand, der in Europa geboren ist und in der dortigen Umgebung geistig und ideologisch geformt wurde, solchen Gruppierungen anschlie\u00dft? Kann man etwa glauben, dass Leute, die ein oder zweimal in ein Kriegsgebiet reisen, pl\u00f6tzlich derart radikalisiert werden, dass sie ihre eigenen Landsleute unter Beschuss nehmen? Gewiss darf man hierbei nicht die Wirkung eines ungesunden kulturellen Konsums in einer verschmutzten, gewaltverherrlichenden Umgebung au\u00dfer Acht lassen. In diesem Zusammenhang sind umfassende Analysen erforderlich, welche die offenen und verborgenen Verunreinigungen der Gesellschaft aufzeigen. Vielleicht haben die tiefen Hassgef\u00fchle, die in den Jahren des industriellen und wirtschaftlichen Aufschwungs aufgrund von Ungleichheiten und etwaigen gesetzlichen und strukturellen Benachteiligungen in die Herzen von Bev\u00f6lkerungsgruppen der westlichen Gesellschaften ges\u00e4t wurden, zu Minderwertigkeitskomplexen gef\u00fchrt, die hin und wieder krankhaft auf diese Weise zum Ausdruck kommen.<\/span><\/p>\n<p><span style=\"font-family: georgia, palatino; font-size: 14pt;\">Jedenfalls seid Ihr diejenigen, die die \u00e4u\u00dferen Schalen Eurer Gesellschaft \u00f6ffnen m\u00fcssen und die Probleme und Minderwertigkeitskomplexe zu finden sowie diese zu beseitigen haben. Gr\u00e4ben sollten gef\u00fcllt und nicht vertieft werden. Ein gro\u00dfer Fehler im Kampf gegen den Terrorismus sind \u00fcberst\u00fcrzte Reaktionen, die vorhandene Abst\u00e4nde vergr\u00f6\u00dfern. Irgendwelche emotionalen und \u00fcbereilten Handlungen, welche die in Europa und den USA zu Millionen lebenden aktiven und pflichtbewussten Muslime isolieren, sie in Angst und Schrecken versetzen, ihnen mehr denn je ihre Grundrechte verwehren und in der Gesellschaft an den Rand dr\u00e4ngen, werden keine L\u00f6sung darbieten. Im Gegenteil wird dies die Kl\u00fcfte noch vertiefen und die Missstimmung steigern.<\/span><\/p>\n<p><span style=\"font-family: georgia, palatino; font-size: 14pt;\">Oberfl\u00e4chliche Vorkehrungen und Reaktionen, insbesondere wenn sie vom Gesetz gedeckt werden, werden nichts anderes zur Folge haben, als dass durch verst\u00e4rkte Blockbildungen zuk\u00fcnftige Krisen angebahnt werden. Gem\u00e4\u00df einigen Meldungen wurden in einigen europ\u00e4ischen Staaten Bestimmungen eingef\u00fchrt, welche die B\u00fcrger dazu anregen die Muslime unter Generalverdacht zu stellen. Dies ist ein ungerechtes Vorgehen und wir alle wissen, dass das Unrecht, ob man will oder nicht, wie ein Bumerang wirkt, der zu einem selbst zur\u00fcckkommt. Die Muslime verdienen diesen Undank nicht. Die westliche Welt kennt die Muslime seit Jahrhunderten nur zu gut. Sie haben haupts\u00e4chlich nur Freundlichkeit und Geduld seitens der Muslime erlebt \u2013 sowohl in der Zeit, als Menschen aus dem Westen auf dem Territorium des Islams zu Gast waren und den Reichtum des Gastgebers bestaunten, als auch in der Zeit, in der sie selbst Gastgeber wurden und von der Arbeit und dem Denken der Muslime profitierten.<\/span><\/p>\n<p><span style=\"font-family: georgia, palatino; font-size: 14pt;\">Deshalb bitte ich Euch, junge Menschen, auf Basis einer korrekten Kenntnis, tiefer \u00dcberlegung und durch Nutzung der Lehren aus unangenehmen Erfahrungen, die Grundlagen f\u00fcr einen gesunden und ehrenhaften Austausch mit der Islamischen Welt zu legen. Dann werdet Ihr in nicht allzu ferner Zukunft sehen, dass das Bauwerk, welches Ihr auf diesem Fundament errichtet habt, einen Schirm der Zuversicht und des Vertrauens \u00fcber den H\u00e4uptern seiner Architekten ausbreitet, ihnen w\u00e4rmende Sicherheit und Ruhe spendet und das Licht der Hoffnung auf eine leuchtende Zukunft in der Welt ausbreitet.<\/span><\/p>\n<p><em><span style=\"font-family: georgia, palatino; font-size: 14pt;\">Sayyid Ali Chamenei<\/span><\/em><\/p>\n<p><span style=\"font-family: georgia, palatino; font-size: 14pt;\">29. November 2015<\/span><\/p>\n<p><span style=\"font-family: trebuchet ms, arial, helvetica; font-size: 14pt;\"><span style=\"font-family: georgia, palatino;\">[1] Anm.: \u201eTakfirismus\u201c bezeichnet die Ideologie, die andersdenkende Menschen f\u00fcr ungl\u00e4ubig und vogelfrei erkl\u00e4rt.<\/span> <\/span><\/p>\n","protected":false},"excerpt":{"rendered":"<p>Nach seinem 1. Brief an die Jugend in Europa und Nordamerika wendet sich Imam Chamenei erneut an die Jugend im Westen. Hier der Wortlaut seines Briefes vom 29. November 2015 in der deutschen \u00dcbersetzung.<\/p>\n","protected":false},"author":1,"featured_media":801,"comment_status":"closed","ping_status":"open","sticky":false,"template":"","format":"standard","meta":{"colormag_page_container_layout":"default_layout","colormag_page_sidebar_layout":"default_layout","footnotes":""},"categories":[38],"tags":[],"class_list":["post-800","post","type-post","status-publish","format-standard","has-post-thumbnail","hentry","category-brief"],"_links":{"self":[{"href":"http:\/\/www.ahl-ul-bait.de\/imam-chamenei\/wp-json\/wp\/v2\/posts\/800","targetHints":{"allow":["GET"]}}],"collection":[{"href":"http:\/\/www.ahl-ul-bait.de\/imam-chamenei\/wp-json\/wp\/v2\/posts"}],"about":[{"href":"http:\/\/www.ahl-ul-bait.de\/imam-chamenei\/wp-json\/wp\/v2\/types\/post"}],"author":[{"embeddable":true,"href":"http:\/\/www.ahl-ul-bait.de\/imam-chamenei\/wp-json\/wp\/v2\/users\/1"}],"replies":[{"embeddable":true,"href":"http:\/\/www.ahl-ul-bait.de\/imam-chamenei\/wp-json\/wp\/v2\/comments?post=800"}],"version-history":[{"count":3,"href":"http:\/\/www.ahl-ul-bait.de\/imam-chamenei\/wp-json\/wp\/v2\/posts\/800\/revisions"}],"predecessor-version":[{"id":804,"href":"http:\/\/www.ahl-ul-bait.de\/imam-chamenei\/wp-json\/wp\/v2\/posts\/800\/revisions\/804"}],"wp:featuredmedia":[{"embeddable":true,"href":"http:\/\/www.ahl-ul-bait.de\/imam-chamenei\/wp-json\/wp\/v2\/media\/801"}],"wp:attachment":[{"href":"http:\/\/www.ahl-ul-bait.de\/imam-chamenei\/wp-json\/wp\/v2\/media?parent=800"}],"wp:term":[{"taxonomy":"category","embeddable":true,"href":"http:\/\/www.ahl-ul-bait.de\/imam-chamenei\/wp-json\/wp\/v2\/categories?post=800"},{"taxonomy":"post_tag","embeddable":true,"href":"http:\/\/www.ahl-ul-bait.de\/imam-chamenei\/wp-json\/wp\/v2\/tags?post=800"}],"curies":[{"name":"wp","href":"https:\/\/api.w.org\/{rel}","templated":true}]}}